{"id":4183,"date":"2009-11-18T16:37:45","date_gmt":"2009-11-18T21:37:45","guid":{"rendered":"https:\/\/www.ucaldas.edu.co\/portal\/?p=4183"},"modified":"2009-11-18T16:37:45","modified_gmt":"2009-11-18T21:37:45","slug":"u-de-caldas-realizara-la-clausura-de-la-actualizacion-en-temas-selectos-en-medicina-interna","status":"publish","type":"post","link":"https:\/\/www.ucaldas.edu.co\/portal\/u-de-caldas-realizara-la-clausura-de-la-actualizacion-en-temas-selectos-en-medicina-interna\/","title":{"rendered":"U. de Caldas realizar\u00e1 la clausura de la Actualizaci\u00f3n en temas selectos en medicina interna"},"content":{"rendered":"<p>Este viernes 20 de Noviembre<\/p>\n<hr id=\"system-readmore\" \/>\n<p align=\"center\">\n<p>&nbsp;<\/p>\n<p>El Semillero de Investigaci\u00f3n en Medicina Interna Carlos N\u00e1der N\u00e1der de la Universidad de Caldas, con el apoyo de la Oficina de egresados de la Universidad, el Instituto de Investigaciones en Salud, La Liga contra el C\u00e1ncer Seccional Caldas, el SES Hospital de Caldas, el Instituto Oncol\u00f3gico Sede Manizales, la Academia de Medicina de Caldas, la Oficina de Bienestar Universitario y Telesalud de la Universidad de Caldas, realizar\u00e1n este viernes 20 de noviembre en el Teatro Ernesto Guti\u00e9rrez Arango de la Facultad de Ciencias para la Salud, la clausura oficial de la Actualizaci\u00f3n en temas selectos en medicina interna.<\/p>\n<p>&nbsp;<\/p>\n<p>La tem\u00e1tica a desarrollar ser\u00e1n Predictores de muerte en Enfermedad Pulmonar Obstructiva Cr\u00f3nica y\u00a0 Nuevos conceptos de trombosis y c\u00e1ncer. Los conferencistas nacionales invitados dictaran dos conferencias relacionadas con las \u00e1reas de Cardiolog\u00eda con el Dr. Eugenio Matijasevic Arcila MD &#8211; Director del Departamento de Medicina Interna de la Fundaci\u00f3n Santa Fe de Bogota, y de Hematolog\u00eda con el Dr. Francisco Meza Cadavid MD &#8211; Internista Hemat\u00f3logo Universidad Nacional de Colombia Sede Bogot\u00e1- .<\/p>\n<p>&nbsp;<\/p>\n<p>Adicionalmente ese d\u00eda en las horas de la noche se realizar\u00e1 en las instalaciones del Hotel Carretero una cena de homenaje a los M\u00e9dicos Internistas de la Universidad.<\/p>\n<p>&nbsp;<\/p>\n<p>La entrada no tiene ning\u00fan costo. Para mayor informaci\u00f3n ingresar a la p\u00e1gina en Internet <a href=\"http:\/\/www.salud.ucaldas.edu.co\/semilleros\/sesmi\" target=\"_blank\">www.salud.ucaldas.edu.co\/semilleros\/sesmi<\/a> o escribir al correo electr\u00f3nico <a href=\"mailto:sesmi_udec@hotmail.com\" target=\"_blank\">sesmi_udec@hotmail.com<\/a> tambi\u00e9n puede comunicarse con el Semillero de Investigaci\u00f3n en Medicina Interna y Semiolog\u00eda M\u00e9dica de la Universidad de Caldas. Tel\u00e9fono 878 30 60. Ext.<\/p>\n","protected":false},"excerpt":{"rendered":"<p>Este viernes 20 de Noviembre &nbsp; El Semillero de Investigaci\u00f3n en Medicina Interna Carlos N\u00e1der N\u00e1der de la Universidad de Caldas, con el apoyo de la Oficina de egresados de la Universidad, el Instituto de Investigaciones en Salud, La Liga contra el C\u00e1ncer Seccional Caldas, el SES Hospital de Caldas, el Instituto Oncol\u00f3gico Sede Manizales, [&hellip;]<\/p>\n","protected":false},"author":2,"featured_media":0,"comment_status":"closed","ping_status":"closed","sticky":false,"template":"","format":"standard","meta":{"footnotes":""},"categories":[48,53],"tags":[],"class_list":["post-4183","post","type-post","status-publish","format-standard","hentry","category-actualidad","category-universidad-al-dia"],"yoast_head":"<!-- This site is optimized with the Yoast SEO plugin v27.5 - https:\/\/yoast.com\/product\/yoast-seo-wordpress\/ -->\n<title>U. de Caldas realizar\u00e1 la clausura de la Actualizaci\u00f3n en temas selectos en medicina interna .<\/title>\n<meta name=\"robots\" content=\"index, follow, max-snippet:-1, max-image-preview:large, max-video-preview:-1\" \/>\n<link rel=\"canonical\" href=\"https:\/\/www.ucaldas.edu.co\/portal\/u-de-caldas-realizara-la-clausura-de-la-actualizacion-en-temas-selectos-en-medicina-interna\/\" \/>\n<script type=\"application\/ld+json\" class=\"yoast-schema-graph\">{\"@context\":\"https:\\\/\\\/schema.org\",\"@graph\":[{\"@type\":\"Article\",\"@id\":\"https:\\\/\\\/www.ucaldas.edu.co\\\/portal\\\/u-de-caldas-realizara-la-clausura-de-la-actualizacion-en-temas-selectos-en-medicina-interna\\\/#article\",\"isPartOf\":{\"@id\":\"https:\\\/\\\/www.ucaldas.edu.co\\\/portal\\\/u-de-caldas-realizara-la-clausura-de-la-actualizacion-en-temas-selectos-en-medicina-interna\\\/\"},\"author\":{\"name\":\"ofiprensa\",\"@id\":\"https:\\\/\\\/www.ucaldas.edu.co\\\/portal\\\/#\\\/schema\\\/person\\\/a1b482e23449158b4bc319926c074fdf\"},\"headline\":\"U. de Caldas realizar\u00e1 la clausura de la Actualizaci\u00f3n en temas selectos en medicina interna\",\"datePublished\":\"2009-11-18T21:37:45+00:00\",\"mainEntityOfPage\":{\"@id\":\"https:\\\/\\\/www.ucaldas.edu.co\\\/portal\\\/u-de-caldas-realizara-la-clausura-de-la-actualizacion-en-temas-selectos-en-medicina-interna\\\/\"},\"wordCount\":303,\"publisher\":{\"@id\":\"https:\\\/\\\/www.ucaldas.edu.co\\\/portal\\\/#organization\"},\"articleSection\":[\"Actualidad\",\"Universidad al D\u00eda\"],\"inLanguage\":\"es\"},{\"@type\":\"WebPage\",\"@id\":\"https:\\\/\\\/www.ucaldas.edu.co\\\/portal\\\/u-de-caldas-realizara-la-clausura-de-la-actualizacion-en-temas-selectos-en-medicina-interna\\\/\",\"url\":\"https:\\\/\\\/www.ucaldas.edu.co\\\/portal\\\/u-de-caldas-realizara-la-clausura-de-la-actualizacion-en-temas-selectos-en-medicina-interna\\\/\",\"name\":\"U. de Caldas realizar\u00e1 la clausura de la Actualizaci\u00f3n en temas selectos en medicina interna .\",\"isPartOf\":{\"@id\":\"https:\\\/\\\/www.ucaldas.edu.co\\\/portal\\\/#website\"},\"datePublished\":\"2009-11-18T21:37:45+00:00\",\"breadcrumb\":{\"@id\":\"https:\\\/\\\/www.ucaldas.edu.co\\\/portal\\\/u-de-caldas-realizara-la-clausura-de-la-actualizacion-en-temas-selectos-en-medicina-interna\\\/#breadcrumb\"},\"inLanguage\":\"es\",\"potentialAction\":[{\"@type\":\"ReadAction\",\"target\":[\"https:\\\/\\\/www.ucaldas.edu.co\\\/portal\\\/u-de-caldas-realizara-la-clausura-de-la-actualizacion-en-temas-selectos-en-medicina-interna\\\/\"]}]},{\"@type\":\"BreadcrumbList\",\"@id\":\"https:\\\/\\\/www.ucaldas.edu.co\\\/portal\\\/u-de-caldas-realizara-la-clausura-de-la-actualizacion-en-temas-selectos-en-medicina-interna\\\/#breadcrumb\",\"itemListElement\":[{\"@type\":\"ListItem\",\"position\":1,\"name\":\"Portada\",\"item\":\"https:\\\/\\\/www.ucaldas.edu.co\\\/portal\\\/\"},{\"@type\":\"ListItem\",\"position\":2,\"name\":\"U. de Caldas realizar\u00e1 la clausura de la Actualizaci\u00f3n en temas selectos en medicina interna\"}]},{\"@type\":\"WebSite\",\"@id\":\"https:\\\/\\\/www.ucaldas.edu.co\\\/portal\\\/#website\",\"url\":\"https:\\\/\\\/www.ucaldas.edu.co\\\/portal\\\/\",\"name\":\"Universidad de Caldas\",\"description\":\"\",\"publisher\":{\"@id\":\"https:\\\/\\\/www.ucaldas.edu.co\\\/portal\\\/#organization\"},\"alternateName\":\"U. de Caldas\",\"potentialAction\":[{\"@type\":\"SearchAction\",\"target\":{\"@type\":\"EntryPoint\",\"urlTemplate\":\"https:\\\/\\\/www.ucaldas.edu.co\\\/portal\\\/?s={search_term_string}\"},\"query-input\":{\"@type\":\"PropertyValueSpecification\",\"valueRequired\":true,\"valueName\":\"search_term_string\"}}],\"inLanguage\":\"es\"},{\"@type\":\"Organization\",\"@id\":\"https:\\\/\\\/www.ucaldas.edu.co\\\/portal\\\/#organization\",\"name\":\"Universidad de Caldas\",\"alternateName\":\"U. de Caldas\",\"url\":\"https:\\\/\\\/www.ucaldas.edu.co\\\/portal\\\/\",\"logo\":{\"@type\":\"ImageObject\",\"inLanguage\":\"es\",\"@id\":\"https:\\\/\\\/www.ucaldas.edu.co\\\/portal\\\/#\\\/schema\\\/logo\\\/image\\\/\",\"url\":\"https:\\\/\\\/www.ucaldas.edu.co\\\/portal\\\/wp-content\\\/uploads\\\/2023\\\/11\\\/Logo_horizontal_oscuroU-2023.png\",\"contentUrl\":\"https:\\\/\\\/www.ucaldas.edu.co\\\/portal\\\/wp-content\\\/uploads\\\/2023\\\/11\\\/Logo_horizontal_oscuroU-2023.png\",\"width\":263,\"height\":101,\"caption\":\"Universidad de Caldas\"},\"image\":{\"@id\":\"https:\\\/\\\/www.ucaldas.edu.co\\\/portal\\\/#\\\/schema\\\/logo\\\/image\\\/\"},\"sameAs\":[\"https:\\\/\\\/www.facebook.com\\\/udecaldas\",\"https:\\\/\\\/x.com\\\/udecaldas\",\"https:\\\/\\\/www.youtube.com\\\/universidadcaldas\",\"https:\\\/\\\/www.instagram.com\\\/udecaldas\\\/\"]},{\"@type\":\"Person\",\"@id\":\"https:\\\/\\\/www.ucaldas.edu.co\\\/portal\\\/#\\\/schema\\\/person\\\/a1b482e23449158b4bc319926c074fdf\",\"name\":\"ofiprensa\",\"image\":{\"@type\":\"ImageObject\",\"inLanguage\":\"es\",\"@id\":\"https:\\\/\\\/www.ucaldas.edu.co\\\/portal\\\/wp-content\\\/litespeed\\\/avatar\\\/09ea5085e600095a7a811142c6944527.jpg?ver=1777497608\",\"url\":\"https:\\\/\\\/www.ucaldas.edu.co\\\/portal\\\/wp-content\\\/litespeed\\\/avatar\\\/09ea5085e600095a7a811142c6944527.jpg?ver=1777497608\",\"contentUrl\":\"https:\\\/\\\/www.ucaldas.edu.co\\\/portal\\\/wp-content\\\/litespeed\\\/avatar\\\/09ea5085e600095a7a811142c6944527.jpg?ver=1777497608\",\"caption\":\"ofiprensa\"},\"url\":\"https:\\\/\\\/www.ucaldas.edu.co\\\/portal\\\/author\\\/ofiprensa\\\/\"}]}<\/script>\n<!-- \/ Yoast SEO plugin. -->","yoast_head_json":{"title":"U. de Caldas realizar\u00e1 la clausura de la Actualizaci\u00f3n en temas selectos en medicina interna .","robots":{"index":"index","follow":"follow","max-snippet":"max-snippet:-1","max-image-preview":"max-image-preview:large","max-video-preview":"max-video-preview:-1"},"canonical":"https:\/\/www.ucaldas.edu.co\/portal\/u-de-caldas-realizara-la-clausura-de-la-actualizacion-en-temas-selectos-en-medicina-interna\/","schema":{"@context":"https:\/\/schema.org","@graph":[{"@type":"Article","@id":"https:\/\/www.ucaldas.edu.co\/portal\/u-de-caldas-realizara-la-clausura-de-la-actualizacion-en-temas-selectos-en-medicina-interna\/#article","isPartOf":{"@id":"https:\/\/www.ucaldas.edu.co\/portal\/u-de-caldas-realizara-la-clausura-de-la-actualizacion-en-temas-selectos-en-medicina-interna\/"},"author":{"name":"ofiprensa","@id":"https:\/\/www.ucaldas.edu.co\/portal\/#\/schema\/person\/a1b482e23449158b4bc319926c074fdf"},"headline":"U. de Caldas realizar\u00e1 la clausura de la Actualizaci\u00f3n en temas selectos en medicina interna","datePublished":"2009-11-18T21:37:45+00:00","mainEntityOfPage":{"@id":"https:\/\/www.ucaldas.edu.co\/portal\/u-de-caldas-realizara-la-clausura-de-la-actualizacion-en-temas-selectos-en-medicina-interna\/"},"wordCount":303,"publisher":{"@id":"https:\/\/www.ucaldas.edu.co\/portal\/#organization"},"articleSection":["Actualidad","Universidad al D\u00eda"],"inLanguage":"es"},{"@type":"WebPage","@id":"https:\/\/www.ucaldas.edu.co\/portal\/u-de-caldas-realizara-la-clausura-de-la-actualizacion-en-temas-selectos-en-medicina-interna\/","url":"https:\/\/www.ucaldas.edu.co\/portal\/u-de-caldas-realizara-la-clausura-de-la-actualizacion-en-temas-selectos-en-medicina-interna\/","name":"U. de Caldas realizar\u00e1 la clausura de la Actualizaci\u00f3n en temas selectos en medicina interna .","isPartOf":{"@id":"https:\/\/www.ucaldas.edu.co\/portal\/#website"},"datePublished":"2009-11-18T21:37:45+00:00","breadcrumb":{"@id":"https:\/\/www.ucaldas.edu.co\/portal\/u-de-caldas-realizara-la-clausura-de-la-actualizacion-en-temas-selectos-en-medicina-interna\/#breadcrumb"},"inLanguage":"es","potentialAction":[{"@type":"ReadAction","target":["https:\/\/www.ucaldas.edu.co\/portal\/u-de-caldas-realizara-la-clausura-de-la-actualizacion-en-temas-selectos-en-medicina-interna\/"]}]},{"@type":"BreadcrumbList","@id":"https:\/\/www.ucaldas.edu.co\/portal\/u-de-caldas-realizara-la-clausura-de-la-actualizacion-en-temas-selectos-en-medicina-interna\/#breadcrumb","itemListElement":[{"@type":"ListItem","position":1,"name":"Portada","item":"https:\/\/www.ucaldas.edu.co\/portal\/"},{"@type":"ListItem","position":2,"name":"U. de Caldas realizar\u00e1 la clausura de la Actualizaci\u00f3n en temas selectos en medicina interna"}]},{"@type":"WebSite","@id":"https:\/\/www.ucaldas.edu.co\/portal\/#website","url":"https:\/\/www.ucaldas.edu.co\/portal\/","name":"Universidad de Caldas","description":"","publisher":{"@id":"https:\/\/www.ucaldas.edu.co\/portal\/#organization"},"alternateName":"U. de Caldas","potentialAction":[{"@type":"SearchAction","target":{"@type":"EntryPoint","urlTemplate":"https:\/\/www.ucaldas.edu.co\/portal\/?s={search_term_string}"},"query-input":{"@type":"PropertyValueSpecification","valueRequired":true,"valueName":"search_term_string"}}],"inLanguage":"es"},{"@type":"Organization","@id":"https:\/\/www.ucaldas.edu.co\/portal\/#organization","name":"Universidad de Caldas","alternateName":"U. de Caldas","url":"https:\/\/www.ucaldas.edu.co\/portal\/","logo":{"@type":"ImageObject","inLanguage":"es","@id":"https:\/\/www.ucaldas.edu.co\/portal\/#\/schema\/logo\/image\/","url":"https:\/\/www.ucaldas.edu.co\/portal\/wp-content\/uploads\/2023\/11\/Logo_horizontal_oscuroU-2023.png","contentUrl":"https:\/\/www.ucaldas.edu.co\/portal\/wp-content\/uploads\/2023\/11\/Logo_horizontal_oscuroU-2023.png","width":263,"height":101,"caption":"Universidad de Caldas"},"image":{"@id":"https:\/\/www.ucaldas.edu.co\/portal\/#\/schema\/logo\/image\/"},"sameAs":["https:\/\/www.facebook.com\/udecaldas","https:\/\/x.com\/udecaldas","https:\/\/www.youtube.com\/universidadcaldas","https:\/\/www.instagram.com\/udecaldas\/"]},{"@type":"Person","@id":"https:\/\/www.ucaldas.edu.co\/portal\/#\/schema\/person\/a1b482e23449158b4bc319926c074fdf","name":"ofiprensa","image":{"@type":"ImageObject","inLanguage":"es","@id":"https:\/\/www.ucaldas.edu.co\/portal\/wp-content\/litespeed\/avatar\/09ea5085e600095a7a811142c6944527.jpg?ver=1777497608","url":"https:\/\/www.ucaldas.edu.co\/portal\/wp-content\/litespeed\/avatar\/09ea5085e600095a7a811142c6944527.jpg?ver=1777497608","contentUrl":"https:\/\/www.ucaldas.edu.co\/portal\/wp-content\/litespeed\/avatar\/09ea5085e600095a7a811142c6944527.jpg?ver=1777497608","caption":"ofiprensa"},"url":"https:\/\/www.ucaldas.edu.co\/portal\/author\/ofiprensa\/"}]}},"_links":{"self":[{"href":"https:\/\/www.ucaldas.edu.co\/portal\/wp-json\/wp\/v2\/posts\/4183","targetHints":{"allow":["GET"]}}],"collection":[{"href":"https:\/\/www.ucaldas.edu.co\/portal\/wp-json\/wp\/v2\/posts"}],"about":[{"href":"https:\/\/www.ucaldas.edu.co\/portal\/wp-json\/wp\/v2\/types\/post"}],"author":[{"embeddable":true,"href":"https:\/\/www.ucaldas.edu.co\/portal\/wp-json\/wp\/v2\/users\/2"}],"replies":[{"embeddable":true,"href":"https:\/\/www.ucaldas.edu.co\/portal\/wp-json\/wp\/v2\/comments?post=4183"}],"version-history":[{"count":0,"href":"https:\/\/www.ucaldas.edu.co\/portal\/wp-json\/wp\/v2\/posts\/4183\/revisions"}],"wp:attachment":[{"href":"https:\/\/www.ucaldas.edu.co\/portal\/wp-json\/wp\/v2\/media?parent=4183"}],"wp:term":[{"taxonomy":"category","embeddable":true,"href":"https:\/\/www.ucaldas.edu.co\/portal\/wp-json\/wp\/v2\/categories?post=4183"},{"taxonomy":"post_tag","embeddable":true,"href":"https:\/\/www.ucaldas.edu.co\/portal\/wp-json\/wp\/v2\/tags?post=4183"}],"curies":[{"name":"wp","href":"https:\/\/api.w.org\/{rel}","templated":true}]}}