{"id":4175,"date":"2009-11-18T16:33:47","date_gmt":"2009-11-18T21:33:47","guid":{"rendered":"https:\/\/www.ucaldas.edu.co\/portal\/?p=4175"},"modified":"2009-11-18T16:33:47","modified_gmt":"2009-11-18T21:33:47","slug":"la-u-de-caldas-realizara-el-seminario-regional-eje-cafetero","status":"publish","type":"post","link":"https:\/\/www.ucaldas.edu.co\/portal\/la-u-de-caldas-realizara-el-seminario-regional-eje-cafetero\/","title":{"rendered":"La U. de Caldas realizar\u00e1 el Seminario regional eje cafetero"},"content":{"rendered":"<p>Este viernes 20 y s\u00e1bado 21 de noviembre<\/p>\n<hr \/>\n<p align=\"center\">\n<p>&nbsp;<\/p>\n<p>La Representaci\u00f3n Estudiantil de la Universidad de Caldas realizar\u00e1 este viernes 20 y s\u00e1bado 21 de noviembre en la Sala Carlos N\u00e1der N\u00e1der de la Sede Central el Seminario regional eje cafetero \u201cLa crisis de la universidad p\u00fablica colombiana y las respuestas del movimiento universitario\u201d. Este evento\u00a0 tiene como prop\u00f3sito servir de insumo y an\u00e1lisis previo al Encuentro Nacional de Estudiantes Universitarios que se realizar\u00e1 en Barranquilla en abril de 2010.<\/p>\n<p><span style=\"font-family: Calibri\">\u00a0<\/span><\/p>\n<p><span style=\"font-family: Calibri\">Adem\u00e1s, hace parte de la masiva movilizaci\u00f3n que en el mes de octubre de 2009 realizaron los estudiantes universitarios colombianos en defensa de la existencia de la universidad p\u00fablica, incluidos los de la Universidad de Caldas en la din\u00e1mica de la Asamblea General de Estudiantes.<\/span><\/p>\n<p><span style=\"font-family: Calibri\">\u00a0<\/span><\/p>\n<p><span style=\"font-family: Calibri\">La entrada no tiene ning\u00fan costo y podr\u00e1n participar Representantes Estudiantiles a los Cuerpos Colegiados, Comit\u00e9s de Curr\u00edculo, Representantes de Grupo, Activistas Estudiantiles y todos aquellos estudiantes y activistas universitarios comprometidos con la defensa de la Universidad P\u00fablica en el Eje Cafetero.<\/span><\/p>\n<p><span style=\"font-family: Calibri\">\u00a0<\/span><\/p>\n<p><span style=\"font-family: Calibri\">La programaci\u00f3n del evento es la siguiente:<\/span><\/p>\n<p><span style=\"font-family: Calibri\">\u00a0<\/span><\/p>\n<p><b><span style=\"font-family: Calibri\">Viernes 20 de noviembre:<\/span><\/b><\/p>\n<p><b><span style=\"font-family: Calibri\">\u00a0<\/span><\/b><\/p>\n<p><span style=\"font-family: Calibri\"><b>9:00 a.m.<\/b>\u00a0\u00a0\u00a0\u00a0\u00a0\u00a0\u00a0 Conferencia: <i>La Situaci\u00f3n Financiera de la Universidad de Caldas y la Propuesta del Sistema de Universidades Estatales<\/i> <\/span><\/p>\n<p><span style=\"font-family: Calibri\">Fabio Hernando Arias Orozco, Vicerrector Administrativo, Universidad de Caldas.<\/span><\/p>\n<p><span style=\"font-family: Calibri\"><b>10:00 a.m.<\/b>\u00a0 Conferencia: <i>crisis presupuestal y pensional de la universidad p\u00fablica\u00a0\u00a0\u00a0\u00a0\u00a0\u00a0\u00a0\u00a0\u00a0 colombiana<\/i><\/span><\/p>\n<p><span style=\"font-family: Calibri\">V\u00edctor Manuel Moncayo, Ex \u00a0Rector de la Universidad Nacional de Colombia.<\/span><\/p>\n<p><b><span style=\"font-family: Calibri\">S\u00e1bado 21 de noviembre:<\/span><\/b><\/p>\n<p><span style=\"font-family: Calibri\"><b>8:30 a.m.\u00a0\u00a0\u00a0\u00a0\u00a0\u00a0\u00a0 <\/b>Instalaci\u00f3n<\/span><\/p>\n<p><span style=\"font-family: Calibri\"><b>8:45 a.m.\u00a0\u00a0\u00a0\u00a0\u00a0\u00a0\u00a0 <\/b>Conferencia: <i>El resquebrajamiento de la autonom\u00eda universitaria <\/i><\/span><\/p>\n<p><span style=\"font-family: Calibri\">Juan Carlos Y\u00e9pes, Representante Profesoral al Consejo Superior Universidad de Caldas. Asociaci\u00f3n Sindical de Profesores Universitarios, ASPU.<\/span><\/p>\n<p><span style=\"font-family: Calibri\"><b>9:30 a.m.\u00a0\u00a0\u00a0\u00a0\u00a0\u00a0\u00a0 <\/b>Conferencia <i>La degradaci\u00f3n de la calidad acad\u00e9mica de la educaci\u00f3n superior<\/i><\/span><\/p>\n<p><span style=\"font-family: Calibri\">Gonzalo Arango Presidente Federaci\u00f3n Nacional de Profesores Universitarios, FENALPROU.<\/span><\/p>\n<p><span style=\"font-family: Calibri\"><b>10:30 a.m.\u00a0\u00a0\u00a0\u00a0\u00a0 <\/b>Ponencia\u00a0 <i>Opong\u00e1monos a la destrucci\u00f3n de la universidad p\u00fablica agenciada por Uribe V\u00e9lez<\/i><\/span><\/p>\n<p><span style=\"font-family: Calibri\">Juan Carlos Mart\u00ednez Botero, Representante Estudiantil al Consejo Superior Universidad de Caldas.<\/span><\/p>\n<p><span style=\"font-family: Calibri\"><b>11:10 a.m.\u00a0\u00a0\u00a0\u00a0\u00a0 <\/b>Preguntas e intervenciones de los asistentes.<\/span><\/p>\n<p><span style=\"font-family: Calibri\"><b>12:30 p.m.\u00a0\u00a0\u00a0\u00a0\u00a0 <\/b>Almuerzo<\/span><\/p>\n<p><span style=\"font-family: Calibri\"><b>2:00 p.m.\u00a0\u00a0\u00a0\u00a0\u00a0\u00a0\u00a0 <\/b>Propuestas organizativas del estudiantado y elaboraci\u00f3n propuesta de plan de acci\u00f3n.<\/span><\/p>\n<p><span style=\"font-family: Calibri\">\u00a0<\/span><\/p>\n<p><span style=\"font-family: Calibri\">Para mayor informaci\u00f3n escribir al correo electr\u00f3nico <\/span><a href=\"mailto:jcmartinezbotero@gmail.com\" target=\"_blank\"><span style=\"font-family: Calibri\">jcmartinezbotero@gmail.com<\/span><\/a><span style=\"font-family: Calibri\"> o comunicarse con la Oficina de Prensa y Comunicaciones de la Universidad de Caldas. Tel\u00e9fono 878 15 00. Ext. 11167.<\/span><\/p>\n","protected":false},"excerpt":{"rendered":"<p>Este viernes 20 y s\u00e1bado 21 de noviembre &nbsp; La Representaci\u00f3n Estudiantil de la Universidad de Caldas realizar\u00e1 este viernes 20 y s\u00e1bado 21 de noviembre en la Sala Carlos N\u00e1der N\u00e1der de la Sede Central el Seminario regional eje cafetero \u201cLa crisis de la universidad p\u00fablica colombiana y las respuestas del movimiento universitario\u201d. Este [&hellip;]<\/p>\n","protected":false},"author":2,"featured_media":0,"comment_status":"closed","ping_status":"closed","sticky":false,"template":"","format":"standard","meta":{"footnotes":""},"categories":[48,53],"tags":[],"class_list":["post-4175","post","type-post","status-publish","format-standard","hentry","category-actualidad","category-universidad-al-dia"],"yoast_head":"<!-- This site is optimized with the Yoast SEO plugin v27.5 - https:\/\/yoast.com\/product\/yoast-seo-wordpress\/ -->\n<title>La U. de Caldas realizar\u00e1 el Seminario regional eje cafetero .<\/title>\n<meta name=\"robots\" content=\"index, follow, max-snippet:-1, max-image-preview:large, max-video-preview:-1\" \/>\n<link rel=\"canonical\" href=\"https:\/\/www.ucaldas.edu.co\/portal\/la-u-de-caldas-realizara-el-seminario-regional-eje-cafetero\/\" \/>\n<script type=\"application\/ld+json\" class=\"yoast-schema-graph\">{\"@context\":\"https:\\\/\\\/schema.org\",\"@graph\":[{\"@type\":\"Article\",\"@id\":\"https:\\\/\\\/www.ucaldas.edu.co\\\/portal\\\/la-u-de-caldas-realizara-el-seminario-regional-eje-cafetero\\\/#article\",\"isPartOf\":{\"@id\":\"https:\\\/\\\/www.ucaldas.edu.co\\\/portal\\\/la-u-de-caldas-realizara-el-seminario-regional-eje-cafetero\\\/\"},\"author\":{\"name\":\"ofiprensa\",\"@id\":\"https:\\\/\\\/www.ucaldas.edu.co\\\/portal\\\/#\\\/schema\\\/person\\\/a1b482e23449158b4bc319926c074fdf\"},\"headline\":\"La U. de Caldas realizar\u00e1 el Seminario regional eje cafetero\",\"datePublished\":\"2009-11-18T21:33:47+00:00\",\"mainEntityOfPage\":{\"@id\":\"https:\\\/\\\/www.ucaldas.edu.co\\\/portal\\\/la-u-de-caldas-realizara-el-seminario-regional-eje-cafetero\\\/\"},\"wordCount\":403,\"publisher\":{\"@id\":\"https:\\\/\\\/www.ucaldas.edu.co\\\/portal\\\/#organization\"},\"articleSection\":[\"Actualidad\",\"Universidad al D\u00eda\"],\"inLanguage\":\"es\"},{\"@type\":\"WebPage\",\"@id\":\"https:\\\/\\\/www.ucaldas.edu.co\\\/portal\\\/la-u-de-caldas-realizara-el-seminario-regional-eje-cafetero\\\/\",\"url\":\"https:\\\/\\\/www.ucaldas.edu.co\\\/portal\\\/la-u-de-caldas-realizara-el-seminario-regional-eje-cafetero\\\/\",\"name\":\"La U. de Caldas realizar\u00e1 el Seminario regional eje cafetero .\",\"isPartOf\":{\"@id\":\"https:\\\/\\\/www.ucaldas.edu.co\\\/portal\\\/#website\"},\"datePublished\":\"2009-11-18T21:33:47+00:00\",\"breadcrumb\":{\"@id\":\"https:\\\/\\\/www.ucaldas.edu.co\\\/portal\\\/la-u-de-caldas-realizara-el-seminario-regional-eje-cafetero\\\/#breadcrumb\"},\"inLanguage\":\"es\",\"potentialAction\":[{\"@type\":\"ReadAction\",\"target\":[\"https:\\\/\\\/www.ucaldas.edu.co\\\/portal\\\/la-u-de-caldas-realizara-el-seminario-regional-eje-cafetero\\\/\"]}]},{\"@type\":\"BreadcrumbList\",\"@id\":\"https:\\\/\\\/www.ucaldas.edu.co\\\/portal\\\/la-u-de-caldas-realizara-el-seminario-regional-eje-cafetero\\\/#breadcrumb\",\"itemListElement\":[{\"@type\":\"ListItem\",\"position\":1,\"name\":\"Portada\",\"item\":\"https:\\\/\\\/www.ucaldas.edu.co\\\/portal\\\/\"},{\"@type\":\"ListItem\",\"position\":2,\"name\":\"La U. de Caldas realizar\u00e1 el Seminario regional eje cafetero\"}]},{\"@type\":\"WebSite\",\"@id\":\"https:\\\/\\\/www.ucaldas.edu.co\\\/portal\\\/#website\",\"url\":\"https:\\\/\\\/www.ucaldas.edu.co\\\/portal\\\/\",\"name\":\"Universidad de Caldas\",\"description\":\"\",\"publisher\":{\"@id\":\"https:\\\/\\\/www.ucaldas.edu.co\\\/portal\\\/#organization\"},\"alternateName\":\"U. de Caldas\",\"potentialAction\":[{\"@type\":\"SearchAction\",\"target\":{\"@type\":\"EntryPoint\",\"urlTemplate\":\"https:\\\/\\\/www.ucaldas.edu.co\\\/portal\\\/?s={search_term_string}\"},\"query-input\":{\"@type\":\"PropertyValueSpecification\",\"valueRequired\":true,\"valueName\":\"search_term_string\"}}],\"inLanguage\":\"es\"},{\"@type\":\"Organization\",\"@id\":\"https:\\\/\\\/www.ucaldas.edu.co\\\/portal\\\/#organization\",\"name\":\"Universidad de Caldas\",\"alternateName\":\"U. de Caldas\",\"url\":\"https:\\\/\\\/www.ucaldas.edu.co\\\/portal\\\/\",\"logo\":{\"@type\":\"ImageObject\",\"inLanguage\":\"es\",\"@id\":\"https:\\\/\\\/www.ucaldas.edu.co\\\/portal\\\/#\\\/schema\\\/logo\\\/image\\\/\",\"url\":\"https:\\\/\\\/www.ucaldas.edu.co\\\/portal\\\/wp-content\\\/uploads\\\/2023\\\/11\\\/Logo_horizontal_oscuroU-2023.png\",\"contentUrl\":\"https:\\\/\\\/www.ucaldas.edu.co\\\/portal\\\/wp-content\\\/uploads\\\/2023\\\/11\\\/Logo_horizontal_oscuroU-2023.png\",\"width\":263,\"height\":101,\"caption\":\"Universidad de Caldas\"},\"image\":{\"@id\":\"https:\\\/\\\/www.ucaldas.edu.co\\\/portal\\\/#\\\/schema\\\/logo\\\/image\\\/\"},\"sameAs\":[\"https:\\\/\\\/www.facebook.com\\\/udecaldas\",\"https:\\\/\\\/x.com\\\/udecaldas\",\"https:\\\/\\\/www.youtube.com\\\/universidadcaldas\",\"https:\\\/\\\/www.instagram.com\\\/udecaldas\\\/\"]},{\"@type\":\"Person\",\"@id\":\"https:\\\/\\\/www.ucaldas.edu.co\\\/portal\\\/#\\\/schema\\\/person\\\/a1b482e23449158b4bc319926c074fdf\",\"name\":\"ofiprensa\",\"image\":{\"@type\":\"ImageObject\",\"inLanguage\":\"es\",\"@id\":\"https:\\\/\\\/www.ucaldas.edu.co\\\/portal\\\/wp-content\\\/litespeed\\\/avatar\\\/09ea5085e600095a7a811142c6944527.jpg?ver=1777497608\",\"url\":\"https:\\\/\\\/www.ucaldas.edu.co\\\/portal\\\/wp-content\\\/litespeed\\\/avatar\\\/09ea5085e600095a7a811142c6944527.jpg?ver=1777497608\",\"contentUrl\":\"https:\\\/\\\/www.ucaldas.edu.co\\\/portal\\\/wp-content\\\/litespeed\\\/avatar\\\/09ea5085e600095a7a811142c6944527.jpg?ver=1777497608\",\"caption\":\"ofiprensa\"},\"url\":\"https:\\\/\\\/www.ucaldas.edu.co\\\/portal\\\/author\\\/ofiprensa\\\/\"}]}<\/script>\n<!-- \/ Yoast SEO plugin. -->","yoast_head_json":{"title":"La U. de Caldas realizar\u00e1 el Seminario regional eje cafetero .","robots":{"index":"index","follow":"follow","max-snippet":"max-snippet:-1","max-image-preview":"max-image-preview:large","max-video-preview":"max-video-preview:-1"},"canonical":"https:\/\/www.ucaldas.edu.co\/portal\/la-u-de-caldas-realizara-el-seminario-regional-eje-cafetero\/","schema":{"@context":"https:\/\/schema.org","@graph":[{"@type":"Article","@id":"https:\/\/www.ucaldas.edu.co\/portal\/la-u-de-caldas-realizara-el-seminario-regional-eje-cafetero\/#article","isPartOf":{"@id":"https:\/\/www.ucaldas.edu.co\/portal\/la-u-de-caldas-realizara-el-seminario-regional-eje-cafetero\/"},"author":{"name":"ofiprensa","@id":"https:\/\/www.ucaldas.edu.co\/portal\/#\/schema\/person\/a1b482e23449158b4bc319926c074fdf"},"headline":"La U. de Caldas realizar\u00e1 el Seminario regional eje cafetero","datePublished":"2009-11-18T21:33:47+00:00","mainEntityOfPage":{"@id":"https:\/\/www.ucaldas.edu.co\/portal\/la-u-de-caldas-realizara-el-seminario-regional-eje-cafetero\/"},"wordCount":403,"publisher":{"@id":"https:\/\/www.ucaldas.edu.co\/portal\/#organization"},"articleSection":["Actualidad","Universidad al D\u00eda"],"inLanguage":"es"},{"@type":"WebPage","@id":"https:\/\/www.ucaldas.edu.co\/portal\/la-u-de-caldas-realizara-el-seminario-regional-eje-cafetero\/","url":"https:\/\/www.ucaldas.edu.co\/portal\/la-u-de-caldas-realizara-el-seminario-regional-eje-cafetero\/","name":"La U. de Caldas realizar\u00e1 el Seminario regional eje cafetero .","isPartOf":{"@id":"https:\/\/www.ucaldas.edu.co\/portal\/#website"},"datePublished":"2009-11-18T21:33:47+00:00","breadcrumb":{"@id":"https:\/\/www.ucaldas.edu.co\/portal\/la-u-de-caldas-realizara-el-seminario-regional-eje-cafetero\/#breadcrumb"},"inLanguage":"es","potentialAction":[{"@type":"ReadAction","target":["https:\/\/www.ucaldas.edu.co\/portal\/la-u-de-caldas-realizara-el-seminario-regional-eje-cafetero\/"]}]},{"@type":"BreadcrumbList","@id":"https:\/\/www.ucaldas.edu.co\/portal\/la-u-de-caldas-realizara-el-seminario-regional-eje-cafetero\/#breadcrumb","itemListElement":[{"@type":"ListItem","position":1,"name":"Portada","item":"https:\/\/www.ucaldas.edu.co\/portal\/"},{"@type":"ListItem","position":2,"name":"La U. de Caldas realizar\u00e1 el Seminario regional eje cafetero"}]},{"@type":"WebSite","@id":"https:\/\/www.ucaldas.edu.co\/portal\/#website","url":"https:\/\/www.ucaldas.edu.co\/portal\/","name":"Universidad de Caldas","description":"","publisher":{"@id":"https:\/\/www.ucaldas.edu.co\/portal\/#organization"},"alternateName":"U. de Caldas","potentialAction":[{"@type":"SearchAction","target":{"@type":"EntryPoint","urlTemplate":"https:\/\/www.ucaldas.edu.co\/portal\/?s={search_term_string}"},"query-input":{"@type":"PropertyValueSpecification","valueRequired":true,"valueName":"search_term_string"}}],"inLanguage":"es"},{"@type":"Organization","@id":"https:\/\/www.ucaldas.edu.co\/portal\/#organization","name":"Universidad de Caldas","alternateName":"U. de Caldas","url":"https:\/\/www.ucaldas.edu.co\/portal\/","logo":{"@type":"ImageObject","inLanguage":"es","@id":"https:\/\/www.ucaldas.edu.co\/portal\/#\/schema\/logo\/image\/","url":"https:\/\/www.ucaldas.edu.co\/portal\/wp-content\/uploads\/2023\/11\/Logo_horizontal_oscuroU-2023.png","contentUrl":"https:\/\/www.ucaldas.edu.co\/portal\/wp-content\/uploads\/2023\/11\/Logo_horizontal_oscuroU-2023.png","width":263,"height":101,"caption":"Universidad de Caldas"},"image":{"@id":"https:\/\/www.ucaldas.edu.co\/portal\/#\/schema\/logo\/image\/"},"sameAs":["https:\/\/www.facebook.com\/udecaldas","https:\/\/x.com\/udecaldas","https:\/\/www.youtube.com\/universidadcaldas","https:\/\/www.instagram.com\/udecaldas\/"]},{"@type":"Person","@id":"https:\/\/www.ucaldas.edu.co\/portal\/#\/schema\/person\/a1b482e23449158b4bc319926c074fdf","name":"ofiprensa","image":{"@type":"ImageObject","inLanguage":"es","@id":"https:\/\/www.ucaldas.edu.co\/portal\/wp-content\/litespeed\/avatar\/09ea5085e600095a7a811142c6944527.jpg?ver=1777497608","url":"https:\/\/www.ucaldas.edu.co\/portal\/wp-content\/litespeed\/avatar\/09ea5085e600095a7a811142c6944527.jpg?ver=1777497608","contentUrl":"https:\/\/www.ucaldas.edu.co\/portal\/wp-content\/litespeed\/avatar\/09ea5085e600095a7a811142c6944527.jpg?ver=1777497608","caption":"ofiprensa"},"url":"https:\/\/www.ucaldas.edu.co\/portal\/author\/ofiprensa\/"}]}},"_links":{"self":[{"href":"https:\/\/www.ucaldas.edu.co\/portal\/wp-json\/wp\/v2\/posts\/4175","targetHints":{"allow":["GET"]}}],"collection":[{"href":"https:\/\/www.ucaldas.edu.co\/portal\/wp-json\/wp\/v2\/posts"}],"about":[{"href":"https:\/\/www.ucaldas.edu.co\/portal\/wp-json\/wp\/v2\/types\/post"}],"author":[{"embeddable":true,"href":"https:\/\/www.ucaldas.edu.co\/portal\/wp-json\/wp\/v2\/users\/2"}],"replies":[{"embeddable":true,"href":"https:\/\/www.ucaldas.edu.co\/portal\/wp-json\/wp\/v2\/comments?post=4175"}],"version-history":[{"count":0,"href":"https:\/\/www.ucaldas.edu.co\/portal\/wp-json\/wp\/v2\/posts\/4175\/revisions"}],"wp:attachment":[{"href":"https:\/\/www.ucaldas.edu.co\/portal\/wp-json\/wp\/v2\/media?parent=4175"}],"wp:term":[{"taxonomy":"category","embeddable":true,"href":"https:\/\/www.ucaldas.edu.co\/portal\/wp-json\/wp\/v2\/categories?post=4175"},{"taxonomy":"post_tag","embeddable":true,"href":"https:\/\/www.ucaldas.edu.co\/portal\/wp-json\/wp\/v2\/tags?post=4175"}],"curies":[{"name":"wp","href":"https:\/\/api.w.org\/{rel}","templated":true}]}}