{"id":41487,"date":"2018-06-15T22:18:26","date_gmt":"2018-06-15T22:18:26","guid":{"rendered":"https:\/\/www.ucaldas.edu.co\/portal\/?p=41487"},"modified":"2018-06-15T22:18:26","modified_gmt":"2018-06-15T22:18:26","slug":"centro-de-ciencia-francisco-jose-de-caldas-de-la-universidad-de-caldas-anfitrion-de-clubes-de-ciencia-2018","status":"publish","type":"post","link":"https:\/\/www.ucaldas.edu.co\/portal\/centro-de-ciencia-francisco-jose-de-caldas-de-la-universidad-de-caldas-anfitrion-de-clubes-de-ciencia-2018\/","title":{"rendered":"Centro de Ciencia Francisco Jos\u00e9 de Caldas, de la Universidad de Caldas, anfitri\u00f3n de Clubes de Ciencia 2018"},"content":{"rendered":"<p style=\"text-align: center;\">ACTO INAUGURAL ESTE\u00a0 LUNES 18 DE JUNIO<\/p>\n<p style=\"text-align: center;\"><strong>Centro de Ciencia Francisco Jos\u00e9 de Caldas, de la Universidad de Caldas, anfitri\u00f3n de Clubes de Ciencia 2018<\/strong><\/p>\n<p style=\"text-align: right;\">15\/06\/2018<\/p>\n<p><strong>\u00a0<img loading=\"lazy\" decoding=\"async\" class=\"alignnone size-full wp-image-41489 aligncenter\" src=\"https:\/\/www.ucaldas.edu.co\/portal\/wp-content\/uploads\/2018\/06\/Manizales-Digital-2-copia-compressor.jpeg\" alt=\"\" width=\"700\" height=\"399\" srcset=\"https:\/\/www.ucaldas.edu.co\/portal\/wp-content\/uploads\/2018\/06\/Manizales-Digital-2-copia-compressor.jpeg 700w, https:\/\/www.ucaldas.edu.co\/portal\/wp-content\/uploads\/2018\/06\/Manizales-Digital-2-copia-compressor-300x171.jpeg 300w\" sizes=\"auto, (max-width: 700px) 100vw, 700px\" \/><\/strong><\/p>\n<p>6 Investigadores Colombianos, estudiantes de doctorado en algunas de las universidades de mayor prestigio en el mundo.<\/p>\n<p><strong>\u00a0<\/strong><\/p>\n<p>130 ni\u00f1os y j\u00f3venes\u00a0 apasionados por el conocimiento.<\/p>\n<p><strong>\u00a0<\/strong><\/p>\n<p>Se unen para sembrar progreso en nuestro pa\u00eds con Ciencia, Tecnolog\u00eda e Innovaci\u00f3n.<\/p>\n<p><strong>\u00a0<\/strong><\/p>\n<p>La Universidad de Caldas dispuso para el evento:\u00a0 6 laboratorios de docencia e investigaci\u00f3n, 4 espacios de creaci\u00f3n en el Centro de Ciencia Francisco Jos\u00e9 de Caldas, 4 auditorios, 5 salas de sistemas y 4 espacios alternos; para los 6 clubes que desarrollar\u00e1n sus proyectos a la largo de la semana as\u00ed:<\/p>\n<p><strong>\u00a0<\/strong><!--more--><\/p>\n<p><strong>Club No 1:<\/strong> Terremotos \u00bfqu\u00e9 hacer cuando la tierra tiembla? Jorge Archbold\u00a0 y V\u00edctor Andr\u00e9s Delgado Trujillo, Estudiante de<strong> Doctorado <\/strong>en Ingenier\u00eda Civil<strong> en la Universidad Berkeley, California.<\/strong><\/p>\n<p>&nbsp;<\/p>\n<p><strong>Club No 2:<\/strong> Estudiando tu cerebro a trav\u00e9s de tus ojos. Esperanza Juvera, Estudiante<strong> Doctorado en Universit\u00e9 Libre de Bruxelles (ULB) y University of Amsterdam (UvA)<\/strong>.<\/p>\n<p>&nbsp;<\/p>\n<p><strong>Club No 3:<\/strong> Tras la huella de la contaminaci\u00f3n. Rocio Ormazabal, Pertenece al<strong> Centro del Clima y la Resiliencia (CR2), <\/strong>donde trabaja como asistente de investigaci\u00f3n en <strong>Predicciones Clim\u00e1ticas a mediano plazo.<\/strong><\/p>\n<p>&nbsp;<\/p>\n<p><strong>Club No 4:<\/strong> Neurociencia. Lukas Tamayo y Jhonny Fernando Garc\u00eda, Estudiante de<strong> Doctorado en Neurociencia, McGill University.<\/strong><\/p>\n<p>&nbsp;<\/p>\n<p><strong>Club No 5:<\/strong> Pigmentos, extrayendo colores de las plantas. Diana Carolina Franco, Estudiante de <strong>Doctorado de Biotecnolog\u00eda, Universidad Aut\u00f3noma Metropolitana en M\u00e9xico.<\/strong><\/p>\n<p>&nbsp;<\/p>\n<p><strong>Club No 6:<\/strong> Biodiversidad e interacciones. Diego Fernando Campos\u00a0 y Eliana Jimena Garcia,<strong> Estudiante de Doctorado Ecolog\u00eda y Desarrollo Sustentable, Colegio de la Frontera Sur ECOSUR, M\u00e9xico.<\/strong><\/p>\n<p><strong>\u00a0<\/strong><\/p>\n<p>El acto inaugural del evento\u00a0 tendr\u00e1 lugar en el Auditorio de Centro Cultural Universitario, Rogelio Salmona, este\u00a0 lunes 18 de junio\u00a0 a partir de\u00a0 las 9:30 a.m.<\/p>\n<p>&nbsp;<\/p>\n<p><strong>Informes: <\/strong>con Liliana M. Becerra, Comunicadora Centro de Ciencia FJC, en el celular 3008764276.<\/p>\n<p><strong>Redacci\u00f3n:<\/strong> Liliana Becerra<\/p>\n<p>&nbsp;<\/p>\n","protected":false},"excerpt":{"rendered":"<p>ACTO INAUGURAL ESTE\u00a0 LUNES 18 DE JUNIO Centro de Ciencia Francisco Jos\u00e9 de Caldas, de la Universidad de Caldas, anfitri\u00f3n de Clubes de Ciencia 2018 15\/06\/2018 \u00a0 6 Investigadores Colombianos, estudiantes de doctorado en algunas de las universidades de mayor prestigio en el mundo. \u00a0 130 ni\u00f1os y j\u00f3venes\u00a0 apasionados por el conocimiento. \u00a0 Se [&hellip;]<\/p>\n","protected":false},"author":2,"featured_media":41489,"comment_status":"closed","ping_status":"open","sticky":false,"template":"","format":"standard","meta":{"footnotes":""},"categories":[48,53,624],"tags":[55,63,2753],"class_list":["post-41487","post","type-post","status-publish","format-standard","has-post-thumbnail","hentry","category-actualidad","category-universidad-al-dia","category-ucaldas-activa","tag-academia","tag-participe","tag-clubes-de-ciencia"],"yoast_head":"<!-- This site is optimized with the Yoast SEO plugin v27.5 - https:\/\/yoast.com\/product\/yoast-seo-wordpress\/ -->\n<title>Centro de Ciencia Francisco Jos\u00e9 de Caldas, de la Universidad de Caldas, anfitri\u00f3n de Clubes de Ciencia 2018 .<\/title>\n<meta name=\"robots\" content=\"index, follow, max-snippet:-1, max-image-preview:large, max-video-preview:-1\" \/>\n<link rel=\"canonical\" href=\"https:\/\/www.ucaldas.edu.co\/portal\/centro-de-ciencia-francisco-jose-de-caldas-de-la-universidad-de-caldas-anfitrion-de-clubes-de-ciencia-2018\/\" \/>\n<script type=\"application\/ld+json\" class=\"yoast-schema-graph\">{\"@context\":\"https:\\\/\\\/schema.org\",\"@graph\":[{\"@type\":\"Article\",\"@id\":\"https:\\\/\\\/www.ucaldas.edu.co\\\/portal\\\/centro-de-ciencia-francisco-jose-de-caldas-de-la-universidad-de-caldas-anfitrion-de-clubes-de-ciencia-2018\\\/#article\",\"isPartOf\":{\"@id\":\"https:\\\/\\\/www.ucaldas.edu.co\\\/portal\\\/centro-de-ciencia-francisco-jose-de-caldas-de-la-universidad-de-caldas-anfitrion-de-clubes-de-ciencia-2018\\\/\"},\"author\":{\"name\":\"ofiprensa\",\"@id\":\"https:\\\/\\\/www.ucaldas.edu.co\\\/portal\\\/#\\\/schema\\\/person\\\/a1b482e23449158b4bc319926c074fdf\"},\"headline\":\"Centro de Ciencia Francisco Jos\u00e9 de Caldas, de la Universidad de Caldas, anfitri\u00f3n de Clubes de Ciencia 2018\",\"datePublished\":\"2018-06-15T22:18:26+00:00\",\"mainEntityOfPage\":{\"@id\":\"https:\\\/\\\/www.ucaldas.edu.co\\\/portal\\\/centro-de-ciencia-francisco-jose-de-caldas-de-la-universidad-de-caldas-anfitrion-de-clubes-de-ciencia-2018\\\/\"},\"wordCount\":341,\"publisher\":{\"@id\":\"https:\\\/\\\/www.ucaldas.edu.co\\\/portal\\\/#organization\"},\"image\":{\"@id\":\"https:\\\/\\\/www.ucaldas.edu.co\\\/portal\\\/centro-de-ciencia-francisco-jose-de-caldas-de-la-universidad-de-caldas-anfitrion-de-clubes-de-ciencia-2018\\\/#primaryimage\"},\"thumbnailUrl\":\"https:\\\/\\\/www.ucaldas.edu.co\\\/portal\\\/wp-content\\\/uploads\\\/2018\\\/06\\\/Manizales-Digital-2-copia-compressor.jpeg\",\"keywords\":[\"academia\",\"Participe\",\"clubes de ciencia\"],\"articleSection\":[\"Actualidad\",\"Universidad al D\u00eda\",\"UCaldas Activa\"],\"inLanguage\":\"es\"},{\"@type\":\"WebPage\",\"@id\":\"https:\\\/\\\/www.ucaldas.edu.co\\\/portal\\\/centro-de-ciencia-francisco-jose-de-caldas-de-la-universidad-de-caldas-anfitrion-de-clubes-de-ciencia-2018\\\/\",\"url\":\"https:\\\/\\\/www.ucaldas.edu.co\\\/portal\\\/centro-de-ciencia-francisco-jose-de-caldas-de-la-universidad-de-caldas-anfitrion-de-clubes-de-ciencia-2018\\\/\",\"name\":\"Centro de Ciencia Francisco Jos\u00e9 de Caldas, de la Universidad de Caldas, anfitri\u00f3n de Clubes de Ciencia 2018 .\",\"isPartOf\":{\"@id\":\"https:\\\/\\\/www.ucaldas.edu.co\\\/portal\\\/#website\"},\"primaryImageOfPage\":{\"@id\":\"https:\\\/\\\/www.ucaldas.edu.co\\\/portal\\\/centro-de-ciencia-francisco-jose-de-caldas-de-la-universidad-de-caldas-anfitrion-de-clubes-de-ciencia-2018\\\/#primaryimage\"},\"image\":{\"@id\":\"https:\\\/\\\/www.ucaldas.edu.co\\\/portal\\\/centro-de-ciencia-francisco-jose-de-caldas-de-la-universidad-de-caldas-anfitrion-de-clubes-de-ciencia-2018\\\/#primaryimage\"},\"thumbnailUrl\":\"https:\\\/\\\/www.ucaldas.edu.co\\\/portal\\\/wp-content\\\/uploads\\\/2018\\\/06\\\/Manizales-Digital-2-copia-compressor.jpeg\",\"datePublished\":\"2018-06-15T22:18:26+00:00\",\"breadcrumb\":{\"@id\":\"https:\\\/\\\/www.ucaldas.edu.co\\\/portal\\\/centro-de-ciencia-francisco-jose-de-caldas-de-la-universidad-de-caldas-anfitrion-de-clubes-de-ciencia-2018\\\/#breadcrumb\"},\"inLanguage\":\"es\",\"potentialAction\":[{\"@type\":\"ReadAction\",\"target\":[\"https:\\\/\\\/www.ucaldas.edu.co\\\/portal\\\/centro-de-ciencia-francisco-jose-de-caldas-de-la-universidad-de-caldas-anfitrion-de-clubes-de-ciencia-2018\\\/\"]}]},{\"@type\":\"ImageObject\",\"inLanguage\":\"es\",\"@id\":\"https:\\\/\\\/www.ucaldas.edu.co\\\/portal\\\/centro-de-ciencia-francisco-jose-de-caldas-de-la-universidad-de-caldas-anfitrion-de-clubes-de-ciencia-2018\\\/#primaryimage\",\"url\":\"https:\\\/\\\/www.ucaldas.edu.co\\\/portal\\\/wp-content\\\/uploads\\\/2018\\\/06\\\/Manizales-Digital-2-copia-compressor.jpeg\",\"contentUrl\":\"https:\\\/\\\/www.ucaldas.edu.co\\\/portal\\\/wp-content\\\/uploads\\\/2018\\\/06\\\/Manizales-Digital-2-copia-compressor.jpeg\",\"width\":700,\"height\":399},{\"@type\":\"BreadcrumbList\",\"@id\":\"https:\\\/\\\/www.ucaldas.edu.co\\\/portal\\\/centro-de-ciencia-francisco-jose-de-caldas-de-la-universidad-de-caldas-anfitrion-de-clubes-de-ciencia-2018\\\/#breadcrumb\",\"itemListElement\":[{\"@type\":\"ListItem\",\"position\":1,\"name\":\"Portada\",\"item\":\"https:\\\/\\\/www.ucaldas.edu.co\\\/portal\\\/\"},{\"@type\":\"ListItem\",\"position\":2,\"name\":\"Centro de Ciencia Francisco Jos\u00e9 de Caldas, de la Universidad de Caldas, anfitri\u00f3n de Clubes de Ciencia 2018\"}]},{\"@type\":\"WebSite\",\"@id\":\"https:\\\/\\\/www.ucaldas.edu.co\\\/portal\\\/#website\",\"url\":\"https:\\\/\\\/www.ucaldas.edu.co\\\/portal\\\/\",\"name\":\"Universidad de Caldas\",\"description\":\"\",\"publisher\":{\"@id\":\"https:\\\/\\\/www.ucaldas.edu.co\\\/portal\\\/#organization\"},\"alternateName\":\"U. de Caldas\",\"potentialAction\":[{\"@type\":\"SearchAction\",\"target\":{\"@type\":\"EntryPoint\",\"urlTemplate\":\"https:\\\/\\\/www.ucaldas.edu.co\\\/portal\\\/?s={search_term_string}\"},\"query-input\":{\"@type\":\"PropertyValueSpecification\",\"valueRequired\":true,\"valueName\":\"search_term_string\"}}],\"inLanguage\":\"es\"},{\"@type\":\"Organization\",\"@id\":\"https:\\\/\\\/www.ucaldas.edu.co\\\/portal\\\/#organization\",\"name\":\"Universidad de Caldas\",\"alternateName\":\"U. de Caldas\",\"url\":\"https:\\\/\\\/www.ucaldas.edu.co\\\/portal\\\/\",\"logo\":{\"@type\":\"ImageObject\",\"inLanguage\":\"es\",\"@id\":\"https:\\\/\\\/www.ucaldas.edu.co\\\/portal\\\/#\\\/schema\\\/logo\\\/image\\\/\",\"url\":\"https:\\\/\\\/www.ucaldas.edu.co\\\/portal\\\/wp-content\\\/uploads\\\/2023\\\/11\\\/Logo_horizontal_oscuroU-2023.png\",\"contentUrl\":\"https:\\\/\\\/www.ucaldas.edu.co\\\/portal\\\/wp-content\\\/uploads\\\/2023\\\/11\\\/Logo_horizontal_oscuroU-2023.png\",\"width\":263,\"height\":101,\"caption\":\"Universidad de Caldas\"},\"image\":{\"@id\":\"https:\\\/\\\/www.ucaldas.edu.co\\\/portal\\\/#\\\/schema\\\/logo\\\/image\\\/\"},\"sameAs\":[\"https:\\\/\\\/www.facebook.com\\\/udecaldas\",\"https:\\\/\\\/x.com\\\/udecaldas\",\"https:\\\/\\\/www.youtube.com\\\/universidadcaldas\",\"https:\\\/\\\/www.instagram.com\\\/udecaldas\\\/\"]},{\"@type\":\"Person\",\"@id\":\"https:\\\/\\\/www.ucaldas.edu.co\\\/portal\\\/#\\\/schema\\\/person\\\/a1b482e23449158b4bc319926c074fdf\",\"name\":\"ofiprensa\",\"image\":{\"@type\":\"ImageObject\",\"inLanguage\":\"es\",\"@id\":\"https:\\\/\\\/www.ucaldas.edu.co\\\/portal\\\/wp-content\\\/litespeed\\\/avatar\\\/09ea5085e600095a7a811142c6944527.jpg?ver=1777497608\",\"url\":\"https:\\\/\\\/www.ucaldas.edu.co\\\/portal\\\/wp-content\\\/litespeed\\\/avatar\\\/09ea5085e600095a7a811142c6944527.jpg?ver=1777497608\",\"contentUrl\":\"https:\\\/\\\/www.ucaldas.edu.co\\\/portal\\\/wp-content\\\/litespeed\\\/avatar\\\/09ea5085e600095a7a811142c6944527.jpg?ver=1777497608\",\"caption\":\"ofiprensa\"},\"url\":\"https:\\\/\\\/www.ucaldas.edu.co\\\/portal\\\/author\\\/ofiprensa\\\/\"}]}<\/script>\n<!-- \/ Yoast SEO plugin. -->","yoast_head_json":{"title":"Centro de Ciencia Francisco Jos\u00e9 de Caldas, de la Universidad de Caldas, anfitri\u00f3n de Clubes de Ciencia 2018 .","robots":{"index":"index","follow":"follow","max-snippet":"max-snippet:-1","max-image-preview":"max-image-preview:large","max-video-preview":"max-video-preview:-1"},"canonical":"https:\/\/www.ucaldas.edu.co\/portal\/centro-de-ciencia-francisco-jose-de-caldas-de-la-universidad-de-caldas-anfitrion-de-clubes-de-ciencia-2018\/","schema":{"@context":"https:\/\/schema.org","@graph":[{"@type":"Article","@id":"https:\/\/www.ucaldas.edu.co\/portal\/centro-de-ciencia-francisco-jose-de-caldas-de-la-universidad-de-caldas-anfitrion-de-clubes-de-ciencia-2018\/#article","isPartOf":{"@id":"https:\/\/www.ucaldas.edu.co\/portal\/centro-de-ciencia-francisco-jose-de-caldas-de-la-universidad-de-caldas-anfitrion-de-clubes-de-ciencia-2018\/"},"author":{"name":"ofiprensa","@id":"https:\/\/www.ucaldas.edu.co\/portal\/#\/schema\/person\/a1b482e23449158b4bc319926c074fdf"},"headline":"Centro de Ciencia Francisco Jos\u00e9 de Caldas, de la Universidad de Caldas, anfitri\u00f3n de Clubes de Ciencia 2018","datePublished":"2018-06-15T22:18:26+00:00","mainEntityOfPage":{"@id":"https:\/\/www.ucaldas.edu.co\/portal\/centro-de-ciencia-francisco-jose-de-caldas-de-la-universidad-de-caldas-anfitrion-de-clubes-de-ciencia-2018\/"},"wordCount":341,"publisher":{"@id":"https:\/\/www.ucaldas.edu.co\/portal\/#organization"},"image":{"@id":"https:\/\/www.ucaldas.edu.co\/portal\/centro-de-ciencia-francisco-jose-de-caldas-de-la-universidad-de-caldas-anfitrion-de-clubes-de-ciencia-2018\/#primaryimage"},"thumbnailUrl":"https:\/\/www.ucaldas.edu.co\/portal\/wp-content\/uploads\/2018\/06\/Manizales-Digital-2-copia-compressor.jpeg","keywords":["academia","Participe","clubes de ciencia"],"articleSection":["Actualidad","Universidad al D\u00eda","UCaldas Activa"],"inLanguage":"es"},{"@type":"WebPage","@id":"https:\/\/www.ucaldas.edu.co\/portal\/centro-de-ciencia-francisco-jose-de-caldas-de-la-universidad-de-caldas-anfitrion-de-clubes-de-ciencia-2018\/","url":"https:\/\/www.ucaldas.edu.co\/portal\/centro-de-ciencia-francisco-jose-de-caldas-de-la-universidad-de-caldas-anfitrion-de-clubes-de-ciencia-2018\/","name":"Centro de Ciencia Francisco Jos\u00e9 de Caldas, de la Universidad de Caldas, anfitri\u00f3n de Clubes de Ciencia 2018 .","isPartOf":{"@id":"https:\/\/www.ucaldas.edu.co\/portal\/#website"},"primaryImageOfPage":{"@id":"https:\/\/www.ucaldas.edu.co\/portal\/centro-de-ciencia-francisco-jose-de-caldas-de-la-universidad-de-caldas-anfitrion-de-clubes-de-ciencia-2018\/#primaryimage"},"image":{"@id":"https:\/\/www.ucaldas.edu.co\/portal\/centro-de-ciencia-francisco-jose-de-caldas-de-la-universidad-de-caldas-anfitrion-de-clubes-de-ciencia-2018\/#primaryimage"},"thumbnailUrl":"https:\/\/www.ucaldas.edu.co\/portal\/wp-content\/uploads\/2018\/06\/Manizales-Digital-2-copia-compressor.jpeg","datePublished":"2018-06-15T22:18:26+00:00","breadcrumb":{"@id":"https:\/\/www.ucaldas.edu.co\/portal\/centro-de-ciencia-francisco-jose-de-caldas-de-la-universidad-de-caldas-anfitrion-de-clubes-de-ciencia-2018\/#breadcrumb"},"inLanguage":"es","potentialAction":[{"@type":"ReadAction","target":["https:\/\/www.ucaldas.edu.co\/portal\/centro-de-ciencia-francisco-jose-de-caldas-de-la-universidad-de-caldas-anfitrion-de-clubes-de-ciencia-2018\/"]}]},{"@type":"ImageObject","inLanguage":"es","@id":"https:\/\/www.ucaldas.edu.co\/portal\/centro-de-ciencia-francisco-jose-de-caldas-de-la-universidad-de-caldas-anfitrion-de-clubes-de-ciencia-2018\/#primaryimage","url":"https:\/\/www.ucaldas.edu.co\/portal\/wp-content\/uploads\/2018\/06\/Manizales-Digital-2-copia-compressor.jpeg","contentUrl":"https:\/\/www.ucaldas.edu.co\/portal\/wp-content\/uploads\/2018\/06\/Manizales-Digital-2-copia-compressor.jpeg","width":700,"height":399},{"@type":"BreadcrumbList","@id":"https:\/\/www.ucaldas.edu.co\/portal\/centro-de-ciencia-francisco-jose-de-caldas-de-la-universidad-de-caldas-anfitrion-de-clubes-de-ciencia-2018\/#breadcrumb","itemListElement":[{"@type":"ListItem","position":1,"name":"Portada","item":"https:\/\/www.ucaldas.edu.co\/portal\/"},{"@type":"ListItem","position":2,"name":"Centro de Ciencia Francisco Jos\u00e9 de Caldas, de la Universidad de Caldas, anfitri\u00f3n de Clubes de Ciencia 2018"}]},{"@type":"WebSite","@id":"https:\/\/www.ucaldas.edu.co\/portal\/#website","url":"https:\/\/www.ucaldas.edu.co\/portal\/","name":"Universidad de Caldas","description":"","publisher":{"@id":"https:\/\/www.ucaldas.edu.co\/portal\/#organization"},"alternateName":"U. de Caldas","potentialAction":[{"@type":"SearchAction","target":{"@type":"EntryPoint","urlTemplate":"https:\/\/www.ucaldas.edu.co\/portal\/?s={search_term_string}"},"query-input":{"@type":"PropertyValueSpecification","valueRequired":true,"valueName":"search_term_string"}}],"inLanguage":"es"},{"@type":"Organization","@id":"https:\/\/www.ucaldas.edu.co\/portal\/#organization","name":"Universidad de Caldas","alternateName":"U. de Caldas","url":"https:\/\/www.ucaldas.edu.co\/portal\/","logo":{"@type":"ImageObject","inLanguage":"es","@id":"https:\/\/www.ucaldas.edu.co\/portal\/#\/schema\/logo\/image\/","url":"https:\/\/www.ucaldas.edu.co\/portal\/wp-content\/uploads\/2023\/11\/Logo_horizontal_oscuroU-2023.png","contentUrl":"https:\/\/www.ucaldas.edu.co\/portal\/wp-content\/uploads\/2023\/11\/Logo_horizontal_oscuroU-2023.png","width":263,"height":101,"caption":"Universidad de Caldas"},"image":{"@id":"https:\/\/www.ucaldas.edu.co\/portal\/#\/schema\/logo\/image\/"},"sameAs":["https:\/\/www.facebook.com\/udecaldas","https:\/\/x.com\/udecaldas","https:\/\/www.youtube.com\/universidadcaldas","https:\/\/www.instagram.com\/udecaldas\/"]},{"@type":"Person","@id":"https:\/\/www.ucaldas.edu.co\/portal\/#\/schema\/person\/a1b482e23449158b4bc319926c074fdf","name":"ofiprensa","image":{"@type":"ImageObject","inLanguage":"es","@id":"https:\/\/www.ucaldas.edu.co\/portal\/wp-content\/litespeed\/avatar\/09ea5085e600095a7a811142c6944527.jpg?ver=1777497608","url":"https:\/\/www.ucaldas.edu.co\/portal\/wp-content\/litespeed\/avatar\/09ea5085e600095a7a811142c6944527.jpg?ver=1777497608","contentUrl":"https:\/\/www.ucaldas.edu.co\/portal\/wp-content\/litespeed\/avatar\/09ea5085e600095a7a811142c6944527.jpg?ver=1777497608","caption":"ofiprensa"},"url":"https:\/\/www.ucaldas.edu.co\/portal\/author\/ofiprensa\/"}]}},"_links":{"self":[{"href":"https:\/\/www.ucaldas.edu.co\/portal\/wp-json\/wp\/v2\/posts\/41487","targetHints":{"allow":["GET"]}}],"collection":[{"href":"https:\/\/www.ucaldas.edu.co\/portal\/wp-json\/wp\/v2\/posts"}],"about":[{"href":"https:\/\/www.ucaldas.edu.co\/portal\/wp-json\/wp\/v2\/types\/post"}],"author":[{"embeddable":true,"href":"https:\/\/www.ucaldas.edu.co\/portal\/wp-json\/wp\/v2\/users\/2"}],"replies":[{"embeddable":true,"href":"https:\/\/www.ucaldas.edu.co\/portal\/wp-json\/wp\/v2\/comments?post=41487"}],"version-history":[{"count":0,"href":"https:\/\/www.ucaldas.edu.co\/portal\/wp-json\/wp\/v2\/posts\/41487\/revisions"}],"wp:featuredmedia":[{"embeddable":true,"href":"https:\/\/www.ucaldas.edu.co\/portal\/wp-json\/wp\/v2\/media\/41489"}],"wp:attachment":[{"href":"https:\/\/www.ucaldas.edu.co\/portal\/wp-json\/wp\/v2\/media?parent=41487"}],"wp:term":[{"taxonomy":"category","embeddable":true,"href":"https:\/\/www.ucaldas.edu.co\/portal\/wp-json\/wp\/v2\/categories?post=41487"},{"taxonomy":"post_tag","embeddable":true,"href":"https:\/\/www.ucaldas.edu.co\/portal\/wp-json\/wp\/v2\/tags?post=41487"}],"curies":[{"name":"wp","href":"https:\/\/api.w.org\/{rel}","templated":true}]}}