{"id":41463,"date":"2018-06-14T21:47:31","date_gmt":"2018-06-14T21:47:31","guid":{"rendered":"https:\/\/www.ucaldas.edu.co\/portal\/?p=41463"},"modified":"2018-06-14T21:47:31","modified_gmt":"2018-06-14T21:47:31","slug":"iii-seminario-internacional-y-iii-encuentro-nacional-de-extension-rural-ener-2018-ago-15-al-17","status":"publish","type":"post","link":"https:\/\/www.ucaldas.edu.co\/portal\/iii-seminario-internacional-y-iii-encuentro-nacional-de-extension-rural-ener-2018-ago-15-al-17\/","title":{"rendered":"III Seminario Internacional y III Encuentro Nacional de Extensi\u00f3n Rural-ENER 2018 &#8211; ago 15 al 17"},"content":{"rendered":"<p><strong>III Seminario Internacional y III Encuentro Nacional de Extensi\u00f3n Rural-ENER 2018 &#8211; ago 15 al 17<\/strong><\/p>\n<p><strong>Descripci\u00f3n:<\/strong> invitaci\u00f3n de la Red Nacional de Extensi\u00f3n Rural (RENER) y la Facultad de Ciencias Agropecuarias de la Universidad de Caldas. En su tercera versi\u00f3n el evento convoca a extensionistas, estudiantes universitarios, organizaciones rurales, campesinos, productores agropecuarios y estudiosos de la extensi\u00f3n interesados en crear comunidad en torno a la extensi\u00f3n rural, concretando un espacio de encuentro, debate y construcci\u00f3n de l\u00edneas de trabajo en pro de su consolidaci\u00f3n como instrumento y v\u00eda para el desarrollo agr\u00edcola <strong>y rural.<\/strong><\/p>\n<p><strong>Fecha:<\/strong> del 15 al 17 de agosto del 2018.<\/p>\n<p><strong>Lugar:<\/strong> Universidad de Caldas.<\/p>\n<p><strong>Informes:<\/strong> en el correo electr\u00f3nico ener2018@ucaldas.edu.co y en la p\u00e1gina web www.aacademica.org\/ener2018<\/p>\n<p>&nbsp;<\/p>\n","protected":false},"excerpt":{"rendered":"<p>III Seminario Internacional y III Encuentro Nacional de Extensi\u00f3n Rural-ENER 2018 &#8211; ago 15 al 17 Descripci\u00f3n: invitaci\u00f3n de la Red Nacional de Extensi\u00f3n Rural (RENER) y la Facultad de Ciencias Agropecuarias de la Universidad de Caldas. En su tercera versi\u00f3n el evento convoca a extensionistas, estudiantes universitarios, organizaciones rurales, campesinos, productores agropecuarios y estudiosos [&hellip;]<\/p>\n","protected":false},"author":2,"featured_media":0,"comment_status":"closed","ping_status":"open","sticky":false,"template":"","format":"standard","meta":{"footnotes":""},"categories":[62],"tags":[55,57,63,2688],"class_list":["post-41463","post","type-post","status-publish","format-standard","hentry","category-eventos","tag-academia","tag-seminario","tag-participe","tag-extension-rural"],"yoast_head":"<!-- This site is optimized with the Yoast SEO plugin v27.5 - https:\/\/yoast.com\/product\/yoast-seo-wordpress\/ -->\n<title>III Seminario Internacional y III Encuentro Nacional de Extensi\u00f3n Rural-ENER 2018 - ago 15 al 17 .<\/title>\n<meta name=\"robots\" content=\"index, follow, max-snippet:-1, max-image-preview:large, max-video-preview:-1\" \/>\n<link rel=\"canonical\" href=\"https:\/\/www.ucaldas.edu.co\/portal\/iii-seminario-internacional-y-iii-encuentro-nacional-de-extension-rural-ener-2018-ago-15-al-17\/\" \/>\n<script type=\"application\/ld+json\" class=\"yoast-schema-graph\">{\"@context\":\"https:\\\/\\\/schema.org\",\"@graph\":[{\"@type\":\"Article\",\"@id\":\"https:\\\/\\\/www.ucaldas.edu.co\\\/portal\\\/iii-seminario-internacional-y-iii-encuentro-nacional-de-extension-rural-ener-2018-ago-15-al-17\\\/#article\",\"isPartOf\":{\"@id\":\"https:\\\/\\\/www.ucaldas.edu.co\\\/portal\\\/iii-seminario-internacional-y-iii-encuentro-nacional-de-extension-rural-ener-2018-ago-15-al-17\\\/\"},\"author\":{\"name\":\"ofiprensa\",\"@id\":\"https:\\\/\\\/www.ucaldas.edu.co\\\/portal\\\/#\\\/schema\\\/person\\\/a1b482e23449158b4bc319926c074fdf\"},\"headline\":\"III Seminario Internacional y III Encuentro Nacional de Extensi\u00f3n Rural-ENER 2018 &#8211; ago 15 al 17\",\"datePublished\":\"2018-06-14T21:47:31+00:00\",\"mainEntityOfPage\":{\"@id\":\"https:\\\/\\\/www.ucaldas.edu.co\\\/portal\\\/iii-seminario-internacional-y-iii-encuentro-nacional-de-extension-rural-ener-2018-ago-15-al-17\\\/\"},\"wordCount\":149,\"publisher\":{\"@id\":\"https:\\\/\\\/www.ucaldas.edu.co\\\/portal\\\/#organization\"},\"keywords\":[\"academia\",\"seminario\",\"Participe\",\"extensi\u00f3n rural\"],\"articleSection\":[\"Eventos\"],\"inLanguage\":\"es\"},{\"@type\":\"WebPage\",\"@id\":\"https:\\\/\\\/www.ucaldas.edu.co\\\/portal\\\/iii-seminario-internacional-y-iii-encuentro-nacional-de-extension-rural-ener-2018-ago-15-al-17\\\/\",\"url\":\"https:\\\/\\\/www.ucaldas.edu.co\\\/portal\\\/iii-seminario-internacional-y-iii-encuentro-nacional-de-extension-rural-ener-2018-ago-15-al-17\\\/\",\"name\":\"III Seminario Internacional y III Encuentro Nacional de Extensi\u00f3n Rural-ENER 2018 - ago 15 al 17 .\",\"isPartOf\":{\"@id\":\"https:\\\/\\\/www.ucaldas.edu.co\\\/portal\\\/#website\"},\"datePublished\":\"2018-06-14T21:47:31+00:00\",\"breadcrumb\":{\"@id\":\"https:\\\/\\\/www.ucaldas.edu.co\\\/portal\\\/iii-seminario-internacional-y-iii-encuentro-nacional-de-extension-rural-ener-2018-ago-15-al-17\\\/#breadcrumb\"},\"inLanguage\":\"es\",\"potentialAction\":[{\"@type\":\"ReadAction\",\"target\":[\"https:\\\/\\\/www.ucaldas.edu.co\\\/portal\\\/iii-seminario-internacional-y-iii-encuentro-nacional-de-extension-rural-ener-2018-ago-15-al-17\\\/\"]}]},{\"@type\":\"BreadcrumbList\",\"@id\":\"https:\\\/\\\/www.ucaldas.edu.co\\\/portal\\\/iii-seminario-internacional-y-iii-encuentro-nacional-de-extension-rural-ener-2018-ago-15-al-17\\\/#breadcrumb\",\"itemListElement\":[{\"@type\":\"ListItem\",\"position\":1,\"name\":\"Portada\",\"item\":\"https:\\\/\\\/www.ucaldas.edu.co\\\/portal\\\/\"},{\"@type\":\"ListItem\",\"position\":2,\"name\":\"III Seminario Internacional y III Encuentro Nacional de Extensi\u00f3n Rural-ENER 2018 &#8211; ago 15 al 17\"}]},{\"@type\":\"WebSite\",\"@id\":\"https:\\\/\\\/www.ucaldas.edu.co\\\/portal\\\/#website\",\"url\":\"https:\\\/\\\/www.ucaldas.edu.co\\\/portal\\\/\",\"name\":\"Universidad de Caldas\",\"description\":\"\",\"publisher\":{\"@id\":\"https:\\\/\\\/www.ucaldas.edu.co\\\/portal\\\/#organization\"},\"alternateName\":\"U. de Caldas\",\"potentialAction\":[{\"@type\":\"SearchAction\",\"target\":{\"@type\":\"EntryPoint\",\"urlTemplate\":\"https:\\\/\\\/www.ucaldas.edu.co\\\/portal\\\/?s={search_term_string}\"},\"query-input\":{\"@type\":\"PropertyValueSpecification\",\"valueRequired\":true,\"valueName\":\"search_term_string\"}}],\"inLanguage\":\"es\"},{\"@type\":\"Organization\",\"@id\":\"https:\\\/\\\/www.ucaldas.edu.co\\\/portal\\\/#organization\",\"name\":\"Universidad de Caldas\",\"alternateName\":\"U. de Caldas\",\"url\":\"https:\\\/\\\/www.ucaldas.edu.co\\\/portal\\\/\",\"logo\":{\"@type\":\"ImageObject\",\"inLanguage\":\"es\",\"@id\":\"https:\\\/\\\/www.ucaldas.edu.co\\\/portal\\\/#\\\/schema\\\/logo\\\/image\\\/\",\"url\":\"https:\\\/\\\/www.ucaldas.edu.co\\\/portal\\\/wp-content\\\/uploads\\\/2023\\\/11\\\/Logo_horizontal_oscuroU-2023.png\",\"contentUrl\":\"https:\\\/\\\/www.ucaldas.edu.co\\\/portal\\\/wp-content\\\/uploads\\\/2023\\\/11\\\/Logo_horizontal_oscuroU-2023.png\",\"width\":263,\"height\":101,\"caption\":\"Universidad de Caldas\"},\"image\":{\"@id\":\"https:\\\/\\\/www.ucaldas.edu.co\\\/portal\\\/#\\\/schema\\\/logo\\\/image\\\/\"},\"sameAs\":[\"https:\\\/\\\/www.facebook.com\\\/udecaldas\",\"https:\\\/\\\/x.com\\\/udecaldas\",\"https:\\\/\\\/www.youtube.com\\\/universidadcaldas\",\"https:\\\/\\\/www.instagram.com\\\/udecaldas\\\/\"]},{\"@type\":\"Person\",\"@id\":\"https:\\\/\\\/www.ucaldas.edu.co\\\/portal\\\/#\\\/schema\\\/person\\\/a1b482e23449158b4bc319926c074fdf\",\"name\":\"ofiprensa\",\"image\":{\"@type\":\"ImageObject\",\"inLanguage\":\"es\",\"@id\":\"https:\\\/\\\/www.ucaldas.edu.co\\\/portal\\\/wp-content\\\/litespeed\\\/avatar\\\/09ea5085e600095a7a811142c6944527.jpg?ver=1777497608\",\"url\":\"https:\\\/\\\/www.ucaldas.edu.co\\\/portal\\\/wp-content\\\/litespeed\\\/avatar\\\/09ea5085e600095a7a811142c6944527.jpg?ver=1777497608\",\"contentUrl\":\"https:\\\/\\\/www.ucaldas.edu.co\\\/portal\\\/wp-content\\\/litespeed\\\/avatar\\\/09ea5085e600095a7a811142c6944527.jpg?ver=1777497608\",\"caption\":\"ofiprensa\"},\"url\":\"https:\\\/\\\/www.ucaldas.edu.co\\\/portal\\\/author\\\/ofiprensa\\\/\"}]}<\/script>\n<!-- \/ Yoast SEO plugin. -->","yoast_head_json":{"title":"III Seminario Internacional y III Encuentro Nacional de Extensi\u00f3n Rural-ENER 2018 - ago 15 al 17 .","robots":{"index":"index","follow":"follow","max-snippet":"max-snippet:-1","max-image-preview":"max-image-preview:large","max-video-preview":"max-video-preview:-1"},"canonical":"https:\/\/www.ucaldas.edu.co\/portal\/iii-seminario-internacional-y-iii-encuentro-nacional-de-extension-rural-ener-2018-ago-15-al-17\/","schema":{"@context":"https:\/\/schema.org","@graph":[{"@type":"Article","@id":"https:\/\/www.ucaldas.edu.co\/portal\/iii-seminario-internacional-y-iii-encuentro-nacional-de-extension-rural-ener-2018-ago-15-al-17\/#article","isPartOf":{"@id":"https:\/\/www.ucaldas.edu.co\/portal\/iii-seminario-internacional-y-iii-encuentro-nacional-de-extension-rural-ener-2018-ago-15-al-17\/"},"author":{"name":"ofiprensa","@id":"https:\/\/www.ucaldas.edu.co\/portal\/#\/schema\/person\/a1b482e23449158b4bc319926c074fdf"},"headline":"III Seminario Internacional y III Encuentro Nacional de Extensi\u00f3n Rural-ENER 2018 &#8211; ago 15 al 17","datePublished":"2018-06-14T21:47:31+00:00","mainEntityOfPage":{"@id":"https:\/\/www.ucaldas.edu.co\/portal\/iii-seminario-internacional-y-iii-encuentro-nacional-de-extension-rural-ener-2018-ago-15-al-17\/"},"wordCount":149,"publisher":{"@id":"https:\/\/www.ucaldas.edu.co\/portal\/#organization"},"keywords":["academia","seminario","Participe","extensi\u00f3n rural"],"articleSection":["Eventos"],"inLanguage":"es"},{"@type":"WebPage","@id":"https:\/\/www.ucaldas.edu.co\/portal\/iii-seminario-internacional-y-iii-encuentro-nacional-de-extension-rural-ener-2018-ago-15-al-17\/","url":"https:\/\/www.ucaldas.edu.co\/portal\/iii-seminario-internacional-y-iii-encuentro-nacional-de-extension-rural-ener-2018-ago-15-al-17\/","name":"III Seminario Internacional y III Encuentro Nacional de Extensi\u00f3n Rural-ENER 2018 - ago 15 al 17 .","isPartOf":{"@id":"https:\/\/www.ucaldas.edu.co\/portal\/#website"},"datePublished":"2018-06-14T21:47:31+00:00","breadcrumb":{"@id":"https:\/\/www.ucaldas.edu.co\/portal\/iii-seminario-internacional-y-iii-encuentro-nacional-de-extension-rural-ener-2018-ago-15-al-17\/#breadcrumb"},"inLanguage":"es","potentialAction":[{"@type":"ReadAction","target":["https:\/\/www.ucaldas.edu.co\/portal\/iii-seminario-internacional-y-iii-encuentro-nacional-de-extension-rural-ener-2018-ago-15-al-17\/"]}]},{"@type":"BreadcrumbList","@id":"https:\/\/www.ucaldas.edu.co\/portal\/iii-seminario-internacional-y-iii-encuentro-nacional-de-extension-rural-ener-2018-ago-15-al-17\/#breadcrumb","itemListElement":[{"@type":"ListItem","position":1,"name":"Portada","item":"https:\/\/www.ucaldas.edu.co\/portal\/"},{"@type":"ListItem","position":2,"name":"III Seminario Internacional y III Encuentro Nacional de Extensi\u00f3n Rural-ENER 2018 &#8211; ago 15 al 17"}]},{"@type":"WebSite","@id":"https:\/\/www.ucaldas.edu.co\/portal\/#website","url":"https:\/\/www.ucaldas.edu.co\/portal\/","name":"Universidad de Caldas","description":"","publisher":{"@id":"https:\/\/www.ucaldas.edu.co\/portal\/#organization"},"alternateName":"U. de Caldas","potentialAction":[{"@type":"SearchAction","target":{"@type":"EntryPoint","urlTemplate":"https:\/\/www.ucaldas.edu.co\/portal\/?s={search_term_string}"},"query-input":{"@type":"PropertyValueSpecification","valueRequired":true,"valueName":"search_term_string"}}],"inLanguage":"es"},{"@type":"Organization","@id":"https:\/\/www.ucaldas.edu.co\/portal\/#organization","name":"Universidad de Caldas","alternateName":"U. de Caldas","url":"https:\/\/www.ucaldas.edu.co\/portal\/","logo":{"@type":"ImageObject","inLanguage":"es","@id":"https:\/\/www.ucaldas.edu.co\/portal\/#\/schema\/logo\/image\/","url":"https:\/\/www.ucaldas.edu.co\/portal\/wp-content\/uploads\/2023\/11\/Logo_horizontal_oscuroU-2023.png","contentUrl":"https:\/\/www.ucaldas.edu.co\/portal\/wp-content\/uploads\/2023\/11\/Logo_horizontal_oscuroU-2023.png","width":263,"height":101,"caption":"Universidad de Caldas"},"image":{"@id":"https:\/\/www.ucaldas.edu.co\/portal\/#\/schema\/logo\/image\/"},"sameAs":["https:\/\/www.facebook.com\/udecaldas","https:\/\/x.com\/udecaldas","https:\/\/www.youtube.com\/universidadcaldas","https:\/\/www.instagram.com\/udecaldas\/"]},{"@type":"Person","@id":"https:\/\/www.ucaldas.edu.co\/portal\/#\/schema\/person\/a1b482e23449158b4bc319926c074fdf","name":"ofiprensa","image":{"@type":"ImageObject","inLanguage":"es","@id":"https:\/\/www.ucaldas.edu.co\/portal\/wp-content\/litespeed\/avatar\/09ea5085e600095a7a811142c6944527.jpg?ver=1777497608","url":"https:\/\/www.ucaldas.edu.co\/portal\/wp-content\/litespeed\/avatar\/09ea5085e600095a7a811142c6944527.jpg?ver=1777497608","contentUrl":"https:\/\/www.ucaldas.edu.co\/portal\/wp-content\/litespeed\/avatar\/09ea5085e600095a7a811142c6944527.jpg?ver=1777497608","caption":"ofiprensa"},"url":"https:\/\/www.ucaldas.edu.co\/portal\/author\/ofiprensa\/"}]}},"_links":{"self":[{"href":"https:\/\/www.ucaldas.edu.co\/portal\/wp-json\/wp\/v2\/posts\/41463","targetHints":{"allow":["GET"]}}],"collection":[{"href":"https:\/\/www.ucaldas.edu.co\/portal\/wp-json\/wp\/v2\/posts"}],"about":[{"href":"https:\/\/www.ucaldas.edu.co\/portal\/wp-json\/wp\/v2\/types\/post"}],"author":[{"embeddable":true,"href":"https:\/\/www.ucaldas.edu.co\/portal\/wp-json\/wp\/v2\/users\/2"}],"replies":[{"embeddable":true,"href":"https:\/\/www.ucaldas.edu.co\/portal\/wp-json\/wp\/v2\/comments?post=41463"}],"version-history":[{"count":0,"href":"https:\/\/www.ucaldas.edu.co\/portal\/wp-json\/wp\/v2\/posts\/41463\/revisions"}],"wp:attachment":[{"href":"https:\/\/www.ucaldas.edu.co\/portal\/wp-json\/wp\/v2\/media?parent=41463"}],"wp:term":[{"taxonomy":"category","embeddable":true,"href":"https:\/\/www.ucaldas.edu.co\/portal\/wp-json\/wp\/v2\/categories?post=41463"},{"taxonomy":"post_tag","embeddable":true,"href":"https:\/\/www.ucaldas.edu.co\/portal\/wp-json\/wp\/v2\/tags?post=41463"}],"curies":[{"name":"wp","href":"https:\/\/api.w.org\/{rel}","templated":true}]}}