{"id":4144,"date":"2009-11-12T16:11:20","date_gmt":"2009-11-12T21:11:20","guid":{"rendered":"https:\/\/www.ucaldas.edu.co\/portal\/?p=4144"},"modified":"2009-11-12T16:11:20","modified_gmt":"2009-11-12T21:11:20","slug":"u-de-caldas-realizara-el-seminario-internacional-del-curriculo","status":"publish","type":"post","link":"https:\/\/www.ucaldas.edu.co\/portal\/u-de-caldas-realizara-el-seminario-internacional-del-curriculo\/","title":{"rendered":"U. de Caldas realizar\u00e1 el Seminario internacional del curr\u00edculo"},"content":{"rendered":"<p>Los d\u00edas 26 y 27 de Noviembre<\/p>\n<hr \/>\n<p><span style=\"font-family: Calibri\">\u00a0<\/span><\/p>\n<p><span style=\"font-family: Calibri\">El Comit\u00e9 de Educaci\u00f3n Superior CRES Centro Occidente realizar\u00e1 ma\u00f1ana y el viernes el <i>Seminario internacional del curr\u00edculo. <\/i>El evento est\u00e1 dirigido a directivos de la instituci\u00f3n. <\/span><\/p>\n<p><i><span style=\"font-family: Calibri\">\u00a0<\/span><\/i><\/p>\n<p><span style=\"font-family: Calibri\">La agenda del evento es la siguiente:<\/span><\/p>\n<p><span style=\"font-family: Calibri\">\u00a0<\/span><\/p>\n<p>&nbsp;<\/p>\n<p><b><span style=\"font-size: medium\">Jueves 26 de noviembre:<\/span><\/b><\/p>\n<p><b><span style=\"font-size: medium\">Lugar: Auditorio Humberto Gallego Gamboa<\/span><\/b><\/p>\n<p><b><span style=\"font-size: medium\">\u00a0<\/span><\/b><\/p>\n<p><span style=\"font-family: Calibri\"><b>1:30 p.m. \u00a0\u00a0\u00a0\u00a0\u00a0\u00a0 <\/b>Inscripciones <\/span><\/p>\n<p><span style=\"font-family: Calibri\"><b>2:00 p.m. \u00a0\u00a0\u00a0\u00a0\u00a0\u00a0 <\/b>Apertura <\/span><\/p>\n<p><span style=\"font-family: Calibri\"><b>2:15 p.m. \u00a0\u00a0\u00a0\u00a0\u00a0\u00a0 <\/b><i>Conferencia \u201cMovilidad en Am\u00e9rica Latina y el Caribe: Realidad y tendencias\u201d<\/i><\/span><\/p>\n<p><span style=\"font-family: Calibri\">Isabel Cristina Jaramillo <\/span><\/p>\n<p><span style=\"font-family: Calibri\">Par acad\u00e9mico dentro del proceso de acreditaci\u00f3n por programa del Consejo Nacional de Acreditaci\u00f3n, CNA y profesora, consultora y asesora de varias Universidades en Colombia. <\/span><\/p>\n<p><span style=\"font-family: Calibri\"><b>4:30 p.m. \u00a0\u00a0\u00a0\u00a0\u00a0\u00a0 <\/b>Preguntas <\/span><\/p>\n<p><span style=\"font-family: Calibri\">\u00a0<\/span><\/p>\n<p>&nbsp;<\/p>\n<p>&nbsp;<\/p>\n<p><b><span style=\"font-family: Calibri\">Viernes 27 de noviembre<\/span><\/b><\/p>\n<p><b><span style=\"font-family: Calibri\">Lugar: Sala Carlos N\u00e1der N\u00e1der<\/span><\/b><\/p>\n<p><b><span style=\"font-family: Calibri\">\u00a0<\/span><\/b><\/p>\n<p><span style=\"font-family: Calibri\"><b>8:30 a.m.\u00a0\u00a0\u00a0\u00a0\u00a0\u00a0 <\/b><i>Conferencia \u201cResultados del Seminario-Taller Internacionalizaci\u00f3n del Curr\u00edculo RCI Bogot\u00e1 2009: Reflexiones para el caso colombiano\u201d <\/i><\/span><\/p>\n<p><span style=\"font-family: Calibri\">Javier Fernando Ca\u00f1\u00f3n Pinto<\/span><\/p>\n<p><span style=\"font-family: Calibri\">Asesor Internacionalizaci\u00f3n Oficina de Relaciones Internacionales ORI, Universidad Nacional de Colombia <\/span><\/p>\n<p><span style=\"font-family: Calibri\"><b>2:00 p.m. \u00a0\u00a0\u00a0\u00a0\u00a0\u00a0 <\/b><i>Conferencia \u201cConvalidaci\u00f3n de t\u00edtulos\u201d <\/i><\/span><\/p>\n<p><span style=\"font-family: Calibri\">Eva Janette Prada G. <\/span><\/p>\n<p><span style=\"font-family: Calibri\">Directora de Calidad para la Educaci\u00f3n Superior Ministerio de Educaci\u00f3n Nacional <\/span><\/p>\n<p><span style=\"font-family: Calibri\"><b>4:00 p.m<\/b>. \u00a0\u00a0\u00a0\u00a0\u00a0\u00a0 Mesas de Trabajo. Conclusiones<\/span><\/p>\n<p><span style=\"font-family: Calibri\">\u00a0<\/span><\/p>\n<p><span style=\"font-family: Calibri\">Para mayor informaci\u00f3n comunicarse con el Comit\u00e9 de Educaci\u00f3n Superior CRES Centro Occidente. Tel\u00e9fono 878 15 00. Ext. 11106 \u2013 12608. <\/span><\/p>\n<p><span style=\"font-family: Calibri\">15 00. Ext. 11106 \u2013 12608.\u00a0<\/span><\/p>\n","protected":false},"excerpt":{"rendered":"<p>Los d\u00edas 26 y 27 de Noviembre \u00a0 El Comit\u00e9 de Educaci\u00f3n Superior CRES Centro Occidente realizar\u00e1 ma\u00f1ana y el viernes el Seminario internacional del curr\u00edculo. El evento est\u00e1 dirigido a directivos de la instituci\u00f3n. \u00a0 La agenda del evento es la siguiente: \u00a0 &nbsp; Jueves 26 de noviembre: Lugar: Auditorio Humberto Gallego Gamboa \u00a0 [&hellip;]<\/p>\n","protected":false},"author":2,"featured_media":0,"comment_status":"closed","ping_status":"closed","sticky":false,"template":"","format":"standard","meta":{"footnotes":""},"categories":[48,53],"tags":[],"class_list":["post-4144","post","type-post","status-publish","format-standard","hentry","category-actualidad","category-universidad-al-dia"],"yoast_head":"<!-- This site is optimized with the Yoast SEO plugin v27.5 - https:\/\/yoast.com\/product\/yoast-seo-wordpress\/ -->\n<title>U. de Caldas realizar\u00e1 el Seminario internacional del curr\u00edculo .<\/title>\n<meta name=\"robots\" content=\"index, follow, max-snippet:-1, max-image-preview:large, max-video-preview:-1\" \/>\n<link rel=\"canonical\" href=\"https:\/\/www.ucaldas.edu.co\/portal\/u-de-caldas-realizara-el-seminario-internacional-del-curriculo\/\" \/>\n<script type=\"application\/ld+json\" class=\"yoast-schema-graph\">{\"@context\":\"https:\\\/\\\/schema.org\",\"@graph\":[{\"@type\":\"Article\",\"@id\":\"https:\\\/\\\/www.ucaldas.edu.co\\\/portal\\\/u-de-caldas-realizara-el-seminario-internacional-del-curriculo\\\/#article\",\"isPartOf\":{\"@id\":\"https:\\\/\\\/www.ucaldas.edu.co\\\/portal\\\/u-de-caldas-realizara-el-seminario-internacional-del-curriculo\\\/\"},\"author\":{\"name\":\"ofiprensa\",\"@id\":\"https:\\\/\\\/www.ucaldas.edu.co\\\/portal\\\/#\\\/schema\\\/person\\\/a1b482e23449158b4bc319926c074fdf\"},\"headline\":\"U. de Caldas realizar\u00e1 el Seminario internacional del curr\u00edculo\",\"datePublished\":\"2009-11-12T21:11:20+00:00\",\"mainEntityOfPage\":{\"@id\":\"https:\\\/\\\/www.ucaldas.edu.co\\\/portal\\\/u-de-caldas-realizara-el-seminario-internacional-del-curriculo\\\/\"},\"wordCount\":214,\"publisher\":{\"@id\":\"https:\\\/\\\/www.ucaldas.edu.co\\\/portal\\\/#organization\"},\"articleSection\":[\"Actualidad\",\"Universidad al D\u00eda\"],\"inLanguage\":\"es\"},{\"@type\":\"WebPage\",\"@id\":\"https:\\\/\\\/www.ucaldas.edu.co\\\/portal\\\/u-de-caldas-realizara-el-seminario-internacional-del-curriculo\\\/\",\"url\":\"https:\\\/\\\/www.ucaldas.edu.co\\\/portal\\\/u-de-caldas-realizara-el-seminario-internacional-del-curriculo\\\/\",\"name\":\"U. de Caldas realizar\u00e1 el Seminario internacional del curr\u00edculo .\",\"isPartOf\":{\"@id\":\"https:\\\/\\\/www.ucaldas.edu.co\\\/portal\\\/#website\"},\"datePublished\":\"2009-11-12T21:11:20+00:00\",\"breadcrumb\":{\"@id\":\"https:\\\/\\\/www.ucaldas.edu.co\\\/portal\\\/u-de-caldas-realizara-el-seminario-internacional-del-curriculo\\\/#breadcrumb\"},\"inLanguage\":\"es\",\"potentialAction\":[{\"@type\":\"ReadAction\",\"target\":[\"https:\\\/\\\/www.ucaldas.edu.co\\\/portal\\\/u-de-caldas-realizara-el-seminario-internacional-del-curriculo\\\/\"]}]},{\"@type\":\"BreadcrumbList\",\"@id\":\"https:\\\/\\\/www.ucaldas.edu.co\\\/portal\\\/u-de-caldas-realizara-el-seminario-internacional-del-curriculo\\\/#breadcrumb\",\"itemListElement\":[{\"@type\":\"ListItem\",\"position\":1,\"name\":\"Portada\",\"item\":\"https:\\\/\\\/www.ucaldas.edu.co\\\/portal\\\/\"},{\"@type\":\"ListItem\",\"position\":2,\"name\":\"U. de Caldas realizar\u00e1 el Seminario internacional del curr\u00edculo\"}]},{\"@type\":\"WebSite\",\"@id\":\"https:\\\/\\\/www.ucaldas.edu.co\\\/portal\\\/#website\",\"url\":\"https:\\\/\\\/www.ucaldas.edu.co\\\/portal\\\/\",\"name\":\"Universidad de Caldas\",\"description\":\"\",\"publisher\":{\"@id\":\"https:\\\/\\\/www.ucaldas.edu.co\\\/portal\\\/#organization\"},\"alternateName\":\"U. de Caldas\",\"potentialAction\":[{\"@type\":\"SearchAction\",\"target\":{\"@type\":\"EntryPoint\",\"urlTemplate\":\"https:\\\/\\\/www.ucaldas.edu.co\\\/portal\\\/?s={search_term_string}\"},\"query-input\":{\"@type\":\"PropertyValueSpecification\",\"valueRequired\":true,\"valueName\":\"search_term_string\"}}],\"inLanguage\":\"es\"},{\"@type\":\"Organization\",\"@id\":\"https:\\\/\\\/www.ucaldas.edu.co\\\/portal\\\/#organization\",\"name\":\"Universidad de Caldas\",\"alternateName\":\"U. de Caldas\",\"url\":\"https:\\\/\\\/www.ucaldas.edu.co\\\/portal\\\/\",\"logo\":{\"@type\":\"ImageObject\",\"inLanguage\":\"es\",\"@id\":\"https:\\\/\\\/www.ucaldas.edu.co\\\/portal\\\/#\\\/schema\\\/logo\\\/image\\\/\",\"url\":\"https:\\\/\\\/www.ucaldas.edu.co\\\/portal\\\/wp-content\\\/uploads\\\/2023\\\/11\\\/Logo_horizontal_oscuroU-2023.png\",\"contentUrl\":\"https:\\\/\\\/www.ucaldas.edu.co\\\/portal\\\/wp-content\\\/uploads\\\/2023\\\/11\\\/Logo_horizontal_oscuroU-2023.png\",\"width\":263,\"height\":101,\"caption\":\"Universidad de Caldas\"},\"image\":{\"@id\":\"https:\\\/\\\/www.ucaldas.edu.co\\\/portal\\\/#\\\/schema\\\/logo\\\/image\\\/\"},\"sameAs\":[\"https:\\\/\\\/www.facebook.com\\\/udecaldas\",\"https:\\\/\\\/x.com\\\/udecaldas\",\"https:\\\/\\\/www.youtube.com\\\/universidadcaldas\",\"https:\\\/\\\/www.instagram.com\\\/udecaldas\\\/\"]},{\"@type\":\"Person\",\"@id\":\"https:\\\/\\\/www.ucaldas.edu.co\\\/portal\\\/#\\\/schema\\\/person\\\/a1b482e23449158b4bc319926c074fdf\",\"name\":\"ofiprensa\",\"image\":{\"@type\":\"ImageObject\",\"inLanguage\":\"es\",\"@id\":\"https:\\\/\\\/www.ucaldas.edu.co\\\/portal\\\/wp-content\\\/litespeed\\\/avatar\\\/09ea5085e600095a7a811142c6944527.jpg?ver=1777497608\",\"url\":\"https:\\\/\\\/www.ucaldas.edu.co\\\/portal\\\/wp-content\\\/litespeed\\\/avatar\\\/09ea5085e600095a7a811142c6944527.jpg?ver=1777497608\",\"contentUrl\":\"https:\\\/\\\/www.ucaldas.edu.co\\\/portal\\\/wp-content\\\/litespeed\\\/avatar\\\/09ea5085e600095a7a811142c6944527.jpg?ver=1777497608\",\"caption\":\"ofiprensa\"},\"url\":\"https:\\\/\\\/www.ucaldas.edu.co\\\/portal\\\/author\\\/ofiprensa\\\/\"}]}<\/script>\n<!-- \/ Yoast SEO plugin. -->","yoast_head_json":{"title":"U. de Caldas realizar\u00e1 el Seminario internacional del curr\u00edculo .","robots":{"index":"index","follow":"follow","max-snippet":"max-snippet:-1","max-image-preview":"max-image-preview:large","max-video-preview":"max-video-preview:-1"},"canonical":"https:\/\/www.ucaldas.edu.co\/portal\/u-de-caldas-realizara-el-seminario-internacional-del-curriculo\/","schema":{"@context":"https:\/\/schema.org","@graph":[{"@type":"Article","@id":"https:\/\/www.ucaldas.edu.co\/portal\/u-de-caldas-realizara-el-seminario-internacional-del-curriculo\/#article","isPartOf":{"@id":"https:\/\/www.ucaldas.edu.co\/portal\/u-de-caldas-realizara-el-seminario-internacional-del-curriculo\/"},"author":{"name":"ofiprensa","@id":"https:\/\/www.ucaldas.edu.co\/portal\/#\/schema\/person\/a1b482e23449158b4bc319926c074fdf"},"headline":"U. de Caldas realizar\u00e1 el Seminario internacional del curr\u00edculo","datePublished":"2009-11-12T21:11:20+00:00","mainEntityOfPage":{"@id":"https:\/\/www.ucaldas.edu.co\/portal\/u-de-caldas-realizara-el-seminario-internacional-del-curriculo\/"},"wordCount":214,"publisher":{"@id":"https:\/\/www.ucaldas.edu.co\/portal\/#organization"},"articleSection":["Actualidad","Universidad al D\u00eda"],"inLanguage":"es"},{"@type":"WebPage","@id":"https:\/\/www.ucaldas.edu.co\/portal\/u-de-caldas-realizara-el-seminario-internacional-del-curriculo\/","url":"https:\/\/www.ucaldas.edu.co\/portal\/u-de-caldas-realizara-el-seminario-internacional-del-curriculo\/","name":"U. de Caldas realizar\u00e1 el Seminario internacional del curr\u00edculo .","isPartOf":{"@id":"https:\/\/www.ucaldas.edu.co\/portal\/#website"},"datePublished":"2009-11-12T21:11:20+00:00","breadcrumb":{"@id":"https:\/\/www.ucaldas.edu.co\/portal\/u-de-caldas-realizara-el-seminario-internacional-del-curriculo\/#breadcrumb"},"inLanguage":"es","potentialAction":[{"@type":"ReadAction","target":["https:\/\/www.ucaldas.edu.co\/portal\/u-de-caldas-realizara-el-seminario-internacional-del-curriculo\/"]}]},{"@type":"BreadcrumbList","@id":"https:\/\/www.ucaldas.edu.co\/portal\/u-de-caldas-realizara-el-seminario-internacional-del-curriculo\/#breadcrumb","itemListElement":[{"@type":"ListItem","position":1,"name":"Portada","item":"https:\/\/www.ucaldas.edu.co\/portal\/"},{"@type":"ListItem","position":2,"name":"U. de Caldas realizar\u00e1 el Seminario internacional del curr\u00edculo"}]},{"@type":"WebSite","@id":"https:\/\/www.ucaldas.edu.co\/portal\/#website","url":"https:\/\/www.ucaldas.edu.co\/portal\/","name":"Universidad de Caldas","description":"","publisher":{"@id":"https:\/\/www.ucaldas.edu.co\/portal\/#organization"},"alternateName":"U. de Caldas","potentialAction":[{"@type":"SearchAction","target":{"@type":"EntryPoint","urlTemplate":"https:\/\/www.ucaldas.edu.co\/portal\/?s={search_term_string}"},"query-input":{"@type":"PropertyValueSpecification","valueRequired":true,"valueName":"search_term_string"}}],"inLanguage":"es"},{"@type":"Organization","@id":"https:\/\/www.ucaldas.edu.co\/portal\/#organization","name":"Universidad de Caldas","alternateName":"U. de Caldas","url":"https:\/\/www.ucaldas.edu.co\/portal\/","logo":{"@type":"ImageObject","inLanguage":"es","@id":"https:\/\/www.ucaldas.edu.co\/portal\/#\/schema\/logo\/image\/","url":"https:\/\/www.ucaldas.edu.co\/portal\/wp-content\/uploads\/2023\/11\/Logo_horizontal_oscuroU-2023.png","contentUrl":"https:\/\/www.ucaldas.edu.co\/portal\/wp-content\/uploads\/2023\/11\/Logo_horizontal_oscuroU-2023.png","width":263,"height":101,"caption":"Universidad de Caldas"},"image":{"@id":"https:\/\/www.ucaldas.edu.co\/portal\/#\/schema\/logo\/image\/"},"sameAs":["https:\/\/www.facebook.com\/udecaldas","https:\/\/x.com\/udecaldas","https:\/\/www.youtube.com\/universidadcaldas","https:\/\/www.instagram.com\/udecaldas\/"]},{"@type":"Person","@id":"https:\/\/www.ucaldas.edu.co\/portal\/#\/schema\/person\/a1b482e23449158b4bc319926c074fdf","name":"ofiprensa","image":{"@type":"ImageObject","inLanguage":"es","@id":"https:\/\/www.ucaldas.edu.co\/portal\/wp-content\/litespeed\/avatar\/09ea5085e600095a7a811142c6944527.jpg?ver=1777497608","url":"https:\/\/www.ucaldas.edu.co\/portal\/wp-content\/litespeed\/avatar\/09ea5085e600095a7a811142c6944527.jpg?ver=1777497608","contentUrl":"https:\/\/www.ucaldas.edu.co\/portal\/wp-content\/litespeed\/avatar\/09ea5085e600095a7a811142c6944527.jpg?ver=1777497608","caption":"ofiprensa"},"url":"https:\/\/www.ucaldas.edu.co\/portal\/author\/ofiprensa\/"}]}},"_links":{"self":[{"href":"https:\/\/www.ucaldas.edu.co\/portal\/wp-json\/wp\/v2\/posts\/4144","targetHints":{"allow":["GET"]}}],"collection":[{"href":"https:\/\/www.ucaldas.edu.co\/portal\/wp-json\/wp\/v2\/posts"}],"about":[{"href":"https:\/\/www.ucaldas.edu.co\/portal\/wp-json\/wp\/v2\/types\/post"}],"author":[{"embeddable":true,"href":"https:\/\/www.ucaldas.edu.co\/portal\/wp-json\/wp\/v2\/users\/2"}],"replies":[{"embeddable":true,"href":"https:\/\/www.ucaldas.edu.co\/portal\/wp-json\/wp\/v2\/comments?post=4144"}],"version-history":[{"count":0,"href":"https:\/\/www.ucaldas.edu.co\/portal\/wp-json\/wp\/v2\/posts\/4144\/revisions"}],"wp:attachment":[{"href":"https:\/\/www.ucaldas.edu.co\/portal\/wp-json\/wp\/v2\/media?parent=4144"}],"wp:term":[{"taxonomy":"category","embeddable":true,"href":"https:\/\/www.ucaldas.edu.co\/portal\/wp-json\/wp\/v2\/categories?post=4144"},{"taxonomy":"post_tag","embeddable":true,"href":"https:\/\/www.ucaldas.edu.co\/portal\/wp-json\/wp\/v2\/tags?post=4144"}],"curies":[{"name":"wp","href":"https:\/\/api.w.org\/{rel}","templated":true}]}}