{"id":4142,"date":"2009-11-12T16:09:39","date_gmt":"2009-11-12T21:09:39","guid":{"rendered":"https:\/\/www.ucaldas.edu.co\/portal\/?p=4142"},"modified":"2009-11-12T16:09:39","modified_gmt":"2009-11-12T21:09:39","slug":"calendario-academico-para-el-ano-2010","status":"publish","type":"post","link":"https:\/\/www.ucaldas.edu.co\/portal\/calendario-academico-para-el-ano-2010\/","title":{"rendered":"Calendario acad\u00e9mico para el a\u00f1o 2010"},"content":{"rendered":"<p>Las actividades acad\u00e9micas se realizar\u00e1n entre el 14 de Enero y el 17 de Diciembre<\/p>\n<hr \/>\n<p align=\"center\">\n<p>&nbsp;<\/p>\n<p>El Consejo Acad\u00e9mico de la Universidad de Caldas informa que la Universidad desarrollar\u00e1 sus actividades acad\u00e9micas y administrativas entre el 14 de enero y el 17 de diciembre de 2010, incluyendo dos per\u00edodos acad\u00e9micos y los recesos institucionalmente establecidos.<\/p>\n<p><b><span style=\"font-family: Calibri\">\u00a0<\/span><\/b><\/p>\n<p><span style=\"font-family: Calibri\">En el marco de las fechas anteriores todos los programas acad\u00e9micos planear\u00e1n y desarrollar\u00e1n sus actividades dentro de los siguientes dos per\u00edodos acad\u00e9micos.<\/span><\/p>\n<p><span style=\"font-family: Calibri\">\u00a0<\/span><\/p>\n<p><span style=\"font-family: Calibri\">El primer per\u00edodo acad\u00e9mico de 2010, constar\u00e1 de 16 semanas de actividad acad\u00e9mica y dos semanas para\u00a0 cierre acad\u00e9mico y reporte de notas as\u00ed:<\/span><\/p>\n<p><span style=\"font-family: Calibri\">\u00a0<\/span><\/p>\n<ul>\n<li><span style=\"font-family: Calibri\">Inicio del per\u00edodo: 15 de febrero de 2010.<\/span><\/li>\n<li><span style=\"font-family: Calibri\">Finalizaci\u00f3n del per\u00edodo de clases: 4 de junio de 2010.<\/span><\/li>\n<li><span style=\"font-family: Calibri\">L\u00edmite m\u00e1ximo para cierre de notas: 18 de junio de 2010.<\/span><\/li>\n<\/ul>\n<p><span style=\"font-family: Calibri\">\u00a0<\/span><\/p>\n<p><span style=\"font-family: Calibri\">El pago de derechos acad\u00e9micos (valor de la matr\u00edcula) se har\u00e1 as\u00ed:<\/span><\/p>\n<p><span style=\"font-family: Calibri\">\u00a0<\/span><\/p>\n<p>\u00b7\u00a0\u00a0\u00a0\u00a0\u00a0\u00a0 <span style=\"font-family: Calibri\">Pago ordinario para el primer per\u00edodo: del 23 de noviembre del 2009 al 21 de diciembre de 2009.<\/span><\/p>\n<p>\u00b7\u00a0\u00a0\u00a0\u00a0\u00a0\u00a0 <span style=\"font-family: Calibri\">Pago extraordinaria para el primer per\u00edodo: hasta el 31 de diciembre de 2009.<\/span><\/p>\n<p><span style=\"font-family: Calibri\">\u00a0<\/span><\/p>\n<p><span style=\"font-family: Calibri\">El segundo per\u00edodo acad\u00e9mico de 2010, constar\u00e1 de 16 semanas de actividad acad\u00e9mica y dos semanas para\u00a0 cierre acad\u00e9mico y reporte de notas as\u00ed:<\/span><\/p>\n<p><span style=\"font-family: Calibri\">\u00a0<\/span><\/p>\n<ul>\n<li><span style=\"font-family: Calibri\">Inicio del per\u00edodo: 9 de agosto de 2010.<\/span><\/li>\n<li><span style=\"font-family: Calibri\">Finalizaci\u00f3n del per\u00edodo de clases: 26 de noviembre de 2010.<\/span><\/li>\n<li><span style=\"font-family: Calibri\">L\u00edmite m\u00e1ximo para cierre de notas: 10 de diciembre de 2010.<\/span><\/li>\n<\/ul>\n<p><span style=\"font-family: Calibri\">\u00a0<\/span><\/p>\n<p><span style=\"font-family: Calibri\">El pago de derechos acad\u00e9micos (valor de la matr\u00edcula) ser\u00e1 as\u00ed:<\/span><\/p>\n<p><span style=\"font-family: Calibri\">\u00a0<\/span><\/p>\n<p>\u00b7\u00a0\u00a0\u00a0\u00a0\u00a0\u00a0 <span style=\"font-family: Calibri\">Pago ordinario para el segundo per\u00edodo: del 26 de mayo al 18 de junio de 2010.<\/span><\/p>\n<p>\u00b7\u00a0\u00a0\u00a0\u00a0\u00a0\u00a0 <span style=\"font-family: Calibri\">Pago extraordinaria para el segundo per\u00edodo: hasta el 25 de junio de 2010. <\/span><\/p>\n<p><span style=\"font-family: Calibri\">\u00a0<\/span><\/p>\n<p><span style=\"font-family: Calibri\">Para mayor informaci\u00f3n comunicarse con la Secretar\u00eda General de la Universidad de Caldas. Tel\u00e9fono 878 15 00. Ext. 11104.<\/span><\/p>\n","protected":false},"excerpt":{"rendered":"<p>Las actividades acad\u00e9micas se realizar\u00e1n entre el 14 de Enero y el 17 de Diciembre &nbsp; El Consejo Acad\u00e9mico de la Universidad de Caldas informa que la Universidad desarrollar\u00e1 sus actividades acad\u00e9micas y administrativas entre el 14 de enero y el 17 de diciembre de 2010, incluyendo dos per\u00edodos acad\u00e9micos y los recesos institucionalmente establecidos. [&hellip;]<\/p>\n","protected":false},"author":2,"featured_media":0,"comment_status":"closed","ping_status":"closed","sticky":false,"template":"","format":"standard","meta":{"footnotes":""},"categories":[48,53],"tags":[],"class_list":["post-4142","post","type-post","status-publish","format-standard","hentry","category-actualidad","category-universidad-al-dia"],"yoast_head":"<!-- This site is optimized with the Yoast SEO plugin v27.5 - https:\/\/yoast.com\/product\/yoast-seo-wordpress\/ -->\n<title>Calendario acad\u00e9mico para el a\u00f1o 2010 .<\/title>\n<meta name=\"robots\" content=\"index, follow, max-snippet:-1, max-image-preview:large, max-video-preview:-1\" \/>\n<link rel=\"canonical\" href=\"https:\/\/www.ucaldas.edu.co\/portal\/calendario-academico-para-el-ano-2010\/\" \/>\n<script type=\"application\/ld+json\" class=\"yoast-schema-graph\">{\"@context\":\"https:\\\/\\\/schema.org\",\"@graph\":[{\"@type\":\"Article\",\"@id\":\"https:\\\/\\\/www.ucaldas.edu.co\\\/portal\\\/calendario-academico-para-el-ano-2010\\\/#article\",\"isPartOf\":{\"@id\":\"https:\\\/\\\/www.ucaldas.edu.co\\\/portal\\\/calendario-academico-para-el-ano-2010\\\/\"},\"author\":{\"name\":\"ofiprensa\",\"@id\":\"https:\\\/\\\/www.ucaldas.edu.co\\\/portal\\\/#\\\/schema\\\/person\\\/a1b482e23449158b4bc319926c074fdf\"},\"headline\":\"Calendario acad\u00e9mico para el a\u00f1o 2010\",\"datePublished\":\"2009-11-12T21:09:39+00:00\",\"mainEntityOfPage\":{\"@id\":\"https:\\\/\\\/www.ucaldas.edu.co\\\/portal\\\/calendario-academico-para-el-ano-2010\\\/\"},\"wordCount\":297,\"publisher\":{\"@id\":\"https:\\\/\\\/www.ucaldas.edu.co\\\/portal\\\/#organization\"},\"articleSection\":[\"Actualidad\",\"Universidad al D\u00eda\"],\"inLanguage\":\"es\"},{\"@type\":\"WebPage\",\"@id\":\"https:\\\/\\\/www.ucaldas.edu.co\\\/portal\\\/calendario-academico-para-el-ano-2010\\\/\",\"url\":\"https:\\\/\\\/www.ucaldas.edu.co\\\/portal\\\/calendario-academico-para-el-ano-2010\\\/\",\"name\":\"Calendario acad\u00e9mico para el a\u00f1o 2010 .\",\"isPartOf\":{\"@id\":\"https:\\\/\\\/www.ucaldas.edu.co\\\/portal\\\/#website\"},\"datePublished\":\"2009-11-12T21:09:39+00:00\",\"breadcrumb\":{\"@id\":\"https:\\\/\\\/www.ucaldas.edu.co\\\/portal\\\/calendario-academico-para-el-ano-2010\\\/#breadcrumb\"},\"inLanguage\":\"es\",\"potentialAction\":[{\"@type\":\"ReadAction\",\"target\":[\"https:\\\/\\\/www.ucaldas.edu.co\\\/portal\\\/calendario-academico-para-el-ano-2010\\\/\"]}]},{\"@type\":\"BreadcrumbList\",\"@id\":\"https:\\\/\\\/www.ucaldas.edu.co\\\/portal\\\/calendario-academico-para-el-ano-2010\\\/#breadcrumb\",\"itemListElement\":[{\"@type\":\"ListItem\",\"position\":1,\"name\":\"Portada\",\"item\":\"https:\\\/\\\/www.ucaldas.edu.co\\\/portal\\\/\"},{\"@type\":\"ListItem\",\"position\":2,\"name\":\"Calendario acad\u00e9mico para el a\u00f1o 2010\"}]},{\"@type\":\"WebSite\",\"@id\":\"https:\\\/\\\/www.ucaldas.edu.co\\\/portal\\\/#website\",\"url\":\"https:\\\/\\\/www.ucaldas.edu.co\\\/portal\\\/\",\"name\":\"Universidad de Caldas\",\"description\":\"\",\"publisher\":{\"@id\":\"https:\\\/\\\/www.ucaldas.edu.co\\\/portal\\\/#organization\"},\"alternateName\":\"U. de Caldas\",\"potentialAction\":[{\"@type\":\"SearchAction\",\"target\":{\"@type\":\"EntryPoint\",\"urlTemplate\":\"https:\\\/\\\/www.ucaldas.edu.co\\\/portal\\\/?s={search_term_string}\"},\"query-input\":{\"@type\":\"PropertyValueSpecification\",\"valueRequired\":true,\"valueName\":\"search_term_string\"}}],\"inLanguage\":\"es\"},{\"@type\":\"Organization\",\"@id\":\"https:\\\/\\\/www.ucaldas.edu.co\\\/portal\\\/#organization\",\"name\":\"Universidad de Caldas\",\"alternateName\":\"U. de Caldas\",\"url\":\"https:\\\/\\\/www.ucaldas.edu.co\\\/portal\\\/\",\"logo\":{\"@type\":\"ImageObject\",\"inLanguage\":\"es\",\"@id\":\"https:\\\/\\\/www.ucaldas.edu.co\\\/portal\\\/#\\\/schema\\\/logo\\\/image\\\/\",\"url\":\"https:\\\/\\\/www.ucaldas.edu.co\\\/portal\\\/wp-content\\\/uploads\\\/2023\\\/11\\\/Logo_horizontal_oscuroU-2023.png\",\"contentUrl\":\"https:\\\/\\\/www.ucaldas.edu.co\\\/portal\\\/wp-content\\\/uploads\\\/2023\\\/11\\\/Logo_horizontal_oscuroU-2023.png\",\"width\":263,\"height\":101,\"caption\":\"Universidad de Caldas\"},\"image\":{\"@id\":\"https:\\\/\\\/www.ucaldas.edu.co\\\/portal\\\/#\\\/schema\\\/logo\\\/image\\\/\"},\"sameAs\":[\"https:\\\/\\\/www.facebook.com\\\/udecaldas\",\"https:\\\/\\\/x.com\\\/udecaldas\",\"https:\\\/\\\/www.youtube.com\\\/universidadcaldas\",\"https:\\\/\\\/www.instagram.com\\\/udecaldas\\\/\"]},{\"@type\":\"Person\",\"@id\":\"https:\\\/\\\/www.ucaldas.edu.co\\\/portal\\\/#\\\/schema\\\/person\\\/a1b482e23449158b4bc319926c074fdf\",\"name\":\"ofiprensa\",\"image\":{\"@type\":\"ImageObject\",\"inLanguage\":\"es\",\"@id\":\"https:\\\/\\\/www.ucaldas.edu.co\\\/portal\\\/wp-content\\\/litespeed\\\/avatar\\\/09ea5085e600095a7a811142c6944527.jpg?ver=1777497608\",\"url\":\"https:\\\/\\\/www.ucaldas.edu.co\\\/portal\\\/wp-content\\\/litespeed\\\/avatar\\\/09ea5085e600095a7a811142c6944527.jpg?ver=1777497608\",\"contentUrl\":\"https:\\\/\\\/www.ucaldas.edu.co\\\/portal\\\/wp-content\\\/litespeed\\\/avatar\\\/09ea5085e600095a7a811142c6944527.jpg?ver=1777497608\",\"caption\":\"ofiprensa\"},\"url\":\"https:\\\/\\\/www.ucaldas.edu.co\\\/portal\\\/author\\\/ofiprensa\\\/\"}]}<\/script>\n<!-- \/ Yoast SEO plugin. -->","yoast_head_json":{"title":"Calendario acad\u00e9mico para el a\u00f1o 2010 .","robots":{"index":"index","follow":"follow","max-snippet":"max-snippet:-1","max-image-preview":"max-image-preview:large","max-video-preview":"max-video-preview:-1"},"canonical":"https:\/\/www.ucaldas.edu.co\/portal\/calendario-academico-para-el-ano-2010\/","schema":{"@context":"https:\/\/schema.org","@graph":[{"@type":"Article","@id":"https:\/\/www.ucaldas.edu.co\/portal\/calendario-academico-para-el-ano-2010\/#article","isPartOf":{"@id":"https:\/\/www.ucaldas.edu.co\/portal\/calendario-academico-para-el-ano-2010\/"},"author":{"name":"ofiprensa","@id":"https:\/\/www.ucaldas.edu.co\/portal\/#\/schema\/person\/a1b482e23449158b4bc319926c074fdf"},"headline":"Calendario acad\u00e9mico para el a\u00f1o 2010","datePublished":"2009-11-12T21:09:39+00:00","mainEntityOfPage":{"@id":"https:\/\/www.ucaldas.edu.co\/portal\/calendario-academico-para-el-ano-2010\/"},"wordCount":297,"publisher":{"@id":"https:\/\/www.ucaldas.edu.co\/portal\/#organization"},"articleSection":["Actualidad","Universidad al D\u00eda"],"inLanguage":"es"},{"@type":"WebPage","@id":"https:\/\/www.ucaldas.edu.co\/portal\/calendario-academico-para-el-ano-2010\/","url":"https:\/\/www.ucaldas.edu.co\/portal\/calendario-academico-para-el-ano-2010\/","name":"Calendario acad\u00e9mico para el a\u00f1o 2010 .","isPartOf":{"@id":"https:\/\/www.ucaldas.edu.co\/portal\/#website"},"datePublished":"2009-11-12T21:09:39+00:00","breadcrumb":{"@id":"https:\/\/www.ucaldas.edu.co\/portal\/calendario-academico-para-el-ano-2010\/#breadcrumb"},"inLanguage":"es","potentialAction":[{"@type":"ReadAction","target":["https:\/\/www.ucaldas.edu.co\/portal\/calendario-academico-para-el-ano-2010\/"]}]},{"@type":"BreadcrumbList","@id":"https:\/\/www.ucaldas.edu.co\/portal\/calendario-academico-para-el-ano-2010\/#breadcrumb","itemListElement":[{"@type":"ListItem","position":1,"name":"Portada","item":"https:\/\/www.ucaldas.edu.co\/portal\/"},{"@type":"ListItem","position":2,"name":"Calendario acad\u00e9mico para el a\u00f1o 2010"}]},{"@type":"WebSite","@id":"https:\/\/www.ucaldas.edu.co\/portal\/#website","url":"https:\/\/www.ucaldas.edu.co\/portal\/","name":"Universidad de Caldas","description":"","publisher":{"@id":"https:\/\/www.ucaldas.edu.co\/portal\/#organization"},"alternateName":"U. de Caldas","potentialAction":[{"@type":"SearchAction","target":{"@type":"EntryPoint","urlTemplate":"https:\/\/www.ucaldas.edu.co\/portal\/?s={search_term_string}"},"query-input":{"@type":"PropertyValueSpecification","valueRequired":true,"valueName":"search_term_string"}}],"inLanguage":"es"},{"@type":"Organization","@id":"https:\/\/www.ucaldas.edu.co\/portal\/#organization","name":"Universidad de Caldas","alternateName":"U. de Caldas","url":"https:\/\/www.ucaldas.edu.co\/portal\/","logo":{"@type":"ImageObject","inLanguage":"es","@id":"https:\/\/www.ucaldas.edu.co\/portal\/#\/schema\/logo\/image\/","url":"https:\/\/www.ucaldas.edu.co\/portal\/wp-content\/uploads\/2023\/11\/Logo_horizontal_oscuroU-2023.png","contentUrl":"https:\/\/www.ucaldas.edu.co\/portal\/wp-content\/uploads\/2023\/11\/Logo_horizontal_oscuroU-2023.png","width":263,"height":101,"caption":"Universidad de Caldas"},"image":{"@id":"https:\/\/www.ucaldas.edu.co\/portal\/#\/schema\/logo\/image\/"},"sameAs":["https:\/\/www.facebook.com\/udecaldas","https:\/\/x.com\/udecaldas","https:\/\/www.youtube.com\/universidadcaldas","https:\/\/www.instagram.com\/udecaldas\/"]},{"@type":"Person","@id":"https:\/\/www.ucaldas.edu.co\/portal\/#\/schema\/person\/a1b482e23449158b4bc319926c074fdf","name":"ofiprensa","image":{"@type":"ImageObject","inLanguage":"es","@id":"https:\/\/www.ucaldas.edu.co\/portal\/wp-content\/litespeed\/avatar\/09ea5085e600095a7a811142c6944527.jpg?ver=1777497608","url":"https:\/\/www.ucaldas.edu.co\/portal\/wp-content\/litespeed\/avatar\/09ea5085e600095a7a811142c6944527.jpg?ver=1777497608","contentUrl":"https:\/\/www.ucaldas.edu.co\/portal\/wp-content\/litespeed\/avatar\/09ea5085e600095a7a811142c6944527.jpg?ver=1777497608","caption":"ofiprensa"},"url":"https:\/\/www.ucaldas.edu.co\/portal\/author\/ofiprensa\/"}]}},"_links":{"self":[{"href":"https:\/\/www.ucaldas.edu.co\/portal\/wp-json\/wp\/v2\/posts\/4142","targetHints":{"allow":["GET"]}}],"collection":[{"href":"https:\/\/www.ucaldas.edu.co\/portal\/wp-json\/wp\/v2\/posts"}],"about":[{"href":"https:\/\/www.ucaldas.edu.co\/portal\/wp-json\/wp\/v2\/types\/post"}],"author":[{"embeddable":true,"href":"https:\/\/www.ucaldas.edu.co\/portal\/wp-json\/wp\/v2\/users\/2"}],"replies":[{"embeddable":true,"href":"https:\/\/www.ucaldas.edu.co\/portal\/wp-json\/wp\/v2\/comments?post=4142"}],"version-history":[{"count":0,"href":"https:\/\/www.ucaldas.edu.co\/portal\/wp-json\/wp\/v2\/posts\/4142\/revisions"}],"wp:attachment":[{"href":"https:\/\/www.ucaldas.edu.co\/portal\/wp-json\/wp\/v2\/media?parent=4142"}],"wp:term":[{"taxonomy":"category","embeddable":true,"href":"https:\/\/www.ucaldas.edu.co\/portal\/wp-json\/wp\/v2\/categories?post=4142"},{"taxonomy":"post_tag","embeddable":true,"href":"https:\/\/www.ucaldas.edu.co\/portal\/wp-json\/wp\/v2\/tags?post=4142"}],"curies":[{"name":"wp","href":"https:\/\/api.w.org\/{rel}","templated":true}]}}