{"id":4138,"date":"2009-11-12T16:06:43","date_gmt":"2009-11-12T21:06:43","guid":{"rendered":"https:\/\/www.ucaldas.edu.co\/portal\/?p=4138"},"modified":"2009-11-12T16:06:43","modified_gmt":"2009-11-12T21:06:43","slug":"docentes-del-departamento-de-estudios-educativos-obtienen-premio-en-educacion-fisica","status":"publish","type":"post","link":"https:\/\/www.ucaldas.edu.co\/portal\/docentes-del-departamento-de-estudios-educativos-obtienen-premio-en-educacion-fisica\/","title":{"rendered":"Docentes del Departamento de Estudios Educativos obtienen premio en educaci\u00f3n f\u00edsica"},"content":{"rendered":"<p>HENRY PORTELA GUAR\u00cdN y JHON FREDY ORREGO<\/p>\n<hr \/>\n<p align=\"center\">\n<p>&nbsp;<\/p>\n<p>El pasado 30 de octubre\u00a0 Coldeportes y el Instituto Universitario de Educaci\u00f3n F\u00edsica de la Universidad de Antioquia entregaron el Premio Nacional a la Investigaci\u00f3n en Educaci\u00f3n F\u00edsica, Deporte y Recreaci\u00f3n a los docentes del Departamento de Estudios Educativos de la Universidad de Caldas, Henry Portela Guar\u00edn y Jhon Fredy Orrego con el reporte de investigaci\u00f3n Sentido de la alteridad en la formaci\u00f3n del licenciado en Educaci\u00f3n F\u00edsica, en la categor\u00eda profesionales.<\/p>\n<p>&nbsp;<\/p>\n<p>El trabajo obtuvo un puntaje de 93, dentro de 47 trabajos nominados en la categor\u00eda de profesionales.<\/p>\n<p>&nbsp;<\/p>\n<p>El premio corresponde a su cuarta versi\u00f3n y en \u00e9sta ocasi\u00f3n, fueron convocados profesionales y estudiantes en las siguientes \u00e1reas tem\u00e1ticas: educaci\u00f3n f\u00edsica, entrenamiento deportivo, recreaci\u00f3n, administraci\u00f3n deportiva y actividad f\u00edsica y salud.<\/p>\n<p>&nbsp;<\/p>\n<p>La evaluaci\u00f3n se fundament\u00f3 en la calidad y coherencia del tratamiento te\u00f3rico y metodol\u00f3gico, en el aporte cient\u00edfico y tecnol\u00f3gico para el campo disciplinar y la relevancia para el desarrollo de las profesiones afines. La puntuaci\u00f3n final de cada reporte de investigaci\u00f3n se obtuvo del promedio entre los puntajes, reportados por los dos jurados asignados a cada trabajo.<\/p>\n<p>&nbsp;<\/p>\n<p>La Universidad de Caldas felicita a los ganadores y exalta este tipo de reconocimientos en labor acad\u00e9mica de la Instituci\u00f3n. Para mayor informaci\u00f3n comunicarse con la Oficina de Prensa y Comunicaciones de la Universidad de Caldas. Tel\u00e9fono 878 15 00. Ext. 11167.<\/p>\n","protected":false},"excerpt":{"rendered":"<p>HENRY PORTELA GUAR\u00cdN y JHON FREDY ORREGO &nbsp; El pasado 30 de octubre\u00a0 Coldeportes y el Instituto Universitario de Educaci\u00f3n F\u00edsica de la Universidad de Antioquia entregaron el Premio Nacional a la Investigaci\u00f3n en Educaci\u00f3n F\u00edsica, Deporte y Recreaci\u00f3n a los docentes del Departamento de Estudios Educativos de la Universidad de Caldas, Henry Portela Guar\u00edn [&hellip;]<\/p>\n","protected":false},"author":2,"featured_media":0,"comment_status":"closed","ping_status":"closed","sticky":false,"template":"","format":"standard","meta":{"footnotes":""},"categories":[48,53],"tags":[],"class_list":["post-4138","post","type-post","status-publish","format-standard","hentry","category-actualidad","category-universidad-al-dia"],"yoast_head":"<!-- This site is optimized with the Yoast SEO plugin v27.5 - https:\/\/yoast.com\/product\/yoast-seo-wordpress\/ -->\n<title>Docentes del Departamento de Estudios Educativos obtienen premio en educaci\u00f3n f\u00edsica .<\/title>\n<meta name=\"robots\" content=\"index, follow, max-snippet:-1, max-image-preview:large, max-video-preview:-1\" \/>\n<link rel=\"canonical\" href=\"https:\/\/www.ucaldas.edu.co\/portal\/docentes-del-departamento-de-estudios-educativos-obtienen-premio-en-educacion-fisica\/\" \/>\n<script type=\"application\/ld+json\" class=\"yoast-schema-graph\">{\"@context\":\"https:\\\/\\\/schema.org\",\"@graph\":[{\"@type\":\"Article\",\"@id\":\"https:\\\/\\\/www.ucaldas.edu.co\\\/portal\\\/docentes-del-departamento-de-estudios-educativos-obtienen-premio-en-educacion-fisica\\\/#article\",\"isPartOf\":{\"@id\":\"https:\\\/\\\/www.ucaldas.edu.co\\\/portal\\\/docentes-del-departamento-de-estudios-educativos-obtienen-premio-en-educacion-fisica\\\/\"},\"author\":{\"name\":\"ofiprensa\",\"@id\":\"https:\\\/\\\/www.ucaldas.edu.co\\\/portal\\\/#\\\/schema\\\/person\\\/a1b482e23449158b4bc319926c074fdf\"},\"headline\":\"Docentes del Departamento de Estudios Educativos obtienen premio en educaci\u00f3n f\u00edsica\",\"datePublished\":\"2009-11-12T21:06:43+00:00\",\"mainEntityOfPage\":{\"@id\":\"https:\\\/\\\/www.ucaldas.edu.co\\\/portal\\\/docentes-del-departamento-de-estudios-educativos-obtienen-premio-en-educacion-fisica\\\/\"},\"wordCount\":273,\"publisher\":{\"@id\":\"https:\\\/\\\/www.ucaldas.edu.co\\\/portal\\\/#organization\"},\"articleSection\":[\"Actualidad\",\"Universidad al D\u00eda\"],\"inLanguage\":\"es\"},{\"@type\":\"WebPage\",\"@id\":\"https:\\\/\\\/www.ucaldas.edu.co\\\/portal\\\/docentes-del-departamento-de-estudios-educativos-obtienen-premio-en-educacion-fisica\\\/\",\"url\":\"https:\\\/\\\/www.ucaldas.edu.co\\\/portal\\\/docentes-del-departamento-de-estudios-educativos-obtienen-premio-en-educacion-fisica\\\/\",\"name\":\"Docentes del Departamento de Estudios Educativos obtienen premio en educaci\u00f3n f\u00edsica .\",\"isPartOf\":{\"@id\":\"https:\\\/\\\/www.ucaldas.edu.co\\\/portal\\\/#website\"},\"datePublished\":\"2009-11-12T21:06:43+00:00\",\"breadcrumb\":{\"@id\":\"https:\\\/\\\/www.ucaldas.edu.co\\\/portal\\\/docentes-del-departamento-de-estudios-educativos-obtienen-premio-en-educacion-fisica\\\/#breadcrumb\"},\"inLanguage\":\"es\",\"potentialAction\":[{\"@type\":\"ReadAction\",\"target\":[\"https:\\\/\\\/www.ucaldas.edu.co\\\/portal\\\/docentes-del-departamento-de-estudios-educativos-obtienen-premio-en-educacion-fisica\\\/\"]}]},{\"@type\":\"BreadcrumbList\",\"@id\":\"https:\\\/\\\/www.ucaldas.edu.co\\\/portal\\\/docentes-del-departamento-de-estudios-educativos-obtienen-premio-en-educacion-fisica\\\/#breadcrumb\",\"itemListElement\":[{\"@type\":\"ListItem\",\"position\":1,\"name\":\"Portada\",\"item\":\"https:\\\/\\\/www.ucaldas.edu.co\\\/portal\\\/\"},{\"@type\":\"ListItem\",\"position\":2,\"name\":\"Docentes del Departamento de Estudios Educativos obtienen premio en educaci\u00f3n f\u00edsica\"}]},{\"@type\":\"WebSite\",\"@id\":\"https:\\\/\\\/www.ucaldas.edu.co\\\/portal\\\/#website\",\"url\":\"https:\\\/\\\/www.ucaldas.edu.co\\\/portal\\\/\",\"name\":\"Universidad de Caldas\",\"description\":\"\",\"publisher\":{\"@id\":\"https:\\\/\\\/www.ucaldas.edu.co\\\/portal\\\/#organization\"},\"alternateName\":\"U. de Caldas\",\"potentialAction\":[{\"@type\":\"SearchAction\",\"target\":{\"@type\":\"EntryPoint\",\"urlTemplate\":\"https:\\\/\\\/www.ucaldas.edu.co\\\/portal\\\/?s={search_term_string}\"},\"query-input\":{\"@type\":\"PropertyValueSpecification\",\"valueRequired\":true,\"valueName\":\"search_term_string\"}}],\"inLanguage\":\"es\"},{\"@type\":\"Organization\",\"@id\":\"https:\\\/\\\/www.ucaldas.edu.co\\\/portal\\\/#organization\",\"name\":\"Universidad de Caldas\",\"alternateName\":\"U. de Caldas\",\"url\":\"https:\\\/\\\/www.ucaldas.edu.co\\\/portal\\\/\",\"logo\":{\"@type\":\"ImageObject\",\"inLanguage\":\"es\",\"@id\":\"https:\\\/\\\/www.ucaldas.edu.co\\\/portal\\\/#\\\/schema\\\/logo\\\/image\\\/\",\"url\":\"https:\\\/\\\/www.ucaldas.edu.co\\\/portal\\\/wp-content\\\/uploads\\\/2023\\\/11\\\/Logo_horizontal_oscuroU-2023.png\",\"contentUrl\":\"https:\\\/\\\/www.ucaldas.edu.co\\\/portal\\\/wp-content\\\/uploads\\\/2023\\\/11\\\/Logo_horizontal_oscuroU-2023.png\",\"width\":263,\"height\":101,\"caption\":\"Universidad de Caldas\"},\"image\":{\"@id\":\"https:\\\/\\\/www.ucaldas.edu.co\\\/portal\\\/#\\\/schema\\\/logo\\\/image\\\/\"},\"sameAs\":[\"https:\\\/\\\/www.facebook.com\\\/udecaldas\",\"https:\\\/\\\/x.com\\\/udecaldas\",\"https:\\\/\\\/www.youtube.com\\\/universidadcaldas\",\"https:\\\/\\\/www.instagram.com\\\/udecaldas\\\/\"]},{\"@type\":\"Person\",\"@id\":\"https:\\\/\\\/www.ucaldas.edu.co\\\/portal\\\/#\\\/schema\\\/person\\\/a1b482e23449158b4bc319926c074fdf\",\"name\":\"ofiprensa\",\"image\":{\"@type\":\"ImageObject\",\"inLanguage\":\"es\",\"@id\":\"https:\\\/\\\/www.ucaldas.edu.co\\\/portal\\\/wp-content\\\/litespeed\\\/avatar\\\/09ea5085e600095a7a811142c6944527.jpg?ver=1777497608\",\"url\":\"https:\\\/\\\/www.ucaldas.edu.co\\\/portal\\\/wp-content\\\/litespeed\\\/avatar\\\/09ea5085e600095a7a811142c6944527.jpg?ver=1777497608\",\"contentUrl\":\"https:\\\/\\\/www.ucaldas.edu.co\\\/portal\\\/wp-content\\\/litespeed\\\/avatar\\\/09ea5085e600095a7a811142c6944527.jpg?ver=1777497608\",\"caption\":\"ofiprensa\"},\"url\":\"https:\\\/\\\/www.ucaldas.edu.co\\\/portal\\\/author\\\/ofiprensa\\\/\"}]}<\/script>\n<!-- \/ Yoast SEO plugin. -->","yoast_head_json":{"title":"Docentes del Departamento de Estudios Educativos obtienen premio en educaci\u00f3n f\u00edsica .","robots":{"index":"index","follow":"follow","max-snippet":"max-snippet:-1","max-image-preview":"max-image-preview:large","max-video-preview":"max-video-preview:-1"},"canonical":"https:\/\/www.ucaldas.edu.co\/portal\/docentes-del-departamento-de-estudios-educativos-obtienen-premio-en-educacion-fisica\/","schema":{"@context":"https:\/\/schema.org","@graph":[{"@type":"Article","@id":"https:\/\/www.ucaldas.edu.co\/portal\/docentes-del-departamento-de-estudios-educativos-obtienen-premio-en-educacion-fisica\/#article","isPartOf":{"@id":"https:\/\/www.ucaldas.edu.co\/portal\/docentes-del-departamento-de-estudios-educativos-obtienen-premio-en-educacion-fisica\/"},"author":{"name":"ofiprensa","@id":"https:\/\/www.ucaldas.edu.co\/portal\/#\/schema\/person\/a1b482e23449158b4bc319926c074fdf"},"headline":"Docentes del Departamento de Estudios Educativos obtienen premio en educaci\u00f3n f\u00edsica","datePublished":"2009-11-12T21:06:43+00:00","mainEntityOfPage":{"@id":"https:\/\/www.ucaldas.edu.co\/portal\/docentes-del-departamento-de-estudios-educativos-obtienen-premio-en-educacion-fisica\/"},"wordCount":273,"publisher":{"@id":"https:\/\/www.ucaldas.edu.co\/portal\/#organization"},"articleSection":["Actualidad","Universidad al D\u00eda"],"inLanguage":"es"},{"@type":"WebPage","@id":"https:\/\/www.ucaldas.edu.co\/portal\/docentes-del-departamento-de-estudios-educativos-obtienen-premio-en-educacion-fisica\/","url":"https:\/\/www.ucaldas.edu.co\/portal\/docentes-del-departamento-de-estudios-educativos-obtienen-premio-en-educacion-fisica\/","name":"Docentes del Departamento de Estudios Educativos obtienen premio en educaci\u00f3n f\u00edsica .","isPartOf":{"@id":"https:\/\/www.ucaldas.edu.co\/portal\/#website"},"datePublished":"2009-11-12T21:06:43+00:00","breadcrumb":{"@id":"https:\/\/www.ucaldas.edu.co\/portal\/docentes-del-departamento-de-estudios-educativos-obtienen-premio-en-educacion-fisica\/#breadcrumb"},"inLanguage":"es","potentialAction":[{"@type":"ReadAction","target":["https:\/\/www.ucaldas.edu.co\/portal\/docentes-del-departamento-de-estudios-educativos-obtienen-premio-en-educacion-fisica\/"]}]},{"@type":"BreadcrumbList","@id":"https:\/\/www.ucaldas.edu.co\/portal\/docentes-del-departamento-de-estudios-educativos-obtienen-premio-en-educacion-fisica\/#breadcrumb","itemListElement":[{"@type":"ListItem","position":1,"name":"Portada","item":"https:\/\/www.ucaldas.edu.co\/portal\/"},{"@type":"ListItem","position":2,"name":"Docentes del Departamento de Estudios Educativos obtienen premio en educaci\u00f3n f\u00edsica"}]},{"@type":"WebSite","@id":"https:\/\/www.ucaldas.edu.co\/portal\/#website","url":"https:\/\/www.ucaldas.edu.co\/portal\/","name":"Universidad de Caldas","description":"","publisher":{"@id":"https:\/\/www.ucaldas.edu.co\/portal\/#organization"},"alternateName":"U. de Caldas","potentialAction":[{"@type":"SearchAction","target":{"@type":"EntryPoint","urlTemplate":"https:\/\/www.ucaldas.edu.co\/portal\/?s={search_term_string}"},"query-input":{"@type":"PropertyValueSpecification","valueRequired":true,"valueName":"search_term_string"}}],"inLanguage":"es"},{"@type":"Organization","@id":"https:\/\/www.ucaldas.edu.co\/portal\/#organization","name":"Universidad de Caldas","alternateName":"U. de Caldas","url":"https:\/\/www.ucaldas.edu.co\/portal\/","logo":{"@type":"ImageObject","inLanguage":"es","@id":"https:\/\/www.ucaldas.edu.co\/portal\/#\/schema\/logo\/image\/","url":"https:\/\/www.ucaldas.edu.co\/portal\/wp-content\/uploads\/2023\/11\/Logo_horizontal_oscuroU-2023.png","contentUrl":"https:\/\/www.ucaldas.edu.co\/portal\/wp-content\/uploads\/2023\/11\/Logo_horizontal_oscuroU-2023.png","width":263,"height":101,"caption":"Universidad de Caldas"},"image":{"@id":"https:\/\/www.ucaldas.edu.co\/portal\/#\/schema\/logo\/image\/"},"sameAs":["https:\/\/www.facebook.com\/udecaldas","https:\/\/x.com\/udecaldas","https:\/\/www.youtube.com\/universidadcaldas","https:\/\/www.instagram.com\/udecaldas\/"]},{"@type":"Person","@id":"https:\/\/www.ucaldas.edu.co\/portal\/#\/schema\/person\/a1b482e23449158b4bc319926c074fdf","name":"ofiprensa","image":{"@type":"ImageObject","inLanguage":"es","@id":"https:\/\/www.ucaldas.edu.co\/portal\/wp-content\/litespeed\/avatar\/09ea5085e600095a7a811142c6944527.jpg?ver=1777497608","url":"https:\/\/www.ucaldas.edu.co\/portal\/wp-content\/litespeed\/avatar\/09ea5085e600095a7a811142c6944527.jpg?ver=1777497608","contentUrl":"https:\/\/www.ucaldas.edu.co\/portal\/wp-content\/litespeed\/avatar\/09ea5085e600095a7a811142c6944527.jpg?ver=1777497608","caption":"ofiprensa"},"url":"https:\/\/www.ucaldas.edu.co\/portal\/author\/ofiprensa\/"}]}},"_links":{"self":[{"href":"https:\/\/www.ucaldas.edu.co\/portal\/wp-json\/wp\/v2\/posts\/4138","targetHints":{"allow":["GET"]}}],"collection":[{"href":"https:\/\/www.ucaldas.edu.co\/portal\/wp-json\/wp\/v2\/posts"}],"about":[{"href":"https:\/\/www.ucaldas.edu.co\/portal\/wp-json\/wp\/v2\/types\/post"}],"author":[{"embeddable":true,"href":"https:\/\/www.ucaldas.edu.co\/portal\/wp-json\/wp\/v2\/users\/2"}],"replies":[{"embeddable":true,"href":"https:\/\/www.ucaldas.edu.co\/portal\/wp-json\/wp\/v2\/comments?post=4138"}],"version-history":[{"count":0,"href":"https:\/\/www.ucaldas.edu.co\/portal\/wp-json\/wp\/v2\/posts\/4138\/revisions"}],"wp:attachment":[{"href":"https:\/\/www.ucaldas.edu.co\/portal\/wp-json\/wp\/v2\/media?parent=4138"}],"wp:term":[{"taxonomy":"category","embeddable":true,"href":"https:\/\/www.ucaldas.edu.co\/portal\/wp-json\/wp\/v2\/categories?post=4138"},{"taxonomy":"post_tag","embeddable":true,"href":"https:\/\/www.ucaldas.edu.co\/portal\/wp-json\/wp\/v2\/tags?post=4138"}],"curies":[{"name":"wp","href":"https:\/\/api.w.org\/{rel}","templated":true}]}}