{"id":41319,"date":"2018-06-07T21:10:58","date_gmt":"2018-06-07T21:10:58","guid":{"rendered":"https:\/\/www.ucaldas.edu.co\/portal\/?p=41319"},"modified":"2018-06-07T21:17:26","modified_gmt":"2018-06-07T21:17:26","slug":"icontec-destaco-madurez-del-sistema-de-gestion-de-calidad-de-la-u-de-caldas","status":"publish","type":"post","link":"https:\/\/www.ucaldas.edu.co\/portal\/icontec-destaco-madurez-del-sistema-de-gestion-de-calidad-de-la-u-de-caldas\/","title":{"rendered":"ICONTEC destac\u00f3 madurez del Sistema de Gesti\u00f3n de Calidad de la U. de Caldas"},"content":{"rendered":"<p><img loading=\"lazy\" decoding=\"async\" class=\"size-full wp-image-41320 aligncenter\" src=\"https:\/\/www.ucaldas.edu.co\/portal\/wp-content\/uploads\/2018\/06\/Auditoria-ICONTEC-a-la-U-de-Caldas.jpg\" alt=\"\" width=\"897\" height=\"446\" srcset=\"https:\/\/www.ucaldas.edu.co\/portal\/wp-content\/uploads\/2018\/06\/Auditoria-ICONTEC-a-la-U-de-Caldas.jpg 897w, https:\/\/www.ucaldas.edu.co\/portal\/wp-content\/uploads\/2018\/06\/Auditoria-ICONTEC-a-la-U-de-Caldas-300x149.jpg 300w, https:\/\/www.ucaldas.edu.co\/portal\/wp-content\/uploads\/2018\/06\/Auditoria-ICONTEC-a-la-U-de-Caldas-768x382.jpg 768w\" sizes=\"auto, (max-width: 897px) 100vw, 897px\" \/><\/p>\n<p>El <a href=\"http:\/\/www.icontec.org\/Paginas\/Home.aspx\"><strong>Instituto Colombiano de Normas T\u00e9cnicas y Certificaci\u00f3n (ICONTEC)<\/strong><\/a> realiz\u00f3 el 5 y 6 de junio una auditor\u00eda de seguimiento y actualizaci\u00f3n de la <strong>certificaci\u00f3n de calidad ISO 9001<\/strong> con la que cuenta la <strong>Universidad de Caldas desde 2009<\/strong>.<\/p>\n<p><!--more--><\/p>\n<p>\u00abLa certificaci\u00f3n se debe renovar cada tres a\u00f1os, pero en ese lapso cada a\u00f1o vienen a hacer verificaci\u00f3n y seguimiento. A ra\u00edz de que en el 2015 sali\u00f3 <strong>una versi\u00f3n nueva de la norma ISO 9000<\/strong> entonces ven\u00edamos trabajando con la oficina de Planeaci\u00f3n y otras dependencias en la <strong>actualizaci\u00f3n de nuestro <\/strong><a href=\"http:\/\/sig.ucaldas.edu.co\/gestionDocumental\/\"><strong>Sistema Integrado de Gesti\u00f3n<\/strong><\/a> para que cumpliera los nuevos requisitos\u00bb, anot\u00f3 <strong>Juli\u00e1n Orozco Ospina, jefe de la Oficina de Evaluaci\u00f3n y Calidad Acad\u00e9mica de la U. de Caldas.<\/strong><\/p>\n<p>Nos visitaron la doctora <strong>Martha Elena Buitrago Quintero, como auditora l\u00edder, y Juan Carlos Rave Ram\u00edrez como auditor de apoyo<\/strong>, quienes revisaron puntualmente los <strong>procesos misionales<\/strong> de docencia, proyecci\u00f3n e investigaci\u00f3n, y a nivel general otros como los de medici\u00f3n, an\u00e1lisis y mejora; control y seguimiento, y recursos f\u00edsicos.<\/p>\n<p>\u00abDestacaron varias fortalezas del <strong>Sistema de Gesti\u00f3n de Calidad como que es un sistema maduro, con 9 a\u00f1os de existencia<\/strong>, que se ha visto evidenciado en el hecho del <strong>fortalecimiento institucional<\/strong>, a nivel de gesti\u00f3n administrativa. Sobre la gesti\u00f3n acad\u00e9mica <strong>resaltaron la Acreditaci\u00f3n Institucional, el n\u00famero de programas acreditados<\/strong>, el fortalecimiento de los procesos de investigaci\u00f3n, entre otros\u00bb, agreg\u00f3 Orozco Ospina.<\/p>\n<p><img loading=\"lazy\" decoding=\"async\" class=\"size-full wp-image-41322 alignleft\" src=\"https:\/\/www.ucaldas.edu.co\/portal\/wp-content\/uploads\/2018\/06\/Auditor\u00eda-ICONTEC-2.jpg\" alt=\"\" width=\"609\" height=\"390\" srcset=\"https:\/\/www.ucaldas.edu.co\/portal\/wp-content\/uploads\/2018\/06\/Auditor\u00eda-ICONTEC-2.jpg 609w, https:\/\/www.ucaldas.edu.co\/portal\/wp-content\/uploads\/2018\/06\/Auditor\u00eda-ICONTEC-2-300x192.jpg 300w\" sizes=\"auto, (max-width: 609px) 100vw, 609px\" \/>La auditor\u00eda tambi\u00e9n mencion\u00f3 <strong>opciones de mejora<\/strong> en cuanto a la relaci\u00f3n de la Universidad con sus grupos de inter\u00e9s (estudiantes, profesores, egresados, entidades gubernamentales, sociedad).<\/p>\n<p>\u00abNos dejaron observaciones muy valiosas sobre seguir fortaleciendo el an\u00e1lisis de riesgos, espec\u00edficamente en el dise\u00f1o y creaci\u00f3n de programas acad\u00e9micos, y nos se\u00f1alaron <strong>dos no conformidades menores<\/strong> relacionadas con evaluaci\u00f3n de proveedores y otra sobre el papel de los supervisores y los informes que estos tienen que plasmar en los expedientes de los contratos\u00bb, indic\u00f3 el jefe de la Oficina de Evaluaci\u00f3n y Calidad Acad\u00e9mica.<\/p>\n<p>Adicionalmente, destacaron que el <strong>hecho de mantener la certificaci\u00f3n ISO 9001 desde 2009, daba fe del compromiso institucional con el mejoramiento de la calidad<\/strong>, y mantener un est\u00e1ndar internacional que permite seguir creciendo en los procesos de gesti\u00f3n administrativa y de gesti\u00f3n misional.<\/p>\n<p>En el 2019 se realizar\u00e1 la <strong>visita de renovaci\u00f3n de la certificaci\u00f3n de calidad ISO 9001<\/strong> de la Universidad de Caldas.<\/p>\n<p>&nbsp;<\/p>\n<p><strong>Informes:<\/strong> Oficina de Comunicaciones y Prensa U. de Caldas, tel\u00e9fono 878 15 00 extensi\u00f3n 12 167.<\/p>\n<p><strong>Redacci\u00f3n:<\/strong> Mauricio D\u00edaz G\u00f3mez.<\/p>\n<p>&nbsp;<\/p>\n","protected":false},"excerpt":{"rendered":"<p>El Instituto Colombiano de Normas T\u00e9cnicas y Certificaci\u00f3n (ICONTEC) realiz\u00f3 el 5 y 6 de junio una auditor\u00eda de seguimiento y actualizaci\u00f3n de la certificaci\u00f3n de calidad ISO 9001 con la que cuenta la Universidad de Caldas desde 2009.<\/p>\n","protected":false},"author":2,"featured_media":41320,"comment_status":"closed","ping_status":"open","sticky":false,"template":"","format":"standard","meta":{"footnotes":""},"categories":[48,53,620],"tags":[2743,2744,2745,2746],"class_list":["post-41319","post","type-post","status-publish","format-standard","has-post-thumbnail","hentry","category-actualidad","category-universidad-al-dia","category-ucaldas-transparente","tag-auditoria-icontec","tag-sistema-de-gestion-de-calidad","tag-acreditacion-institucional","tag-iso-9001"],"yoast_head":"<!-- This site is optimized with the Yoast SEO plugin v27.5 - https:\/\/yoast.com\/product\/yoast-seo-wordpress\/ -->\n<title>ICONTEC destac\u00f3 madurez del Sistema de Gesti\u00f3n de Calidad de la U. de Caldas .<\/title>\n<meta name=\"robots\" content=\"index, follow, max-snippet:-1, max-image-preview:large, max-video-preview:-1\" \/>\n<link rel=\"canonical\" href=\"https:\/\/www.ucaldas.edu.co\/portal\/icontec-destaco-madurez-del-sistema-de-gestion-de-calidad-de-la-u-de-caldas\/\" \/>\n<script type=\"application\/ld+json\" class=\"yoast-schema-graph\">{\"@context\":\"https:\\\/\\\/schema.org\",\"@graph\":[{\"@type\":\"Article\",\"@id\":\"https:\\\/\\\/www.ucaldas.edu.co\\\/portal\\\/icontec-destaco-madurez-del-sistema-de-gestion-de-calidad-de-la-u-de-caldas\\\/#article\",\"isPartOf\":{\"@id\":\"https:\\\/\\\/www.ucaldas.edu.co\\\/portal\\\/icontec-destaco-madurez-del-sistema-de-gestion-de-calidad-de-la-u-de-caldas\\\/\"},\"author\":{\"name\":\"ofiprensa\",\"@id\":\"https:\\\/\\\/www.ucaldas.edu.co\\\/portal\\\/#\\\/schema\\\/person\\\/a1b482e23449158b4bc319926c074fdf\"},\"headline\":\"ICONTEC destac\u00f3 madurez del Sistema de Gesti\u00f3n de Calidad de la U. de Caldas\",\"datePublished\":\"2018-06-07T21:10:58+00:00\",\"dateModified\":\"2018-06-07T21:17:26+00:00\",\"mainEntityOfPage\":{\"@id\":\"https:\\\/\\\/www.ucaldas.edu.co\\\/portal\\\/icontec-destaco-madurez-del-sistema-de-gestion-de-calidad-de-la-u-de-caldas\\\/\"},\"wordCount\":463,\"publisher\":{\"@id\":\"https:\\\/\\\/www.ucaldas.edu.co\\\/portal\\\/#organization\"},\"image\":{\"@id\":\"https:\\\/\\\/www.ucaldas.edu.co\\\/portal\\\/icontec-destaco-madurez-del-sistema-de-gestion-de-calidad-de-la-u-de-caldas\\\/#primaryimage\"},\"thumbnailUrl\":\"https:\\\/\\\/www.ucaldas.edu.co\\\/portal\\\/wp-content\\\/uploads\\\/2018\\\/06\\\/Auditoria-ICONTEC-a-la-U-de-Caldas.jpg\",\"keywords\":[\"auditor\u00eda ICONTEC\",\"Sistema de Gesti\u00f3n de Calidad\",\"Acreditaci\u00f3n Institucional\",\"ISO 9001.\"],\"articleSection\":[\"Actualidad\",\"Universidad al D\u00eda\",\"UCaldas Transparente\"],\"inLanguage\":\"es\"},{\"@type\":\"WebPage\",\"@id\":\"https:\\\/\\\/www.ucaldas.edu.co\\\/portal\\\/icontec-destaco-madurez-del-sistema-de-gestion-de-calidad-de-la-u-de-caldas\\\/\",\"url\":\"https:\\\/\\\/www.ucaldas.edu.co\\\/portal\\\/icontec-destaco-madurez-del-sistema-de-gestion-de-calidad-de-la-u-de-caldas\\\/\",\"name\":\"ICONTEC destac\u00f3 madurez del Sistema de Gesti\u00f3n de Calidad de la U. de Caldas .\",\"isPartOf\":{\"@id\":\"https:\\\/\\\/www.ucaldas.edu.co\\\/portal\\\/#website\"},\"primaryImageOfPage\":{\"@id\":\"https:\\\/\\\/www.ucaldas.edu.co\\\/portal\\\/icontec-destaco-madurez-del-sistema-de-gestion-de-calidad-de-la-u-de-caldas\\\/#primaryimage\"},\"image\":{\"@id\":\"https:\\\/\\\/www.ucaldas.edu.co\\\/portal\\\/icontec-destaco-madurez-del-sistema-de-gestion-de-calidad-de-la-u-de-caldas\\\/#primaryimage\"},\"thumbnailUrl\":\"https:\\\/\\\/www.ucaldas.edu.co\\\/portal\\\/wp-content\\\/uploads\\\/2018\\\/06\\\/Auditoria-ICONTEC-a-la-U-de-Caldas.jpg\",\"datePublished\":\"2018-06-07T21:10:58+00:00\",\"dateModified\":\"2018-06-07T21:17:26+00:00\",\"breadcrumb\":{\"@id\":\"https:\\\/\\\/www.ucaldas.edu.co\\\/portal\\\/icontec-destaco-madurez-del-sistema-de-gestion-de-calidad-de-la-u-de-caldas\\\/#breadcrumb\"},\"inLanguage\":\"es\",\"potentialAction\":[{\"@type\":\"ReadAction\",\"target\":[\"https:\\\/\\\/www.ucaldas.edu.co\\\/portal\\\/icontec-destaco-madurez-del-sistema-de-gestion-de-calidad-de-la-u-de-caldas\\\/\"]}]},{\"@type\":\"ImageObject\",\"inLanguage\":\"es\",\"@id\":\"https:\\\/\\\/www.ucaldas.edu.co\\\/portal\\\/icontec-destaco-madurez-del-sistema-de-gestion-de-calidad-de-la-u-de-caldas\\\/#primaryimage\",\"url\":\"https:\\\/\\\/www.ucaldas.edu.co\\\/portal\\\/wp-content\\\/uploads\\\/2018\\\/06\\\/Auditoria-ICONTEC-a-la-U-de-Caldas.jpg\",\"contentUrl\":\"https:\\\/\\\/www.ucaldas.edu.co\\\/portal\\\/wp-content\\\/uploads\\\/2018\\\/06\\\/Auditoria-ICONTEC-a-la-U-de-Caldas.jpg\",\"width\":897,\"height\":446},{\"@type\":\"BreadcrumbList\",\"@id\":\"https:\\\/\\\/www.ucaldas.edu.co\\\/portal\\\/icontec-destaco-madurez-del-sistema-de-gestion-de-calidad-de-la-u-de-caldas\\\/#breadcrumb\",\"itemListElement\":[{\"@type\":\"ListItem\",\"position\":1,\"name\":\"Portada\",\"item\":\"https:\\\/\\\/www.ucaldas.edu.co\\\/portal\\\/\"},{\"@type\":\"ListItem\",\"position\":2,\"name\":\"ICONTEC destac\u00f3 madurez del Sistema de Gesti\u00f3n de Calidad de la U. de Caldas\"}]},{\"@type\":\"WebSite\",\"@id\":\"https:\\\/\\\/www.ucaldas.edu.co\\\/portal\\\/#website\",\"url\":\"https:\\\/\\\/www.ucaldas.edu.co\\\/portal\\\/\",\"name\":\"Universidad de Caldas\",\"description\":\"\",\"publisher\":{\"@id\":\"https:\\\/\\\/www.ucaldas.edu.co\\\/portal\\\/#organization\"},\"alternateName\":\"U. de Caldas\",\"potentialAction\":[{\"@type\":\"SearchAction\",\"target\":{\"@type\":\"EntryPoint\",\"urlTemplate\":\"https:\\\/\\\/www.ucaldas.edu.co\\\/portal\\\/?s={search_term_string}\"},\"query-input\":{\"@type\":\"PropertyValueSpecification\",\"valueRequired\":true,\"valueName\":\"search_term_string\"}}],\"inLanguage\":\"es\"},{\"@type\":\"Organization\",\"@id\":\"https:\\\/\\\/www.ucaldas.edu.co\\\/portal\\\/#organization\",\"name\":\"Universidad de Caldas\",\"alternateName\":\"U. de Caldas\",\"url\":\"https:\\\/\\\/www.ucaldas.edu.co\\\/portal\\\/\",\"logo\":{\"@type\":\"ImageObject\",\"inLanguage\":\"es\",\"@id\":\"https:\\\/\\\/www.ucaldas.edu.co\\\/portal\\\/#\\\/schema\\\/logo\\\/image\\\/\",\"url\":\"https:\\\/\\\/www.ucaldas.edu.co\\\/portal\\\/wp-content\\\/uploads\\\/2023\\\/11\\\/Logo_horizontal_oscuroU-2023.png\",\"contentUrl\":\"https:\\\/\\\/www.ucaldas.edu.co\\\/portal\\\/wp-content\\\/uploads\\\/2023\\\/11\\\/Logo_horizontal_oscuroU-2023.png\",\"width\":263,\"height\":101,\"caption\":\"Universidad de Caldas\"},\"image\":{\"@id\":\"https:\\\/\\\/www.ucaldas.edu.co\\\/portal\\\/#\\\/schema\\\/logo\\\/image\\\/\"},\"sameAs\":[\"https:\\\/\\\/www.facebook.com\\\/udecaldas\",\"https:\\\/\\\/x.com\\\/udecaldas\",\"https:\\\/\\\/www.youtube.com\\\/universidadcaldas\",\"https:\\\/\\\/www.instagram.com\\\/udecaldas\\\/\"]},{\"@type\":\"Person\",\"@id\":\"https:\\\/\\\/www.ucaldas.edu.co\\\/portal\\\/#\\\/schema\\\/person\\\/a1b482e23449158b4bc319926c074fdf\",\"name\":\"ofiprensa\",\"image\":{\"@type\":\"ImageObject\",\"inLanguage\":\"es\",\"@id\":\"https:\\\/\\\/www.ucaldas.edu.co\\\/portal\\\/wp-content\\\/litespeed\\\/avatar\\\/09ea5085e600095a7a811142c6944527.jpg?ver=1777497608\",\"url\":\"https:\\\/\\\/www.ucaldas.edu.co\\\/portal\\\/wp-content\\\/litespeed\\\/avatar\\\/09ea5085e600095a7a811142c6944527.jpg?ver=1777497608\",\"contentUrl\":\"https:\\\/\\\/www.ucaldas.edu.co\\\/portal\\\/wp-content\\\/litespeed\\\/avatar\\\/09ea5085e600095a7a811142c6944527.jpg?ver=1777497608\",\"caption\":\"ofiprensa\"},\"url\":\"https:\\\/\\\/www.ucaldas.edu.co\\\/portal\\\/author\\\/ofiprensa\\\/\"}]}<\/script>\n<!-- \/ Yoast SEO plugin. -->","yoast_head_json":{"title":"ICONTEC destac\u00f3 madurez del Sistema de Gesti\u00f3n de Calidad de la U. de Caldas .","robots":{"index":"index","follow":"follow","max-snippet":"max-snippet:-1","max-image-preview":"max-image-preview:large","max-video-preview":"max-video-preview:-1"},"canonical":"https:\/\/www.ucaldas.edu.co\/portal\/icontec-destaco-madurez-del-sistema-de-gestion-de-calidad-de-la-u-de-caldas\/","schema":{"@context":"https:\/\/schema.org","@graph":[{"@type":"Article","@id":"https:\/\/www.ucaldas.edu.co\/portal\/icontec-destaco-madurez-del-sistema-de-gestion-de-calidad-de-la-u-de-caldas\/#article","isPartOf":{"@id":"https:\/\/www.ucaldas.edu.co\/portal\/icontec-destaco-madurez-del-sistema-de-gestion-de-calidad-de-la-u-de-caldas\/"},"author":{"name":"ofiprensa","@id":"https:\/\/www.ucaldas.edu.co\/portal\/#\/schema\/person\/a1b482e23449158b4bc319926c074fdf"},"headline":"ICONTEC destac\u00f3 madurez del Sistema de Gesti\u00f3n de Calidad de la U. de Caldas","datePublished":"2018-06-07T21:10:58+00:00","dateModified":"2018-06-07T21:17:26+00:00","mainEntityOfPage":{"@id":"https:\/\/www.ucaldas.edu.co\/portal\/icontec-destaco-madurez-del-sistema-de-gestion-de-calidad-de-la-u-de-caldas\/"},"wordCount":463,"publisher":{"@id":"https:\/\/www.ucaldas.edu.co\/portal\/#organization"},"image":{"@id":"https:\/\/www.ucaldas.edu.co\/portal\/icontec-destaco-madurez-del-sistema-de-gestion-de-calidad-de-la-u-de-caldas\/#primaryimage"},"thumbnailUrl":"https:\/\/www.ucaldas.edu.co\/portal\/wp-content\/uploads\/2018\/06\/Auditoria-ICONTEC-a-la-U-de-Caldas.jpg","keywords":["auditor\u00eda ICONTEC","Sistema de Gesti\u00f3n de Calidad","Acreditaci\u00f3n Institucional","ISO 9001."],"articleSection":["Actualidad","Universidad al D\u00eda","UCaldas Transparente"],"inLanguage":"es"},{"@type":"WebPage","@id":"https:\/\/www.ucaldas.edu.co\/portal\/icontec-destaco-madurez-del-sistema-de-gestion-de-calidad-de-la-u-de-caldas\/","url":"https:\/\/www.ucaldas.edu.co\/portal\/icontec-destaco-madurez-del-sistema-de-gestion-de-calidad-de-la-u-de-caldas\/","name":"ICONTEC destac\u00f3 madurez del Sistema de Gesti\u00f3n de Calidad de la U. de Caldas .","isPartOf":{"@id":"https:\/\/www.ucaldas.edu.co\/portal\/#website"},"primaryImageOfPage":{"@id":"https:\/\/www.ucaldas.edu.co\/portal\/icontec-destaco-madurez-del-sistema-de-gestion-de-calidad-de-la-u-de-caldas\/#primaryimage"},"image":{"@id":"https:\/\/www.ucaldas.edu.co\/portal\/icontec-destaco-madurez-del-sistema-de-gestion-de-calidad-de-la-u-de-caldas\/#primaryimage"},"thumbnailUrl":"https:\/\/www.ucaldas.edu.co\/portal\/wp-content\/uploads\/2018\/06\/Auditoria-ICONTEC-a-la-U-de-Caldas.jpg","datePublished":"2018-06-07T21:10:58+00:00","dateModified":"2018-06-07T21:17:26+00:00","breadcrumb":{"@id":"https:\/\/www.ucaldas.edu.co\/portal\/icontec-destaco-madurez-del-sistema-de-gestion-de-calidad-de-la-u-de-caldas\/#breadcrumb"},"inLanguage":"es","potentialAction":[{"@type":"ReadAction","target":["https:\/\/www.ucaldas.edu.co\/portal\/icontec-destaco-madurez-del-sistema-de-gestion-de-calidad-de-la-u-de-caldas\/"]}]},{"@type":"ImageObject","inLanguage":"es","@id":"https:\/\/www.ucaldas.edu.co\/portal\/icontec-destaco-madurez-del-sistema-de-gestion-de-calidad-de-la-u-de-caldas\/#primaryimage","url":"https:\/\/www.ucaldas.edu.co\/portal\/wp-content\/uploads\/2018\/06\/Auditoria-ICONTEC-a-la-U-de-Caldas.jpg","contentUrl":"https:\/\/www.ucaldas.edu.co\/portal\/wp-content\/uploads\/2018\/06\/Auditoria-ICONTEC-a-la-U-de-Caldas.jpg","width":897,"height":446},{"@type":"BreadcrumbList","@id":"https:\/\/www.ucaldas.edu.co\/portal\/icontec-destaco-madurez-del-sistema-de-gestion-de-calidad-de-la-u-de-caldas\/#breadcrumb","itemListElement":[{"@type":"ListItem","position":1,"name":"Portada","item":"https:\/\/www.ucaldas.edu.co\/portal\/"},{"@type":"ListItem","position":2,"name":"ICONTEC destac\u00f3 madurez del Sistema de Gesti\u00f3n de Calidad de la U. de Caldas"}]},{"@type":"WebSite","@id":"https:\/\/www.ucaldas.edu.co\/portal\/#website","url":"https:\/\/www.ucaldas.edu.co\/portal\/","name":"Universidad de Caldas","description":"","publisher":{"@id":"https:\/\/www.ucaldas.edu.co\/portal\/#organization"},"alternateName":"U. de Caldas","potentialAction":[{"@type":"SearchAction","target":{"@type":"EntryPoint","urlTemplate":"https:\/\/www.ucaldas.edu.co\/portal\/?s={search_term_string}"},"query-input":{"@type":"PropertyValueSpecification","valueRequired":true,"valueName":"search_term_string"}}],"inLanguage":"es"},{"@type":"Organization","@id":"https:\/\/www.ucaldas.edu.co\/portal\/#organization","name":"Universidad de Caldas","alternateName":"U. de Caldas","url":"https:\/\/www.ucaldas.edu.co\/portal\/","logo":{"@type":"ImageObject","inLanguage":"es","@id":"https:\/\/www.ucaldas.edu.co\/portal\/#\/schema\/logo\/image\/","url":"https:\/\/www.ucaldas.edu.co\/portal\/wp-content\/uploads\/2023\/11\/Logo_horizontal_oscuroU-2023.png","contentUrl":"https:\/\/www.ucaldas.edu.co\/portal\/wp-content\/uploads\/2023\/11\/Logo_horizontal_oscuroU-2023.png","width":263,"height":101,"caption":"Universidad de Caldas"},"image":{"@id":"https:\/\/www.ucaldas.edu.co\/portal\/#\/schema\/logo\/image\/"},"sameAs":["https:\/\/www.facebook.com\/udecaldas","https:\/\/x.com\/udecaldas","https:\/\/www.youtube.com\/universidadcaldas","https:\/\/www.instagram.com\/udecaldas\/"]},{"@type":"Person","@id":"https:\/\/www.ucaldas.edu.co\/portal\/#\/schema\/person\/a1b482e23449158b4bc319926c074fdf","name":"ofiprensa","image":{"@type":"ImageObject","inLanguage":"es","@id":"https:\/\/www.ucaldas.edu.co\/portal\/wp-content\/litespeed\/avatar\/09ea5085e600095a7a811142c6944527.jpg?ver=1777497608","url":"https:\/\/www.ucaldas.edu.co\/portal\/wp-content\/litespeed\/avatar\/09ea5085e600095a7a811142c6944527.jpg?ver=1777497608","contentUrl":"https:\/\/www.ucaldas.edu.co\/portal\/wp-content\/litespeed\/avatar\/09ea5085e600095a7a811142c6944527.jpg?ver=1777497608","caption":"ofiprensa"},"url":"https:\/\/www.ucaldas.edu.co\/portal\/author\/ofiprensa\/"}]}},"_links":{"self":[{"href":"https:\/\/www.ucaldas.edu.co\/portal\/wp-json\/wp\/v2\/posts\/41319","targetHints":{"allow":["GET"]}}],"collection":[{"href":"https:\/\/www.ucaldas.edu.co\/portal\/wp-json\/wp\/v2\/posts"}],"about":[{"href":"https:\/\/www.ucaldas.edu.co\/portal\/wp-json\/wp\/v2\/types\/post"}],"author":[{"embeddable":true,"href":"https:\/\/www.ucaldas.edu.co\/portal\/wp-json\/wp\/v2\/users\/2"}],"replies":[{"embeddable":true,"href":"https:\/\/www.ucaldas.edu.co\/portal\/wp-json\/wp\/v2\/comments?post=41319"}],"version-history":[{"count":0,"href":"https:\/\/www.ucaldas.edu.co\/portal\/wp-json\/wp\/v2\/posts\/41319\/revisions"}],"wp:featuredmedia":[{"embeddable":true,"href":"https:\/\/www.ucaldas.edu.co\/portal\/wp-json\/wp\/v2\/media\/41320"}],"wp:attachment":[{"href":"https:\/\/www.ucaldas.edu.co\/portal\/wp-json\/wp\/v2\/media?parent=41319"}],"wp:term":[{"taxonomy":"category","embeddable":true,"href":"https:\/\/www.ucaldas.edu.co\/portal\/wp-json\/wp\/v2\/categories?post=41319"},{"taxonomy":"post_tag","embeddable":true,"href":"https:\/\/www.ucaldas.edu.co\/portal\/wp-json\/wp\/v2\/tags?post=41319"}],"curies":[{"name":"wp","href":"https:\/\/api.w.org\/{rel}","templated":true}]}}