{"id":41274,"date":"2018-06-01T21:03:03","date_gmt":"2018-06-01T21:03:03","guid":{"rendered":"https:\/\/www.ucaldas.edu.co\/portal\/?p=41274"},"modified":"2018-06-01T21:03:03","modified_gmt":"2018-06-01T21:03:03","slug":"en-catedra-abierta-virginia-gutierrez-de-pineda-se-presentaron-resultados-de-proyecto-de-arqueologia-publica-en-rio-claro-villamaria","status":"publish","type":"post","link":"https:\/\/www.ucaldas.edu.co\/portal\/en-catedra-abierta-virginia-gutierrez-de-pineda-se-presentaron-resultados-de-proyecto-de-arqueologia-publica-en-rio-claro-villamaria\/","title":{"rendered":"En C\u00e1tedra Abierta Virginia Guti\u00e9rrez de Pineda se presentaron resultados de proyecto de arqueolog\u00eda p\u00fablica en R\u00edo Claro  (Villamar\u00eda)"},"content":{"rendered":"<p><em><img loading=\"lazy\" decoding=\"async\" class=\"size-full wp-image-41270 aligncenter\" src=\"https:\/\/www.ucaldas.edu.co\/portal\/wp-content\/uploads\/2018\/06\/catedravirginia-compressor.jpg\" alt=\"\" width=\"700\" height=\"401\" srcset=\"https:\/\/www.ucaldas.edu.co\/portal\/wp-content\/uploads\/2018\/06\/catedravirginia-compressor.jpg 700w, https:\/\/www.ucaldas.edu.co\/portal\/wp-content\/uploads\/2018\/06\/catedravirginia-compressor-300x172.jpg 300w\" sizes=\"auto, (max-width: 700px) 100vw, 700px\" \/><\/em><\/p>\n<p><em>Redescubrimiento de nuestro territorio: proyecto base para el desarrollo de arqueolog\u00eda p\u00fablica en R\u00edo Claro, Caldas<\/em> fue el t\u00edtulo de la <strong>conferencia de la C\u00e1tedra Abierta Virginia Guti\u00e9rrez de Pineda,<\/strong> organizada por el Departamento de Sociolog\u00eda y Antropolog\u00eda de la Universidad de Caldas.<\/p>\n<p><!--more--><\/p>\n<p>\u00c1ngela Mar\u00eda Cadena, <strong>docente de la U. de Caldas, explic\u00f3<\/strong>: \u201cen esta sesi\u00f3n presentamos el trabajo realizado desde los laboratorios de la Instituci\u00f3n, a trav\u00e9s del cual <strong>comenzamos a desarrollar un proyecto<\/strong> con Lina Ocampo, profesora de la <strong>Instituci\u00f3n Educativa Fortunato Gaviria Botero, en Villamar\u00eda\u201d.<\/strong><\/p>\n<p>Este proyecto de la docente <strong>hace parte de<\/strong><strong> la iniciativa de Colciencias denominada <\/strong><strong><em>Ondas<\/em><\/strong>, una estrategia de la Direcci\u00f3n de Mentalidad y Cultura para la CTel que tiene por objetivo promover en ni\u00f1os, ni\u00f1as y j\u00f3venes el inter\u00e9s por la investigaci\u00f3n y el desarrollo de actitudes y habilidades que les permitan insertarse activamente en una cultura de la ciencia, la tecnolog\u00eda y la innovaci\u00f3n.<\/p>\n<p>\u201cPor ellos, realizamos con los estudiantes una propuesta investigativa con el fin de conocer los habitantes del pasado en la <strong>vereda R\u00edo Claro, de Villamar\u00eda<\/strong>. Hoy presentamos el trabajo construido, con las piezas con las que los alumnos estudiaron e identificaron\u201d, dijo.<\/p>\n<p>&nbsp;<\/p>\n<p><a href=\"https:\/\/www.facebook.com\/media\/set\/?set=a.1815563295172194.1073746111.107054166023124&amp;type=1&amp;l=56164bb9e7\">Conozca im\u00e1genes de la C\u00e1tedra Abierta Virginia Guti\u00e9rrez de Pineda<\/a><\/p>\n<p><strong>Informes: <\/strong>Oficina de Comunicaciones y Prensa U. de Caldas, tel\u00e9fono 878 15 00 extensi\u00f3n 12 167.<\/p>\n<p><strong>Redacci\u00f3n:<\/strong> Margarita Laverde<\/p>\n","protected":false},"excerpt":{"rendered":"<p>Redescubrimiento de nuestro territorio: proyecto base para el desarrollo de arqueolog\u00eda p\u00fablica en R\u00edo Claro, Caldas fue el t\u00edtulo de la conferencia de la C\u00e1tedra Abierta Virginia Guti\u00e9rrez de Pineda, organizada por el Departamento de Sociolog\u00eda y Antropolog\u00eda de la Universidad de Caldas.<\/p>\n","protected":false},"author":2,"featured_media":41270,"comment_status":"closed","ping_status":"open","sticky":false,"template":"","format":"standard","meta":{"footnotes":""},"categories":[48,53,600],"tags":[55,68,124,2109],"class_list":["post-41274","post","type-post","status-publish","format-standard","has-post-thumbnail","hentry","category-actualidad","category-universidad-al-dia","category-ucaldas-regional","tag-academia","tag-invitado","tag-catedra-abierta-virginia-gutierrez-de-pineda","tag-arqueologia"],"yoast_head":"<!-- This site is optimized with the Yoast SEO plugin v27.5 - https:\/\/yoast.com\/product\/yoast-seo-wordpress\/ -->\n<title>En C\u00e1tedra Abierta Virginia Guti\u00e9rrez de Pineda se presentaron resultados de proyecto de arqueolog\u00eda p\u00fablica en R\u00edo Claro (Villamar\u00eda) .<\/title>\n<meta name=\"robots\" content=\"index, follow, max-snippet:-1, max-image-preview:large, max-video-preview:-1\" \/>\n<link rel=\"canonical\" href=\"https:\/\/www.ucaldas.edu.co\/portal\/en-catedra-abierta-virginia-gutierrez-de-pineda-se-presentaron-resultados-de-proyecto-de-arqueologia-publica-en-rio-claro-villamaria\/\" \/>\n<script type=\"application\/ld+json\" class=\"yoast-schema-graph\">{\"@context\":\"https:\\\/\\\/schema.org\",\"@graph\":[{\"@type\":\"Article\",\"@id\":\"https:\\\/\\\/www.ucaldas.edu.co\\\/portal\\\/en-catedra-abierta-virginia-gutierrez-de-pineda-se-presentaron-resultados-de-proyecto-de-arqueologia-publica-en-rio-claro-villamaria\\\/#article\",\"isPartOf\":{\"@id\":\"https:\\\/\\\/www.ucaldas.edu.co\\\/portal\\\/en-catedra-abierta-virginia-gutierrez-de-pineda-se-presentaron-resultados-de-proyecto-de-arqueologia-publica-en-rio-claro-villamaria\\\/\"},\"author\":{\"name\":\"ofiprensa\",\"@id\":\"https:\\\/\\\/www.ucaldas.edu.co\\\/portal\\\/#\\\/schema\\\/person\\\/a1b482e23449158b4bc319926c074fdf\"},\"headline\":\"En C\u00e1tedra Abierta Virginia Guti\u00e9rrez de Pineda se presentaron resultados de proyecto de arqueolog\u00eda p\u00fablica en R\u00edo Claro (Villamar\u00eda)\",\"datePublished\":\"2018-06-01T21:03:03+00:00\",\"mainEntityOfPage\":{\"@id\":\"https:\\\/\\\/www.ucaldas.edu.co\\\/portal\\\/en-catedra-abierta-virginia-gutierrez-de-pineda-se-presentaron-resultados-de-proyecto-de-arqueologia-publica-en-rio-claro-villamaria\\\/\"},\"wordCount\":274,\"publisher\":{\"@id\":\"https:\\\/\\\/www.ucaldas.edu.co\\\/portal\\\/#organization\"},\"image\":{\"@id\":\"https:\\\/\\\/www.ucaldas.edu.co\\\/portal\\\/en-catedra-abierta-virginia-gutierrez-de-pineda-se-presentaron-resultados-de-proyecto-de-arqueologia-publica-en-rio-claro-villamaria\\\/#primaryimage\"},\"thumbnailUrl\":\"https:\\\/\\\/www.ucaldas.edu.co\\\/portal\\\/wp-content\\\/uploads\\\/2018\\\/06\\\/catedravirginia-compressor.jpg\",\"keywords\":[\"academia\",\"invitado\",\"C\u00e1tedra Abierta Virginia Guti\u00e9rrez de Pineda\",\"Arqueolog\u00eda\"],\"articleSection\":[\"Actualidad\",\"Universidad al D\u00eda\",\"UCaldas Regional\"],\"inLanguage\":\"es\"},{\"@type\":\"WebPage\",\"@id\":\"https:\\\/\\\/www.ucaldas.edu.co\\\/portal\\\/en-catedra-abierta-virginia-gutierrez-de-pineda-se-presentaron-resultados-de-proyecto-de-arqueologia-publica-en-rio-claro-villamaria\\\/\",\"url\":\"https:\\\/\\\/www.ucaldas.edu.co\\\/portal\\\/en-catedra-abierta-virginia-gutierrez-de-pineda-se-presentaron-resultados-de-proyecto-de-arqueologia-publica-en-rio-claro-villamaria\\\/\",\"name\":\"En C\u00e1tedra Abierta Virginia Guti\u00e9rrez de Pineda se presentaron resultados de proyecto de arqueolog\u00eda p\u00fablica en R\u00edo Claro (Villamar\u00eda) .\",\"isPartOf\":{\"@id\":\"https:\\\/\\\/www.ucaldas.edu.co\\\/portal\\\/#website\"},\"primaryImageOfPage\":{\"@id\":\"https:\\\/\\\/www.ucaldas.edu.co\\\/portal\\\/en-catedra-abierta-virginia-gutierrez-de-pineda-se-presentaron-resultados-de-proyecto-de-arqueologia-publica-en-rio-claro-villamaria\\\/#primaryimage\"},\"image\":{\"@id\":\"https:\\\/\\\/www.ucaldas.edu.co\\\/portal\\\/en-catedra-abierta-virginia-gutierrez-de-pineda-se-presentaron-resultados-de-proyecto-de-arqueologia-publica-en-rio-claro-villamaria\\\/#primaryimage\"},\"thumbnailUrl\":\"https:\\\/\\\/www.ucaldas.edu.co\\\/portal\\\/wp-content\\\/uploads\\\/2018\\\/06\\\/catedravirginia-compressor.jpg\",\"datePublished\":\"2018-06-01T21:03:03+00:00\",\"breadcrumb\":{\"@id\":\"https:\\\/\\\/www.ucaldas.edu.co\\\/portal\\\/en-catedra-abierta-virginia-gutierrez-de-pineda-se-presentaron-resultados-de-proyecto-de-arqueologia-publica-en-rio-claro-villamaria\\\/#breadcrumb\"},\"inLanguage\":\"es\",\"potentialAction\":[{\"@type\":\"ReadAction\",\"target\":[\"https:\\\/\\\/www.ucaldas.edu.co\\\/portal\\\/en-catedra-abierta-virginia-gutierrez-de-pineda-se-presentaron-resultados-de-proyecto-de-arqueologia-publica-en-rio-claro-villamaria\\\/\"]}]},{\"@type\":\"ImageObject\",\"inLanguage\":\"es\",\"@id\":\"https:\\\/\\\/www.ucaldas.edu.co\\\/portal\\\/en-catedra-abierta-virginia-gutierrez-de-pineda-se-presentaron-resultados-de-proyecto-de-arqueologia-publica-en-rio-claro-villamaria\\\/#primaryimage\",\"url\":\"https:\\\/\\\/www.ucaldas.edu.co\\\/portal\\\/wp-content\\\/uploads\\\/2018\\\/06\\\/catedravirginia-compressor.jpg\",\"contentUrl\":\"https:\\\/\\\/www.ucaldas.edu.co\\\/portal\\\/wp-content\\\/uploads\\\/2018\\\/06\\\/catedravirginia-compressor.jpg\",\"width\":700,\"height\":401},{\"@type\":\"BreadcrumbList\",\"@id\":\"https:\\\/\\\/www.ucaldas.edu.co\\\/portal\\\/en-catedra-abierta-virginia-gutierrez-de-pineda-se-presentaron-resultados-de-proyecto-de-arqueologia-publica-en-rio-claro-villamaria\\\/#breadcrumb\",\"itemListElement\":[{\"@type\":\"ListItem\",\"position\":1,\"name\":\"Portada\",\"item\":\"https:\\\/\\\/www.ucaldas.edu.co\\\/portal\\\/\"},{\"@type\":\"ListItem\",\"position\":2,\"name\":\"En C\u00e1tedra Abierta Virginia Guti\u00e9rrez de Pineda se presentaron resultados de proyecto de arqueolog\u00eda p\u00fablica en R\u00edo Claro (Villamar\u00eda)\"}]},{\"@type\":\"WebSite\",\"@id\":\"https:\\\/\\\/www.ucaldas.edu.co\\\/portal\\\/#website\",\"url\":\"https:\\\/\\\/www.ucaldas.edu.co\\\/portal\\\/\",\"name\":\"Universidad de Caldas\",\"description\":\"\",\"publisher\":{\"@id\":\"https:\\\/\\\/www.ucaldas.edu.co\\\/portal\\\/#organization\"},\"alternateName\":\"U. de Caldas\",\"potentialAction\":[{\"@type\":\"SearchAction\",\"target\":{\"@type\":\"EntryPoint\",\"urlTemplate\":\"https:\\\/\\\/www.ucaldas.edu.co\\\/portal\\\/?s={search_term_string}\"},\"query-input\":{\"@type\":\"PropertyValueSpecification\",\"valueRequired\":true,\"valueName\":\"search_term_string\"}}],\"inLanguage\":\"es\"},{\"@type\":\"Organization\",\"@id\":\"https:\\\/\\\/www.ucaldas.edu.co\\\/portal\\\/#organization\",\"name\":\"Universidad de Caldas\",\"alternateName\":\"U. de Caldas\",\"url\":\"https:\\\/\\\/www.ucaldas.edu.co\\\/portal\\\/\",\"logo\":{\"@type\":\"ImageObject\",\"inLanguage\":\"es\",\"@id\":\"https:\\\/\\\/www.ucaldas.edu.co\\\/portal\\\/#\\\/schema\\\/logo\\\/image\\\/\",\"url\":\"https:\\\/\\\/www.ucaldas.edu.co\\\/portal\\\/wp-content\\\/uploads\\\/2023\\\/11\\\/Logo_horizontal_oscuroU-2023.png\",\"contentUrl\":\"https:\\\/\\\/www.ucaldas.edu.co\\\/portal\\\/wp-content\\\/uploads\\\/2023\\\/11\\\/Logo_horizontal_oscuroU-2023.png\",\"width\":263,\"height\":101,\"caption\":\"Universidad de Caldas\"},\"image\":{\"@id\":\"https:\\\/\\\/www.ucaldas.edu.co\\\/portal\\\/#\\\/schema\\\/logo\\\/image\\\/\"},\"sameAs\":[\"https:\\\/\\\/www.facebook.com\\\/udecaldas\",\"https:\\\/\\\/x.com\\\/udecaldas\",\"https:\\\/\\\/www.youtube.com\\\/universidadcaldas\",\"https:\\\/\\\/www.instagram.com\\\/udecaldas\\\/\"]},{\"@type\":\"Person\",\"@id\":\"https:\\\/\\\/www.ucaldas.edu.co\\\/portal\\\/#\\\/schema\\\/person\\\/a1b482e23449158b4bc319926c074fdf\",\"name\":\"ofiprensa\",\"image\":{\"@type\":\"ImageObject\",\"inLanguage\":\"es\",\"@id\":\"https:\\\/\\\/www.ucaldas.edu.co\\\/portal\\\/wp-content\\\/litespeed\\\/avatar\\\/09ea5085e600095a7a811142c6944527.jpg?ver=1777497608\",\"url\":\"https:\\\/\\\/www.ucaldas.edu.co\\\/portal\\\/wp-content\\\/litespeed\\\/avatar\\\/09ea5085e600095a7a811142c6944527.jpg?ver=1777497608\",\"contentUrl\":\"https:\\\/\\\/www.ucaldas.edu.co\\\/portal\\\/wp-content\\\/litespeed\\\/avatar\\\/09ea5085e600095a7a811142c6944527.jpg?ver=1777497608\",\"caption\":\"ofiprensa\"},\"url\":\"https:\\\/\\\/www.ucaldas.edu.co\\\/portal\\\/author\\\/ofiprensa\\\/\"}]}<\/script>\n<!-- \/ Yoast SEO plugin. -->","yoast_head_json":{"title":"En C\u00e1tedra Abierta Virginia Guti\u00e9rrez de Pineda se presentaron resultados de proyecto de arqueolog\u00eda p\u00fablica en R\u00edo Claro (Villamar\u00eda) .","robots":{"index":"index","follow":"follow","max-snippet":"max-snippet:-1","max-image-preview":"max-image-preview:large","max-video-preview":"max-video-preview:-1"},"canonical":"https:\/\/www.ucaldas.edu.co\/portal\/en-catedra-abierta-virginia-gutierrez-de-pineda-se-presentaron-resultados-de-proyecto-de-arqueologia-publica-en-rio-claro-villamaria\/","schema":{"@context":"https:\/\/schema.org","@graph":[{"@type":"Article","@id":"https:\/\/www.ucaldas.edu.co\/portal\/en-catedra-abierta-virginia-gutierrez-de-pineda-se-presentaron-resultados-de-proyecto-de-arqueologia-publica-en-rio-claro-villamaria\/#article","isPartOf":{"@id":"https:\/\/www.ucaldas.edu.co\/portal\/en-catedra-abierta-virginia-gutierrez-de-pineda-se-presentaron-resultados-de-proyecto-de-arqueologia-publica-en-rio-claro-villamaria\/"},"author":{"name":"ofiprensa","@id":"https:\/\/www.ucaldas.edu.co\/portal\/#\/schema\/person\/a1b482e23449158b4bc319926c074fdf"},"headline":"En C\u00e1tedra Abierta Virginia Guti\u00e9rrez de Pineda se presentaron resultados de proyecto de arqueolog\u00eda p\u00fablica en R\u00edo Claro (Villamar\u00eda)","datePublished":"2018-06-01T21:03:03+00:00","mainEntityOfPage":{"@id":"https:\/\/www.ucaldas.edu.co\/portal\/en-catedra-abierta-virginia-gutierrez-de-pineda-se-presentaron-resultados-de-proyecto-de-arqueologia-publica-en-rio-claro-villamaria\/"},"wordCount":274,"publisher":{"@id":"https:\/\/www.ucaldas.edu.co\/portal\/#organization"},"image":{"@id":"https:\/\/www.ucaldas.edu.co\/portal\/en-catedra-abierta-virginia-gutierrez-de-pineda-se-presentaron-resultados-de-proyecto-de-arqueologia-publica-en-rio-claro-villamaria\/#primaryimage"},"thumbnailUrl":"https:\/\/www.ucaldas.edu.co\/portal\/wp-content\/uploads\/2018\/06\/catedravirginia-compressor.jpg","keywords":["academia","invitado","C\u00e1tedra Abierta Virginia Guti\u00e9rrez de Pineda","Arqueolog\u00eda"],"articleSection":["Actualidad","Universidad al D\u00eda","UCaldas Regional"],"inLanguage":"es"},{"@type":"WebPage","@id":"https:\/\/www.ucaldas.edu.co\/portal\/en-catedra-abierta-virginia-gutierrez-de-pineda-se-presentaron-resultados-de-proyecto-de-arqueologia-publica-en-rio-claro-villamaria\/","url":"https:\/\/www.ucaldas.edu.co\/portal\/en-catedra-abierta-virginia-gutierrez-de-pineda-se-presentaron-resultados-de-proyecto-de-arqueologia-publica-en-rio-claro-villamaria\/","name":"En C\u00e1tedra Abierta Virginia Guti\u00e9rrez de Pineda se presentaron resultados de proyecto de arqueolog\u00eda p\u00fablica en R\u00edo Claro (Villamar\u00eda) .","isPartOf":{"@id":"https:\/\/www.ucaldas.edu.co\/portal\/#website"},"primaryImageOfPage":{"@id":"https:\/\/www.ucaldas.edu.co\/portal\/en-catedra-abierta-virginia-gutierrez-de-pineda-se-presentaron-resultados-de-proyecto-de-arqueologia-publica-en-rio-claro-villamaria\/#primaryimage"},"image":{"@id":"https:\/\/www.ucaldas.edu.co\/portal\/en-catedra-abierta-virginia-gutierrez-de-pineda-se-presentaron-resultados-de-proyecto-de-arqueologia-publica-en-rio-claro-villamaria\/#primaryimage"},"thumbnailUrl":"https:\/\/www.ucaldas.edu.co\/portal\/wp-content\/uploads\/2018\/06\/catedravirginia-compressor.jpg","datePublished":"2018-06-01T21:03:03+00:00","breadcrumb":{"@id":"https:\/\/www.ucaldas.edu.co\/portal\/en-catedra-abierta-virginia-gutierrez-de-pineda-se-presentaron-resultados-de-proyecto-de-arqueologia-publica-en-rio-claro-villamaria\/#breadcrumb"},"inLanguage":"es","potentialAction":[{"@type":"ReadAction","target":["https:\/\/www.ucaldas.edu.co\/portal\/en-catedra-abierta-virginia-gutierrez-de-pineda-se-presentaron-resultados-de-proyecto-de-arqueologia-publica-en-rio-claro-villamaria\/"]}]},{"@type":"ImageObject","inLanguage":"es","@id":"https:\/\/www.ucaldas.edu.co\/portal\/en-catedra-abierta-virginia-gutierrez-de-pineda-se-presentaron-resultados-de-proyecto-de-arqueologia-publica-en-rio-claro-villamaria\/#primaryimage","url":"https:\/\/www.ucaldas.edu.co\/portal\/wp-content\/uploads\/2018\/06\/catedravirginia-compressor.jpg","contentUrl":"https:\/\/www.ucaldas.edu.co\/portal\/wp-content\/uploads\/2018\/06\/catedravirginia-compressor.jpg","width":700,"height":401},{"@type":"BreadcrumbList","@id":"https:\/\/www.ucaldas.edu.co\/portal\/en-catedra-abierta-virginia-gutierrez-de-pineda-se-presentaron-resultados-de-proyecto-de-arqueologia-publica-en-rio-claro-villamaria\/#breadcrumb","itemListElement":[{"@type":"ListItem","position":1,"name":"Portada","item":"https:\/\/www.ucaldas.edu.co\/portal\/"},{"@type":"ListItem","position":2,"name":"En C\u00e1tedra Abierta Virginia Guti\u00e9rrez de Pineda se presentaron resultados de proyecto de arqueolog\u00eda p\u00fablica en R\u00edo Claro (Villamar\u00eda)"}]},{"@type":"WebSite","@id":"https:\/\/www.ucaldas.edu.co\/portal\/#website","url":"https:\/\/www.ucaldas.edu.co\/portal\/","name":"Universidad de Caldas","description":"","publisher":{"@id":"https:\/\/www.ucaldas.edu.co\/portal\/#organization"},"alternateName":"U. de Caldas","potentialAction":[{"@type":"SearchAction","target":{"@type":"EntryPoint","urlTemplate":"https:\/\/www.ucaldas.edu.co\/portal\/?s={search_term_string}"},"query-input":{"@type":"PropertyValueSpecification","valueRequired":true,"valueName":"search_term_string"}}],"inLanguage":"es"},{"@type":"Organization","@id":"https:\/\/www.ucaldas.edu.co\/portal\/#organization","name":"Universidad de Caldas","alternateName":"U. de Caldas","url":"https:\/\/www.ucaldas.edu.co\/portal\/","logo":{"@type":"ImageObject","inLanguage":"es","@id":"https:\/\/www.ucaldas.edu.co\/portal\/#\/schema\/logo\/image\/","url":"https:\/\/www.ucaldas.edu.co\/portal\/wp-content\/uploads\/2023\/11\/Logo_horizontal_oscuroU-2023.png","contentUrl":"https:\/\/www.ucaldas.edu.co\/portal\/wp-content\/uploads\/2023\/11\/Logo_horizontal_oscuroU-2023.png","width":263,"height":101,"caption":"Universidad de Caldas"},"image":{"@id":"https:\/\/www.ucaldas.edu.co\/portal\/#\/schema\/logo\/image\/"},"sameAs":["https:\/\/www.facebook.com\/udecaldas","https:\/\/x.com\/udecaldas","https:\/\/www.youtube.com\/universidadcaldas","https:\/\/www.instagram.com\/udecaldas\/"]},{"@type":"Person","@id":"https:\/\/www.ucaldas.edu.co\/portal\/#\/schema\/person\/a1b482e23449158b4bc319926c074fdf","name":"ofiprensa","image":{"@type":"ImageObject","inLanguage":"es","@id":"https:\/\/www.ucaldas.edu.co\/portal\/wp-content\/litespeed\/avatar\/09ea5085e600095a7a811142c6944527.jpg?ver=1777497608","url":"https:\/\/www.ucaldas.edu.co\/portal\/wp-content\/litespeed\/avatar\/09ea5085e600095a7a811142c6944527.jpg?ver=1777497608","contentUrl":"https:\/\/www.ucaldas.edu.co\/portal\/wp-content\/litespeed\/avatar\/09ea5085e600095a7a811142c6944527.jpg?ver=1777497608","caption":"ofiprensa"},"url":"https:\/\/www.ucaldas.edu.co\/portal\/author\/ofiprensa\/"}]}},"_links":{"self":[{"href":"https:\/\/www.ucaldas.edu.co\/portal\/wp-json\/wp\/v2\/posts\/41274","targetHints":{"allow":["GET"]}}],"collection":[{"href":"https:\/\/www.ucaldas.edu.co\/portal\/wp-json\/wp\/v2\/posts"}],"about":[{"href":"https:\/\/www.ucaldas.edu.co\/portal\/wp-json\/wp\/v2\/types\/post"}],"author":[{"embeddable":true,"href":"https:\/\/www.ucaldas.edu.co\/portal\/wp-json\/wp\/v2\/users\/2"}],"replies":[{"embeddable":true,"href":"https:\/\/www.ucaldas.edu.co\/portal\/wp-json\/wp\/v2\/comments?post=41274"}],"version-history":[{"count":0,"href":"https:\/\/www.ucaldas.edu.co\/portal\/wp-json\/wp\/v2\/posts\/41274\/revisions"}],"wp:featuredmedia":[{"embeddable":true,"href":"https:\/\/www.ucaldas.edu.co\/portal\/wp-json\/wp\/v2\/media\/41270"}],"wp:attachment":[{"href":"https:\/\/www.ucaldas.edu.co\/portal\/wp-json\/wp\/v2\/media?parent=41274"}],"wp:term":[{"taxonomy":"category","embeddable":true,"href":"https:\/\/www.ucaldas.edu.co\/portal\/wp-json\/wp\/v2\/categories?post=41274"},{"taxonomy":"post_tag","embeddable":true,"href":"https:\/\/www.ucaldas.edu.co\/portal\/wp-json\/wp\/v2\/tags?post=41274"}],"curies":[{"name":"wp","href":"https:\/\/api.w.org\/{rel}","templated":true}]}}