{"id":41240,"date":"2018-05-31T20:03:40","date_gmt":"2018-05-31T20:03:40","guid":{"rendered":"https:\/\/www.ucaldas.edu.co\/portal\/?p=41240"},"modified":"2018-05-31T20:03:40","modified_gmt":"2018-05-31T20:03:40","slug":"comunicado-del-consejo-superior-u-de-caldas-sobre-la-situacion-actual-de-la-institucion","status":"publish","type":"post","link":"https:\/\/www.ucaldas.edu.co\/portal\/comunicado-del-consejo-superior-u-de-caldas-sobre-la-situacion-actual-de-la-institucion\/","title":{"rendered":"Comunicado del Consejo Superior U. de Caldas sobre la situaci\u00f3n actual de la Instituci\u00f3n"},"content":{"rendered":"<p>&nbsp;<\/p>\n<p style=\"text-align: center;\"><strong>CONSEJO SUPERIOR DE LA UNIVERSIDAD DE CALDAS.<\/strong><\/p>\n<p style=\"text-align: center;\"><strong>A LA COMUNIDAD UNIVERSITARIA<\/strong><\/p>\n<p style=\"text-align: center;\">\n<p style=\"text-align: center;\"><strong>COMUNICADO 02<\/strong><\/p>\n<p style=\"text-align: center;\">Emisi\u00f3n: 31 de mayo de 2018<\/p>\n<p><strong>\u00a0<\/strong><\/p>\n<p><strong>ASUNTO:\u00a0\u00a0\u00a0\u00a0\u00a0\u00a0 SITUACI\u00d3N ACTUAL DE LA UNIVERSIDAD\u00a0\u00a0\u00a0 <\/strong><\/p>\n<p><img loading=\"lazy\" decoding=\"async\" class=\"alignnone size-full wp-image-41065 aligncenter\" src=\"https:\/\/www.ucaldas.edu.co\/portal\/wp-content\/uploads\/2018\/05\/compagina-compressor.jpg\" alt=\"\" width=\"700\" height=\"400\" srcset=\"https:\/\/www.ucaldas.edu.co\/portal\/wp-content\/uploads\/2018\/05\/compagina-compressor.jpg 700w, https:\/\/www.ucaldas.edu.co\/portal\/wp-content\/uploads\/2018\/05\/compagina-compressor-300x171.jpg 300w\" sizes=\"auto, (max-width: 700px) 100vw, 700px\" \/>En sesi\u00f3n extraordinaria realizada el d\u00eda de hoy, entre las 9:00 a.m. y la 1:30 p.m., en atenci\u00f3n al contenido del art\u00edculo 9, numeral 16, del Estatuto General, \u00a0el Consejo Superior decidi\u00f3 aprobar el contenido del proyecto de acuerdo mediante el cual se reglamenta la elecci\u00f3n de rector, decanos, directores de programa y directores de departamento,\u00a0 elaborado por una comisi\u00f3n designada por esta Corporaci\u00f3n en conjunto con los delegados de la Asamblea General de Profesores, con la presencia de estudiantes miembros del Consejo Acad\u00e9mico.<\/p>\n<p><!--more--><\/p>\n<p>Lo actuado constituye muestra evidente del compromiso por parte de este m\u00e1ximo \u00f3rgano de direcci\u00f3n y de la comunidad acad\u00e9mica, en el sentido de abrir espacios para la ampliaci\u00f3n y profundizaci\u00f3n de la democracia, lo que conlleva a la construcci\u00f3n conjunta de un nuevo Estatuto Electoral, que, de manera incluyente y participativa, determinar\u00e1 los mecanismos a trav\u00e9s de los cuales la comunidad universitaria ser\u00e1 parte activa en la construcci\u00f3n de destino institucional. El plazo definido para la elaboraci\u00f3n colectiva de dicho Estatuto ser\u00e1 de 30 d\u00edas calendario, contados a partir de la promulgaci\u00f3n del Acuerdo aprobado el d\u00eda de hoy.<\/p>\n<p>&nbsp;<\/p>\n<p>Con el se\u00f1or Rector se defini\u00f3 que, desde el Consejo Acad\u00e9mico y dem\u00e1s instancias en facultades, departamentos y programas, se brindar\u00e1n las garant\u00edas necesarias a estudiantes y profesores para culminar de la mejor manera el actual periodo acad\u00e9mico.<\/p>\n<p>&nbsp;<\/p>\n<p>Se hace un llamado respetuoso a la comunidad acad\u00e9mica para que, en correspondencia con lo actuado, se retomen las actividades misionales.<\/p>\n<p>&nbsp;<\/p>\n<p>&nbsp;<\/p>\n<p>&nbsp;<\/p>\n<p>&nbsp;<\/p>\n<p><strong>Juan Guillermo Correa Garc\u00eda<\/strong><\/p>\n<p>Secretario General<\/p>\n<p>Secretario del Consejo<\/p>\n","protected":false},"excerpt":{"rendered":"<p>&nbsp; CONSEJO SUPERIOR DE LA UNIVERSIDAD DE CALDAS. A LA COMUNIDAD UNIVERSITARIA COMUNICADO 02 Emisi\u00f3n: 31 de mayo de 2018 \u00a0 ASUNTO:\u00a0\u00a0\u00a0\u00a0\u00a0\u00a0 SITUACI\u00d3N ACTUAL DE LA UNIVERSIDAD\u00a0\u00a0\u00a0 En sesi\u00f3n extraordinaria realizada el d\u00eda de hoy, entre las 9:00 a.m. y la 1:30 p.m., en atenci\u00f3n al contenido del art\u00edculo 9, numeral 16, del Estatuto General, [&hellip;]<\/p>\n","protected":false},"author":2,"featured_media":41065,"comment_status":"closed","ping_status":"open","sticky":false,"template":"","format":"standard","meta":{"footnotes":""},"categories":[48,53,620],"tags":[],"class_list":["post-41240","post","type-post","status-publish","format-standard","has-post-thumbnail","hentry","category-actualidad","category-universidad-al-dia","category-ucaldas-transparente"],"yoast_head":"<!-- This site is optimized with the Yoast SEO plugin v27.5 - https:\/\/yoast.com\/product\/yoast-seo-wordpress\/ -->\n<title>Comunicado del Consejo Superior U. de Caldas sobre la situaci\u00f3n actual de la Instituci\u00f3n .<\/title>\n<meta name=\"robots\" content=\"index, follow, max-snippet:-1, max-image-preview:large, max-video-preview:-1\" \/>\n<link rel=\"canonical\" href=\"https:\/\/www.ucaldas.edu.co\/portal\/comunicado-del-consejo-superior-u-de-caldas-sobre-la-situacion-actual-de-la-institucion\/\" \/>\n<script type=\"application\/ld+json\" class=\"yoast-schema-graph\">{\"@context\":\"https:\\\/\\\/schema.org\",\"@graph\":[{\"@type\":\"Article\",\"@id\":\"https:\\\/\\\/www.ucaldas.edu.co\\\/portal\\\/comunicado-del-consejo-superior-u-de-caldas-sobre-la-situacion-actual-de-la-institucion\\\/#article\",\"isPartOf\":{\"@id\":\"https:\\\/\\\/www.ucaldas.edu.co\\\/portal\\\/comunicado-del-consejo-superior-u-de-caldas-sobre-la-situacion-actual-de-la-institucion\\\/\"},\"author\":{\"name\":\"ofiprensa\",\"@id\":\"https:\\\/\\\/www.ucaldas.edu.co\\\/portal\\\/#\\\/schema\\\/person\\\/a1b482e23449158b4bc319926c074fdf\"},\"headline\":\"Comunicado del Consejo Superior U. de Caldas sobre la situaci\u00f3n actual de la Instituci\u00f3n\",\"datePublished\":\"2018-05-31T20:03:40+00:00\",\"mainEntityOfPage\":{\"@id\":\"https:\\\/\\\/www.ucaldas.edu.co\\\/portal\\\/comunicado-del-consejo-superior-u-de-caldas-sobre-la-situacion-actual-de-la-institucion\\\/\"},\"wordCount\":324,\"publisher\":{\"@id\":\"https:\\\/\\\/www.ucaldas.edu.co\\\/portal\\\/#organization\"},\"image\":{\"@id\":\"https:\\\/\\\/www.ucaldas.edu.co\\\/portal\\\/comunicado-del-consejo-superior-u-de-caldas-sobre-la-situacion-actual-de-la-institucion\\\/#primaryimage\"},\"thumbnailUrl\":\"https:\\\/\\\/www.ucaldas.edu.co\\\/portal\\\/wp-content\\\/uploads\\\/2018\\\/05\\\/compagina-compressor.jpg\",\"articleSection\":[\"Actualidad\",\"Universidad al D\u00eda\",\"UCaldas Transparente\"],\"inLanguage\":\"es\"},{\"@type\":\"WebPage\",\"@id\":\"https:\\\/\\\/www.ucaldas.edu.co\\\/portal\\\/comunicado-del-consejo-superior-u-de-caldas-sobre-la-situacion-actual-de-la-institucion\\\/\",\"url\":\"https:\\\/\\\/www.ucaldas.edu.co\\\/portal\\\/comunicado-del-consejo-superior-u-de-caldas-sobre-la-situacion-actual-de-la-institucion\\\/\",\"name\":\"Comunicado del Consejo Superior U. de Caldas sobre la situaci\u00f3n actual de la Instituci\u00f3n .\",\"isPartOf\":{\"@id\":\"https:\\\/\\\/www.ucaldas.edu.co\\\/portal\\\/#website\"},\"primaryImageOfPage\":{\"@id\":\"https:\\\/\\\/www.ucaldas.edu.co\\\/portal\\\/comunicado-del-consejo-superior-u-de-caldas-sobre-la-situacion-actual-de-la-institucion\\\/#primaryimage\"},\"image\":{\"@id\":\"https:\\\/\\\/www.ucaldas.edu.co\\\/portal\\\/comunicado-del-consejo-superior-u-de-caldas-sobre-la-situacion-actual-de-la-institucion\\\/#primaryimage\"},\"thumbnailUrl\":\"https:\\\/\\\/www.ucaldas.edu.co\\\/portal\\\/wp-content\\\/uploads\\\/2018\\\/05\\\/compagina-compressor.jpg\",\"datePublished\":\"2018-05-31T20:03:40+00:00\",\"breadcrumb\":{\"@id\":\"https:\\\/\\\/www.ucaldas.edu.co\\\/portal\\\/comunicado-del-consejo-superior-u-de-caldas-sobre-la-situacion-actual-de-la-institucion\\\/#breadcrumb\"},\"inLanguage\":\"es\",\"potentialAction\":[{\"@type\":\"ReadAction\",\"target\":[\"https:\\\/\\\/www.ucaldas.edu.co\\\/portal\\\/comunicado-del-consejo-superior-u-de-caldas-sobre-la-situacion-actual-de-la-institucion\\\/\"]}]},{\"@type\":\"ImageObject\",\"inLanguage\":\"es\",\"@id\":\"https:\\\/\\\/www.ucaldas.edu.co\\\/portal\\\/comunicado-del-consejo-superior-u-de-caldas-sobre-la-situacion-actual-de-la-institucion\\\/#primaryimage\",\"url\":\"https:\\\/\\\/www.ucaldas.edu.co\\\/portal\\\/wp-content\\\/uploads\\\/2018\\\/05\\\/compagina-compressor.jpg\",\"contentUrl\":\"https:\\\/\\\/www.ucaldas.edu.co\\\/portal\\\/wp-content\\\/uploads\\\/2018\\\/05\\\/compagina-compressor.jpg\",\"width\":700,\"height\":400},{\"@type\":\"BreadcrumbList\",\"@id\":\"https:\\\/\\\/www.ucaldas.edu.co\\\/portal\\\/comunicado-del-consejo-superior-u-de-caldas-sobre-la-situacion-actual-de-la-institucion\\\/#breadcrumb\",\"itemListElement\":[{\"@type\":\"ListItem\",\"position\":1,\"name\":\"Portada\",\"item\":\"https:\\\/\\\/www.ucaldas.edu.co\\\/portal\\\/\"},{\"@type\":\"ListItem\",\"position\":2,\"name\":\"Comunicado del Consejo Superior U. de Caldas sobre la situaci\u00f3n actual de la Instituci\u00f3n\"}]},{\"@type\":\"WebSite\",\"@id\":\"https:\\\/\\\/www.ucaldas.edu.co\\\/portal\\\/#website\",\"url\":\"https:\\\/\\\/www.ucaldas.edu.co\\\/portal\\\/\",\"name\":\"Universidad de Caldas\",\"description\":\"\",\"publisher\":{\"@id\":\"https:\\\/\\\/www.ucaldas.edu.co\\\/portal\\\/#organization\"},\"alternateName\":\"U. de Caldas\",\"potentialAction\":[{\"@type\":\"SearchAction\",\"target\":{\"@type\":\"EntryPoint\",\"urlTemplate\":\"https:\\\/\\\/www.ucaldas.edu.co\\\/portal\\\/?s={search_term_string}\"},\"query-input\":{\"@type\":\"PropertyValueSpecification\",\"valueRequired\":true,\"valueName\":\"search_term_string\"}}],\"inLanguage\":\"es\"},{\"@type\":\"Organization\",\"@id\":\"https:\\\/\\\/www.ucaldas.edu.co\\\/portal\\\/#organization\",\"name\":\"Universidad de Caldas\",\"alternateName\":\"U. de Caldas\",\"url\":\"https:\\\/\\\/www.ucaldas.edu.co\\\/portal\\\/\",\"logo\":{\"@type\":\"ImageObject\",\"inLanguage\":\"es\",\"@id\":\"https:\\\/\\\/www.ucaldas.edu.co\\\/portal\\\/#\\\/schema\\\/logo\\\/image\\\/\",\"url\":\"https:\\\/\\\/www.ucaldas.edu.co\\\/portal\\\/wp-content\\\/uploads\\\/2023\\\/11\\\/Logo_horizontal_oscuroU-2023.png\",\"contentUrl\":\"https:\\\/\\\/www.ucaldas.edu.co\\\/portal\\\/wp-content\\\/uploads\\\/2023\\\/11\\\/Logo_horizontal_oscuroU-2023.png\",\"width\":263,\"height\":101,\"caption\":\"Universidad de Caldas\"},\"image\":{\"@id\":\"https:\\\/\\\/www.ucaldas.edu.co\\\/portal\\\/#\\\/schema\\\/logo\\\/image\\\/\"},\"sameAs\":[\"https:\\\/\\\/www.facebook.com\\\/udecaldas\",\"https:\\\/\\\/x.com\\\/udecaldas\",\"https:\\\/\\\/www.youtube.com\\\/universidadcaldas\",\"https:\\\/\\\/www.instagram.com\\\/udecaldas\\\/\"]},{\"@type\":\"Person\",\"@id\":\"https:\\\/\\\/www.ucaldas.edu.co\\\/portal\\\/#\\\/schema\\\/person\\\/a1b482e23449158b4bc319926c074fdf\",\"name\":\"ofiprensa\",\"image\":{\"@type\":\"ImageObject\",\"inLanguage\":\"es\",\"@id\":\"https:\\\/\\\/www.ucaldas.edu.co\\\/portal\\\/wp-content\\\/litespeed\\\/avatar\\\/09ea5085e600095a7a811142c6944527.jpg?ver=1777497608\",\"url\":\"https:\\\/\\\/www.ucaldas.edu.co\\\/portal\\\/wp-content\\\/litespeed\\\/avatar\\\/09ea5085e600095a7a811142c6944527.jpg?ver=1777497608\",\"contentUrl\":\"https:\\\/\\\/www.ucaldas.edu.co\\\/portal\\\/wp-content\\\/litespeed\\\/avatar\\\/09ea5085e600095a7a811142c6944527.jpg?ver=1777497608\",\"caption\":\"ofiprensa\"},\"url\":\"https:\\\/\\\/www.ucaldas.edu.co\\\/portal\\\/author\\\/ofiprensa\\\/\"}]}<\/script>\n<!-- \/ Yoast SEO plugin. -->","yoast_head_json":{"title":"Comunicado del Consejo Superior U. de Caldas sobre la situaci\u00f3n actual de la Instituci\u00f3n .","robots":{"index":"index","follow":"follow","max-snippet":"max-snippet:-1","max-image-preview":"max-image-preview:large","max-video-preview":"max-video-preview:-1"},"canonical":"https:\/\/www.ucaldas.edu.co\/portal\/comunicado-del-consejo-superior-u-de-caldas-sobre-la-situacion-actual-de-la-institucion\/","schema":{"@context":"https:\/\/schema.org","@graph":[{"@type":"Article","@id":"https:\/\/www.ucaldas.edu.co\/portal\/comunicado-del-consejo-superior-u-de-caldas-sobre-la-situacion-actual-de-la-institucion\/#article","isPartOf":{"@id":"https:\/\/www.ucaldas.edu.co\/portal\/comunicado-del-consejo-superior-u-de-caldas-sobre-la-situacion-actual-de-la-institucion\/"},"author":{"name":"ofiprensa","@id":"https:\/\/www.ucaldas.edu.co\/portal\/#\/schema\/person\/a1b482e23449158b4bc319926c074fdf"},"headline":"Comunicado del Consejo Superior U. de Caldas sobre la situaci\u00f3n actual de la Instituci\u00f3n","datePublished":"2018-05-31T20:03:40+00:00","mainEntityOfPage":{"@id":"https:\/\/www.ucaldas.edu.co\/portal\/comunicado-del-consejo-superior-u-de-caldas-sobre-la-situacion-actual-de-la-institucion\/"},"wordCount":324,"publisher":{"@id":"https:\/\/www.ucaldas.edu.co\/portal\/#organization"},"image":{"@id":"https:\/\/www.ucaldas.edu.co\/portal\/comunicado-del-consejo-superior-u-de-caldas-sobre-la-situacion-actual-de-la-institucion\/#primaryimage"},"thumbnailUrl":"https:\/\/www.ucaldas.edu.co\/portal\/wp-content\/uploads\/2018\/05\/compagina-compressor.jpg","articleSection":["Actualidad","Universidad al D\u00eda","UCaldas Transparente"],"inLanguage":"es"},{"@type":"WebPage","@id":"https:\/\/www.ucaldas.edu.co\/portal\/comunicado-del-consejo-superior-u-de-caldas-sobre-la-situacion-actual-de-la-institucion\/","url":"https:\/\/www.ucaldas.edu.co\/portal\/comunicado-del-consejo-superior-u-de-caldas-sobre-la-situacion-actual-de-la-institucion\/","name":"Comunicado del Consejo Superior U. de Caldas sobre la situaci\u00f3n actual de la Instituci\u00f3n .","isPartOf":{"@id":"https:\/\/www.ucaldas.edu.co\/portal\/#website"},"primaryImageOfPage":{"@id":"https:\/\/www.ucaldas.edu.co\/portal\/comunicado-del-consejo-superior-u-de-caldas-sobre-la-situacion-actual-de-la-institucion\/#primaryimage"},"image":{"@id":"https:\/\/www.ucaldas.edu.co\/portal\/comunicado-del-consejo-superior-u-de-caldas-sobre-la-situacion-actual-de-la-institucion\/#primaryimage"},"thumbnailUrl":"https:\/\/www.ucaldas.edu.co\/portal\/wp-content\/uploads\/2018\/05\/compagina-compressor.jpg","datePublished":"2018-05-31T20:03:40+00:00","breadcrumb":{"@id":"https:\/\/www.ucaldas.edu.co\/portal\/comunicado-del-consejo-superior-u-de-caldas-sobre-la-situacion-actual-de-la-institucion\/#breadcrumb"},"inLanguage":"es","potentialAction":[{"@type":"ReadAction","target":["https:\/\/www.ucaldas.edu.co\/portal\/comunicado-del-consejo-superior-u-de-caldas-sobre-la-situacion-actual-de-la-institucion\/"]}]},{"@type":"ImageObject","inLanguage":"es","@id":"https:\/\/www.ucaldas.edu.co\/portal\/comunicado-del-consejo-superior-u-de-caldas-sobre-la-situacion-actual-de-la-institucion\/#primaryimage","url":"https:\/\/www.ucaldas.edu.co\/portal\/wp-content\/uploads\/2018\/05\/compagina-compressor.jpg","contentUrl":"https:\/\/www.ucaldas.edu.co\/portal\/wp-content\/uploads\/2018\/05\/compagina-compressor.jpg","width":700,"height":400},{"@type":"BreadcrumbList","@id":"https:\/\/www.ucaldas.edu.co\/portal\/comunicado-del-consejo-superior-u-de-caldas-sobre-la-situacion-actual-de-la-institucion\/#breadcrumb","itemListElement":[{"@type":"ListItem","position":1,"name":"Portada","item":"https:\/\/www.ucaldas.edu.co\/portal\/"},{"@type":"ListItem","position":2,"name":"Comunicado del Consejo Superior U. de Caldas sobre la situaci\u00f3n actual de la Instituci\u00f3n"}]},{"@type":"WebSite","@id":"https:\/\/www.ucaldas.edu.co\/portal\/#website","url":"https:\/\/www.ucaldas.edu.co\/portal\/","name":"Universidad de Caldas","description":"","publisher":{"@id":"https:\/\/www.ucaldas.edu.co\/portal\/#organization"},"alternateName":"U. de Caldas","potentialAction":[{"@type":"SearchAction","target":{"@type":"EntryPoint","urlTemplate":"https:\/\/www.ucaldas.edu.co\/portal\/?s={search_term_string}"},"query-input":{"@type":"PropertyValueSpecification","valueRequired":true,"valueName":"search_term_string"}}],"inLanguage":"es"},{"@type":"Organization","@id":"https:\/\/www.ucaldas.edu.co\/portal\/#organization","name":"Universidad de Caldas","alternateName":"U. de Caldas","url":"https:\/\/www.ucaldas.edu.co\/portal\/","logo":{"@type":"ImageObject","inLanguage":"es","@id":"https:\/\/www.ucaldas.edu.co\/portal\/#\/schema\/logo\/image\/","url":"https:\/\/www.ucaldas.edu.co\/portal\/wp-content\/uploads\/2023\/11\/Logo_horizontal_oscuroU-2023.png","contentUrl":"https:\/\/www.ucaldas.edu.co\/portal\/wp-content\/uploads\/2023\/11\/Logo_horizontal_oscuroU-2023.png","width":263,"height":101,"caption":"Universidad de Caldas"},"image":{"@id":"https:\/\/www.ucaldas.edu.co\/portal\/#\/schema\/logo\/image\/"},"sameAs":["https:\/\/www.facebook.com\/udecaldas","https:\/\/x.com\/udecaldas","https:\/\/www.youtube.com\/universidadcaldas","https:\/\/www.instagram.com\/udecaldas\/"]},{"@type":"Person","@id":"https:\/\/www.ucaldas.edu.co\/portal\/#\/schema\/person\/a1b482e23449158b4bc319926c074fdf","name":"ofiprensa","image":{"@type":"ImageObject","inLanguage":"es","@id":"https:\/\/www.ucaldas.edu.co\/portal\/wp-content\/litespeed\/avatar\/09ea5085e600095a7a811142c6944527.jpg?ver=1777497608","url":"https:\/\/www.ucaldas.edu.co\/portal\/wp-content\/litespeed\/avatar\/09ea5085e600095a7a811142c6944527.jpg?ver=1777497608","contentUrl":"https:\/\/www.ucaldas.edu.co\/portal\/wp-content\/litespeed\/avatar\/09ea5085e600095a7a811142c6944527.jpg?ver=1777497608","caption":"ofiprensa"},"url":"https:\/\/www.ucaldas.edu.co\/portal\/author\/ofiprensa\/"}]}},"_links":{"self":[{"href":"https:\/\/www.ucaldas.edu.co\/portal\/wp-json\/wp\/v2\/posts\/41240","targetHints":{"allow":["GET"]}}],"collection":[{"href":"https:\/\/www.ucaldas.edu.co\/portal\/wp-json\/wp\/v2\/posts"}],"about":[{"href":"https:\/\/www.ucaldas.edu.co\/portal\/wp-json\/wp\/v2\/types\/post"}],"author":[{"embeddable":true,"href":"https:\/\/www.ucaldas.edu.co\/portal\/wp-json\/wp\/v2\/users\/2"}],"replies":[{"embeddable":true,"href":"https:\/\/www.ucaldas.edu.co\/portal\/wp-json\/wp\/v2\/comments?post=41240"}],"version-history":[{"count":0,"href":"https:\/\/www.ucaldas.edu.co\/portal\/wp-json\/wp\/v2\/posts\/41240\/revisions"}],"wp:featuredmedia":[{"embeddable":true,"href":"https:\/\/www.ucaldas.edu.co\/portal\/wp-json\/wp\/v2\/media\/41065"}],"wp:attachment":[{"href":"https:\/\/www.ucaldas.edu.co\/portal\/wp-json\/wp\/v2\/media?parent=41240"}],"wp:term":[{"taxonomy":"category","embeddable":true,"href":"https:\/\/www.ucaldas.edu.co\/portal\/wp-json\/wp\/v2\/categories?post=41240"},{"taxonomy":"post_tag","embeddable":true,"href":"https:\/\/www.ucaldas.edu.co\/portal\/wp-json\/wp\/v2\/tags?post=41240"}],"curies":[{"name":"wp","href":"https:\/\/api.w.org\/{rel}","templated":true}]}}