{"id":41234,"date":"2018-05-30T22:03:03","date_gmt":"2018-05-30T22:03:03","guid":{"rendered":"https:\/\/www.ucaldas.edu.co\/portal\/?p=41234"},"modified":"2018-05-30T22:03:03","modified_gmt":"2018-05-30T22:03:03","slug":"segundo-encuentro-en-colombia-de-la-red-iberoamericana-de-investigadores-en-paz-imperfecta-comenzara-este-31-de-mayo","status":"publish","type":"post","link":"https:\/\/www.ucaldas.edu.co\/portal\/segundo-encuentro-en-colombia-de-la-red-iberoamericana-de-investigadores-en-paz-imperfecta-comenzara-este-31-de-mayo\/","title":{"rendered":"Segundo Encuentro en Colombia de la Red Iberoamericana de Investigadores en Paz Imperfecta comenzar\u00e1 este 31 de mayo"},"content":{"rendered":"<p style=\"text-align: center;\">EN EL AUDITORIO TULIO G\u00d3MEZ ESTRADA DEL CAMPUS PALOGRANDE DE LA U. DE CALDAS<\/p>\n<p style=\"text-align: center;\"><strong>Segundo<\/strong><strong> Encuentro en Colombia de la Red Iberoamericana de Investigadores en Paz Imperfecta comenzar\u00e1 este 31 de mayo<\/strong><\/p>\n<p style=\"text-align: right;\">30\/05\/2018<\/p>\n<p><strong><img loading=\"lazy\" decoding=\"async\" class=\"alignnone size-full wp-image-41235 aligncenter\" src=\"https:\/\/www.ucaldas.edu.co\/portal\/wp-content\/uploads\/2018\/05\/eventopaz-compressor-1.jpg\" alt=\"\" width=\"700\" height=\"400\" srcset=\"https:\/\/www.ucaldas.edu.co\/portal\/wp-content\/uploads\/2018\/05\/eventopaz-compressor-1.jpg 700w, https:\/\/www.ucaldas.edu.co\/portal\/wp-content\/uploads\/2018\/05\/eventopaz-compressor-1-300x171.jpg 300w\" sizes=\"auto, (max-width: 700px) 100vw, 700px\" \/>Este 31 de mayo y el 1 de junio del 2018 en el Auditorio Tulio G\u00f3mez Estrada del Campus Palogrande<\/strong> de la Universidad de Caldas se llevar\u00e1 a cabo el <strong>II Encuentro en Colombia de la Red Iberoamericana de Investigadores en Paz Imperfecta<\/strong>.<\/p>\n<p><!--more--><\/p>\n<p>Este es un evento apoyado por Vicerrector\u00eda de Proyecci\u00f3n Universitaria, Facultad de Ciencias Jur\u00eddicas y Sociales, Departamento de Econom\u00eda y Administraci\u00f3n, y Maestr\u00eda en Ciencias Sociales de la U. de Caldas, junto al Centro Internacional de Educaci\u00f3n y Desarrollo Humano (Cinde).<\/p>\n<p>&nbsp;<\/p>\n<p>El <strong>objetivo es propiciar un encuentro acad\u00e9mico de investigadores <\/strong>cuyos trabajos examinan las capacidades creadoras y las acciones pacifistas de personas y organizaciones desatadas aun en medio de conflictos y violencias.<\/p>\n<p>&nbsp;<\/p>\n<p><a href=\"https:\/\/www.ucaldas.edu.co\/portal\/wp-content\/uploads\/2018\/05\/programacio%CC%81n2.pdf\">Conozca aqu\u00ed la agenda del encuentro<\/a><\/p>\n<p>&nbsp;<\/p>\n<p><strong>Informes: <\/strong>Oficina de Comunicaciones y Prensa U. de Caldas, tel\u00e9fono 878 15 00 extensi\u00f3n 12 167.<\/p>\n<p><strong>Redacci\u00f3n:<\/strong> Margarita Laverde<\/p>\n<p>&nbsp;<\/p>\n","protected":false},"excerpt":{"rendered":"<p>EN EL AUDITORIO TULIO G\u00d3MEZ ESTRADA DEL CAMPUS PALOGRANDE DE LA U. DE CALDAS Segundo Encuentro en Colombia de la Red Iberoamericana de Investigadores en Paz Imperfecta comenzar\u00e1 este 31 de mayo 30\/05\/2018 Este 31 de mayo y el 1 de junio del 2018 en el Auditorio Tulio G\u00f3mez Estrada del Campus Palogrande de la [&hellip;]<\/p>\n","protected":false},"author":2,"featured_media":41235,"comment_status":"closed","ping_status":"open","sticky":false,"template":"","format":"standard","meta":{"footnotes":""},"categories":[48,53,617],"tags":[2724,2725,55,63,68,178],"class_list":["post-41234","post","type-post","status-publish","format-standard","has-post-thumbnail","hentry","category-actualidad","category-universidad-al-dia","category-ucaldas-colaborativa","tag-paz-imperfecta","tag-red-iberoamericana-de-investigadores-en-paz-imperfecta","tag-academia","tag-participe","tag-invitado","tag-encuentro"],"yoast_head":"<!-- This site is optimized with the Yoast SEO plugin v27.5 - https:\/\/yoast.com\/product\/yoast-seo-wordpress\/ -->\n<title>Segundo Encuentro en Colombia de la Red Iberoamericana de Investigadores en Paz Imperfecta comenzar\u00e1 este 31 de mayo .<\/title>\n<meta name=\"robots\" content=\"index, follow, max-snippet:-1, max-image-preview:large, max-video-preview:-1\" \/>\n<link rel=\"canonical\" href=\"https:\/\/www.ucaldas.edu.co\/portal\/segundo-encuentro-en-colombia-de-la-red-iberoamericana-de-investigadores-en-paz-imperfecta-comenzara-este-31-de-mayo\/\" \/>\n<script type=\"application\/ld+json\" class=\"yoast-schema-graph\">{\"@context\":\"https:\\\/\\\/schema.org\",\"@graph\":[{\"@type\":\"Article\",\"@id\":\"https:\\\/\\\/www.ucaldas.edu.co\\\/portal\\\/segundo-encuentro-en-colombia-de-la-red-iberoamericana-de-investigadores-en-paz-imperfecta-comenzara-este-31-de-mayo\\\/#article\",\"isPartOf\":{\"@id\":\"https:\\\/\\\/www.ucaldas.edu.co\\\/portal\\\/segundo-encuentro-en-colombia-de-la-red-iberoamericana-de-investigadores-en-paz-imperfecta-comenzara-este-31-de-mayo\\\/\"},\"author\":{\"name\":\"ofiprensa\",\"@id\":\"https:\\\/\\\/www.ucaldas.edu.co\\\/portal\\\/#\\\/schema\\\/person\\\/a1b482e23449158b4bc319926c074fdf\"},\"headline\":\"Segundo Encuentro en Colombia de la Red Iberoamericana de Investigadores en Paz Imperfecta comenzar\u00e1 este 31 de mayo\",\"datePublished\":\"2018-05-30T22:03:03+00:00\",\"mainEntityOfPage\":{\"@id\":\"https:\\\/\\\/www.ucaldas.edu.co\\\/portal\\\/segundo-encuentro-en-colombia-de-la-red-iberoamericana-de-investigadores-en-paz-imperfecta-comenzara-este-31-de-mayo\\\/\"},\"wordCount\":197,\"publisher\":{\"@id\":\"https:\\\/\\\/www.ucaldas.edu.co\\\/portal\\\/#organization\"},\"image\":{\"@id\":\"https:\\\/\\\/www.ucaldas.edu.co\\\/portal\\\/segundo-encuentro-en-colombia-de-la-red-iberoamericana-de-investigadores-en-paz-imperfecta-comenzara-este-31-de-mayo\\\/#primaryimage\"},\"thumbnailUrl\":\"https:\\\/\\\/www.ucaldas.edu.co\\\/portal\\\/wp-content\\\/uploads\\\/2018\\\/05\\\/eventopaz-compressor-1.jpg\",\"keywords\":[\"paz imperfecta\",\"Red Iberoamericana de Investigadores en Paz Imperfecta\",\"academia\",\"Participe\",\"invitado\",\"encuentro\"],\"articleSection\":[\"Actualidad\",\"Universidad al D\u00eda\",\"UCaldas Colaborativa\"],\"inLanguage\":\"es\"},{\"@type\":\"WebPage\",\"@id\":\"https:\\\/\\\/www.ucaldas.edu.co\\\/portal\\\/segundo-encuentro-en-colombia-de-la-red-iberoamericana-de-investigadores-en-paz-imperfecta-comenzara-este-31-de-mayo\\\/\",\"url\":\"https:\\\/\\\/www.ucaldas.edu.co\\\/portal\\\/segundo-encuentro-en-colombia-de-la-red-iberoamericana-de-investigadores-en-paz-imperfecta-comenzara-este-31-de-mayo\\\/\",\"name\":\"Segundo Encuentro en Colombia de la Red Iberoamericana de Investigadores en Paz Imperfecta comenzar\u00e1 este 31 de mayo .\",\"isPartOf\":{\"@id\":\"https:\\\/\\\/www.ucaldas.edu.co\\\/portal\\\/#website\"},\"primaryImageOfPage\":{\"@id\":\"https:\\\/\\\/www.ucaldas.edu.co\\\/portal\\\/segundo-encuentro-en-colombia-de-la-red-iberoamericana-de-investigadores-en-paz-imperfecta-comenzara-este-31-de-mayo\\\/#primaryimage\"},\"image\":{\"@id\":\"https:\\\/\\\/www.ucaldas.edu.co\\\/portal\\\/segundo-encuentro-en-colombia-de-la-red-iberoamericana-de-investigadores-en-paz-imperfecta-comenzara-este-31-de-mayo\\\/#primaryimage\"},\"thumbnailUrl\":\"https:\\\/\\\/www.ucaldas.edu.co\\\/portal\\\/wp-content\\\/uploads\\\/2018\\\/05\\\/eventopaz-compressor-1.jpg\",\"datePublished\":\"2018-05-30T22:03:03+00:00\",\"breadcrumb\":{\"@id\":\"https:\\\/\\\/www.ucaldas.edu.co\\\/portal\\\/segundo-encuentro-en-colombia-de-la-red-iberoamericana-de-investigadores-en-paz-imperfecta-comenzara-este-31-de-mayo\\\/#breadcrumb\"},\"inLanguage\":\"es\",\"potentialAction\":[{\"@type\":\"ReadAction\",\"target\":[\"https:\\\/\\\/www.ucaldas.edu.co\\\/portal\\\/segundo-encuentro-en-colombia-de-la-red-iberoamericana-de-investigadores-en-paz-imperfecta-comenzara-este-31-de-mayo\\\/\"]}]},{\"@type\":\"ImageObject\",\"inLanguage\":\"es\",\"@id\":\"https:\\\/\\\/www.ucaldas.edu.co\\\/portal\\\/segundo-encuentro-en-colombia-de-la-red-iberoamericana-de-investigadores-en-paz-imperfecta-comenzara-este-31-de-mayo\\\/#primaryimage\",\"url\":\"https:\\\/\\\/www.ucaldas.edu.co\\\/portal\\\/wp-content\\\/uploads\\\/2018\\\/05\\\/eventopaz-compressor-1.jpg\",\"contentUrl\":\"https:\\\/\\\/www.ucaldas.edu.co\\\/portal\\\/wp-content\\\/uploads\\\/2018\\\/05\\\/eventopaz-compressor-1.jpg\",\"width\":700,\"height\":400},{\"@type\":\"BreadcrumbList\",\"@id\":\"https:\\\/\\\/www.ucaldas.edu.co\\\/portal\\\/segundo-encuentro-en-colombia-de-la-red-iberoamericana-de-investigadores-en-paz-imperfecta-comenzara-este-31-de-mayo\\\/#breadcrumb\",\"itemListElement\":[{\"@type\":\"ListItem\",\"position\":1,\"name\":\"Portada\",\"item\":\"https:\\\/\\\/www.ucaldas.edu.co\\\/portal\\\/\"},{\"@type\":\"ListItem\",\"position\":2,\"name\":\"Segundo Encuentro en Colombia de la Red Iberoamericana de Investigadores en Paz Imperfecta comenzar\u00e1 este 31 de mayo\"}]},{\"@type\":\"WebSite\",\"@id\":\"https:\\\/\\\/www.ucaldas.edu.co\\\/portal\\\/#website\",\"url\":\"https:\\\/\\\/www.ucaldas.edu.co\\\/portal\\\/\",\"name\":\"Universidad de Caldas\",\"description\":\"\",\"publisher\":{\"@id\":\"https:\\\/\\\/www.ucaldas.edu.co\\\/portal\\\/#organization\"},\"alternateName\":\"U. de Caldas\",\"potentialAction\":[{\"@type\":\"SearchAction\",\"target\":{\"@type\":\"EntryPoint\",\"urlTemplate\":\"https:\\\/\\\/www.ucaldas.edu.co\\\/portal\\\/?s={search_term_string}\"},\"query-input\":{\"@type\":\"PropertyValueSpecification\",\"valueRequired\":true,\"valueName\":\"search_term_string\"}}],\"inLanguage\":\"es\"},{\"@type\":\"Organization\",\"@id\":\"https:\\\/\\\/www.ucaldas.edu.co\\\/portal\\\/#organization\",\"name\":\"Universidad de Caldas\",\"alternateName\":\"U. de Caldas\",\"url\":\"https:\\\/\\\/www.ucaldas.edu.co\\\/portal\\\/\",\"logo\":{\"@type\":\"ImageObject\",\"inLanguage\":\"es\",\"@id\":\"https:\\\/\\\/www.ucaldas.edu.co\\\/portal\\\/#\\\/schema\\\/logo\\\/image\\\/\",\"url\":\"https:\\\/\\\/www.ucaldas.edu.co\\\/portal\\\/wp-content\\\/uploads\\\/2023\\\/11\\\/Logo_horizontal_oscuroU-2023.png\",\"contentUrl\":\"https:\\\/\\\/www.ucaldas.edu.co\\\/portal\\\/wp-content\\\/uploads\\\/2023\\\/11\\\/Logo_horizontal_oscuroU-2023.png\",\"width\":263,\"height\":101,\"caption\":\"Universidad de Caldas\"},\"image\":{\"@id\":\"https:\\\/\\\/www.ucaldas.edu.co\\\/portal\\\/#\\\/schema\\\/logo\\\/image\\\/\"},\"sameAs\":[\"https:\\\/\\\/www.facebook.com\\\/udecaldas\",\"https:\\\/\\\/x.com\\\/udecaldas\",\"https:\\\/\\\/www.youtube.com\\\/universidadcaldas\",\"https:\\\/\\\/www.instagram.com\\\/udecaldas\\\/\"]},{\"@type\":\"Person\",\"@id\":\"https:\\\/\\\/www.ucaldas.edu.co\\\/portal\\\/#\\\/schema\\\/person\\\/a1b482e23449158b4bc319926c074fdf\",\"name\":\"ofiprensa\",\"image\":{\"@type\":\"ImageObject\",\"inLanguage\":\"es\",\"@id\":\"https:\\\/\\\/www.ucaldas.edu.co\\\/portal\\\/wp-content\\\/litespeed\\\/avatar\\\/09ea5085e600095a7a811142c6944527.jpg?ver=1777497608\",\"url\":\"https:\\\/\\\/www.ucaldas.edu.co\\\/portal\\\/wp-content\\\/litespeed\\\/avatar\\\/09ea5085e600095a7a811142c6944527.jpg?ver=1777497608\",\"contentUrl\":\"https:\\\/\\\/www.ucaldas.edu.co\\\/portal\\\/wp-content\\\/litespeed\\\/avatar\\\/09ea5085e600095a7a811142c6944527.jpg?ver=1777497608\",\"caption\":\"ofiprensa\"},\"url\":\"https:\\\/\\\/www.ucaldas.edu.co\\\/portal\\\/author\\\/ofiprensa\\\/\"}]}<\/script>\n<!-- \/ Yoast SEO plugin. -->","yoast_head_json":{"title":"Segundo Encuentro en Colombia de la Red Iberoamericana de Investigadores en Paz Imperfecta comenzar\u00e1 este 31 de mayo .","robots":{"index":"index","follow":"follow","max-snippet":"max-snippet:-1","max-image-preview":"max-image-preview:large","max-video-preview":"max-video-preview:-1"},"canonical":"https:\/\/www.ucaldas.edu.co\/portal\/segundo-encuentro-en-colombia-de-la-red-iberoamericana-de-investigadores-en-paz-imperfecta-comenzara-este-31-de-mayo\/","schema":{"@context":"https:\/\/schema.org","@graph":[{"@type":"Article","@id":"https:\/\/www.ucaldas.edu.co\/portal\/segundo-encuentro-en-colombia-de-la-red-iberoamericana-de-investigadores-en-paz-imperfecta-comenzara-este-31-de-mayo\/#article","isPartOf":{"@id":"https:\/\/www.ucaldas.edu.co\/portal\/segundo-encuentro-en-colombia-de-la-red-iberoamericana-de-investigadores-en-paz-imperfecta-comenzara-este-31-de-mayo\/"},"author":{"name":"ofiprensa","@id":"https:\/\/www.ucaldas.edu.co\/portal\/#\/schema\/person\/a1b482e23449158b4bc319926c074fdf"},"headline":"Segundo Encuentro en Colombia de la Red Iberoamericana de Investigadores en Paz Imperfecta comenzar\u00e1 este 31 de mayo","datePublished":"2018-05-30T22:03:03+00:00","mainEntityOfPage":{"@id":"https:\/\/www.ucaldas.edu.co\/portal\/segundo-encuentro-en-colombia-de-la-red-iberoamericana-de-investigadores-en-paz-imperfecta-comenzara-este-31-de-mayo\/"},"wordCount":197,"publisher":{"@id":"https:\/\/www.ucaldas.edu.co\/portal\/#organization"},"image":{"@id":"https:\/\/www.ucaldas.edu.co\/portal\/segundo-encuentro-en-colombia-de-la-red-iberoamericana-de-investigadores-en-paz-imperfecta-comenzara-este-31-de-mayo\/#primaryimage"},"thumbnailUrl":"https:\/\/www.ucaldas.edu.co\/portal\/wp-content\/uploads\/2018\/05\/eventopaz-compressor-1.jpg","keywords":["paz imperfecta","Red Iberoamericana de Investigadores en Paz Imperfecta","academia","Participe","invitado","encuentro"],"articleSection":["Actualidad","Universidad al D\u00eda","UCaldas Colaborativa"],"inLanguage":"es"},{"@type":"WebPage","@id":"https:\/\/www.ucaldas.edu.co\/portal\/segundo-encuentro-en-colombia-de-la-red-iberoamericana-de-investigadores-en-paz-imperfecta-comenzara-este-31-de-mayo\/","url":"https:\/\/www.ucaldas.edu.co\/portal\/segundo-encuentro-en-colombia-de-la-red-iberoamericana-de-investigadores-en-paz-imperfecta-comenzara-este-31-de-mayo\/","name":"Segundo Encuentro en Colombia de la Red Iberoamericana de Investigadores en Paz Imperfecta comenzar\u00e1 este 31 de mayo .","isPartOf":{"@id":"https:\/\/www.ucaldas.edu.co\/portal\/#website"},"primaryImageOfPage":{"@id":"https:\/\/www.ucaldas.edu.co\/portal\/segundo-encuentro-en-colombia-de-la-red-iberoamericana-de-investigadores-en-paz-imperfecta-comenzara-este-31-de-mayo\/#primaryimage"},"image":{"@id":"https:\/\/www.ucaldas.edu.co\/portal\/segundo-encuentro-en-colombia-de-la-red-iberoamericana-de-investigadores-en-paz-imperfecta-comenzara-este-31-de-mayo\/#primaryimage"},"thumbnailUrl":"https:\/\/www.ucaldas.edu.co\/portal\/wp-content\/uploads\/2018\/05\/eventopaz-compressor-1.jpg","datePublished":"2018-05-30T22:03:03+00:00","breadcrumb":{"@id":"https:\/\/www.ucaldas.edu.co\/portal\/segundo-encuentro-en-colombia-de-la-red-iberoamericana-de-investigadores-en-paz-imperfecta-comenzara-este-31-de-mayo\/#breadcrumb"},"inLanguage":"es","potentialAction":[{"@type":"ReadAction","target":["https:\/\/www.ucaldas.edu.co\/portal\/segundo-encuentro-en-colombia-de-la-red-iberoamericana-de-investigadores-en-paz-imperfecta-comenzara-este-31-de-mayo\/"]}]},{"@type":"ImageObject","inLanguage":"es","@id":"https:\/\/www.ucaldas.edu.co\/portal\/segundo-encuentro-en-colombia-de-la-red-iberoamericana-de-investigadores-en-paz-imperfecta-comenzara-este-31-de-mayo\/#primaryimage","url":"https:\/\/www.ucaldas.edu.co\/portal\/wp-content\/uploads\/2018\/05\/eventopaz-compressor-1.jpg","contentUrl":"https:\/\/www.ucaldas.edu.co\/portal\/wp-content\/uploads\/2018\/05\/eventopaz-compressor-1.jpg","width":700,"height":400},{"@type":"BreadcrumbList","@id":"https:\/\/www.ucaldas.edu.co\/portal\/segundo-encuentro-en-colombia-de-la-red-iberoamericana-de-investigadores-en-paz-imperfecta-comenzara-este-31-de-mayo\/#breadcrumb","itemListElement":[{"@type":"ListItem","position":1,"name":"Portada","item":"https:\/\/www.ucaldas.edu.co\/portal\/"},{"@type":"ListItem","position":2,"name":"Segundo Encuentro en Colombia de la Red Iberoamericana de Investigadores en Paz Imperfecta comenzar\u00e1 este 31 de mayo"}]},{"@type":"WebSite","@id":"https:\/\/www.ucaldas.edu.co\/portal\/#website","url":"https:\/\/www.ucaldas.edu.co\/portal\/","name":"Universidad de Caldas","description":"","publisher":{"@id":"https:\/\/www.ucaldas.edu.co\/portal\/#organization"},"alternateName":"U. de Caldas","potentialAction":[{"@type":"SearchAction","target":{"@type":"EntryPoint","urlTemplate":"https:\/\/www.ucaldas.edu.co\/portal\/?s={search_term_string}"},"query-input":{"@type":"PropertyValueSpecification","valueRequired":true,"valueName":"search_term_string"}}],"inLanguage":"es"},{"@type":"Organization","@id":"https:\/\/www.ucaldas.edu.co\/portal\/#organization","name":"Universidad de Caldas","alternateName":"U. de Caldas","url":"https:\/\/www.ucaldas.edu.co\/portal\/","logo":{"@type":"ImageObject","inLanguage":"es","@id":"https:\/\/www.ucaldas.edu.co\/portal\/#\/schema\/logo\/image\/","url":"https:\/\/www.ucaldas.edu.co\/portal\/wp-content\/uploads\/2023\/11\/Logo_horizontal_oscuroU-2023.png","contentUrl":"https:\/\/www.ucaldas.edu.co\/portal\/wp-content\/uploads\/2023\/11\/Logo_horizontal_oscuroU-2023.png","width":263,"height":101,"caption":"Universidad de Caldas"},"image":{"@id":"https:\/\/www.ucaldas.edu.co\/portal\/#\/schema\/logo\/image\/"},"sameAs":["https:\/\/www.facebook.com\/udecaldas","https:\/\/x.com\/udecaldas","https:\/\/www.youtube.com\/universidadcaldas","https:\/\/www.instagram.com\/udecaldas\/"]},{"@type":"Person","@id":"https:\/\/www.ucaldas.edu.co\/portal\/#\/schema\/person\/a1b482e23449158b4bc319926c074fdf","name":"ofiprensa","image":{"@type":"ImageObject","inLanguage":"es","@id":"https:\/\/www.ucaldas.edu.co\/portal\/wp-content\/litespeed\/avatar\/09ea5085e600095a7a811142c6944527.jpg?ver=1777497608","url":"https:\/\/www.ucaldas.edu.co\/portal\/wp-content\/litespeed\/avatar\/09ea5085e600095a7a811142c6944527.jpg?ver=1777497608","contentUrl":"https:\/\/www.ucaldas.edu.co\/portal\/wp-content\/litespeed\/avatar\/09ea5085e600095a7a811142c6944527.jpg?ver=1777497608","caption":"ofiprensa"},"url":"https:\/\/www.ucaldas.edu.co\/portal\/author\/ofiprensa\/"}]}},"_links":{"self":[{"href":"https:\/\/www.ucaldas.edu.co\/portal\/wp-json\/wp\/v2\/posts\/41234","targetHints":{"allow":["GET"]}}],"collection":[{"href":"https:\/\/www.ucaldas.edu.co\/portal\/wp-json\/wp\/v2\/posts"}],"about":[{"href":"https:\/\/www.ucaldas.edu.co\/portal\/wp-json\/wp\/v2\/types\/post"}],"author":[{"embeddable":true,"href":"https:\/\/www.ucaldas.edu.co\/portal\/wp-json\/wp\/v2\/users\/2"}],"replies":[{"embeddable":true,"href":"https:\/\/www.ucaldas.edu.co\/portal\/wp-json\/wp\/v2\/comments?post=41234"}],"version-history":[{"count":0,"href":"https:\/\/www.ucaldas.edu.co\/portal\/wp-json\/wp\/v2\/posts\/41234\/revisions"}],"wp:featuredmedia":[{"embeddable":true,"href":"https:\/\/www.ucaldas.edu.co\/portal\/wp-json\/wp\/v2\/media\/41235"}],"wp:attachment":[{"href":"https:\/\/www.ucaldas.edu.co\/portal\/wp-json\/wp\/v2\/media?parent=41234"}],"wp:term":[{"taxonomy":"category","embeddable":true,"href":"https:\/\/www.ucaldas.edu.co\/portal\/wp-json\/wp\/v2\/categories?post=41234"},{"taxonomy":"post_tag","embeddable":true,"href":"https:\/\/www.ucaldas.edu.co\/portal\/wp-json\/wp\/v2\/tags?post=41234"}],"curies":[{"name":"wp","href":"https:\/\/api.w.org\/{rel}","templated":true}]}}