{"id":41220,"date":"2018-05-30T21:17:25","date_gmt":"2018-05-30T21:17:25","guid":{"rendered":"https:\/\/www.ucaldas.edu.co\/portal\/?p=41220"},"modified":"2018-05-30T21:36:33","modified_gmt":"2018-05-30T21:36:33","slug":"75-anos-de-la-universidad-de-caldas-se-celebraron-al-ritmo-electronico-de-las-nuits-sonores-de-francia","status":"publish","type":"post","link":"https:\/\/www.ucaldas.edu.co\/portal\/75-anos-de-la-universidad-de-caldas-se-celebraron-al-ritmo-electronico-de-las-nuits-sonores-de-francia\/","title":{"rendered":"75 a\u00f1os de la Universidad de Caldas se celebraron al ritmo electr\u00f3nico de las Nuits Sonores de Francia"},"content":{"rendered":"<figure id=\"attachment_41221\" aria-describedby=\"caption-attachment-41221\" style=\"width: 1191px\" class=\"wp-caption aligncenter\"><img loading=\"lazy\" decoding=\"async\" class=\"wp-image-41221 size-full\" src=\"https:\/\/www.ucaldas.edu.co\/portal\/wp-content\/uploads\/2018\/05\/Nuits-Sonores-75-a\u00f1os-U-caldas-150.jpg\" alt=\"\" width=\"1191\" height=\"666\" srcset=\"https:\/\/www.ucaldas.edu.co\/portal\/wp-content\/uploads\/2018\/05\/Nuits-Sonores-75-a\u00f1os-U-caldas-150.jpg 1191w, https:\/\/www.ucaldas.edu.co\/portal\/wp-content\/uploads\/2018\/05\/Nuits-Sonores-75-a\u00f1os-U-caldas-150-300x168.jpg 300w, https:\/\/www.ucaldas.edu.co\/portal\/wp-content\/uploads\/2018\/05\/Nuits-Sonores-75-a\u00f1os-U-caldas-150-768x429.jpg 768w, https:\/\/www.ucaldas.edu.co\/portal\/wp-content\/uploads\/2018\/05\/Nuits-Sonores-75-a\u00f1os-U-caldas-150-1024x573.jpg 1024w\" sizes=\"auto, (max-width: 1191px) 100vw, 1191px\" \/><figcaption id=\"caption-attachment-41221\" class=\"wp-caption-text\">DJ Zadig.<\/figcaption><\/figure>\n<p>El festival <a href=\"https:\/\/www.nuits-sonores.com\/\" target=\"_blank\" rel=\"noopener\"><strong><em>Nuits Sonores<\/em> (Noches Sonoras) de Lyon (Francia)<\/strong><\/a> se traslad\u00f3 anoche al nivel -1 del <strong>Centro Cultural Universitario Rogelio Salmona<\/strong> y llen\u00f3 este recinto de destellos de varios colores y el ritmo envolvente de la m\u00fasica electr\u00f3nica de los <strong>DJ franceses Zadig y AZF<\/strong>, como celebraci\u00f3n de los <strong>75 a\u00f1os de la Universidad de Caldas<\/strong>.<\/p>\n<p><!--more--><\/p>\n<p>Cientos de j\u00f3venes asistieron a este concierto que ten\u00eda entrada libre y disfrutaron de m\u00e1s de tres horas de espect\u00e1culo con estos dos reconocidos artistas de la escena <em>techno<\/em> y electr\u00f3nica de Europa, dando as\u00ed inicio a la segunda edici\u00f3n de las <a href=\"https:\/\/nuits-sonores.co\/\" target=\"_blank\" rel=\"noopener\"><strong><em>Nuits Sonores<\/em><\/strong> en Colombia<\/a>.<\/p>\n<figure id=\"attachment_41227\" aria-describedby=\"caption-attachment-41227\" style=\"width: 300px\" class=\"wp-caption alignleft\"><img loading=\"lazy\" decoding=\"async\" class=\"wp-image-41227 size-medium\" src=\"https:\/\/www.ucaldas.edu.co\/portal\/wp-content\/uploads\/2018\/05\/Nuits-Sonores-75-a\u00f1os-U-caldas-235-300x204.jpg\" alt=\"\" width=\"300\" height=\"204\" srcset=\"https:\/\/www.ucaldas.edu.co\/portal\/wp-content\/uploads\/2018\/05\/Nuits-Sonores-75-a\u00f1os-U-caldas-235-300x204.jpg 300w, https:\/\/www.ucaldas.edu.co\/portal\/wp-content\/uploads\/2018\/05\/Nuits-Sonores-75-a\u00f1os-U-caldas-235.jpg 489w\" sizes=\"auto, (max-width: 300px) 100vw, 300px\" \/><figcaption id=\"caption-attachment-41227\" class=\"wp-caption-text\">DJ Zadig; Felipe C\u00e9sar Londo\u00f1o, ex rector de la U. de Caldas; Alejandro Ceballos M\u00e1rquez, rector de la U. de Caldas y su hijo.<\/figcaption><\/figure>\n<p><strong>Alejandro Ceballos M\u00e1rquez, rector de la U. de Caldas<\/strong>, no se perdi\u00f3 este evento musical y agradeci\u00f3 el trabajo previo del <strong>ex rector Felipe C\u00e9sar Londo\u00f1o L\u00f3pez<\/strong> para la realizaci\u00f3n de este concierto, as\u00ed como a la Embajada de Francia en Colombia.<\/p>\n<p><strong>Christophe Chavagneux, agregado cultural de la Embajada francesa<\/strong>, record\u00f3 que en el marco del A\u00f1o Francia Colombia en 2017, decidieron traer las Noches Sonoras al pasado Festival Internacional de la Imagen.<\/p>\n<p>\u00abVinieron muchos artistas digitales y m\u00fasicos, el festival tuvo un gran \u00e9xito y decidimos repetir este evento y adem\u00e1s porque son los 75 a\u00f1os de la Universidad de Caldas. <strong>La idea el a\u00f1o entrante es hacer varios d\u00edas el festival <em>Nuits Sonores<\/em> ac\u00e1<\/strong>, quiz\u00e1 en el marco del Festival de la Imagen y con el apoyo de la Universidad de Caldas\u00bb, coment\u00f3.<\/p>\n<p>El diplom\u00e1tico destac\u00f3 la fortaleza de los v\u00ednculos entre Francia y la Universidad de Caldas, tanto en lo cultural como en lo acad\u00e9mico.<\/p>\n<p>\u00abMuy buenas relaciones <strong>en mi campo art\u00edstico y cultural, pero tambi\u00e9n en el campo educativo<\/strong>. Hay unos 25 convenios entre universidades francesas y la Universidad de Caldas entonces es una<\/p>\n<figure id=\"attachment_41226\" aria-describedby=\"caption-attachment-41226\" style=\"width: 300px\" class=\"wp-caption alignright\"><img loading=\"lazy\" decoding=\"async\" class=\"wp-image-41226 size-medium\" src=\"https:\/\/www.ucaldas.edu.co\/portal\/wp-content\/uploads\/2018\/05\/Nuits-Sonores-75-a\u00f1os-U-caldas-33-300x219.jpg\" alt=\"\" width=\"300\" height=\"219\" srcset=\"https:\/\/www.ucaldas.edu.co\/portal\/wp-content\/uploads\/2018\/05\/Nuits-Sonores-75-a\u00f1os-U-caldas-33-300x219.jpg 300w, https:\/\/www.ucaldas.edu.co\/portal\/wp-content\/uploads\/2018\/05\/Nuits-Sonores-75-a\u00f1os-U-caldas-33.jpg 550w\" sizes=\"auto, (max-width: 300px) 100vw, 300px\" \/><figcaption id=\"caption-attachment-41226\" class=\"wp-caption-text\">Felipe C\u00e9sar Londo\u00f1o, ex rector de la U. de Caldas; Christophe Chavagneux, agregado cultural de la Embajada francesa, y Claude Chassaing, Consejero de Cooperaci\u00f3n y Acci\u00f3n Cultural de la Embajada de Francia.<\/figcaption><\/figure>\n<p>relaci\u00f3n muy fuerte, de amistad. Vamos muy bien y esperamos crecer en los pr\u00f3ximos a\u00f1os\u00bb, anot\u00f3 <strong>Chavagneux<\/strong>.<\/p>\n<p><strong>Marcela Echeverry, directora de la Alianza Francesa en Manizales<\/strong>, afirm\u00f3 que la idea era traer las Noches Sonoras, como una mezcla entre lo digital y la m\u00fasica electr\u00f3nica. \u00abEs muy significativo este evento porque adem\u00e1s de Bogot\u00e1 tambi\u00e9n se presenta en Manizales. Este a\u00f1o en los 75 a\u00f1os de la Universidad servir\u00e1 para <strong>seguir fortaleciendo las relaciones con Francia<\/strong>, desde una mirada contempor\u00e1nea con los artistas que trajimos\u00bb.<\/p>\n<p>El festival <strong><em>Nuits Sonores<\/em><\/strong> se realiza hace <strong>16 a\u00f1os en Lyon y en sus cinco d\u00edas acoge m\u00e1s de 300 mil personas.<\/strong> Hace parte de los dos grandes festivales de m\u00fasica electr\u00f3nica en Europa, al lado del Festival S\u00f3nar en Barcelona, indic\u00f3 el agregado cultural de la Embajada de Francia en Colombia.<\/p>\n<p>&nbsp;<\/p>\n<figure id=\"attachment_41224\" aria-describedby=\"caption-attachment-41224\" style=\"width: 1187px\" class=\"wp-caption aligncenter\"><img loading=\"lazy\" decoding=\"async\" class=\"size-full wp-image-41224\" src=\"https:\/\/www.ucaldas.edu.co\/portal\/wp-content\/uploads\/2018\/05\/Nuits-Sonores-75-a\u00f1os-U-caldas-261.jpg\" alt=\"\" width=\"1187\" height=\"654\" srcset=\"https:\/\/www.ucaldas.edu.co\/portal\/wp-content\/uploads\/2018\/05\/Nuits-Sonores-75-a\u00f1os-U-caldas-261.jpg 1187w, https:\/\/www.ucaldas.edu.co\/portal\/wp-content\/uploads\/2018\/05\/Nuits-Sonores-75-a\u00f1os-U-caldas-261-300x165.jpg 300w, https:\/\/www.ucaldas.edu.co\/portal\/wp-content\/uploads\/2018\/05\/Nuits-Sonores-75-a\u00f1os-U-caldas-261-768x423.jpg 768w, https:\/\/www.ucaldas.edu.co\/portal\/wp-content\/uploads\/2018\/05\/Nuits-Sonores-75-a\u00f1os-U-caldas-261-1024x564.jpg 1024w\" sizes=\"auto, (max-width: 1187px) 100vw, 1187px\" \/><figcaption id=\"caption-attachment-41224\" class=\"wp-caption-text\">DJ AZF.<\/figcaption><\/figure>\n<p>&nbsp;<\/p>\n<p><a href=\"https:\/\/www.facebook.com\/pg\/udecaldas\/photos\/?tab=album&amp;album_id=1814542851940905\" target=\"_blank\" rel=\"noopener\"><strong>GALER\u00cdA: Concierto Nuits Sonores 75 a\u00f1os U. de Caldas<\/strong><\/a><\/p>\n<p><strong>Informes:<\/strong> Oficina de Comunicaciones y Prensa U. de Caldas, tel\u00e9fono 878 15 00 extensi\u00f3n 12 167.<\/p>\n<p><strong>Redacci\u00f3n: <\/strong>Mauricio D\u00edaz G\u00f3mez.<\/p>\n","protected":false},"excerpt":{"rendered":"<p>El festival Nuits Sonores (Noches Sonoras) de Lyon (Francia) se traslad\u00f3 anoche al nivel -1 del Centro Cultural Universitario Rogelio Salmona y llen\u00f3 este recinto de destellos de varios colores y el ritmo envolvente de la m\u00fasica electr\u00f3nica de los DJ franceses Zadig y AZF, como celebraci\u00f3n de los 75 a\u00f1os de la Universidad de [&hellip;]<\/p>\n","protected":false},"author":2,"featured_media":41221,"comment_status":"closed","ping_status":"open","sticky":false,"template":"","format":"standard","meta":{"footnotes":""},"categories":[48,53,664],"tags":[2668,2728,2729,2730],"class_list":["post-41220","post","type-post","status-publish","format-standard","has-post-thumbnail","hentry","category-actualidad","category-universidad-al-dia","category-ucaldas-cultural","tag-75-anos-u-de-caldas","tag-noches-sonoras","tag-nuits-sonores","tag-embajada-francia-en-colombia"],"yoast_head":"<!-- This site is optimized with the Yoast SEO plugin v27.5 - https:\/\/yoast.com\/product\/yoast-seo-wordpress\/ -->\n<title>75 a\u00f1os de la Universidad de Caldas se celebraron al ritmo electr\u00f3nico de las Nuits Sonores de Francia .<\/title>\n<meta name=\"robots\" content=\"index, follow, max-snippet:-1, max-image-preview:large, max-video-preview:-1\" \/>\n<link rel=\"canonical\" href=\"https:\/\/www.ucaldas.edu.co\/portal\/75-anos-de-la-universidad-de-caldas-se-celebraron-al-ritmo-electronico-de-las-nuits-sonores-de-francia\/\" \/>\n<script type=\"application\/ld+json\" class=\"yoast-schema-graph\">{\"@context\":\"https:\\\/\\\/schema.org\",\"@graph\":[{\"@type\":\"Article\",\"@id\":\"https:\\\/\\\/www.ucaldas.edu.co\\\/portal\\\/75-anos-de-la-universidad-de-caldas-se-celebraron-al-ritmo-electronico-de-las-nuits-sonores-de-francia\\\/#article\",\"isPartOf\":{\"@id\":\"https:\\\/\\\/www.ucaldas.edu.co\\\/portal\\\/75-anos-de-la-universidad-de-caldas-se-celebraron-al-ritmo-electronico-de-las-nuits-sonores-de-francia\\\/\"},\"author\":{\"name\":\"ofiprensa\",\"@id\":\"https:\\\/\\\/www.ucaldas.edu.co\\\/portal\\\/#\\\/schema\\\/person\\\/a1b482e23449158b4bc319926c074fdf\"},\"headline\":\"75 a\u00f1os de la Universidad de Caldas se celebraron al ritmo electr\u00f3nico de las Nuits Sonores de Francia\",\"datePublished\":\"2018-05-30T21:17:25+00:00\",\"dateModified\":\"2018-05-30T21:36:33+00:00\",\"mainEntityOfPage\":{\"@id\":\"https:\\\/\\\/www.ucaldas.edu.co\\\/portal\\\/75-anos-de-la-universidad-de-caldas-se-celebraron-al-ritmo-electronico-de-las-nuits-sonores-de-francia\\\/\"},\"wordCount\":608,\"publisher\":{\"@id\":\"https:\\\/\\\/www.ucaldas.edu.co\\\/portal\\\/#organization\"},\"image\":{\"@id\":\"https:\\\/\\\/www.ucaldas.edu.co\\\/portal\\\/75-anos-de-la-universidad-de-caldas-se-celebraron-al-ritmo-electronico-de-las-nuits-sonores-de-francia\\\/#primaryimage\"},\"thumbnailUrl\":\"https:\\\/\\\/www.ucaldas.edu.co\\\/portal\\\/wp-content\\\/uploads\\\/2018\\\/05\\\/Nuits-Sonores-75-a\u00f1os-U-caldas-150.jpg\",\"keywords\":[\"75 a\u00f1os U. de Caldas\",\"Noches Sonoras\",\"Nuits Sonores\",\"Embajada Francia en Colombia\"],\"articleSection\":[\"Actualidad\",\"Universidad al D\u00eda\",\"UCaldas Cultural\"],\"inLanguage\":\"es\"},{\"@type\":\"WebPage\",\"@id\":\"https:\\\/\\\/www.ucaldas.edu.co\\\/portal\\\/75-anos-de-la-universidad-de-caldas-se-celebraron-al-ritmo-electronico-de-las-nuits-sonores-de-francia\\\/\",\"url\":\"https:\\\/\\\/www.ucaldas.edu.co\\\/portal\\\/75-anos-de-la-universidad-de-caldas-se-celebraron-al-ritmo-electronico-de-las-nuits-sonores-de-francia\\\/\",\"name\":\"75 a\u00f1os de la Universidad de Caldas se celebraron al ritmo electr\u00f3nico de las Nuits Sonores de Francia .\",\"isPartOf\":{\"@id\":\"https:\\\/\\\/www.ucaldas.edu.co\\\/portal\\\/#website\"},\"primaryImageOfPage\":{\"@id\":\"https:\\\/\\\/www.ucaldas.edu.co\\\/portal\\\/75-anos-de-la-universidad-de-caldas-se-celebraron-al-ritmo-electronico-de-las-nuits-sonores-de-francia\\\/#primaryimage\"},\"image\":{\"@id\":\"https:\\\/\\\/www.ucaldas.edu.co\\\/portal\\\/75-anos-de-la-universidad-de-caldas-se-celebraron-al-ritmo-electronico-de-las-nuits-sonores-de-francia\\\/#primaryimage\"},\"thumbnailUrl\":\"https:\\\/\\\/www.ucaldas.edu.co\\\/portal\\\/wp-content\\\/uploads\\\/2018\\\/05\\\/Nuits-Sonores-75-a\u00f1os-U-caldas-150.jpg\",\"datePublished\":\"2018-05-30T21:17:25+00:00\",\"dateModified\":\"2018-05-30T21:36:33+00:00\",\"breadcrumb\":{\"@id\":\"https:\\\/\\\/www.ucaldas.edu.co\\\/portal\\\/75-anos-de-la-universidad-de-caldas-se-celebraron-al-ritmo-electronico-de-las-nuits-sonores-de-francia\\\/#breadcrumb\"},\"inLanguage\":\"es\",\"potentialAction\":[{\"@type\":\"ReadAction\",\"target\":[\"https:\\\/\\\/www.ucaldas.edu.co\\\/portal\\\/75-anos-de-la-universidad-de-caldas-se-celebraron-al-ritmo-electronico-de-las-nuits-sonores-de-francia\\\/\"]}]},{\"@type\":\"ImageObject\",\"inLanguage\":\"es\",\"@id\":\"https:\\\/\\\/www.ucaldas.edu.co\\\/portal\\\/75-anos-de-la-universidad-de-caldas-se-celebraron-al-ritmo-electronico-de-las-nuits-sonores-de-francia\\\/#primaryimage\",\"url\":\"https:\\\/\\\/www.ucaldas.edu.co\\\/portal\\\/wp-content\\\/uploads\\\/2018\\\/05\\\/Nuits-Sonores-75-a\u00f1os-U-caldas-150.jpg\",\"contentUrl\":\"https:\\\/\\\/www.ucaldas.edu.co\\\/portal\\\/wp-content\\\/uploads\\\/2018\\\/05\\\/Nuits-Sonores-75-a\u00f1os-U-caldas-150.jpg\",\"width\":1191,\"height\":666},{\"@type\":\"BreadcrumbList\",\"@id\":\"https:\\\/\\\/www.ucaldas.edu.co\\\/portal\\\/75-anos-de-la-universidad-de-caldas-se-celebraron-al-ritmo-electronico-de-las-nuits-sonores-de-francia\\\/#breadcrumb\",\"itemListElement\":[{\"@type\":\"ListItem\",\"position\":1,\"name\":\"Portada\",\"item\":\"https:\\\/\\\/www.ucaldas.edu.co\\\/portal\\\/\"},{\"@type\":\"ListItem\",\"position\":2,\"name\":\"75 a\u00f1os de la Universidad de Caldas se celebraron al ritmo electr\u00f3nico de las Nuits Sonores de Francia\"}]},{\"@type\":\"WebSite\",\"@id\":\"https:\\\/\\\/www.ucaldas.edu.co\\\/portal\\\/#website\",\"url\":\"https:\\\/\\\/www.ucaldas.edu.co\\\/portal\\\/\",\"name\":\"Universidad de Caldas\",\"description\":\"\",\"publisher\":{\"@id\":\"https:\\\/\\\/www.ucaldas.edu.co\\\/portal\\\/#organization\"},\"alternateName\":\"U. de Caldas\",\"potentialAction\":[{\"@type\":\"SearchAction\",\"target\":{\"@type\":\"EntryPoint\",\"urlTemplate\":\"https:\\\/\\\/www.ucaldas.edu.co\\\/portal\\\/?s={search_term_string}\"},\"query-input\":{\"@type\":\"PropertyValueSpecification\",\"valueRequired\":true,\"valueName\":\"search_term_string\"}}],\"inLanguage\":\"es\"},{\"@type\":\"Organization\",\"@id\":\"https:\\\/\\\/www.ucaldas.edu.co\\\/portal\\\/#organization\",\"name\":\"Universidad de Caldas\",\"alternateName\":\"U. de Caldas\",\"url\":\"https:\\\/\\\/www.ucaldas.edu.co\\\/portal\\\/\",\"logo\":{\"@type\":\"ImageObject\",\"inLanguage\":\"es\",\"@id\":\"https:\\\/\\\/www.ucaldas.edu.co\\\/portal\\\/#\\\/schema\\\/logo\\\/image\\\/\",\"url\":\"https:\\\/\\\/www.ucaldas.edu.co\\\/portal\\\/wp-content\\\/uploads\\\/2023\\\/11\\\/Logo_horizontal_oscuroU-2023.png\",\"contentUrl\":\"https:\\\/\\\/www.ucaldas.edu.co\\\/portal\\\/wp-content\\\/uploads\\\/2023\\\/11\\\/Logo_horizontal_oscuroU-2023.png\",\"width\":263,\"height\":101,\"caption\":\"Universidad de Caldas\"},\"image\":{\"@id\":\"https:\\\/\\\/www.ucaldas.edu.co\\\/portal\\\/#\\\/schema\\\/logo\\\/image\\\/\"},\"sameAs\":[\"https:\\\/\\\/www.facebook.com\\\/udecaldas\",\"https:\\\/\\\/x.com\\\/udecaldas\",\"https:\\\/\\\/www.youtube.com\\\/universidadcaldas\",\"https:\\\/\\\/www.instagram.com\\\/udecaldas\\\/\"]},{\"@type\":\"Person\",\"@id\":\"https:\\\/\\\/www.ucaldas.edu.co\\\/portal\\\/#\\\/schema\\\/person\\\/a1b482e23449158b4bc319926c074fdf\",\"name\":\"ofiprensa\",\"image\":{\"@type\":\"ImageObject\",\"inLanguage\":\"es\",\"@id\":\"https:\\\/\\\/www.ucaldas.edu.co\\\/portal\\\/wp-content\\\/litespeed\\\/avatar\\\/09ea5085e600095a7a811142c6944527.jpg?ver=1777497608\",\"url\":\"https:\\\/\\\/www.ucaldas.edu.co\\\/portal\\\/wp-content\\\/litespeed\\\/avatar\\\/09ea5085e600095a7a811142c6944527.jpg?ver=1777497608\",\"contentUrl\":\"https:\\\/\\\/www.ucaldas.edu.co\\\/portal\\\/wp-content\\\/litespeed\\\/avatar\\\/09ea5085e600095a7a811142c6944527.jpg?ver=1777497608\",\"caption\":\"ofiprensa\"},\"url\":\"https:\\\/\\\/www.ucaldas.edu.co\\\/portal\\\/author\\\/ofiprensa\\\/\"}]}<\/script>\n<!-- \/ Yoast SEO plugin. -->","yoast_head_json":{"title":"75 a\u00f1os de la Universidad de Caldas se celebraron al ritmo electr\u00f3nico de las Nuits Sonores de Francia .","robots":{"index":"index","follow":"follow","max-snippet":"max-snippet:-1","max-image-preview":"max-image-preview:large","max-video-preview":"max-video-preview:-1"},"canonical":"https:\/\/www.ucaldas.edu.co\/portal\/75-anos-de-la-universidad-de-caldas-se-celebraron-al-ritmo-electronico-de-las-nuits-sonores-de-francia\/","schema":{"@context":"https:\/\/schema.org","@graph":[{"@type":"Article","@id":"https:\/\/www.ucaldas.edu.co\/portal\/75-anos-de-la-universidad-de-caldas-se-celebraron-al-ritmo-electronico-de-las-nuits-sonores-de-francia\/#article","isPartOf":{"@id":"https:\/\/www.ucaldas.edu.co\/portal\/75-anos-de-la-universidad-de-caldas-se-celebraron-al-ritmo-electronico-de-las-nuits-sonores-de-francia\/"},"author":{"name":"ofiprensa","@id":"https:\/\/www.ucaldas.edu.co\/portal\/#\/schema\/person\/a1b482e23449158b4bc319926c074fdf"},"headline":"75 a\u00f1os de la Universidad de Caldas se celebraron al ritmo electr\u00f3nico de las Nuits Sonores de Francia","datePublished":"2018-05-30T21:17:25+00:00","dateModified":"2018-05-30T21:36:33+00:00","mainEntityOfPage":{"@id":"https:\/\/www.ucaldas.edu.co\/portal\/75-anos-de-la-universidad-de-caldas-se-celebraron-al-ritmo-electronico-de-las-nuits-sonores-de-francia\/"},"wordCount":608,"publisher":{"@id":"https:\/\/www.ucaldas.edu.co\/portal\/#organization"},"image":{"@id":"https:\/\/www.ucaldas.edu.co\/portal\/75-anos-de-la-universidad-de-caldas-se-celebraron-al-ritmo-electronico-de-las-nuits-sonores-de-francia\/#primaryimage"},"thumbnailUrl":"https:\/\/www.ucaldas.edu.co\/portal\/wp-content\/uploads\/2018\/05\/Nuits-Sonores-75-a\u00f1os-U-caldas-150.jpg","keywords":["75 a\u00f1os U. de Caldas","Noches Sonoras","Nuits Sonores","Embajada Francia en Colombia"],"articleSection":["Actualidad","Universidad al D\u00eda","UCaldas Cultural"],"inLanguage":"es"},{"@type":"WebPage","@id":"https:\/\/www.ucaldas.edu.co\/portal\/75-anos-de-la-universidad-de-caldas-se-celebraron-al-ritmo-electronico-de-las-nuits-sonores-de-francia\/","url":"https:\/\/www.ucaldas.edu.co\/portal\/75-anos-de-la-universidad-de-caldas-se-celebraron-al-ritmo-electronico-de-las-nuits-sonores-de-francia\/","name":"75 a\u00f1os de la Universidad de Caldas se celebraron al ritmo electr\u00f3nico de las Nuits Sonores de Francia .","isPartOf":{"@id":"https:\/\/www.ucaldas.edu.co\/portal\/#website"},"primaryImageOfPage":{"@id":"https:\/\/www.ucaldas.edu.co\/portal\/75-anos-de-la-universidad-de-caldas-se-celebraron-al-ritmo-electronico-de-las-nuits-sonores-de-francia\/#primaryimage"},"image":{"@id":"https:\/\/www.ucaldas.edu.co\/portal\/75-anos-de-la-universidad-de-caldas-se-celebraron-al-ritmo-electronico-de-las-nuits-sonores-de-francia\/#primaryimage"},"thumbnailUrl":"https:\/\/www.ucaldas.edu.co\/portal\/wp-content\/uploads\/2018\/05\/Nuits-Sonores-75-a\u00f1os-U-caldas-150.jpg","datePublished":"2018-05-30T21:17:25+00:00","dateModified":"2018-05-30T21:36:33+00:00","breadcrumb":{"@id":"https:\/\/www.ucaldas.edu.co\/portal\/75-anos-de-la-universidad-de-caldas-se-celebraron-al-ritmo-electronico-de-las-nuits-sonores-de-francia\/#breadcrumb"},"inLanguage":"es","potentialAction":[{"@type":"ReadAction","target":["https:\/\/www.ucaldas.edu.co\/portal\/75-anos-de-la-universidad-de-caldas-se-celebraron-al-ritmo-electronico-de-las-nuits-sonores-de-francia\/"]}]},{"@type":"ImageObject","inLanguage":"es","@id":"https:\/\/www.ucaldas.edu.co\/portal\/75-anos-de-la-universidad-de-caldas-se-celebraron-al-ritmo-electronico-de-las-nuits-sonores-de-francia\/#primaryimage","url":"https:\/\/www.ucaldas.edu.co\/portal\/wp-content\/uploads\/2018\/05\/Nuits-Sonores-75-a\u00f1os-U-caldas-150.jpg","contentUrl":"https:\/\/www.ucaldas.edu.co\/portal\/wp-content\/uploads\/2018\/05\/Nuits-Sonores-75-a\u00f1os-U-caldas-150.jpg","width":1191,"height":666},{"@type":"BreadcrumbList","@id":"https:\/\/www.ucaldas.edu.co\/portal\/75-anos-de-la-universidad-de-caldas-se-celebraron-al-ritmo-electronico-de-las-nuits-sonores-de-francia\/#breadcrumb","itemListElement":[{"@type":"ListItem","position":1,"name":"Portada","item":"https:\/\/www.ucaldas.edu.co\/portal\/"},{"@type":"ListItem","position":2,"name":"75 a\u00f1os de la Universidad de Caldas se celebraron al ritmo electr\u00f3nico de las Nuits Sonores de Francia"}]},{"@type":"WebSite","@id":"https:\/\/www.ucaldas.edu.co\/portal\/#website","url":"https:\/\/www.ucaldas.edu.co\/portal\/","name":"Universidad de Caldas","description":"","publisher":{"@id":"https:\/\/www.ucaldas.edu.co\/portal\/#organization"},"alternateName":"U. de Caldas","potentialAction":[{"@type":"SearchAction","target":{"@type":"EntryPoint","urlTemplate":"https:\/\/www.ucaldas.edu.co\/portal\/?s={search_term_string}"},"query-input":{"@type":"PropertyValueSpecification","valueRequired":true,"valueName":"search_term_string"}}],"inLanguage":"es"},{"@type":"Organization","@id":"https:\/\/www.ucaldas.edu.co\/portal\/#organization","name":"Universidad de Caldas","alternateName":"U. de Caldas","url":"https:\/\/www.ucaldas.edu.co\/portal\/","logo":{"@type":"ImageObject","inLanguage":"es","@id":"https:\/\/www.ucaldas.edu.co\/portal\/#\/schema\/logo\/image\/","url":"https:\/\/www.ucaldas.edu.co\/portal\/wp-content\/uploads\/2023\/11\/Logo_horizontal_oscuroU-2023.png","contentUrl":"https:\/\/www.ucaldas.edu.co\/portal\/wp-content\/uploads\/2023\/11\/Logo_horizontal_oscuroU-2023.png","width":263,"height":101,"caption":"Universidad de Caldas"},"image":{"@id":"https:\/\/www.ucaldas.edu.co\/portal\/#\/schema\/logo\/image\/"},"sameAs":["https:\/\/www.facebook.com\/udecaldas","https:\/\/x.com\/udecaldas","https:\/\/www.youtube.com\/universidadcaldas","https:\/\/www.instagram.com\/udecaldas\/"]},{"@type":"Person","@id":"https:\/\/www.ucaldas.edu.co\/portal\/#\/schema\/person\/a1b482e23449158b4bc319926c074fdf","name":"ofiprensa","image":{"@type":"ImageObject","inLanguage":"es","@id":"https:\/\/www.ucaldas.edu.co\/portal\/wp-content\/litespeed\/avatar\/09ea5085e600095a7a811142c6944527.jpg?ver=1777497608","url":"https:\/\/www.ucaldas.edu.co\/portal\/wp-content\/litespeed\/avatar\/09ea5085e600095a7a811142c6944527.jpg?ver=1777497608","contentUrl":"https:\/\/www.ucaldas.edu.co\/portal\/wp-content\/litespeed\/avatar\/09ea5085e600095a7a811142c6944527.jpg?ver=1777497608","caption":"ofiprensa"},"url":"https:\/\/www.ucaldas.edu.co\/portal\/author\/ofiprensa\/"}]}},"_links":{"self":[{"href":"https:\/\/www.ucaldas.edu.co\/portal\/wp-json\/wp\/v2\/posts\/41220","targetHints":{"allow":["GET"]}}],"collection":[{"href":"https:\/\/www.ucaldas.edu.co\/portal\/wp-json\/wp\/v2\/posts"}],"about":[{"href":"https:\/\/www.ucaldas.edu.co\/portal\/wp-json\/wp\/v2\/types\/post"}],"author":[{"embeddable":true,"href":"https:\/\/www.ucaldas.edu.co\/portal\/wp-json\/wp\/v2\/users\/2"}],"replies":[{"embeddable":true,"href":"https:\/\/www.ucaldas.edu.co\/portal\/wp-json\/wp\/v2\/comments?post=41220"}],"version-history":[{"count":0,"href":"https:\/\/www.ucaldas.edu.co\/portal\/wp-json\/wp\/v2\/posts\/41220\/revisions"}],"wp:featuredmedia":[{"embeddable":true,"href":"https:\/\/www.ucaldas.edu.co\/portal\/wp-json\/wp\/v2\/media\/41221"}],"wp:attachment":[{"href":"https:\/\/www.ucaldas.edu.co\/portal\/wp-json\/wp\/v2\/media?parent=41220"}],"wp:term":[{"taxonomy":"category","embeddable":true,"href":"https:\/\/www.ucaldas.edu.co\/portal\/wp-json\/wp\/v2\/categories?post=41220"},{"taxonomy":"post_tag","embeddable":true,"href":"https:\/\/www.ucaldas.edu.co\/portal\/wp-json\/wp\/v2\/tags?post=41220"}],"curies":[{"name":"wp","href":"https:\/\/api.w.org\/{rel}","templated":true}]}}