{"id":41200,"date":"2018-05-29T22:34:18","date_gmt":"2018-05-29T22:34:18","guid":{"rendered":"https:\/\/www.ucaldas.edu.co\/portal\/?p=41200"},"modified":"2018-05-29T22:34:18","modified_gmt":"2018-05-29T22:34:18","slug":"declaracion-conjunta-de-la-u-de-caldas-y-la-u-nacional-de-colombia-sede-manizales-sobre-la-estampilla-pro-universidad","status":"publish","type":"post","link":"https:\/\/www.ucaldas.edu.co\/portal\/declaracion-conjunta-de-la-u-de-caldas-y-la-u-nacional-de-colombia-sede-manizales-sobre-la-estampilla-pro-universidad\/","title":{"rendered":"Declaraci\u00f3n conjunta de la U. de Caldas y la U. Nacional de Colombia sede Manizales sobre la estampilla Pro-Universidad"},"content":{"rendered":"<p>&nbsp;<\/p>\n<p style=\"text-align: center;\">\n<p style=\"text-align: center;\"><strong>EL VICERRECTOR DE LA UNIVERSIDAD NACIONAL SEDE MANIZALES\u00a0<\/strong><strong>Y\u00a0<\/strong><strong>EL RECTOR DE LA UNIVERSIDAD DE CALDAS<\/strong><\/p>\n<p style=\"text-align: center;\"><strong>\u00a0<\/strong><\/p>\n<p style=\"text-align: center;\"><strong>SE PERMITEN INFORMAR A LA OPINI\u00d3N P\u00daBLICA QUE:<\/strong><\/p>\n<p><strong>\u00a0<\/strong><\/p>\n<p><strong>\u00a0<\/strong><\/p>\n<ol>\n<li><img loading=\"lazy\" decoding=\"async\" class=\"alignnone size-full wp-image-41065 aligncenter\" src=\"https:\/\/www.ucaldas.edu.co\/portal\/wp-content\/uploads\/2018\/05\/compagina-compressor.jpg\" alt=\"\" width=\"700\" height=\"400\" srcset=\"https:\/\/www.ucaldas.edu.co\/portal\/wp-content\/uploads\/2018\/05\/compagina-compressor.jpg 700w, https:\/\/www.ucaldas.edu.co\/portal\/wp-content\/uploads\/2018\/05\/compagina-compressor-300x171.jpg 300w\" sizes=\"auto, (max-width: 700px) 100vw, 700px\" \/>El Concejo Municipal de Manizales, a trav\u00e9s de su Comisi\u00f3n Segunda o de Presupuesto, con tres votos a favor y dos en contra, aprob\u00f3 \u00a0la ponencia negativa que implic\u00f3 el archivo del proyecto de acuerdo por el cual se buscaba \u00a0modificar el Acuerdo 798 de 2012, que establece el uso obligatorio de la estampilla pro Universidad de Caldas y Universidad Nacional \u00a0sede Manizales.<\/li>\n<\/ol>\n<p><!--more--><\/p>\n<ol start=\"2\">\n<li>La Rector\u00eda de la Universidad de Caldas y la Vicerrector\u00eda de Sede de la Universidad Nacional, lamentan est\u00e1\u00a0 decisi\u00f3n de la Corporaci\u00f3n, sin embargo el archivo del Proyecto de Acuerdo no implica la suspensi\u00f3n del cobro del tributo ni su transferencia a las Universidades que se benefician de \u00e9l, esto por cuanto el Municipio seguir\u00e1 haciendo exigible su pago en virtud de la vigencia del \u00a0Acuerdo 798 de 2012.<\/li>\n<\/ol>\n<p>&nbsp;<\/p>\n<ol start=\"3\">\n<li>Los Concejales han llamado a los representantes legales de las Universidades para trabajar conjuntamente con el prop\u00f3sito de superar las inquietudes que motivaron la ponencia negativa y su aprobaci\u00f3n en la Comisi\u00f3n.<\/li>\n<\/ol>\n<p>&nbsp;<\/p>\n<ol start=\"4\">\n<li>Anunciamos nuestro\u00a0 inter\u00e9s y\u00a0 compromiso en la construcci\u00f3n colectiva que permita a las Universidades seguir contando con la estampilla como una fuente importante de ingresos.<\/li>\n<\/ol>\n<p>&nbsp;<\/p>\n<ol start=\"5\">\n<li>Agradecemos a la Administraci\u00f3n municipal en cabeza del Alcalde Jos\u00e9 Octavio Cardona Le\u00f3n, su inter\u00e9s en presentar nuevamente el proyecto en las pr\u00f3ximas sesiones ordinarias de la Corporaci\u00f3n.<\/li>\n<\/ol>\n<p>&nbsp;<\/p>\n<p>&nbsp;<\/p>\n<p>Manizales, 29 de mayo de 2018.<\/p>\n<p>&nbsp;<\/p>\n<p>&nbsp;<\/p>\n<p>&nbsp;<\/p>\n<p>&nbsp;<\/p>\n<p>&nbsp;<\/p>\n<p><strong>CAMILO YOUNES VELOSA\u00a0\u00a0\u00a0\u00a0\u00a0\u00a0\u00a0\u00a0\u00a0\u00a0\u00a0\u00a0\u00a0\u00a0\u00a0\u00a0\u00a0\u00a0\u00a0\u00a0\u00a0\u00a0\u00a0\u00a0\u00a0\u00a0\u00a0\u00a0\u00a0\u00a0\u00a0\u00a0\u00a0\u00a0\u00a0\u00a0\u00a0\u00a0\u00a0\u00a0\u00a0\u00a0 ALEJANDRO CEBALLOS M\u00c1RQUEZ<\/strong><\/p>\n<p>Vicerrector Universidad Nacional \u00a0\u00a0\u00a0\u00a0\u00a0\u00a0\u00a0\u00a0\u00a0\u00a0\u00a0\u00a0\u00a0\u00a0\u00a0\u00a0\u00a0\u00a0\u00a0\u00a0\u00a0\u00a0\u00a0\u00a0\u00a0\u00a0\u00a0\u00a0\u00a0\u00a0\u00a0\u00a0\u00a0 Rector Universidad de Caldas<\/p>\n<p>Sede Manizales<\/p>\n<p>&nbsp;<\/p>\n<p>&nbsp;<\/p>\n<p>&nbsp;<\/p>\n<p>&nbsp;<\/p>\n<p>&nbsp;<\/p>\n<p>&nbsp;<\/p>\n<p>&nbsp;<\/p>\n","protected":false},"excerpt":{"rendered":"<p>&nbsp; EL VICERRECTOR DE LA UNIVERSIDAD NACIONAL SEDE MANIZALES\u00a0Y\u00a0EL RECTOR DE LA UNIVERSIDAD DE CALDAS \u00a0 SE PERMITEN INFORMAR A LA OPINI\u00d3N P\u00daBLICA QUE: \u00a0 \u00a0 El Concejo Municipal de Manizales, a trav\u00e9s de su Comisi\u00f3n Segunda o de Presupuesto, con tres votos a favor y dos en contra, aprob\u00f3 \u00a0la ponencia negativa que implic\u00f3 [&hellip;]<\/p>\n","protected":false},"author":2,"featured_media":41065,"comment_status":"closed","ping_status":"open","sticky":false,"template":"","format":"standard","meta":{"footnotes":""},"categories":[48,53,620],"tags":[],"class_list":["post-41200","post","type-post","status-publish","format-standard","has-post-thumbnail","hentry","category-actualidad","category-universidad-al-dia","category-ucaldas-transparente"],"yoast_head":"<!-- This site is optimized with the Yoast SEO plugin v27.4 - https:\/\/yoast.com\/product\/yoast-seo-wordpress\/ -->\n<title>Declaraci\u00f3n conjunta de la U. de Caldas y la U. Nacional de Colombia sede Manizales sobre la estampilla Pro-Universidad .<\/title>\n<meta name=\"robots\" content=\"index, follow, max-snippet:-1, max-image-preview:large, max-video-preview:-1\" \/>\n<link rel=\"canonical\" href=\"https:\/\/www.ucaldas.edu.co\/portal\/declaracion-conjunta-de-la-u-de-caldas-y-la-u-nacional-de-colombia-sede-manizales-sobre-la-estampilla-pro-universidad\/\" \/>\n<script type=\"application\/ld+json\" class=\"yoast-schema-graph\">{\"@context\":\"https:\\\/\\\/schema.org\",\"@graph\":[{\"@type\":\"Article\",\"@id\":\"https:\\\/\\\/www.ucaldas.edu.co\\\/portal\\\/declaracion-conjunta-de-la-u-de-caldas-y-la-u-nacional-de-colombia-sede-manizales-sobre-la-estampilla-pro-universidad\\\/#article\",\"isPartOf\":{\"@id\":\"https:\\\/\\\/www.ucaldas.edu.co\\\/portal\\\/declaracion-conjunta-de-la-u-de-caldas-y-la-u-nacional-de-colombia-sede-manizales-sobre-la-estampilla-pro-universidad\\\/\"},\"author\":{\"name\":\"ofiprensa\",\"@id\":\"https:\\\/\\\/www.ucaldas.edu.co\\\/portal\\\/#\\\/schema\\\/person\\\/a1b482e23449158b4bc319926c074fdf\"},\"headline\":\"Declaraci\u00f3n conjunta de la U. de Caldas y la U. Nacional de Colombia sede Manizales sobre la estampilla Pro-Universidad\",\"datePublished\":\"2018-05-29T22:34:18+00:00\",\"mainEntityOfPage\":{\"@id\":\"https:\\\/\\\/www.ucaldas.edu.co\\\/portal\\\/declaracion-conjunta-de-la-u-de-caldas-y-la-u-nacional-de-colombia-sede-manizales-sobre-la-estampilla-pro-universidad\\\/\"},\"wordCount\":314,\"publisher\":{\"@id\":\"https:\\\/\\\/www.ucaldas.edu.co\\\/portal\\\/#organization\"},\"image\":{\"@id\":\"https:\\\/\\\/www.ucaldas.edu.co\\\/portal\\\/declaracion-conjunta-de-la-u-de-caldas-y-la-u-nacional-de-colombia-sede-manizales-sobre-la-estampilla-pro-universidad\\\/#primaryimage\"},\"thumbnailUrl\":\"https:\\\/\\\/www.ucaldas.edu.co\\\/portal\\\/wp-content\\\/uploads\\\/2018\\\/05\\\/compagina-compressor.jpg\",\"articleSection\":[\"Actualidad\",\"Universidad al D\u00eda\",\"UCaldas Transparente\"],\"inLanguage\":\"es\"},{\"@type\":\"WebPage\",\"@id\":\"https:\\\/\\\/www.ucaldas.edu.co\\\/portal\\\/declaracion-conjunta-de-la-u-de-caldas-y-la-u-nacional-de-colombia-sede-manizales-sobre-la-estampilla-pro-universidad\\\/\",\"url\":\"https:\\\/\\\/www.ucaldas.edu.co\\\/portal\\\/declaracion-conjunta-de-la-u-de-caldas-y-la-u-nacional-de-colombia-sede-manizales-sobre-la-estampilla-pro-universidad\\\/\",\"name\":\"Declaraci\u00f3n conjunta de la U. de Caldas y la U. Nacional de Colombia sede Manizales sobre la estampilla Pro-Universidad .\",\"isPartOf\":{\"@id\":\"https:\\\/\\\/www.ucaldas.edu.co\\\/portal\\\/#website\"},\"primaryImageOfPage\":{\"@id\":\"https:\\\/\\\/www.ucaldas.edu.co\\\/portal\\\/declaracion-conjunta-de-la-u-de-caldas-y-la-u-nacional-de-colombia-sede-manizales-sobre-la-estampilla-pro-universidad\\\/#primaryimage\"},\"image\":{\"@id\":\"https:\\\/\\\/www.ucaldas.edu.co\\\/portal\\\/declaracion-conjunta-de-la-u-de-caldas-y-la-u-nacional-de-colombia-sede-manizales-sobre-la-estampilla-pro-universidad\\\/#primaryimage\"},\"thumbnailUrl\":\"https:\\\/\\\/www.ucaldas.edu.co\\\/portal\\\/wp-content\\\/uploads\\\/2018\\\/05\\\/compagina-compressor.jpg\",\"datePublished\":\"2018-05-29T22:34:18+00:00\",\"breadcrumb\":{\"@id\":\"https:\\\/\\\/www.ucaldas.edu.co\\\/portal\\\/declaracion-conjunta-de-la-u-de-caldas-y-la-u-nacional-de-colombia-sede-manizales-sobre-la-estampilla-pro-universidad\\\/#breadcrumb\"},\"inLanguage\":\"es\",\"potentialAction\":[{\"@type\":\"ReadAction\",\"target\":[\"https:\\\/\\\/www.ucaldas.edu.co\\\/portal\\\/declaracion-conjunta-de-la-u-de-caldas-y-la-u-nacional-de-colombia-sede-manizales-sobre-la-estampilla-pro-universidad\\\/\"]}]},{\"@type\":\"ImageObject\",\"inLanguage\":\"es\",\"@id\":\"https:\\\/\\\/www.ucaldas.edu.co\\\/portal\\\/declaracion-conjunta-de-la-u-de-caldas-y-la-u-nacional-de-colombia-sede-manizales-sobre-la-estampilla-pro-universidad\\\/#primaryimage\",\"url\":\"https:\\\/\\\/www.ucaldas.edu.co\\\/portal\\\/wp-content\\\/uploads\\\/2018\\\/05\\\/compagina-compressor.jpg\",\"contentUrl\":\"https:\\\/\\\/www.ucaldas.edu.co\\\/portal\\\/wp-content\\\/uploads\\\/2018\\\/05\\\/compagina-compressor.jpg\",\"width\":700,\"height\":400},{\"@type\":\"BreadcrumbList\",\"@id\":\"https:\\\/\\\/www.ucaldas.edu.co\\\/portal\\\/declaracion-conjunta-de-la-u-de-caldas-y-la-u-nacional-de-colombia-sede-manizales-sobre-la-estampilla-pro-universidad\\\/#breadcrumb\",\"itemListElement\":[{\"@type\":\"ListItem\",\"position\":1,\"name\":\"Portada\",\"item\":\"https:\\\/\\\/www.ucaldas.edu.co\\\/portal\\\/\"},{\"@type\":\"ListItem\",\"position\":2,\"name\":\"Declaraci\u00f3n conjunta de la U. de Caldas y la U. Nacional de Colombia sede Manizales sobre la estampilla Pro-Universidad\"}]},{\"@type\":\"WebSite\",\"@id\":\"https:\\\/\\\/www.ucaldas.edu.co\\\/portal\\\/#website\",\"url\":\"https:\\\/\\\/www.ucaldas.edu.co\\\/portal\\\/\",\"name\":\"Universidad de Caldas\",\"description\":\"\",\"publisher\":{\"@id\":\"https:\\\/\\\/www.ucaldas.edu.co\\\/portal\\\/#organization\"},\"alternateName\":\"U. de Caldas\",\"potentialAction\":[{\"@type\":\"SearchAction\",\"target\":{\"@type\":\"EntryPoint\",\"urlTemplate\":\"https:\\\/\\\/www.ucaldas.edu.co\\\/portal\\\/?s={search_term_string}\"},\"query-input\":{\"@type\":\"PropertyValueSpecification\",\"valueRequired\":true,\"valueName\":\"search_term_string\"}}],\"inLanguage\":\"es\"},{\"@type\":\"Organization\",\"@id\":\"https:\\\/\\\/www.ucaldas.edu.co\\\/portal\\\/#organization\",\"name\":\"Universidad de Caldas\",\"alternateName\":\"U. de Caldas\",\"url\":\"https:\\\/\\\/www.ucaldas.edu.co\\\/portal\\\/\",\"logo\":{\"@type\":\"ImageObject\",\"inLanguage\":\"es\",\"@id\":\"https:\\\/\\\/www.ucaldas.edu.co\\\/portal\\\/#\\\/schema\\\/logo\\\/image\\\/\",\"url\":\"https:\\\/\\\/www.ucaldas.edu.co\\\/portal\\\/wp-content\\\/uploads\\\/2023\\\/11\\\/Logo_horizontal_oscuroU-2023.png\",\"contentUrl\":\"https:\\\/\\\/www.ucaldas.edu.co\\\/portal\\\/wp-content\\\/uploads\\\/2023\\\/11\\\/Logo_horizontal_oscuroU-2023.png\",\"width\":263,\"height\":101,\"caption\":\"Universidad de Caldas\"},\"image\":{\"@id\":\"https:\\\/\\\/www.ucaldas.edu.co\\\/portal\\\/#\\\/schema\\\/logo\\\/image\\\/\"},\"sameAs\":[\"https:\\\/\\\/www.facebook.com\\\/udecaldas\",\"https:\\\/\\\/x.com\\\/udecaldas\",\"https:\\\/\\\/www.youtube.com\\\/universidadcaldas\",\"https:\\\/\\\/www.instagram.com\\\/udecaldas\\\/\"]},{\"@type\":\"Person\",\"@id\":\"https:\\\/\\\/www.ucaldas.edu.co\\\/portal\\\/#\\\/schema\\\/person\\\/a1b482e23449158b4bc319926c074fdf\",\"name\":\"ofiprensa\",\"image\":{\"@type\":\"ImageObject\",\"inLanguage\":\"es\",\"@id\":\"https:\\\/\\\/www.ucaldas.edu.co\\\/portal\\\/wp-content\\\/litespeed\\\/avatar\\\/09ea5085e600095a7a811142c6944527.jpg?ver=1776892805\",\"url\":\"https:\\\/\\\/www.ucaldas.edu.co\\\/portal\\\/wp-content\\\/litespeed\\\/avatar\\\/09ea5085e600095a7a811142c6944527.jpg?ver=1776892805\",\"contentUrl\":\"https:\\\/\\\/www.ucaldas.edu.co\\\/portal\\\/wp-content\\\/litespeed\\\/avatar\\\/09ea5085e600095a7a811142c6944527.jpg?ver=1776892805\",\"caption\":\"ofiprensa\"},\"url\":\"https:\\\/\\\/www.ucaldas.edu.co\\\/portal\\\/author\\\/ofiprensa\\\/\"}]}<\/script>\n<!-- \/ Yoast SEO plugin. -->","yoast_head_json":{"title":"Declaraci\u00f3n conjunta de la U. de Caldas y la U. Nacional de Colombia sede Manizales sobre la estampilla Pro-Universidad .","robots":{"index":"index","follow":"follow","max-snippet":"max-snippet:-1","max-image-preview":"max-image-preview:large","max-video-preview":"max-video-preview:-1"},"canonical":"https:\/\/www.ucaldas.edu.co\/portal\/declaracion-conjunta-de-la-u-de-caldas-y-la-u-nacional-de-colombia-sede-manizales-sobre-la-estampilla-pro-universidad\/","schema":{"@context":"https:\/\/schema.org","@graph":[{"@type":"Article","@id":"https:\/\/www.ucaldas.edu.co\/portal\/declaracion-conjunta-de-la-u-de-caldas-y-la-u-nacional-de-colombia-sede-manizales-sobre-la-estampilla-pro-universidad\/#article","isPartOf":{"@id":"https:\/\/www.ucaldas.edu.co\/portal\/declaracion-conjunta-de-la-u-de-caldas-y-la-u-nacional-de-colombia-sede-manizales-sobre-la-estampilla-pro-universidad\/"},"author":{"name":"ofiprensa","@id":"https:\/\/www.ucaldas.edu.co\/portal\/#\/schema\/person\/a1b482e23449158b4bc319926c074fdf"},"headline":"Declaraci\u00f3n conjunta de la U. de Caldas y la U. Nacional de Colombia sede Manizales sobre la estampilla Pro-Universidad","datePublished":"2018-05-29T22:34:18+00:00","mainEntityOfPage":{"@id":"https:\/\/www.ucaldas.edu.co\/portal\/declaracion-conjunta-de-la-u-de-caldas-y-la-u-nacional-de-colombia-sede-manizales-sobre-la-estampilla-pro-universidad\/"},"wordCount":314,"publisher":{"@id":"https:\/\/www.ucaldas.edu.co\/portal\/#organization"},"image":{"@id":"https:\/\/www.ucaldas.edu.co\/portal\/declaracion-conjunta-de-la-u-de-caldas-y-la-u-nacional-de-colombia-sede-manizales-sobre-la-estampilla-pro-universidad\/#primaryimage"},"thumbnailUrl":"https:\/\/www.ucaldas.edu.co\/portal\/wp-content\/uploads\/2018\/05\/compagina-compressor.jpg","articleSection":["Actualidad","Universidad al D\u00eda","UCaldas Transparente"],"inLanguage":"es"},{"@type":"WebPage","@id":"https:\/\/www.ucaldas.edu.co\/portal\/declaracion-conjunta-de-la-u-de-caldas-y-la-u-nacional-de-colombia-sede-manizales-sobre-la-estampilla-pro-universidad\/","url":"https:\/\/www.ucaldas.edu.co\/portal\/declaracion-conjunta-de-la-u-de-caldas-y-la-u-nacional-de-colombia-sede-manizales-sobre-la-estampilla-pro-universidad\/","name":"Declaraci\u00f3n conjunta de la U. de Caldas y la U. Nacional de Colombia sede Manizales sobre la estampilla Pro-Universidad .","isPartOf":{"@id":"https:\/\/www.ucaldas.edu.co\/portal\/#website"},"primaryImageOfPage":{"@id":"https:\/\/www.ucaldas.edu.co\/portal\/declaracion-conjunta-de-la-u-de-caldas-y-la-u-nacional-de-colombia-sede-manizales-sobre-la-estampilla-pro-universidad\/#primaryimage"},"image":{"@id":"https:\/\/www.ucaldas.edu.co\/portal\/declaracion-conjunta-de-la-u-de-caldas-y-la-u-nacional-de-colombia-sede-manizales-sobre-la-estampilla-pro-universidad\/#primaryimage"},"thumbnailUrl":"https:\/\/www.ucaldas.edu.co\/portal\/wp-content\/uploads\/2018\/05\/compagina-compressor.jpg","datePublished":"2018-05-29T22:34:18+00:00","breadcrumb":{"@id":"https:\/\/www.ucaldas.edu.co\/portal\/declaracion-conjunta-de-la-u-de-caldas-y-la-u-nacional-de-colombia-sede-manizales-sobre-la-estampilla-pro-universidad\/#breadcrumb"},"inLanguage":"es","potentialAction":[{"@type":"ReadAction","target":["https:\/\/www.ucaldas.edu.co\/portal\/declaracion-conjunta-de-la-u-de-caldas-y-la-u-nacional-de-colombia-sede-manizales-sobre-la-estampilla-pro-universidad\/"]}]},{"@type":"ImageObject","inLanguage":"es","@id":"https:\/\/www.ucaldas.edu.co\/portal\/declaracion-conjunta-de-la-u-de-caldas-y-la-u-nacional-de-colombia-sede-manizales-sobre-la-estampilla-pro-universidad\/#primaryimage","url":"https:\/\/www.ucaldas.edu.co\/portal\/wp-content\/uploads\/2018\/05\/compagina-compressor.jpg","contentUrl":"https:\/\/www.ucaldas.edu.co\/portal\/wp-content\/uploads\/2018\/05\/compagina-compressor.jpg","width":700,"height":400},{"@type":"BreadcrumbList","@id":"https:\/\/www.ucaldas.edu.co\/portal\/declaracion-conjunta-de-la-u-de-caldas-y-la-u-nacional-de-colombia-sede-manizales-sobre-la-estampilla-pro-universidad\/#breadcrumb","itemListElement":[{"@type":"ListItem","position":1,"name":"Portada","item":"https:\/\/www.ucaldas.edu.co\/portal\/"},{"@type":"ListItem","position":2,"name":"Declaraci\u00f3n conjunta de la U. de Caldas y la U. Nacional de Colombia sede Manizales sobre la estampilla Pro-Universidad"}]},{"@type":"WebSite","@id":"https:\/\/www.ucaldas.edu.co\/portal\/#website","url":"https:\/\/www.ucaldas.edu.co\/portal\/","name":"Universidad de Caldas","description":"","publisher":{"@id":"https:\/\/www.ucaldas.edu.co\/portal\/#organization"},"alternateName":"U. de Caldas","potentialAction":[{"@type":"SearchAction","target":{"@type":"EntryPoint","urlTemplate":"https:\/\/www.ucaldas.edu.co\/portal\/?s={search_term_string}"},"query-input":{"@type":"PropertyValueSpecification","valueRequired":true,"valueName":"search_term_string"}}],"inLanguage":"es"},{"@type":"Organization","@id":"https:\/\/www.ucaldas.edu.co\/portal\/#organization","name":"Universidad de Caldas","alternateName":"U. de Caldas","url":"https:\/\/www.ucaldas.edu.co\/portal\/","logo":{"@type":"ImageObject","inLanguage":"es","@id":"https:\/\/www.ucaldas.edu.co\/portal\/#\/schema\/logo\/image\/","url":"https:\/\/www.ucaldas.edu.co\/portal\/wp-content\/uploads\/2023\/11\/Logo_horizontal_oscuroU-2023.png","contentUrl":"https:\/\/www.ucaldas.edu.co\/portal\/wp-content\/uploads\/2023\/11\/Logo_horizontal_oscuroU-2023.png","width":263,"height":101,"caption":"Universidad de Caldas"},"image":{"@id":"https:\/\/www.ucaldas.edu.co\/portal\/#\/schema\/logo\/image\/"},"sameAs":["https:\/\/www.facebook.com\/udecaldas","https:\/\/x.com\/udecaldas","https:\/\/www.youtube.com\/universidadcaldas","https:\/\/www.instagram.com\/udecaldas\/"]},{"@type":"Person","@id":"https:\/\/www.ucaldas.edu.co\/portal\/#\/schema\/person\/a1b482e23449158b4bc319926c074fdf","name":"ofiprensa","image":{"@type":"ImageObject","inLanguage":"es","@id":"https:\/\/www.ucaldas.edu.co\/portal\/wp-content\/litespeed\/avatar\/09ea5085e600095a7a811142c6944527.jpg?ver=1776892805","url":"https:\/\/www.ucaldas.edu.co\/portal\/wp-content\/litespeed\/avatar\/09ea5085e600095a7a811142c6944527.jpg?ver=1776892805","contentUrl":"https:\/\/www.ucaldas.edu.co\/portal\/wp-content\/litespeed\/avatar\/09ea5085e600095a7a811142c6944527.jpg?ver=1776892805","caption":"ofiprensa"},"url":"https:\/\/www.ucaldas.edu.co\/portal\/author\/ofiprensa\/"}]}},"_links":{"self":[{"href":"https:\/\/www.ucaldas.edu.co\/portal\/wp-json\/wp\/v2\/posts\/41200","targetHints":{"allow":["GET"]}}],"collection":[{"href":"https:\/\/www.ucaldas.edu.co\/portal\/wp-json\/wp\/v2\/posts"}],"about":[{"href":"https:\/\/www.ucaldas.edu.co\/portal\/wp-json\/wp\/v2\/types\/post"}],"author":[{"embeddable":true,"href":"https:\/\/www.ucaldas.edu.co\/portal\/wp-json\/wp\/v2\/users\/2"}],"replies":[{"embeddable":true,"href":"https:\/\/www.ucaldas.edu.co\/portal\/wp-json\/wp\/v2\/comments?post=41200"}],"version-history":[{"count":0,"href":"https:\/\/www.ucaldas.edu.co\/portal\/wp-json\/wp\/v2\/posts\/41200\/revisions"}],"wp:featuredmedia":[{"embeddable":true,"href":"https:\/\/www.ucaldas.edu.co\/portal\/wp-json\/wp\/v2\/media\/41065"}],"wp:attachment":[{"href":"https:\/\/www.ucaldas.edu.co\/portal\/wp-json\/wp\/v2\/media?parent=41200"}],"wp:term":[{"taxonomy":"category","embeddable":true,"href":"https:\/\/www.ucaldas.edu.co\/portal\/wp-json\/wp\/v2\/categories?post=41200"},{"taxonomy":"post_tag","embeddable":true,"href":"https:\/\/www.ucaldas.edu.co\/portal\/wp-json\/wp\/v2\/tags?post=41200"}],"curies":[{"name":"wp","href":"https:\/\/api.w.org\/{rel}","templated":true}]}}