{"id":41191,"date":"2018-05-29T22:31:02","date_gmt":"2018-05-29T22:31:02","guid":{"rendered":"https:\/\/www.ucaldas.edu.co\/portal\/?p=41191"},"modified":"2018-05-29T22:31:02","modified_gmt":"2018-05-29T22:31:02","slug":"empleodemissuenos-con-413-manizales-tiene-la-menor-informalidad-del-pais","status":"publish","type":"post","link":"https:\/\/www.ucaldas.edu.co\/portal\/empleodemissuenos-con-413-manizales-tiene-la-menor-informalidad-del-pais\/","title":{"rendered":"#EmpleoDeMisSue\u00f1os: con 41,3% Manizales tiene la menor informalidad del pa\u00eds"},"content":{"rendered":"<p style=\"text-align: center;\">SE PRESENT\u00d3 INFORME 2018 C\u00d3MO VAMOS EN EMPLEO<\/p>\n<p style=\"text-align: center;\"><strong>#EmpleoDeMisSue\u00f1os: con 41,3% Manizales tiene la menor informalidad del pa\u00eds<\/strong><\/p>\n<p style=\"text-align: right;\">29\/05\/2018<\/p>\n<p><strong><img loading=\"lazy\" decoding=\"async\" class=\"alignnone size-full wp-image-41192 aligncenter\" src=\"https:\/\/www.ucaldas.edu.co\/portal\/wp-content\/uploads\/2018\/05\/Empleo-compressor.jpg\" alt=\"\" width=\"700\" height=\"400\" srcset=\"https:\/\/www.ucaldas.edu.co\/portal\/wp-content\/uploads\/2018\/05\/Empleo-compressor.jpg 700w, https:\/\/www.ucaldas.edu.co\/portal\/wp-content\/uploads\/2018\/05\/Empleo-compressor-300x171.jpg 300w\" sizes=\"auto, (max-width: 700px) 100vw, 700px\" \/>As\u00ed lo evidenci\u00f3 el informe 2018 C\u00f3mo Vamos en Empleo<\/strong> que el C\u00f3mo Vamos, <strong>de cual es socia la Universidad de Caldas, (<\/strong><a href=\"http:\/\/manizalescomovamos.org\/sdm_downloads\/informe-como-vamos-en-empleo\/\"><strong>desc\u00e1rguelo aqu\u00ed<\/strong><\/a><strong>),<\/strong> junto a la C\u00e1mara de Comercio de Manizales por Caldas y Confa, presentaron este martes 29 de mayo del 2018 (<a href=\"https:\/\/www.facebook.com\/media\/set\/?set=a.1934723249936160.1073741941.305924676149367&amp;type=1&amp;l=aef6e2bd8b\">ver fotos<\/a>).<\/p>\n<p><!--more--><\/p>\n<p>La Directora del C\u00f3mo Vamos, Natalia Escobar Santander, destac\u00f3: \u201c<strong>entender las din\u00e1micas del mercado laboral permite dise\u00f1ar pol\u00edticas p\u00fablicas, al igual que intervenciones del sector privado<\/strong>, que sean mucho m\u00e1s pertinentes con la realidad. Justamente este estudio lo que hace es centrar la atenci\u00f3n en aquellos factores que son importantes, tanto porque han evolucionado o porque representan brechas\u201d.<\/p>\n<p>&nbsp;<\/p>\n<p><strong>Respecto a la poblaci\u00f3n de desocupados<\/strong><\/p>\n<p><strong>Entre las conclusiones del informe se evidencia que los desocupados hombres son superiores en los grupos de edad de menores a 45 a\u00f1os<\/strong>. Los desocupados mujeres son relativamente mayores en los grupos mayores a 45 a\u00f1os de edad. Esto ha permitido un proceso m\u00e1s acelerado de disminuci\u00f3n en el desempleo de los hombres, por cuesti\u00f3n de edad con mayor potencial productivo.<\/p>\n<p>&nbsp;<\/p>\n<p>Adem\u00e1s, el 11,8% de los desocupados, en caso de enfermedad, no tendr\u00edan recursos para atender los costos asociados, o no lo han considerado en el alg\u00fan momento.<\/p>\n<p>&nbsp;<\/p>\n<p><strong>Sobre los ocupados<\/strong><\/p>\n<p><strong>La proporci\u00f3n de trabajadores ocupados con bajos niveles educativos disminuy\u00f3<\/strong>, mientras que la proporci\u00f3n de ocupados con educaci\u00f3n superior aument\u00f3. T\u00e9cnicos y tecn\u00f3logos pasaron del 11,2% al 18,8%.<\/p>\n<p>&nbsp;<\/p>\n<p>El ingreso laboral promedio de Manizales es el cuarto m\u00e1s alto, por debajo de Bogot\u00e1, Medell\u00edn y Tunja.<\/p>\n<p>&nbsp;<\/p>\n<p>Por otra parte, aunque las mujeres ocupadas en la ciudad tienden a tener niveles educativos superiores a los hombres, se encontr\u00f3 una brecha significativa entre los ingresos laborales (22%). En postgrado alcanzan el 48%.<\/p>\n<p>&nbsp;<\/p>\n<p><strong>Poblaci\u00f3n inactiva<\/strong><\/p>\n<p><strong>Es mayoritariamente de mujeres y ha crecido en los \u00faltimos a\u00f1os<\/strong>, mientras en los hombres se observa disminuci\u00f3n.<\/p>\n<p>&nbsp;<\/p>\n<p>El 58,3 de la poblaci\u00f3n inactiva afirm\u00f3 que su \u00faltimo empleo fue hace 5 a\u00f1os o m\u00e1s. Adem\u00e1s, el incremento en los inactivos con alg\u00fan t\u00edtulo de educaci\u00f3n superior es mayor en las mujeres. 70% de los nuevos casos.<\/p>\n<p>&nbsp;<\/p>\n<p><strong>Sobre el informe<\/strong><\/p>\n<p><strong>Permite conocer c\u00f3mo se encuentra la ciudad en temas de empleo a partir de una medici\u00f3n objetiva basada en indicadores<\/strong>. Adem\u00e1s, permitir\u00e1 compararse con el resto de ciudades del pa\u00eds y visibilizar los retos y mejoras tiene Manizales en este tema.<\/p>\n<p>&nbsp;<\/p>\n<p><strong>Informes: <\/strong>Oficina de Comunicaciones y Prensa U. de Caldas, tel\u00e9fono 878 15 00 extensi\u00f3n 12 167.<\/p>\n<p><strong>Redacci\u00f3n:<\/strong> Margarita Laverde<\/p>\n<p>&nbsp;<\/p>\n","protected":false},"excerpt":{"rendered":"<p>SE PRESENT\u00d3 INFORME 2018 C\u00d3MO VAMOS EN EMPLEO #EmpleoDeMisSue\u00f1os: con 41,3% Manizales tiene la menor informalidad del pa\u00eds 29\/05\/2018 As\u00ed lo evidenci\u00f3 el informe 2018 C\u00f3mo Vamos en Empleo que el C\u00f3mo Vamos, de cual es socia la Universidad de Caldas, (desc\u00e1rguelo aqu\u00ed), junto a la C\u00e1mara de Comercio de Manizales por Caldas y Confa, [&hellip;]<\/p>\n","protected":false},"author":2,"featured_media":41192,"comment_status":"closed","ping_status":"open","sticky":false,"template":"","format":"standard","meta":{"footnotes":""},"categories":[53,617,48],"tags":[68,133,161,2472,2532,55],"class_list":["post-41191","post","type-post","status-publish","format-standard","has-post-thumbnail","hentry","category-universidad-al-dia","category-ucaldas-colaborativa","category-actualidad","tag-invitado","tag-presentacion","tag-manizales-como-vamos","tag-informe","tag-empleo","tag-academia"],"yoast_head":"<!-- This site is optimized with the Yoast SEO plugin v27.5 - https:\/\/yoast.com\/product\/yoast-seo-wordpress\/ -->\n<title>#EmpleoDeMisSue\u00f1os: con 41,3% Manizales tiene la menor informalidad del pa\u00eds .<\/title>\n<meta name=\"robots\" content=\"index, follow, max-snippet:-1, max-image-preview:large, max-video-preview:-1\" \/>\n<link rel=\"canonical\" href=\"https:\/\/www.ucaldas.edu.co\/portal\/empleodemissuenos-con-413-manizales-tiene-la-menor-informalidad-del-pais\/\" \/>\n<script type=\"application\/ld+json\" class=\"yoast-schema-graph\">{\"@context\":\"https:\\\/\\\/schema.org\",\"@graph\":[{\"@type\":\"Article\",\"@id\":\"https:\\\/\\\/www.ucaldas.edu.co\\\/portal\\\/empleodemissuenos-con-413-manizales-tiene-la-menor-informalidad-del-pais\\\/#article\",\"isPartOf\":{\"@id\":\"https:\\\/\\\/www.ucaldas.edu.co\\\/portal\\\/empleodemissuenos-con-413-manizales-tiene-la-menor-informalidad-del-pais\\\/\"},\"author\":{\"name\":\"ofiprensa\",\"@id\":\"https:\\\/\\\/www.ucaldas.edu.co\\\/portal\\\/#\\\/schema\\\/person\\\/a1b482e23449158b4bc319926c074fdf\"},\"headline\":\"#EmpleoDeMisSue\u00f1os: con 41,3% Manizales tiene la menor informalidad del pa\u00eds\",\"datePublished\":\"2018-05-29T22:31:02+00:00\",\"mainEntityOfPage\":{\"@id\":\"https:\\\/\\\/www.ucaldas.edu.co\\\/portal\\\/empleodemissuenos-con-413-manizales-tiene-la-menor-informalidad-del-pais\\\/\"},\"wordCount\":469,\"publisher\":{\"@id\":\"https:\\\/\\\/www.ucaldas.edu.co\\\/portal\\\/#organization\"},\"image\":{\"@id\":\"https:\\\/\\\/www.ucaldas.edu.co\\\/portal\\\/empleodemissuenos-con-413-manizales-tiene-la-menor-informalidad-del-pais\\\/#primaryimage\"},\"thumbnailUrl\":\"https:\\\/\\\/www.ucaldas.edu.co\\\/portal\\\/wp-content\\\/uploads\\\/2018\\\/05\\\/Empleo-compressor.jpg\",\"keywords\":[\"invitado\",\"Presentaci\u00f3n\",\"Manizales C\u00f3mo Vamos\",\"informe\",\"empleo\",\"academia\"],\"articleSection\":[\"Universidad al D\u00eda\",\"UCaldas Colaborativa\",\"Actualidad\"],\"inLanguage\":\"es\"},{\"@type\":\"WebPage\",\"@id\":\"https:\\\/\\\/www.ucaldas.edu.co\\\/portal\\\/empleodemissuenos-con-413-manizales-tiene-la-menor-informalidad-del-pais\\\/\",\"url\":\"https:\\\/\\\/www.ucaldas.edu.co\\\/portal\\\/empleodemissuenos-con-413-manizales-tiene-la-menor-informalidad-del-pais\\\/\",\"name\":\"#EmpleoDeMisSue\u00f1os: con 41,3% Manizales tiene la menor informalidad del pa\u00eds .\",\"isPartOf\":{\"@id\":\"https:\\\/\\\/www.ucaldas.edu.co\\\/portal\\\/#website\"},\"primaryImageOfPage\":{\"@id\":\"https:\\\/\\\/www.ucaldas.edu.co\\\/portal\\\/empleodemissuenos-con-413-manizales-tiene-la-menor-informalidad-del-pais\\\/#primaryimage\"},\"image\":{\"@id\":\"https:\\\/\\\/www.ucaldas.edu.co\\\/portal\\\/empleodemissuenos-con-413-manizales-tiene-la-menor-informalidad-del-pais\\\/#primaryimage\"},\"thumbnailUrl\":\"https:\\\/\\\/www.ucaldas.edu.co\\\/portal\\\/wp-content\\\/uploads\\\/2018\\\/05\\\/Empleo-compressor.jpg\",\"datePublished\":\"2018-05-29T22:31:02+00:00\",\"breadcrumb\":{\"@id\":\"https:\\\/\\\/www.ucaldas.edu.co\\\/portal\\\/empleodemissuenos-con-413-manizales-tiene-la-menor-informalidad-del-pais\\\/#breadcrumb\"},\"inLanguage\":\"es\",\"potentialAction\":[{\"@type\":\"ReadAction\",\"target\":[\"https:\\\/\\\/www.ucaldas.edu.co\\\/portal\\\/empleodemissuenos-con-413-manizales-tiene-la-menor-informalidad-del-pais\\\/\"]}]},{\"@type\":\"ImageObject\",\"inLanguage\":\"es\",\"@id\":\"https:\\\/\\\/www.ucaldas.edu.co\\\/portal\\\/empleodemissuenos-con-413-manizales-tiene-la-menor-informalidad-del-pais\\\/#primaryimage\",\"url\":\"https:\\\/\\\/www.ucaldas.edu.co\\\/portal\\\/wp-content\\\/uploads\\\/2018\\\/05\\\/Empleo-compressor.jpg\",\"contentUrl\":\"https:\\\/\\\/www.ucaldas.edu.co\\\/portal\\\/wp-content\\\/uploads\\\/2018\\\/05\\\/Empleo-compressor.jpg\",\"width\":700,\"height\":400},{\"@type\":\"BreadcrumbList\",\"@id\":\"https:\\\/\\\/www.ucaldas.edu.co\\\/portal\\\/empleodemissuenos-con-413-manizales-tiene-la-menor-informalidad-del-pais\\\/#breadcrumb\",\"itemListElement\":[{\"@type\":\"ListItem\",\"position\":1,\"name\":\"Portada\",\"item\":\"https:\\\/\\\/www.ucaldas.edu.co\\\/portal\\\/\"},{\"@type\":\"ListItem\",\"position\":2,\"name\":\"#EmpleoDeMisSue\u00f1os: con 41,3% Manizales tiene la menor informalidad del pa\u00eds\"}]},{\"@type\":\"WebSite\",\"@id\":\"https:\\\/\\\/www.ucaldas.edu.co\\\/portal\\\/#website\",\"url\":\"https:\\\/\\\/www.ucaldas.edu.co\\\/portal\\\/\",\"name\":\"Universidad de Caldas\",\"description\":\"\",\"publisher\":{\"@id\":\"https:\\\/\\\/www.ucaldas.edu.co\\\/portal\\\/#organization\"},\"alternateName\":\"U. de Caldas\",\"potentialAction\":[{\"@type\":\"SearchAction\",\"target\":{\"@type\":\"EntryPoint\",\"urlTemplate\":\"https:\\\/\\\/www.ucaldas.edu.co\\\/portal\\\/?s={search_term_string}\"},\"query-input\":{\"@type\":\"PropertyValueSpecification\",\"valueRequired\":true,\"valueName\":\"search_term_string\"}}],\"inLanguage\":\"es\"},{\"@type\":\"Organization\",\"@id\":\"https:\\\/\\\/www.ucaldas.edu.co\\\/portal\\\/#organization\",\"name\":\"Universidad de Caldas\",\"alternateName\":\"U. de Caldas\",\"url\":\"https:\\\/\\\/www.ucaldas.edu.co\\\/portal\\\/\",\"logo\":{\"@type\":\"ImageObject\",\"inLanguage\":\"es\",\"@id\":\"https:\\\/\\\/www.ucaldas.edu.co\\\/portal\\\/#\\\/schema\\\/logo\\\/image\\\/\",\"url\":\"https:\\\/\\\/www.ucaldas.edu.co\\\/portal\\\/wp-content\\\/uploads\\\/2023\\\/11\\\/Logo_horizontal_oscuroU-2023.png\",\"contentUrl\":\"https:\\\/\\\/www.ucaldas.edu.co\\\/portal\\\/wp-content\\\/uploads\\\/2023\\\/11\\\/Logo_horizontal_oscuroU-2023.png\",\"width\":263,\"height\":101,\"caption\":\"Universidad de Caldas\"},\"image\":{\"@id\":\"https:\\\/\\\/www.ucaldas.edu.co\\\/portal\\\/#\\\/schema\\\/logo\\\/image\\\/\"},\"sameAs\":[\"https:\\\/\\\/www.facebook.com\\\/udecaldas\",\"https:\\\/\\\/x.com\\\/udecaldas\",\"https:\\\/\\\/www.youtube.com\\\/universidadcaldas\",\"https:\\\/\\\/www.instagram.com\\\/udecaldas\\\/\"]},{\"@type\":\"Person\",\"@id\":\"https:\\\/\\\/www.ucaldas.edu.co\\\/portal\\\/#\\\/schema\\\/person\\\/a1b482e23449158b4bc319926c074fdf\",\"name\":\"ofiprensa\",\"image\":{\"@type\":\"ImageObject\",\"inLanguage\":\"es\",\"@id\":\"https:\\\/\\\/www.ucaldas.edu.co\\\/portal\\\/wp-content\\\/litespeed\\\/avatar\\\/09ea5085e600095a7a811142c6944527.jpg?ver=1777497608\",\"url\":\"https:\\\/\\\/www.ucaldas.edu.co\\\/portal\\\/wp-content\\\/litespeed\\\/avatar\\\/09ea5085e600095a7a811142c6944527.jpg?ver=1777497608\",\"contentUrl\":\"https:\\\/\\\/www.ucaldas.edu.co\\\/portal\\\/wp-content\\\/litespeed\\\/avatar\\\/09ea5085e600095a7a811142c6944527.jpg?ver=1777497608\",\"caption\":\"ofiprensa\"},\"url\":\"https:\\\/\\\/www.ucaldas.edu.co\\\/portal\\\/author\\\/ofiprensa\\\/\"}]}<\/script>\n<!-- \/ Yoast SEO plugin. -->","yoast_head_json":{"title":"#EmpleoDeMisSue\u00f1os: con 41,3% Manizales tiene la menor informalidad del pa\u00eds .","robots":{"index":"index","follow":"follow","max-snippet":"max-snippet:-1","max-image-preview":"max-image-preview:large","max-video-preview":"max-video-preview:-1"},"canonical":"https:\/\/www.ucaldas.edu.co\/portal\/empleodemissuenos-con-413-manizales-tiene-la-menor-informalidad-del-pais\/","schema":{"@context":"https:\/\/schema.org","@graph":[{"@type":"Article","@id":"https:\/\/www.ucaldas.edu.co\/portal\/empleodemissuenos-con-413-manizales-tiene-la-menor-informalidad-del-pais\/#article","isPartOf":{"@id":"https:\/\/www.ucaldas.edu.co\/portal\/empleodemissuenos-con-413-manizales-tiene-la-menor-informalidad-del-pais\/"},"author":{"name":"ofiprensa","@id":"https:\/\/www.ucaldas.edu.co\/portal\/#\/schema\/person\/a1b482e23449158b4bc319926c074fdf"},"headline":"#EmpleoDeMisSue\u00f1os: con 41,3% Manizales tiene la menor informalidad del pa\u00eds","datePublished":"2018-05-29T22:31:02+00:00","mainEntityOfPage":{"@id":"https:\/\/www.ucaldas.edu.co\/portal\/empleodemissuenos-con-413-manizales-tiene-la-menor-informalidad-del-pais\/"},"wordCount":469,"publisher":{"@id":"https:\/\/www.ucaldas.edu.co\/portal\/#organization"},"image":{"@id":"https:\/\/www.ucaldas.edu.co\/portal\/empleodemissuenos-con-413-manizales-tiene-la-menor-informalidad-del-pais\/#primaryimage"},"thumbnailUrl":"https:\/\/www.ucaldas.edu.co\/portal\/wp-content\/uploads\/2018\/05\/Empleo-compressor.jpg","keywords":["invitado","Presentaci\u00f3n","Manizales C\u00f3mo Vamos","informe","empleo","academia"],"articleSection":["Universidad al D\u00eda","UCaldas Colaborativa","Actualidad"],"inLanguage":"es"},{"@type":"WebPage","@id":"https:\/\/www.ucaldas.edu.co\/portal\/empleodemissuenos-con-413-manizales-tiene-la-menor-informalidad-del-pais\/","url":"https:\/\/www.ucaldas.edu.co\/portal\/empleodemissuenos-con-413-manizales-tiene-la-menor-informalidad-del-pais\/","name":"#EmpleoDeMisSue\u00f1os: con 41,3% Manizales tiene la menor informalidad del pa\u00eds .","isPartOf":{"@id":"https:\/\/www.ucaldas.edu.co\/portal\/#website"},"primaryImageOfPage":{"@id":"https:\/\/www.ucaldas.edu.co\/portal\/empleodemissuenos-con-413-manizales-tiene-la-menor-informalidad-del-pais\/#primaryimage"},"image":{"@id":"https:\/\/www.ucaldas.edu.co\/portal\/empleodemissuenos-con-413-manizales-tiene-la-menor-informalidad-del-pais\/#primaryimage"},"thumbnailUrl":"https:\/\/www.ucaldas.edu.co\/portal\/wp-content\/uploads\/2018\/05\/Empleo-compressor.jpg","datePublished":"2018-05-29T22:31:02+00:00","breadcrumb":{"@id":"https:\/\/www.ucaldas.edu.co\/portal\/empleodemissuenos-con-413-manizales-tiene-la-menor-informalidad-del-pais\/#breadcrumb"},"inLanguage":"es","potentialAction":[{"@type":"ReadAction","target":["https:\/\/www.ucaldas.edu.co\/portal\/empleodemissuenos-con-413-manizales-tiene-la-menor-informalidad-del-pais\/"]}]},{"@type":"ImageObject","inLanguage":"es","@id":"https:\/\/www.ucaldas.edu.co\/portal\/empleodemissuenos-con-413-manizales-tiene-la-menor-informalidad-del-pais\/#primaryimage","url":"https:\/\/www.ucaldas.edu.co\/portal\/wp-content\/uploads\/2018\/05\/Empleo-compressor.jpg","contentUrl":"https:\/\/www.ucaldas.edu.co\/portal\/wp-content\/uploads\/2018\/05\/Empleo-compressor.jpg","width":700,"height":400},{"@type":"BreadcrumbList","@id":"https:\/\/www.ucaldas.edu.co\/portal\/empleodemissuenos-con-413-manizales-tiene-la-menor-informalidad-del-pais\/#breadcrumb","itemListElement":[{"@type":"ListItem","position":1,"name":"Portada","item":"https:\/\/www.ucaldas.edu.co\/portal\/"},{"@type":"ListItem","position":2,"name":"#EmpleoDeMisSue\u00f1os: con 41,3% Manizales tiene la menor informalidad del pa\u00eds"}]},{"@type":"WebSite","@id":"https:\/\/www.ucaldas.edu.co\/portal\/#website","url":"https:\/\/www.ucaldas.edu.co\/portal\/","name":"Universidad de Caldas","description":"","publisher":{"@id":"https:\/\/www.ucaldas.edu.co\/portal\/#organization"},"alternateName":"U. de Caldas","potentialAction":[{"@type":"SearchAction","target":{"@type":"EntryPoint","urlTemplate":"https:\/\/www.ucaldas.edu.co\/portal\/?s={search_term_string}"},"query-input":{"@type":"PropertyValueSpecification","valueRequired":true,"valueName":"search_term_string"}}],"inLanguage":"es"},{"@type":"Organization","@id":"https:\/\/www.ucaldas.edu.co\/portal\/#organization","name":"Universidad de Caldas","alternateName":"U. de Caldas","url":"https:\/\/www.ucaldas.edu.co\/portal\/","logo":{"@type":"ImageObject","inLanguage":"es","@id":"https:\/\/www.ucaldas.edu.co\/portal\/#\/schema\/logo\/image\/","url":"https:\/\/www.ucaldas.edu.co\/portal\/wp-content\/uploads\/2023\/11\/Logo_horizontal_oscuroU-2023.png","contentUrl":"https:\/\/www.ucaldas.edu.co\/portal\/wp-content\/uploads\/2023\/11\/Logo_horizontal_oscuroU-2023.png","width":263,"height":101,"caption":"Universidad de Caldas"},"image":{"@id":"https:\/\/www.ucaldas.edu.co\/portal\/#\/schema\/logo\/image\/"},"sameAs":["https:\/\/www.facebook.com\/udecaldas","https:\/\/x.com\/udecaldas","https:\/\/www.youtube.com\/universidadcaldas","https:\/\/www.instagram.com\/udecaldas\/"]},{"@type":"Person","@id":"https:\/\/www.ucaldas.edu.co\/portal\/#\/schema\/person\/a1b482e23449158b4bc319926c074fdf","name":"ofiprensa","image":{"@type":"ImageObject","inLanguage":"es","@id":"https:\/\/www.ucaldas.edu.co\/portal\/wp-content\/litespeed\/avatar\/09ea5085e600095a7a811142c6944527.jpg?ver=1777497608","url":"https:\/\/www.ucaldas.edu.co\/portal\/wp-content\/litespeed\/avatar\/09ea5085e600095a7a811142c6944527.jpg?ver=1777497608","contentUrl":"https:\/\/www.ucaldas.edu.co\/portal\/wp-content\/litespeed\/avatar\/09ea5085e600095a7a811142c6944527.jpg?ver=1777497608","caption":"ofiprensa"},"url":"https:\/\/www.ucaldas.edu.co\/portal\/author\/ofiprensa\/"}]}},"_links":{"self":[{"href":"https:\/\/www.ucaldas.edu.co\/portal\/wp-json\/wp\/v2\/posts\/41191","targetHints":{"allow":["GET"]}}],"collection":[{"href":"https:\/\/www.ucaldas.edu.co\/portal\/wp-json\/wp\/v2\/posts"}],"about":[{"href":"https:\/\/www.ucaldas.edu.co\/portal\/wp-json\/wp\/v2\/types\/post"}],"author":[{"embeddable":true,"href":"https:\/\/www.ucaldas.edu.co\/portal\/wp-json\/wp\/v2\/users\/2"}],"replies":[{"embeddable":true,"href":"https:\/\/www.ucaldas.edu.co\/portal\/wp-json\/wp\/v2\/comments?post=41191"}],"version-history":[{"count":0,"href":"https:\/\/www.ucaldas.edu.co\/portal\/wp-json\/wp\/v2\/posts\/41191\/revisions"}],"wp:featuredmedia":[{"embeddable":true,"href":"https:\/\/www.ucaldas.edu.co\/portal\/wp-json\/wp\/v2\/media\/41192"}],"wp:attachment":[{"href":"https:\/\/www.ucaldas.edu.co\/portal\/wp-json\/wp\/v2\/media?parent=41191"}],"wp:term":[{"taxonomy":"category","embeddable":true,"href":"https:\/\/www.ucaldas.edu.co\/portal\/wp-json\/wp\/v2\/categories?post=41191"},{"taxonomy":"post_tag","embeddable":true,"href":"https:\/\/www.ucaldas.edu.co\/portal\/wp-json\/wp\/v2\/tags?post=41191"}],"curies":[{"name":"wp","href":"https:\/\/api.w.org\/{rel}","templated":true}]}}