{"id":41180,"date":"2018-05-28T22:13:31","date_gmt":"2018-05-28T22:13:31","guid":{"rendered":"https:\/\/www.ucaldas.edu.co\/portal\/?p=41180"},"modified":"2018-05-28T22:13:31","modified_gmt":"2018-05-28T22:13:31","slug":"u-de-caldas-sera-sede-de-ii-encuentro-en-colombia-de-la-red-iberoamericana-de-investigadores-en-paz-imperfecta","status":"publish","type":"post","link":"https:\/\/www.ucaldas.edu.co\/portal\/u-de-caldas-sera-sede-de-ii-encuentro-en-colombia-de-la-red-iberoamericana-de-investigadores-en-paz-imperfecta\/","title":{"rendered":"U. de Caldas ser\u00e1 sede de II Encuentro en Colombia de la Red Iberoamericana de Investigadores en Paz Imperfecta"},"content":{"rendered":"<p style=\"text-align: center;\">EL 31 DE MAYO Y EL 1 DE JUNIO DEL 2018<\/p>\n<p style=\"text-align: center;\"><strong>U. de Caldas ser\u00e1 sede de II Encuentro en Colombia de la Red Iberoamericana de Investigadores en Paz Imperfecta<\/strong><\/p>\n<p style=\"text-align: right;\">28\/05\/2018<\/p>\n<p><strong><img loading=\"lazy\" decoding=\"async\" class=\"alignnone size-full wp-image-41181 aligncenter\" src=\"https:\/\/www.ucaldas.edu.co\/portal\/wp-content\/uploads\/2018\/05\/eventopaz-compressor.jpg\" alt=\"\" width=\"700\" height=\"400\" srcset=\"https:\/\/www.ucaldas.edu.co\/portal\/wp-content\/uploads\/2018\/05\/eventopaz-compressor.jpg 700w, https:\/\/www.ucaldas.edu.co\/portal\/wp-content\/uploads\/2018\/05\/eventopaz-compressor-300x171.jpg 300w\" sizes=\"auto, (max-width: 700px) 100vw, 700px\" \/>Propiciar un encuentro acad\u00e9mico de investigadores <\/strong>cuyos trabajos examinan las capacidades creadoras y las acciones pacifistas de personas y organizaciones desatadas aun en medio de conflictos y violencias es el <strong>objetivo<\/strong> del <strong>II Encuentro en Colombia de la Red Iberoamericana de Investigadores en Paz Imperfecta<\/strong>, que tendr\u00e1 lugar en la Universidad de Caldas.<\/p>\n<p><!--more--><\/p>\n<p>La cita ser\u00e1 <strong>el 31 de mayo y el 1 de junio del 2018 en el Auditorio Tulio G\u00f3mez Estrada del Campus Palogrande<\/strong> de la Instituci\u00f3n caldense.<\/p>\n<p>&nbsp;<\/p>\n<p>Este es un evento apoyado por Vicerrector\u00eda de Proyecci\u00f3n Universitaria, Facultad de Ciencias Jur\u00eddicas y Sociales, Departamento de Econom\u00eda y Administraci\u00f3n, y Maestr\u00eda en Ciencias Sociales de la U. de Caldas, junto al Centro Internacional de Educaci\u00f3n y Desarrollo Humano (Cinde).<\/p>\n<p>&nbsp;<\/p>\n<p>En sus or\u00edgenes, la <strong>Red Iberoamericana de Investigadores para la Paz Imperfecta integr\u00f3 investigadores de Am\u00e9rica Latina y Espa\u00f1a<\/strong>, cuyos trabajos han indagado en las capacidades creadoras, las acciones pacifistas de personas y organizaciones y la transformaci\u00f3n positiva de los conflictos. La categor\u00eda Paz Imperfecta y sus supuestos epistemol\u00f3gicos constituyen la base de los estudios realizados por investigadores en distintas latitudes.<\/p>\n<p>&nbsp;<\/p>\n<p><a href=\"https:\/\/www.ucaldas.edu.co\/portal\/wp-content\/uploads\/2018\/05\/programacio%CC%81n2.pdf\">Conozca aqu\u00ed la agenda del encuentro<\/a><\/p>\n<p>&nbsp;<\/p>\n<p><strong>Informes: <\/strong>Oficina de Comunicaciones y Prensa U. de Caldas, tel\u00e9fono 878 15 00 extensi\u00f3n 12 167.<\/p>\n<p><strong>Redacci\u00f3n:<\/strong> Margarita Laverde<\/p>\n<p>&nbsp;<\/p>\n","protected":false},"excerpt":{"rendered":"<p>EL 31 DE MAYO Y EL 1 DE JUNIO DEL 2018 U. de Caldas ser\u00e1 sede de II Encuentro en Colombia de la Red Iberoamericana de Investigadores en Paz Imperfecta 28\/05\/2018 Propiciar un encuentro acad\u00e9mico de investigadores cuyos trabajos examinan las capacidades creadoras y las acciones pacifistas de personas y organizaciones desatadas aun en medio [&hellip;]<\/p>\n","protected":false},"author":2,"featured_media":41181,"comment_status":"closed","ping_status":"open","sticky":false,"template":"","format":"standard","meta":{"footnotes":""},"categories":[48,53,624],"tags":[55,63,68,178,2724,2725],"class_list":["post-41180","post","type-post","status-publish","format-standard","has-post-thumbnail","hentry","category-actualidad","category-universidad-al-dia","category-ucaldas-activa","tag-academia","tag-participe","tag-invitado","tag-encuentro","tag-paz-imperfecta","tag-red-iberoamericana-de-investigadores-en-paz-imperfecta"],"yoast_head":"<!-- This site is optimized with the Yoast SEO plugin v27.5 - https:\/\/yoast.com\/product\/yoast-seo-wordpress\/ -->\n<title>U. de Caldas ser\u00e1 sede de II Encuentro en Colombia de la Red Iberoamericana de Investigadores en Paz Imperfecta .<\/title>\n<meta name=\"robots\" content=\"index, follow, max-snippet:-1, max-image-preview:large, max-video-preview:-1\" \/>\n<link rel=\"canonical\" href=\"https:\/\/www.ucaldas.edu.co\/portal\/u-de-caldas-sera-sede-de-ii-encuentro-en-colombia-de-la-red-iberoamericana-de-investigadores-en-paz-imperfecta\/\" \/>\n<script type=\"application\/ld+json\" class=\"yoast-schema-graph\">{\"@context\":\"https:\\\/\\\/schema.org\",\"@graph\":[{\"@type\":\"Article\",\"@id\":\"https:\\\/\\\/www.ucaldas.edu.co\\\/portal\\\/u-de-caldas-sera-sede-de-ii-encuentro-en-colombia-de-la-red-iberoamericana-de-investigadores-en-paz-imperfecta\\\/#article\",\"isPartOf\":{\"@id\":\"https:\\\/\\\/www.ucaldas.edu.co\\\/portal\\\/u-de-caldas-sera-sede-de-ii-encuentro-en-colombia-de-la-red-iberoamericana-de-investigadores-en-paz-imperfecta\\\/\"},\"author\":{\"name\":\"ofiprensa\",\"@id\":\"https:\\\/\\\/www.ucaldas.edu.co\\\/portal\\\/#\\\/schema\\\/person\\\/a1b482e23449158b4bc319926c074fdf\"},\"headline\":\"U. de Caldas ser\u00e1 sede de II Encuentro en Colombia de la Red Iberoamericana de Investigadores en Paz Imperfecta\",\"datePublished\":\"2018-05-28T22:13:31+00:00\",\"mainEntityOfPage\":{\"@id\":\"https:\\\/\\\/www.ucaldas.edu.co\\\/portal\\\/u-de-caldas-sera-sede-de-ii-encuentro-en-colombia-de-la-red-iberoamericana-de-investigadores-en-paz-imperfecta\\\/\"},\"wordCount\":269,\"publisher\":{\"@id\":\"https:\\\/\\\/www.ucaldas.edu.co\\\/portal\\\/#organization\"},\"image\":{\"@id\":\"https:\\\/\\\/www.ucaldas.edu.co\\\/portal\\\/u-de-caldas-sera-sede-de-ii-encuentro-en-colombia-de-la-red-iberoamericana-de-investigadores-en-paz-imperfecta\\\/#primaryimage\"},\"thumbnailUrl\":\"https:\\\/\\\/www.ucaldas.edu.co\\\/portal\\\/wp-content\\\/uploads\\\/2018\\\/05\\\/eventopaz-compressor.jpg\",\"keywords\":[\"academia\",\"Participe\",\"invitado\",\"encuentro\",\"paz imperfecta\",\"Red Iberoamericana de Investigadores en Paz Imperfecta\"],\"articleSection\":[\"Actualidad\",\"Universidad al D\u00eda\",\"UCaldas Activa\"],\"inLanguage\":\"es\"},{\"@type\":\"WebPage\",\"@id\":\"https:\\\/\\\/www.ucaldas.edu.co\\\/portal\\\/u-de-caldas-sera-sede-de-ii-encuentro-en-colombia-de-la-red-iberoamericana-de-investigadores-en-paz-imperfecta\\\/\",\"url\":\"https:\\\/\\\/www.ucaldas.edu.co\\\/portal\\\/u-de-caldas-sera-sede-de-ii-encuentro-en-colombia-de-la-red-iberoamericana-de-investigadores-en-paz-imperfecta\\\/\",\"name\":\"U. de Caldas ser\u00e1 sede de II Encuentro en Colombia de la Red Iberoamericana de Investigadores en Paz Imperfecta .\",\"isPartOf\":{\"@id\":\"https:\\\/\\\/www.ucaldas.edu.co\\\/portal\\\/#website\"},\"primaryImageOfPage\":{\"@id\":\"https:\\\/\\\/www.ucaldas.edu.co\\\/portal\\\/u-de-caldas-sera-sede-de-ii-encuentro-en-colombia-de-la-red-iberoamericana-de-investigadores-en-paz-imperfecta\\\/#primaryimage\"},\"image\":{\"@id\":\"https:\\\/\\\/www.ucaldas.edu.co\\\/portal\\\/u-de-caldas-sera-sede-de-ii-encuentro-en-colombia-de-la-red-iberoamericana-de-investigadores-en-paz-imperfecta\\\/#primaryimage\"},\"thumbnailUrl\":\"https:\\\/\\\/www.ucaldas.edu.co\\\/portal\\\/wp-content\\\/uploads\\\/2018\\\/05\\\/eventopaz-compressor.jpg\",\"datePublished\":\"2018-05-28T22:13:31+00:00\",\"breadcrumb\":{\"@id\":\"https:\\\/\\\/www.ucaldas.edu.co\\\/portal\\\/u-de-caldas-sera-sede-de-ii-encuentro-en-colombia-de-la-red-iberoamericana-de-investigadores-en-paz-imperfecta\\\/#breadcrumb\"},\"inLanguage\":\"es\",\"potentialAction\":[{\"@type\":\"ReadAction\",\"target\":[\"https:\\\/\\\/www.ucaldas.edu.co\\\/portal\\\/u-de-caldas-sera-sede-de-ii-encuentro-en-colombia-de-la-red-iberoamericana-de-investigadores-en-paz-imperfecta\\\/\"]}]},{\"@type\":\"ImageObject\",\"inLanguage\":\"es\",\"@id\":\"https:\\\/\\\/www.ucaldas.edu.co\\\/portal\\\/u-de-caldas-sera-sede-de-ii-encuentro-en-colombia-de-la-red-iberoamericana-de-investigadores-en-paz-imperfecta\\\/#primaryimage\",\"url\":\"https:\\\/\\\/www.ucaldas.edu.co\\\/portal\\\/wp-content\\\/uploads\\\/2018\\\/05\\\/eventopaz-compressor.jpg\",\"contentUrl\":\"https:\\\/\\\/www.ucaldas.edu.co\\\/portal\\\/wp-content\\\/uploads\\\/2018\\\/05\\\/eventopaz-compressor.jpg\",\"width\":700,\"height\":400},{\"@type\":\"BreadcrumbList\",\"@id\":\"https:\\\/\\\/www.ucaldas.edu.co\\\/portal\\\/u-de-caldas-sera-sede-de-ii-encuentro-en-colombia-de-la-red-iberoamericana-de-investigadores-en-paz-imperfecta\\\/#breadcrumb\",\"itemListElement\":[{\"@type\":\"ListItem\",\"position\":1,\"name\":\"Portada\",\"item\":\"https:\\\/\\\/www.ucaldas.edu.co\\\/portal\\\/\"},{\"@type\":\"ListItem\",\"position\":2,\"name\":\"U. de Caldas ser\u00e1 sede de II Encuentro en Colombia de la Red Iberoamericana de Investigadores en Paz Imperfecta\"}]},{\"@type\":\"WebSite\",\"@id\":\"https:\\\/\\\/www.ucaldas.edu.co\\\/portal\\\/#website\",\"url\":\"https:\\\/\\\/www.ucaldas.edu.co\\\/portal\\\/\",\"name\":\"Universidad de Caldas\",\"description\":\"\",\"publisher\":{\"@id\":\"https:\\\/\\\/www.ucaldas.edu.co\\\/portal\\\/#organization\"},\"alternateName\":\"U. de Caldas\",\"potentialAction\":[{\"@type\":\"SearchAction\",\"target\":{\"@type\":\"EntryPoint\",\"urlTemplate\":\"https:\\\/\\\/www.ucaldas.edu.co\\\/portal\\\/?s={search_term_string}\"},\"query-input\":{\"@type\":\"PropertyValueSpecification\",\"valueRequired\":true,\"valueName\":\"search_term_string\"}}],\"inLanguage\":\"es\"},{\"@type\":\"Organization\",\"@id\":\"https:\\\/\\\/www.ucaldas.edu.co\\\/portal\\\/#organization\",\"name\":\"Universidad de Caldas\",\"alternateName\":\"U. de Caldas\",\"url\":\"https:\\\/\\\/www.ucaldas.edu.co\\\/portal\\\/\",\"logo\":{\"@type\":\"ImageObject\",\"inLanguage\":\"es\",\"@id\":\"https:\\\/\\\/www.ucaldas.edu.co\\\/portal\\\/#\\\/schema\\\/logo\\\/image\\\/\",\"url\":\"https:\\\/\\\/www.ucaldas.edu.co\\\/portal\\\/wp-content\\\/uploads\\\/2023\\\/11\\\/Logo_horizontal_oscuroU-2023.png\",\"contentUrl\":\"https:\\\/\\\/www.ucaldas.edu.co\\\/portal\\\/wp-content\\\/uploads\\\/2023\\\/11\\\/Logo_horizontal_oscuroU-2023.png\",\"width\":263,\"height\":101,\"caption\":\"Universidad de Caldas\"},\"image\":{\"@id\":\"https:\\\/\\\/www.ucaldas.edu.co\\\/portal\\\/#\\\/schema\\\/logo\\\/image\\\/\"},\"sameAs\":[\"https:\\\/\\\/www.facebook.com\\\/udecaldas\",\"https:\\\/\\\/x.com\\\/udecaldas\",\"https:\\\/\\\/www.youtube.com\\\/universidadcaldas\",\"https:\\\/\\\/www.instagram.com\\\/udecaldas\\\/\"]},{\"@type\":\"Person\",\"@id\":\"https:\\\/\\\/www.ucaldas.edu.co\\\/portal\\\/#\\\/schema\\\/person\\\/a1b482e23449158b4bc319926c074fdf\",\"name\":\"ofiprensa\",\"image\":{\"@type\":\"ImageObject\",\"inLanguage\":\"es\",\"@id\":\"https:\\\/\\\/www.ucaldas.edu.co\\\/portal\\\/wp-content\\\/litespeed\\\/avatar\\\/09ea5085e600095a7a811142c6944527.jpg?ver=1777497608\",\"url\":\"https:\\\/\\\/www.ucaldas.edu.co\\\/portal\\\/wp-content\\\/litespeed\\\/avatar\\\/09ea5085e600095a7a811142c6944527.jpg?ver=1777497608\",\"contentUrl\":\"https:\\\/\\\/www.ucaldas.edu.co\\\/portal\\\/wp-content\\\/litespeed\\\/avatar\\\/09ea5085e600095a7a811142c6944527.jpg?ver=1777497608\",\"caption\":\"ofiprensa\"},\"url\":\"https:\\\/\\\/www.ucaldas.edu.co\\\/portal\\\/author\\\/ofiprensa\\\/\"}]}<\/script>\n<!-- \/ Yoast SEO plugin. -->","yoast_head_json":{"title":"U. de Caldas ser\u00e1 sede de II Encuentro en Colombia de la Red Iberoamericana de Investigadores en Paz Imperfecta .","robots":{"index":"index","follow":"follow","max-snippet":"max-snippet:-1","max-image-preview":"max-image-preview:large","max-video-preview":"max-video-preview:-1"},"canonical":"https:\/\/www.ucaldas.edu.co\/portal\/u-de-caldas-sera-sede-de-ii-encuentro-en-colombia-de-la-red-iberoamericana-de-investigadores-en-paz-imperfecta\/","schema":{"@context":"https:\/\/schema.org","@graph":[{"@type":"Article","@id":"https:\/\/www.ucaldas.edu.co\/portal\/u-de-caldas-sera-sede-de-ii-encuentro-en-colombia-de-la-red-iberoamericana-de-investigadores-en-paz-imperfecta\/#article","isPartOf":{"@id":"https:\/\/www.ucaldas.edu.co\/portal\/u-de-caldas-sera-sede-de-ii-encuentro-en-colombia-de-la-red-iberoamericana-de-investigadores-en-paz-imperfecta\/"},"author":{"name":"ofiprensa","@id":"https:\/\/www.ucaldas.edu.co\/portal\/#\/schema\/person\/a1b482e23449158b4bc319926c074fdf"},"headline":"U. de Caldas ser\u00e1 sede de II Encuentro en Colombia de la Red Iberoamericana de Investigadores en Paz Imperfecta","datePublished":"2018-05-28T22:13:31+00:00","mainEntityOfPage":{"@id":"https:\/\/www.ucaldas.edu.co\/portal\/u-de-caldas-sera-sede-de-ii-encuentro-en-colombia-de-la-red-iberoamericana-de-investigadores-en-paz-imperfecta\/"},"wordCount":269,"publisher":{"@id":"https:\/\/www.ucaldas.edu.co\/portal\/#organization"},"image":{"@id":"https:\/\/www.ucaldas.edu.co\/portal\/u-de-caldas-sera-sede-de-ii-encuentro-en-colombia-de-la-red-iberoamericana-de-investigadores-en-paz-imperfecta\/#primaryimage"},"thumbnailUrl":"https:\/\/www.ucaldas.edu.co\/portal\/wp-content\/uploads\/2018\/05\/eventopaz-compressor.jpg","keywords":["academia","Participe","invitado","encuentro","paz imperfecta","Red Iberoamericana de Investigadores en Paz Imperfecta"],"articleSection":["Actualidad","Universidad al D\u00eda","UCaldas Activa"],"inLanguage":"es"},{"@type":"WebPage","@id":"https:\/\/www.ucaldas.edu.co\/portal\/u-de-caldas-sera-sede-de-ii-encuentro-en-colombia-de-la-red-iberoamericana-de-investigadores-en-paz-imperfecta\/","url":"https:\/\/www.ucaldas.edu.co\/portal\/u-de-caldas-sera-sede-de-ii-encuentro-en-colombia-de-la-red-iberoamericana-de-investigadores-en-paz-imperfecta\/","name":"U. de Caldas ser\u00e1 sede de II Encuentro en Colombia de la Red Iberoamericana de Investigadores en Paz Imperfecta .","isPartOf":{"@id":"https:\/\/www.ucaldas.edu.co\/portal\/#website"},"primaryImageOfPage":{"@id":"https:\/\/www.ucaldas.edu.co\/portal\/u-de-caldas-sera-sede-de-ii-encuentro-en-colombia-de-la-red-iberoamericana-de-investigadores-en-paz-imperfecta\/#primaryimage"},"image":{"@id":"https:\/\/www.ucaldas.edu.co\/portal\/u-de-caldas-sera-sede-de-ii-encuentro-en-colombia-de-la-red-iberoamericana-de-investigadores-en-paz-imperfecta\/#primaryimage"},"thumbnailUrl":"https:\/\/www.ucaldas.edu.co\/portal\/wp-content\/uploads\/2018\/05\/eventopaz-compressor.jpg","datePublished":"2018-05-28T22:13:31+00:00","breadcrumb":{"@id":"https:\/\/www.ucaldas.edu.co\/portal\/u-de-caldas-sera-sede-de-ii-encuentro-en-colombia-de-la-red-iberoamericana-de-investigadores-en-paz-imperfecta\/#breadcrumb"},"inLanguage":"es","potentialAction":[{"@type":"ReadAction","target":["https:\/\/www.ucaldas.edu.co\/portal\/u-de-caldas-sera-sede-de-ii-encuentro-en-colombia-de-la-red-iberoamericana-de-investigadores-en-paz-imperfecta\/"]}]},{"@type":"ImageObject","inLanguage":"es","@id":"https:\/\/www.ucaldas.edu.co\/portal\/u-de-caldas-sera-sede-de-ii-encuentro-en-colombia-de-la-red-iberoamericana-de-investigadores-en-paz-imperfecta\/#primaryimage","url":"https:\/\/www.ucaldas.edu.co\/portal\/wp-content\/uploads\/2018\/05\/eventopaz-compressor.jpg","contentUrl":"https:\/\/www.ucaldas.edu.co\/portal\/wp-content\/uploads\/2018\/05\/eventopaz-compressor.jpg","width":700,"height":400},{"@type":"BreadcrumbList","@id":"https:\/\/www.ucaldas.edu.co\/portal\/u-de-caldas-sera-sede-de-ii-encuentro-en-colombia-de-la-red-iberoamericana-de-investigadores-en-paz-imperfecta\/#breadcrumb","itemListElement":[{"@type":"ListItem","position":1,"name":"Portada","item":"https:\/\/www.ucaldas.edu.co\/portal\/"},{"@type":"ListItem","position":2,"name":"U. de Caldas ser\u00e1 sede de II Encuentro en Colombia de la Red Iberoamericana de Investigadores en Paz Imperfecta"}]},{"@type":"WebSite","@id":"https:\/\/www.ucaldas.edu.co\/portal\/#website","url":"https:\/\/www.ucaldas.edu.co\/portal\/","name":"Universidad de Caldas","description":"","publisher":{"@id":"https:\/\/www.ucaldas.edu.co\/portal\/#organization"},"alternateName":"U. de Caldas","potentialAction":[{"@type":"SearchAction","target":{"@type":"EntryPoint","urlTemplate":"https:\/\/www.ucaldas.edu.co\/portal\/?s={search_term_string}"},"query-input":{"@type":"PropertyValueSpecification","valueRequired":true,"valueName":"search_term_string"}}],"inLanguage":"es"},{"@type":"Organization","@id":"https:\/\/www.ucaldas.edu.co\/portal\/#organization","name":"Universidad de Caldas","alternateName":"U. de Caldas","url":"https:\/\/www.ucaldas.edu.co\/portal\/","logo":{"@type":"ImageObject","inLanguage":"es","@id":"https:\/\/www.ucaldas.edu.co\/portal\/#\/schema\/logo\/image\/","url":"https:\/\/www.ucaldas.edu.co\/portal\/wp-content\/uploads\/2023\/11\/Logo_horizontal_oscuroU-2023.png","contentUrl":"https:\/\/www.ucaldas.edu.co\/portal\/wp-content\/uploads\/2023\/11\/Logo_horizontal_oscuroU-2023.png","width":263,"height":101,"caption":"Universidad de Caldas"},"image":{"@id":"https:\/\/www.ucaldas.edu.co\/portal\/#\/schema\/logo\/image\/"},"sameAs":["https:\/\/www.facebook.com\/udecaldas","https:\/\/x.com\/udecaldas","https:\/\/www.youtube.com\/universidadcaldas","https:\/\/www.instagram.com\/udecaldas\/"]},{"@type":"Person","@id":"https:\/\/www.ucaldas.edu.co\/portal\/#\/schema\/person\/a1b482e23449158b4bc319926c074fdf","name":"ofiprensa","image":{"@type":"ImageObject","inLanguage":"es","@id":"https:\/\/www.ucaldas.edu.co\/portal\/wp-content\/litespeed\/avatar\/09ea5085e600095a7a811142c6944527.jpg?ver=1777497608","url":"https:\/\/www.ucaldas.edu.co\/portal\/wp-content\/litespeed\/avatar\/09ea5085e600095a7a811142c6944527.jpg?ver=1777497608","contentUrl":"https:\/\/www.ucaldas.edu.co\/portal\/wp-content\/litespeed\/avatar\/09ea5085e600095a7a811142c6944527.jpg?ver=1777497608","caption":"ofiprensa"},"url":"https:\/\/www.ucaldas.edu.co\/portal\/author\/ofiprensa\/"}]}},"_links":{"self":[{"href":"https:\/\/www.ucaldas.edu.co\/portal\/wp-json\/wp\/v2\/posts\/41180","targetHints":{"allow":["GET"]}}],"collection":[{"href":"https:\/\/www.ucaldas.edu.co\/portal\/wp-json\/wp\/v2\/posts"}],"about":[{"href":"https:\/\/www.ucaldas.edu.co\/portal\/wp-json\/wp\/v2\/types\/post"}],"author":[{"embeddable":true,"href":"https:\/\/www.ucaldas.edu.co\/portal\/wp-json\/wp\/v2\/users\/2"}],"replies":[{"embeddable":true,"href":"https:\/\/www.ucaldas.edu.co\/portal\/wp-json\/wp\/v2\/comments?post=41180"}],"version-history":[{"count":0,"href":"https:\/\/www.ucaldas.edu.co\/portal\/wp-json\/wp\/v2\/posts\/41180\/revisions"}],"wp:featuredmedia":[{"embeddable":true,"href":"https:\/\/www.ucaldas.edu.co\/portal\/wp-json\/wp\/v2\/media\/41181"}],"wp:attachment":[{"href":"https:\/\/www.ucaldas.edu.co\/portal\/wp-json\/wp\/v2\/media?parent=41180"}],"wp:term":[{"taxonomy":"category","embeddable":true,"href":"https:\/\/www.ucaldas.edu.co\/portal\/wp-json\/wp\/v2\/categories?post=41180"},{"taxonomy":"post_tag","embeddable":true,"href":"https:\/\/www.ucaldas.edu.co\/portal\/wp-json\/wp\/v2\/tags?post=41180"}],"curies":[{"name":"wp","href":"https:\/\/api.w.org\/{rel}","templated":true}]}}