{"id":40990,"date":"2018-05-17T21:32:02","date_gmt":"2018-05-17T21:32:02","guid":{"rendered":"https:\/\/www.ucaldas.edu.co\/portal\/?p=40990"},"modified":"2018-05-17T21:33:24","modified_gmt":"2018-05-17T21:33:24","slug":"participe-en-convocatoria-del-festival-internacional-de-musica","status":"publish","type":"post","link":"https:\/\/www.ucaldas.edu.co\/portal\/participe-en-convocatoria-del-festival-internacional-de-musica\/","title":{"rendered":"Participe en convocatoria del Festival Internacional de M\u00fasica"},"content":{"rendered":"<p style=\"text-align: center;\">PLAZO PARA LA INSCRIPCI\u00d3N DE LOS PARTICIPANTES VENCE EL 8 DE JUNIO<\/p>\n<p style=\"text-align: center;\"><strong>Participe en convocatoria del Festival Internacional de M\u00fasica<\/strong><\/p>\n<p style=\"text-align: right;\">17\/05\/2018<\/p>\n<p><strong>\u00a0<img loading=\"lazy\" decoding=\"async\" class=\"size-full wp-image-40991 aligncenter\" src=\"https:\/\/www.ucaldas.edu.co\/portal\/wp-content\/uploads\/2018\/05\/Cima-compressor.jpg\" alt=\"\" width=\"700\" height=\"400\" srcset=\"https:\/\/www.ucaldas.edu.co\/portal\/wp-content\/uploads\/2018\/05\/Cima-compressor.jpg 700w, https:\/\/www.ucaldas.edu.co\/portal\/wp-content\/uploads\/2018\/05\/Cima-compressor-300x171.jpg 300w\" sizes=\"auto, (max-width: 700px) 100vw, 700px\" \/><\/strong><\/p>\n<p>El Festival Internacional de M\u00fasica (<strong>CiMa<\/strong>) es un <strong>espacio de circulaci\u00f3n que ofrece el Departamento de M\u00fasica de la Universidad de Caldas<\/strong>, para la exhibici\u00f3n y posicionamiento de la creaci\u00f3n art\u00edstica de los docentes y estudiantes, y el intercambio acad\u00e9mico y art\u00edstico con destacados m\u00fasicos nacionales e internacionales.<\/p>\n<p><!--more--><\/p>\n<p>El Festival es tambi\u00e9n un articulador del paisaje sonoro de la ciudad, con un enfoque progresista y netamente educativo, que permite a Manizales dar un paso adelante en el panorama musical de Colombia con actividades como conciertos, clases magistrales, talleres de gesti\u00f3n cultural y producci\u00f3n musical, conferencias, seminarios, entre otras actividades.<\/p>\n<p>&nbsp;<\/p>\n<p>CiMa significa ciudad de Manizales y hace referencia tambi\u00e9n a la Cima en la cual se encuentra ubicada nuestra ciudad. El Festival <strong>se desarrollar\u00e1 en diferentes escenarios de la ciudad del 21 al 25 de agosto del 2018.<\/strong><\/p>\n<p><strong>\u00a0<\/strong><\/p>\n<p><strong>Convocatoria CiMa 2018<\/strong><\/p>\n<p><strong>Participantes:<\/strong><\/p>\n<p>&nbsp;<\/p>\n<ul>\n<li>Podr\u00e1n participar ensambles (formatos de c\u00e1mara), solistas y performance con repertorio de cualquier \u00e9poca de la historia de la m\u00fasica.<\/li>\n<li>Conferencistas, ponentes o expositores que desarrollen alg\u00fan tema relevante en las diferentes expresiones musicales, temas relacionados con la interpretaci\u00f3n musical, la composici\u00f3n, la direcci\u00f3n,\u00a0 la pedagog\u00eda, la investigaci\u00f3n &#8211; creaci\u00f3n y la musicolog\u00eda.<\/li>\n<\/ul>\n<p>&nbsp;<\/p>\n<p>Por lo general, un m\u00fasico, un director o un elenco musical, se inscribe para ser parte de un solo programa presentado para el Festival. En caso de participar en m\u00e1s de una conformaci\u00f3n musical, se deber\u00e1 consultar a los organizadores del Festival y recibir la aprobaci\u00f3n para el efecto.<\/p>\n<p>&nbsp;<\/p>\n<ul>\n<li>Los grupos no podr\u00e1n exceder 20 (veinte) participantes.<\/li>\n<li>Se entregar\u00e1 a cada integrante una credencial para ingresar a los conciertos y a los eventos acad\u00e9micos.<\/li>\n<li>Se sugiere a los grupos traer consigo material impreso (discos, libros, videos) para su venta en Manizales.<\/li>\n<li>El plazo para la inscripci\u00f3n de los participantes vence el 8 de junio de 2018.<\/li>\n<\/ul>\n<p>&nbsp;<\/p>\n<p>&nbsp;<\/p>\n<p>El Comit\u00e9 Art\u00edstico del Festival evaluar\u00e1 cada una de las propuestas y escoger\u00e1 las que a su juicio cuenten con los m\u00e9ritos art\u00edsticos y musicales y la alta calidad que siempre se ha destacado en los festivales anteriores. La decisi\u00f3n final ser\u00e1 inapelable y se comunicar\u00e1 oportunamente a los ganadores de la convocatoria<\/p>\n<p>&nbsp;<\/p>\n<p><strong>Repertorio y talleres:<\/strong><\/p>\n<p>Los participantes deber\u00e1n ofrecer m\u00ednimo un concierto durante el Festival. Cada participante, grupo o solista, deber\u00e1 preparar un programa, con una duraci\u00f3n que oscile entre 50 a 60 minutos.\u00a0 Solamente en casos excepcionales el programa podr\u00eda brevemente exceder la duraci\u00f3n de 60 minutos, previa aprobaci\u00f3n de parte del Director Art\u00edstico del Festival.<\/p>\n<p>&nbsp;<\/p>\n<p>El grupo o solista deber\u00e1 ofrecer un taller o una clase magistral (en su especialidad de g\u00e9nero o instrumentaci\u00f3n) para nutrir la oferta acad\u00e9mica del evento.<\/p>\n<p>&nbsp;<\/p>\n<p><strong>De los instrumentos<\/strong><\/p>\n<p>Cada proponente deber\u00e1 contar con sus instrumentos.\u00a0 En el caso del piano y\/o percusi\u00f3n la propuesta debe ser evaluada por el comit\u00e9 organizador para validar la disponibilidad dentro del festival.<\/p>\n<p>&nbsp;<\/p>\n<p><strong>Del hospedaje, alimentaci\u00f3n y transporte<\/strong><\/p>\n<p>Cada participante seleccionado por su propuesta dispondr\u00e1 de invitaciones oficiales para lograr ayudas econ\u00f3micas en instituciones de su pa\u00eds, tendientes a solventar sus gastos de pasajes internacionales.<\/p>\n<p>&nbsp;<\/p>\n<p>El festival\u00a0 estudiar\u00e1 la posibilidad de proveer a los participantes alojamiento, alimentaci\u00f3n y transporte nacional, dependiendo de la disponibilidad presupuestal.<\/p>\n<p>&nbsp;<\/p>\n<p>Como regla general el Festival no pagar\u00e1 honorarios por la participaci\u00f3n en cualquiera de las modalidades ofertadas.<\/p>\n<p>&nbsp;<\/p>\n<p><strong>De la documentaci\u00f3n a presentar:<\/strong><\/p>\n<p>&nbsp;<\/p>\n<p>Los participantes deber\u00e1n enviar la siguiente documentaci\u00f3n:<\/p>\n<p>&nbsp;<\/p>\n<ul>\n<li>Una carta de solicitud de participaci\u00f3n en la cual se indique que el grupo o el solista ha le\u00eddo la convocatoria y est\u00e1 de acuerdo con los puntos estipulados en ella.<\/li>\n<li>Propuesta de concierto con el programa, la rese\u00f1a del grupo o solista y Material audio\/visual sea f\u00edsico o virtual en el que se pueda evaluar la propuesta musical.<\/li>\n<\/ul>\n<p>&nbsp;<\/p>\n<ul>\n<li>En el caso de las conferencias se debe enviar el Resumen \/Abstract de la ponencia a realizarse y el curriculum del proponente.<\/li>\n<\/ul>\n<p>&nbsp;<\/p>\n<p>&#8211;\u00a0\u00a0\u00a0\u00a0 El festival proveer\u00e1 traductores para las actividades que as\u00ed lo requieran.<\/p>\n<p>&nbsp;<\/p>\n<p>Fecha l\u00edmite de presentaci\u00f3n de propuesta: viernes 8 de junio del 2018.<\/p>\n<p>&nbsp;<\/p>\n<p><strong>Informes y env\u00edo de propuestas:<\/strong> al correo electr\u00f3nico <a href=\"mailto:festcima@ucaldas.edu.co\">festcima@ucaldas.edu.co<\/a><\/p>\n<p><strong>Redacci\u00f3n:<\/strong> Margarita Laverde<\/p>\n<p>&nbsp;<\/p>\n","protected":false},"excerpt":{"rendered":"<p>PLAZO PARA LA INSCRIPCI\u00d3N DE LOS PARTICIPANTES VENCE EL 8 DE JUNIO Participe en convocatoria del Festival Internacional de M\u00fasica 17\/05\/2018 \u00a0 El Festival Internacional de M\u00fasica (CiMa) es un espacio de circulaci\u00f3n que ofrece el Departamento de M\u00fasica de la Universidad de Caldas, para la exhibici\u00f3n y posicionamiento de la creaci\u00f3n art\u00edstica de los [&hellip;]<\/p>\n","protected":false},"author":2,"featured_media":40991,"comment_status":"closed","ping_status":"open","sticky":false,"template":"","format":"standard","meta":{"footnotes":""},"categories":[48,53,664],"tags":[63,141,2698],"class_list":["post-40990","post","type-post","status-publish","format-standard","has-post-thumbnail","hentry","category-actualidad","category-universidad-al-dia","category-ucaldas-cultural","tag-participe","tag-convocatoria","tag-festival-internacional-de-musica"],"yoast_head":"<!-- This site is optimized with the Yoast SEO plugin v27.5 - https:\/\/yoast.com\/product\/yoast-seo-wordpress\/ -->\n<title>Participe en convocatoria del Festival Internacional de M\u00fasica .<\/title>\n<meta name=\"robots\" content=\"index, follow, max-snippet:-1, max-image-preview:large, max-video-preview:-1\" \/>\n<link rel=\"canonical\" href=\"https:\/\/www.ucaldas.edu.co\/portal\/participe-en-convocatoria-del-festival-internacional-de-musica\/\" \/>\n<script type=\"application\/ld+json\" class=\"yoast-schema-graph\">{\"@context\":\"https:\\\/\\\/schema.org\",\"@graph\":[{\"@type\":\"Article\",\"@id\":\"https:\\\/\\\/www.ucaldas.edu.co\\\/portal\\\/participe-en-convocatoria-del-festival-internacional-de-musica\\\/#article\",\"isPartOf\":{\"@id\":\"https:\\\/\\\/www.ucaldas.edu.co\\\/portal\\\/participe-en-convocatoria-del-festival-internacional-de-musica\\\/\"},\"author\":{\"name\":\"ofiprensa\",\"@id\":\"https:\\\/\\\/www.ucaldas.edu.co\\\/portal\\\/#\\\/schema\\\/person\\\/a1b482e23449158b4bc319926c074fdf\"},\"headline\":\"Participe en convocatoria del Festival Internacional de M\u00fasica\",\"datePublished\":\"2018-05-17T21:32:02+00:00\",\"dateModified\":\"2018-05-17T21:33:24+00:00\",\"mainEntityOfPage\":{\"@id\":\"https:\\\/\\\/www.ucaldas.edu.co\\\/portal\\\/participe-en-convocatoria-del-festival-internacional-de-musica\\\/\"},\"wordCount\":771,\"publisher\":{\"@id\":\"https:\\\/\\\/www.ucaldas.edu.co\\\/portal\\\/#organization\"},\"image\":{\"@id\":\"https:\\\/\\\/www.ucaldas.edu.co\\\/portal\\\/participe-en-convocatoria-del-festival-internacional-de-musica\\\/#primaryimage\"},\"thumbnailUrl\":\"https:\\\/\\\/www.ucaldas.edu.co\\\/portal\\\/wp-content\\\/uploads\\\/2018\\\/05\\\/Cima-compressor.jpg\",\"keywords\":[\"Participe\",\"Convocatoria\",\"Festival Internacional de M\u00fasica\"],\"articleSection\":[\"Actualidad\",\"Universidad al D\u00eda\",\"UCaldas Cultural\"],\"inLanguage\":\"es\"},{\"@type\":\"WebPage\",\"@id\":\"https:\\\/\\\/www.ucaldas.edu.co\\\/portal\\\/participe-en-convocatoria-del-festival-internacional-de-musica\\\/\",\"url\":\"https:\\\/\\\/www.ucaldas.edu.co\\\/portal\\\/participe-en-convocatoria-del-festival-internacional-de-musica\\\/\",\"name\":\"Participe en convocatoria del Festival Internacional de M\u00fasica .\",\"isPartOf\":{\"@id\":\"https:\\\/\\\/www.ucaldas.edu.co\\\/portal\\\/#website\"},\"primaryImageOfPage\":{\"@id\":\"https:\\\/\\\/www.ucaldas.edu.co\\\/portal\\\/participe-en-convocatoria-del-festival-internacional-de-musica\\\/#primaryimage\"},\"image\":{\"@id\":\"https:\\\/\\\/www.ucaldas.edu.co\\\/portal\\\/participe-en-convocatoria-del-festival-internacional-de-musica\\\/#primaryimage\"},\"thumbnailUrl\":\"https:\\\/\\\/www.ucaldas.edu.co\\\/portal\\\/wp-content\\\/uploads\\\/2018\\\/05\\\/Cima-compressor.jpg\",\"datePublished\":\"2018-05-17T21:32:02+00:00\",\"dateModified\":\"2018-05-17T21:33:24+00:00\",\"breadcrumb\":{\"@id\":\"https:\\\/\\\/www.ucaldas.edu.co\\\/portal\\\/participe-en-convocatoria-del-festival-internacional-de-musica\\\/#breadcrumb\"},\"inLanguage\":\"es\",\"potentialAction\":[{\"@type\":\"ReadAction\",\"target\":[\"https:\\\/\\\/www.ucaldas.edu.co\\\/portal\\\/participe-en-convocatoria-del-festival-internacional-de-musica\\\/\"]}]},{\"@type\":\"ImageObject\",\"inLanguage\":\"es\",\"@id\":\"https:\\\/\\\/www.ucaldas.edu.co\\\/portal\\\/participe-en-convocatoria-del-festival-internacional-de-musica\\\/#primaryimage\",\"url\":\"https:\\\/\\\/www.ucaldas.edu.co\\\/portal\\\/wp-content\\\/uploads\\\/2018\\\/05\\\/Cima-compressor.jpg\",\"contentUrl\":\"https:\\\/\\\/www.ucaldas.edu.co\\\/portal\\\/wp-content\\\/uploads\\\/2018\\\/05\\\/Cima-compressor.jpg\",\"width\":700,\"height\":400},{\"@type\":\"BreadcrumbList\",\"@id\":\"https:\\\/\\\/www.ucaldas.edu.co\\\/portal\\\/participe-en-convocatoria-del-festival-internacional-de-musica\\\/#breadcrumb\",\"itemListElement\":[{\"@type\":\"ListItem\",\"position\":1,\"name\":\"Portada\",\"item\":\"https:\\\/\\\/www.ucaldas.edu.co\\\/portal\\\/\"},{\"@type\":\"ListItem\",\"position\":2,\"name\":\"Participe en convocatoria del Festival Internacional de M\u00fasica\"}]},{\"@type\":\"WebSite\",\"@id\":\"https:\\\/\\\/www.ucaldas.edu.co\\\/portal\\\/#website\",\"url\":\"https:\\\/\\\/www.ucaldas.edu.co\\\/portal\\\/\",\"name\":\"Universidad de Caldas\",\"description\":\"\",\"publisher\":{\"@id\":\"https:\\\/\\\/www.ucaldas.edu.co\\\/portal\\\/#organization\"},\"alternateName\":\"U. de Caldas\",\"potentialAction\":[{\"@type\":\"SearchAction\",\"target\":{\"@type\":\"EntryPoint\",\"urlTemplate\":\"https:\\\/\\\/www.ucaldas.edu.co\\\/portal\\\/?s={search_term_string}\"},\"query-input\":{\"@type\":\"PropertyValueSpecification\",\"valueRequired\":true,\"valueName\":\"search_term_string\"}}],\"inLanguage\":\"es\"},{\"@type\":\"Organization\",\"@id\":\"https:\\\/\\\/www.ucaldas.edu.co\\\/portal\\\/#organization\",\"name\":\"Universidad de Caldas\",\"alternateName\":\"U. de Caldas\",\"url\":\"https:\\\/\\\/www.ucaldas.edu.co\\\/portal\\\/\",\"logo\":{\"@type\":\"ImageObject\",\"inLanguage\":\"es\",\"@id\":\"https:\\\/\\\/www.ucaldas.edu.co\\\/portal\\\/#\\\/schema\\\/logo\\\/image\\\/\",\"url\":\"https:\\\/\\\/www.ucaldas.edu.co\\\/portal\\\/wp-content\\\/uploads\\\/2023\\\/11\\\/Logo_horizontal_oscuroU-2023.png\",\"contentUrl\":\"https:\\\/\\\/www.ucaldas.edu.co\\\/portal\\\/wp-content\\\/uploads\\\/2023\\\/11\\\/Logo_horizontal_oscuroU-2023.png\",\"width\":263,\"height\":101,\"caption\":\"Universidad de Caldas\"},\"image\":{\"@id\":\"https:\\\/\\\/www.ucaldas.edu.co\\\/portal\\\/#\\\/schema\\\/logo\\\/image\\\/\"},\"sameAs\":[\"https:\\\/\\\/www.facebook.com\\\/udecaldas\",\"https:\\\/\\\/x.com\\\/udecaldas\",\"https:\\\/\\\/www.youtube.com\\\/universidadcaldas\",\"https:\\\/\\\/www.instagram.com\\\/udecaldas\\\/\"]},{\"@type\":\"Person\",\"@id\":\"https:\\\/\\\/www.ucaldas.edu.co\\\/portal\\\/#\\\/schema\\\/person\\\/a1b482e23449158b4bc319926c074fdf\",\"name\":\"ofiprensa\",\"image\":{\"@type\":\"ImageObject\",\"inLanguage\":\"es\",\"@id\":\"https:\\\/\\\/www.ucaldas.edu.co\\\/portal\\\/wp-content\\\/litespeed\\\/avatar\\\/09ea5085e600095a7a811142c6944527.jpg?ver=1777497608\",\"url\":\"https:\\\/\\\/www.ucaldas.edu.co\\\/portal\\\/wp-content\\\/litespeed\\\/avatar\\\/09ea5085e600095a7a811142c6944527.jpg?ver=1777497608\",\"contentUrl\":\"https:\\\/\\\/www.ucaldas.edu.co\\\/portal\\\/wp-content\\\/litespeed\\\/avatar\\\/09ea5085e600095a7a811142c6944527.jpg?ver=1777497608\",\"caption\":\"ofiprensa\"},\"url\":\"https:\\\/\\\/www.ucaldas.edu.co\\\/portal\\\/author\\\/ofiprensa\\\/\"}]}<\/script>\n<!-- \/ Yoast SEO plugin. -->","yoast_head_json":{"title":"Participe en convocatoria del Festival Internacional de M\u00fasica .","robots":{"index":"index","follow":"follow","max-snippet":"max-snippet:-1","max-image-preview":"max-image-preview:large","max-video-preview":"max-video-preview:-1"},"canonical":"https:\/\/www.ucaldas.edu.co\/portal\/participe-en-convocatoria-del-festival-internacional-de-musica\/","schema":{"@context":"https:\/\/schema.org","@graph":[{"@type":"Article","@id":"https:\/\/www.ucaldas.edu.co\/portal\/participe-en-convocatoria-del-festival-internacional-de-musica\/#article","isPartOf":{"@id":"https:\/\/www.ucaldas.edu.co\/portal\/participe-en-convocatoria-del-festival-internacional-de-musica\/"},"author":{"name":"ofiprensa","@id":"https:\/\/www.ucaldas.edu.co\/portal\/#\/schema\/person\/a1b482e23449158b4bc319926c074fdf"},"headline":"Participe en convocatoria del Festival Internacional de M\u00fasica","datePublished":"2018-05-17T21:32:02+00:00","dateModified":"2018-05-17T21:33:24+00:00","mainEntityOfPage":{"@id":"https:\/\/www.ucaldas.edu.co\/portal\/participe-en-convocatoria-del-festival-internacional-de-musica\/"},"wordCount":771,"publisher":{"@id":"https:\/\/www.ucaldas.edu.co\/portal\/#organization"},"image":{"@id":"https:\/\/www.ucaldas.edu.co\/portal\/participe-en-convocatoria-del-festival-internacional-de-musica\/#primaryimage"},"thumbnailUrl":"https:\/\/www.ucaldas.edu.co\/portal\/wp-content\/uploads\/2018\/05\/Cima-compressor.jpg","keywords":["Participe","Convocatoria","Festival Internacional de M\u00fasica"],"articleSection":["Actualidad","Universidad al D\u00eda","UCaldas Cultural"],"inLanguage":"es"},{"@type":"WebPage","@id":"https:\/\/www.ucaldas.edu.co\/portal\/participe-en-convocatoria-del-festival-internacional-de-musica\/","url":"https:\/\/www.ucaldas.edu.co\/portal\/participe-en-convocatoria-del-festival-internacional-de-musica\/","name":"Participe en convocatoria del Festival Internacional de M\u00fasica .","isPartOf":{"@id":"https:\/\/www.ucaldas.edu.co\/portal\/#website"},"primaryImageOfPage":{"@id":"https:\/\/www.ucaldas.edu.co\/portal\/participe-en-convocatoria-del-festival-internacional-de-musica\/#primaryimage"},"image":{"@id":"https:\/\/www.ucaldas.edu.co\/portal\/participe-en-convocatoria-del-festival-internacional-de-musica\/#primaryimage"},"thumbnailUrl":"https:\/\/www.ucaldas.edu.co\/portal\/wp-content\/uploads\/2018\/05\/Cima-compressor.jpg","datePublished":"2018-05-17T21:32:02+00:00","dateModified":"2018-05-17T21:33:24+00:00","breadcrumb":{"@id":"https:\/\/www.ucaldas.edu.co\/portal\/participe-en-convocatoria-del-festival-internacional-de-musica\/#breadcrumb"},"inLanguage":"es","potentialAction":[{"@type":"ReadAction","target":["https:\/\/www.ucaldas.edu.co\/portal\/participe-en-convocatoria-del-festival-internacional-de-musica\/"]}]},{"@type":"ImageObject","inLanguage":"es","@id":"https:\/\/www.ucaldas.edu.co\/portal\/participe-en-convocatoria-del-festival-internacional-de-musica\/#primaryimage","url":"https:\/\/www.ucaldas.edu.co\/portal\/wp-content\/uploads\/2018\/05\/Cima-compressor.jpg","contentUrl":"https:\/\/www.ucaldas.edu.co\/portal\/wp-content\/uploads\/2018\/05\/Cima-compressor.jpg","width":700,"height":400},{"@type":"BreadcrumbList","@id":"https:\/\/www.ucaldas.edu.co\/portal\/participe-en-convocatoria-del-festival-internacional-de-musica\/#breadcrumb","itemListElement":[{"@type":"ListItem","position":1,"name":"Portada","item":"https:\/\/www.ucaldas.edu.co\/portal\/"},{"@type":"ListItem","position":2,"name":"Participe en convocatoria del Festival Internacional de M\u00fasica"}]},{"@type":"WebSite","@id":"https:\/\/www.ucaldas.edu.co\/portal\/#website","url":"https:\/\/www.ucaldas.edu.co\/portal\/","name":"Universidad de Caldas","description":"","publisher":{"@id":"https:\/\/www.ucaldas.edu.co\/portal\/#organization"},"alternateName":"U. de Caldas","potentialAction":[{"@type":"SearchAction","target":{"@type":"EntryPoint","urlTemplate":"https:\/\/www.ucaldas.edu.co\/portal\/?s={search_term_string}"},"query-input":{"@type":"PropertyValueSpecification","valueRequired":true,"valueName":"search_term_string"}}],"inLanguage":"es"},{"@type":"Organization","@id":"https:\/\/www.ucaldas.edu.co\/portal\/#organization","name":"Universidad de Caldas","alternateName":"U. de Caldas","url":"https:\/\/www.ucaldas.edu.co\/portal\/","logo":{"@type":"ImageObject","inLanguage":"es","@id":"https:\/\/www.ucaldas.edu.co\/portal\/#\/schema\/logo\/image\/","url":"https:\/\/www.ucaldas.edu.co\/portal\/wp-content\/uploads\/2023\/11\/Logo_horizontal_oscuroU-2023.png","contentUrl":"https:\/\/www.ucaldas.edu.co\/portal\/wp-content\/uploads\/2023\/11\/Logo_horizontal_oscuroU-2023.png","width":263,"height":101,"caption":"Universidad de Caldas"},"image":{"@id":"https:\/\/www.ucaldas.edu.co\/portal\/#\/schema\/logo\/image\/"},"sameAs":["https:\/\/www.facebook.com\/udecaldas","https:\/\/x.com\/udecaldas","https:\/\/www.youtube.com\/universidadcaldas","https:\/\/www.instagram.com\/udecaldas\/"]},{"@type":"Person","@id":"https:\/\/www.ucaldas.edu.co\/portal\/#\/schema\/person\/a1b482e23449158b4bc319926c074fdf","name":"ofiprensa","image":{"@type":"ImageObject","inLanguage":"es","@id":"https:\/\/www.ucaldas.edu.co\/portal\/wp-content\/litespeed\/avatar\/09ea5085e600095a7a811142c6944527.jpg?ver=1777497608","url":"https:\/\/www.ucaldas.edu.co\/portal\/wp-content\/litespeed\/avatar\/09ea5085e600095a7a811142c6944527.jpg?ver=1777497608","contentUrl":"https:\/\/www.ucaldas.edu.co\/portal\/wp-content\/litespeed\/avatar\/09ea5085e600095a7a811142c6944527.jpg?ver=1777497608","caption":"ofiprensa"},"url":"https:\/\/www.ucaldas.edu.co\/portal\/author\/ofiprensa\/"}]}},"_links":{"self":[{"href":"https:\/\/www.ucaldas.edu.co\/portal\/wp-json\/wp\/v2\/posts\/40990","targetHints":{"allow":["GET"]}}],"collection":[{"href":"https:\/\/www.ucaldas.edu.co\/portal\/wp-json\/wp\/v2\/posts"}],"about":[{"href":"https:\/\/www.ucaldas.edu.co\/portal\/wp-json\/wp\/v2\/types\/post"}],"author":[{"embeddable":true,"href":"https:\/\/www.ucaldas.edu.co\/portal\/wp-json\/wp\/v2\/users\/2"}],"replies":[{"embeddable":true,"href":"https:\/\/www.ucaldas.edu.co\/portal\/wp-json\/wp\/v2\/comments?post=40990"}],"version-history":[{"count":0,"href":"https:\/\/www.ucaldas.edu.co\/portal\/wp-json\/wp\/v2\/posts\/40990\/revisions"}],"wp:featuredmedia":[{"embeddable":true,"href":"https:\/\/www.ucaldas.edu.co\/portal\/wp-json\/wp\/v2\/media\/40991"}],"wp:attachment":[{"href":"https:\/\/www.ucaldas.edu.co\/portal\/wp-json\/wp\/v2\/media?parent=40990"}],"wp:term":[{"taxonomy":"category","embeddable":true,"href":"https:\/\/www.ucaldas.edu.co\/portal\/wp-json\/wp\/v2\/categories?post=40990"},{"taxonomy":"post_tag","embeddable":true,"href":"https:\/\/www.ucaldas.edu.co\/portal\/wp-json\/wp\/v2\/tags?post=40990"}],"curies":[{"name":"wp","href":"https:\/\/api.w.org\/{rel}","templated":true}]}}