{"id":4092,"date":"2009-11-09T15:28:13","date_gmt":"2009-11-09T20:28:13","guid":{"rendered":"https:\/\/www.ucaldas.edu.co\/portal\/?p=4092"},"modified":"2009-11-09T15:28:13","modified_gmt":"2009-11-09T20:28:13","slug":"en-la-u-de-caldas-se-realiza-la-xi-muestra-internacional-documental-memorias-a-la-medida","status":"publish","type":"post","link":"https:\/\/www.ucaldas.edu.co\/portal\/en-la-u-de-caldas-se-realiza-la-xi-muestra-internacional-documental-memorias-a-la-medida\/","title":{"rendered":"En la U. de Caldas se realiza la XI Muestra internacional documental, memorias a la medida"},"content":{"rendered":"<p>Del 9 al 13 de Noviembre<\/p>\n<hr \/>\n<p align=\"center\">\n<p>&nbsp;<\/p>\n<p>La Corporaci\u00f3n Colombiana de Documentalistas (Alados), en asocio con el Ministerio de Cultura y apoyada por la Oficina de Extensi\u00f3n Cultural, Bienestar Universitario y el Jard\u00edn Bot\u00e1nico de la Universidad de Caldas, entre otras instituciones, realizan del 9 al 13 de noviembre en Teatro 8 de Junio de la Sede Central la XI Muestra internacional documental, memorias a la medida.<\/p>\n<p>&nbsp;<\/p>\n<p><span style=\"font-family: Calibri\">La programaci\u00f3n de la muestra es la siguiente:<\/span><\/p>\n<p><span style=\"font-family: Calibri\">\u00a0<\/span><\/p>\n<ul>\n<li><b><span style=\"font-family: Calibri\">Martes 10 de noviembre:<\/span><\/b><\/li>\n<\/ul>\n<p><b><span style=\"font-family: Calibri\">\u00a0<\/span><\/b><\/p>\n<p><b><span style=\"font-family: Calibri\">Lugar: Auditorio Tulio G\u00f3mez Estada (Sede Palogrande)<\/span><\/b><\/p>\n<p><b><span style=\"font-family: Calibri\">\u00a0<\/span><\/b><\/p>\n<p><span style=\"font-family: Calibri\"><b>2:00 p.m.\u00a0\u00a0\u00a0\u00a0\u00a0\u00a0\u00a0\u00a0\u00a0\u00a0\u00a0\u00a0\u00a0\u00a0\u00a0\u00a0\u00a0\u00a0\u00a0\u00a0\u00a0\u00a0\u00a0\u00a0\u00a0\u00a0\u00a0\u00a0\u00a0\u00a0\u00a0\u00a0\u00a0\u00a0\u00a0\u00a0\u00a0\u00a0\u00a0\u00a0\u00a0\u00a0\u00a0\u00a0\u00a0\u00a0\u00a0\u00a0\u00a0\u00a0\u00a0\u00a0\u00a0\u00a0\u00a0\u00a0\u00a0\u00a0\u00a0\u00a0\u00a0\u00a0\u00a0\u00a0\u00a0\u00a0\u00a0\u00a0\u00a0\u00a0\u00a0\u00a0\u00a0\u00a0 <\/b>Sin tregua. <i>Suiza. 87 min. 2008.<\/i><\/span><\/p>\n<p><b><span style=\"font-family: Calibri\">Rese\u00f1a:<\/span><\/b><\/p>\n<p><span style=\"font-family: Calibri\">Hollman Morris es un periodista reconocido internacionalmente por su trabajo, cuyo programa semanal de televisi\u00f3n <i>Contrav\u00eda <\/i>denuncia sin miedo la violencia que acaba con su tierra natal, Colombia. Aunque el reportero ha ganado premios prestigiosos en el exterior, en casa es victima de amenazas de muerte e intimidaciones que ponen en grave peligro a su familia.<\/span><\/p>\n<p><b><span style=\"font-family: Calibri\">\u00a0<\/span><\/b><\/p>\n<p><span style=\"font-family: Calibri\"><b>3:00 p.m.\u00a0\u00a0\u00a0\u00a0\u00a0\u00a0\u00a0\u00a0\u00a0\u00a0\u00a0\u00a0\u00a0\u00a0\u00a0\u00a0\u00a0\u00a0\u00a0\u00a0\u00a0\u00a0\u00a0\u00a0\u00a0\u00a0\u00a0\u00a0\u00a0\u00a0\u00a0\u00a0\u00a0\u00a0\u00a0\u00a0\u00a0\u00a0\u00a0\u00a0\u00a0\u00a0\u00a0\u00a0\u00a0\u00a0\u00a0\u00a0\u00a0\u00a0\u00a0\u00a0\u00a0\u00a0\u00a0\u00a0\u00a0\u00a0\u00a0\u00a0\u00a0\u00a0\u00a0\u00a0\u00a0\u00a0\u00a0\u00a0\u00a0\u00a0\u00a0\u00a0\u00a0\u00a0 <\/b>6 yardas a la democracia. <i>India. 56 min. 2006.<\/i><\/span><\/p>\n<p><b><span style=\"font-family: Calibri\">Rese\u00f1a: <\/span><\/b><\/p>\n<p><span style=\"font-family: Calibri\">Durante el periodo de elecciones hasta los habitantes de los barrios pobres son de inter\u00e9s para los pol\u00edticos. Un pol\u00edtico tuvo la idea de entregar <i>saris <\/i>(vestido tradicional de en India) gratis en los barrios mas humildes de la ciudad de Lucknow para conquistar votos.<\/span><\/p>\n<p><span style=\"font-family: Calibri\"><b>\u00a0\u00a0\u00a0\u00a0\u00a0\u00a0\u00a0\u00a0\u00a0\u00a0\u00a0\u00a0\u00a0\u00a0\u00a0\u00a0\u00a0\u00a0\u00a0\u00a0\u00a0\u00a0\u00a0\u00a0\u00a0\u00a0\u00a0\u00a0\u00a0\u00a0\u00a0\u00a0\u00a0\u00a0\u00a0\u00a0\u00a0\u00a0\u00a0\u00a0\u00a0\u00a0\u00a0\u00a0\u00a0\u00a0\u00a0\u00a0\u00a0\u00a0\u00a0\u00a0\u00a0\u00a0\u00a0\u00a0\u00a0\u00a0\u00a0\u00a0\u00a0\u00a0\u00a0\u00a0\u00a0\u00a0\u00a0\u00a0\u00a0\u00a0\u00a0\u00a0\u00a0\u00a0\u00a0\u00a0\u00a0\u00a0\u00a0\u00a0\u00a0\u00a0\u00a0\u00a0\u00a0\u00a0\u00a0\u00a0\u00a0\u00a0\u00a0\u00a0\u00a0 <\/b><\/span><\/p>\n<p><span style=\"font-family: Calibri\"><b>4:00 p.m.\u00a0\u00a0\u00a0\u00a0\u00a0\u00a0\u00a0 <\/b>La Batalla por La Corte Penal Internacional. <i>Estados Unidos. 95 min. 2009.<\/i><\/span><\/p>\n<p><span style=\"font-family: Calibri\"><b>Rese\u00f1a:<\/b><i><\/i><\/span><\/p>\n<p><span style=\"font-family: Calibri\">Al final del siglo XX, en respuesta a las repetidas atrocidades genocidas alrededor del mundo, m\u00e1s de 120 pa\u00edses se unieron para fundar la Corte Criminal Internacional (ICC), la primera corte permanente creada para fiscalizar a los victimarios.<\/span><\/p>\n<p><span style=\"font-family: Calibri\">\u00a0<\/span><\/p>\n<p><span style=\"font-family: Calibri\">\u00a0<\/span><\/p>\n<p><b><span style=\"font-family: Calibri\">Lugar: Imagoteca<\/span><\/b><\/p>\n<p><b><span style=\"font-family: Calibri\">\u00a0<\/span><\/b><\/p>\n<p><span style=\"font-family: Calibri\"><b>2:00 p.m.\u00a0\u00a0\u00a0\u00a0\u00a0\u00a0\u00a0 <\/b>Tishe!. <i>Rusia. 80 min. 2002.<\/i><\/span><\/p>\n<p><b><span style=\"font-family: Calibri\">Rese\u00f1a:<\/span><\/b><\/p>\n<p><span style=\"font-family: Calibri\">El director Victor Kissakovsky, ganador del premio Joris Ivens con su filme <i>Belovy, <\/i>ha hecho un documental que \u00e9l mismo describe como \u201cuna comedia\u201d. El t\u00edtulo, la palabra \u201ctishe\u201d en ruso, es la \u00fanica palabra que se oye en toda la pel\u00edcula. Significa esconderse, mantener silencio y ser discreto.<\/span><\/p>\n<p><span style=\"font-family: Calibri\">\u00a0<\/span><\/p>\n<p><span style=\"font-family: Calibri\">El archivo Re Bordosa. <i>Brasil. 16 min. 2008.<\/i><\/span><\/p>\n<p><b><span style=\"font-family: Calibri\">Rese\u00f1a:<\/span><\/b><\/p>\n<p><span style=\"font-family: Calibri\">Documental en animaci\u00f3n que investiga los motivos y las circunstancias que llevaron al dibujante Angeli a matar a su personaje m\u00e1s famoso, la diva <i>underground <\/i>Re Bordosa.<\/span><\/p>\n<p><span style=\"font-family: Calibri\">\u00a0<\/span><\/p>\n<p><span style=\"font-family: Calibri\"><b>4:00 p.m.\u00a0\u00a0\u00a0\u00a0\u00a0\u00a0\u00a0 <\/b>Por si se te olvido mi letra. <i>Medell\u00edn \/ Colombia. 49 min.<\/i><\/span><\/p>\n<p><span style=\"font-family: Calibri\"><b>Rese\u00f1a:<\/b><i><\/i><\/span><\/p>\n<p><span style=\"font-family: Calibri\">Un documental dedicado a las v\u00edctimas del olvido. Ascenci\u00f3n, N\u00e9stor, Felipe, Elvira, Nicol\u00e1s, Irene, Dianellis: 7 seres an\u00f3nimos por la memoria. 7 v\u00edctimas del olvido. 7 caligraf\u00edas dis\u00edmiles. 7 sentimientos que convergen en la nostalgia. 7 sombras de ciudades. 7 dibujos del recuerdo. 7 tejidos del conflicto. 7 marionetas de la vida.<\/span><\/p>\n<p><span style=\"font-family: Calibri\">\u00a0<\/span><\/p>\n<p><span style=\"font-family: Calibri\">Glimpse. <i>Sudafrica. <\/i><i>22 min. 2005.<\/i><\/span><\/p>\n<p><span style=\"font-family: Calibri\"><b>Rese\u00f1a:<\/b><b><\/b><\/span><\/p>\n<p><span style=\"font-family: Calibri\">Treinta minutos de im\u00e1genes de Sud\u00e1frica, su naturaleza,\u00a0 su gente, sus ciudades, sin comentarios, editadas al ritmo hipn\u00f3tico del m\u00fasico de Ciudad de Cabo, Campbell Burns.<\/span><\/p>\n<p><span style=\"font-family: Calibri\">\u00a0<\/span><\/p>\n<p><span style=\"font-family: Calibri\"><b>Lugar:<\/b><b> Jard\u00edn Bot\u00e1nico<\/b><b> <\/b><b><\/b><\/span><\/p>\n<p><b><span style=\"font-family: Calibri\">\u00a0<\/span><\/b><\/p>\n<p><span style=\"font-family: Calibri\"><b>6:00 p.m.\u00a0\u00a0\u00a0\u00a0\u00a0\u00a0\u00a0\u00a0\u00a0\u00a0\u00a0\u00a0\u00a0\u00a0\u00a0\u00a0\u00a0\u00a0\u00a0\u00a0\u00a0\u00a0\u00a0\u00a0\u00a0\u00a0\u00a0\u00a0\u00a0\u00a0\u00a0\u00a0\u00a0\u00a0\u00a0\u00a0\u00a0\u00a0\u00a0\u00a0\u00a0\u00a0\u00a0\u00a0\u00a0\u00a0\u00a0\u00a0\u00a0\u00a0\u00a0\u00a0\u00a0\u00a0\u00a0\u00a0\u00a0\u00a0\u00a0\u00a0\u00a0\u00a0\u00a0\u00a0\u00a0\u00a0\u00a0\u00a0\u00a0\u00a0\u00a0\u00a0\u00a0\u00a0 <\/b>Pachamama. <i>Brasil. <\/i><i>105 min. 2008.<\/i><\/span><\/p>\n<p><b><span style=\"font-family: Calibri\">Rese\u00f1a:<\/span><\/b><\/p>\n<p><span style=\"font-family: Calibri\"><i>Pachamama <\/i>(para ciertos grupos de ind\u00edgenas americanos la palabra significa \u201cMadre Tierra\u201d y refiere a la diosa buc\u00f3lica de los campesinos rurales) cuenta la historia del realizador del film, quien viaja a trav\u00e9s de la selva brasile\u00f1a hacia el Per\u00fa y Bolivia donde se encuentra gente hist\u00f3ricamente aislada de los procesos pol\u00edticos de su pa\u00eds y que, por primera vez, intenta influir sobre su propio destino.<\/span><\/p>\n<p><span style=\"font-family: Calibri\">\u00a0<\/span><\/p>\n<p><span style=\"font-family: Calibri\">Para mayores informes comunicarse con la Oficina de Extensi\u00f3n Cultural de la Universidad de Caldas. Tel\u00e9fono 878 15 00. Ext. 11113.<\/span><\/p>\n","protected":false},"excerpt":{"rendered":"<p>Del 9 al 13 de Noviembre &nbsp; La Corporaci\u00f3n Colombiana de Documentalistas (Alados), en asocio con el Ministerio de Cultura y apoyada por la Oficina de Extensi\u00f3n Cultural, Bienestar Universitario y el Jard\u00edn Bot\u00e1nico de la Universidad de Caldas, entre otras instituciones, realizan del 9 al 13 de noviembre en Teatro 8 de Junio de [&hellip;]<\/p>\n","protected":false},"author":2,"featured_media":0,"comment_status":"closed","ping_status":"closed","sticky":false,"template":"","format":"standard","meta":{"footnotes":""},"categories":[48,53],"tags":[],"class_list":["post-4092","post","type-post","status-publish","format-standard","hentry","category-actualidad","category-universidad-al-dia"],"yoast_head":"<!-- This site is optimized with the Yoast SEO plugin v27.5 - https:\/\/yoast.com\/product\/yoast-seo-wordpress\/ -->\n<title>En la U. de Caldas se realiza la XI Muestra internacional documental, memorias a la medida .<\/title>\n<meta name=\"robots\" content=\"index, follow, max-snippet:-1, max-image-preview:large, max-video-preview:-1\" \/>\n<link rel=\"canonical\" href=\"https:\/\/www.ucaldas.edu.co\/portal\/en-la-u-de-caldas-se-realiza-la-xi-muestra-internacional-documental-memorias-a-la-medida\/\" \/>\n<script type=\"application\/ld+json\" class=\"yoast-schema-graph\">{\"@context\":\"https:\\\/\\\/schema.org\",\"@graph\":[{\"@type\":\"Article\",\"@id\":\"https:\\\/\\\/www.ucaldas.edu.co\\\/portal\\\/en-la-u-de-caldas-se-realiza-la-xi-muestra-internacional-documental-memorias-a-la-medida\\\/#article\",\"isPartOf\":{\"@id\":\"https:\\\/\\\/www.ucaldas.edu.co\\\/portal\\\/en-la-u-de-caldas-se-realiza-la-xi-muestra-internacional-documental-memorias-a-la-medida\\\/\"},\"author\":{\"name\":\"ofiprensa\",\"@id\":\"https:\\\/\\\/www.ucaldas.edu.co\\\/portal\\\/#\\\/schema\\\/person\\\/a1b482e23449158b4bc319926c074fdf\"},\"headline\":\"En la U. de Caldas se realiza la XI Muestra internacional documental, memorias a la medida\",\"datePublished\":\"2009-11-09T20:28:13+00:00\",\"mainEntityOfPage\":{\"@id\":\"https:\\\/\\\/www.ucaldas.edu.co\\\/portal\\\/en-la-u-de-caldas-se-realiza-la-xi-muestra-internacional-documental-memorias-a-la-medida\\\/\"},\"wordCount\":583,\"publisher\":{\"@id\":\"https:\\\/\\\/www.ucaldas.edu.co\\\/portal\\\/#organization\"},\"articleSection\":[\"Actualidad\",\"Universidad al D\u00eda\"],\"inLanguage\":\"es\"},{\"@type\":\"WebPage\",\"@id\":\"https:\\\/\\\/www.ucaldas.edu.co\\\/portal\\\/en-la-u-de-caldas-se-realiza-la-xi-muestra-internacional-documental-memorias-a-la-medida\\\/\",\"url\":\"https:\\\/\\\/www.ucaldas.edu.co\\\/portal\\\/en-la-u-de-caldas-se-realiza-la-xi-muestra-internacional-documental-memorias-a-la-medida\\\/\",\"name\":\"En la U. de Caldas se realiza la XI Muestra internacional documental, memorias a la medida .\",\"isPartOf\":{\"@id\":\"https:\\\/\\\/www.ucaldas.edu.co\\\/portal\\\/#website\"},\"datePublished\":\"2009-11-09T20:28:13+00:00\",\"breadcrumb\":{\"@id\":\"https:\\\/\\\/www.ucaldas.edu.co\\\/portal\\\/en-la-u-de-caldas-se-realiza-la-xi-muestra-internacional-documental-memorias-a-la-medida\\\/#breadcrumb\"},\"inLanguage\":\"es\",\"potentialAction\":[{\"@type\":\"ReadAction\",\"target\":[\"https:\\\/\\\/www.ucaldas.edu.co\\\/portal\\\/en-la-u-de-caldas-se-realiza-la-xi-muestra-internacional-documental-memorias-a-la-medida\\\/\"]}]},{\"@type\":\"BreadcrumbList\",\"@id\":\"https:\\\/\\\/www.ucaldas.edu.co\\\/portal\\\/en-la-u-de-caldas-se-realiza-la-xi-muestra-internacional-documental-memorias-a-la-medida\\\/#breadcrumb\",\"itemListElement\":[{\"@type\":\"ListItem\",\"position\":1,\"name\":\"Portada\",\"item\":\"https:\\\/\\\/www.ucaldas.edu.co\\\/portal\\\/\"},{\"@type\":\"ListItem\",\"position\":2,\"name\":\"En la U. de Caldas se realiza la XI Muestra internacional documental, memorias a la medida\"}]},{\"@type\":\"WebSite\",\"@id\":\"https:\\\/\\\/www.ucaldas.edu.co\\\/portal\\\/#website\",\"url\":\"https:\\\/\\\/www.ucaldas.edu.co\\\/portal\\\/\",\"name\":\"Universidad de Caldas\",\"description\":\"\",\"publisher\":{\"@id\":\"https:\\\/\\\/www.ucaldas.edu.co\\\/portal\\\/#organization\"},\"alternateName\":\"U. de Caldas\",\"potentialAction\":[{\"@type\":\"SearchAction\",\"target\":{\"@type\":\"EntryPoint\",\"urlTemplate\":\"https:\\\/\\\/www.ucaldas.edu.co\\\/portal\\\/?s={search_term_string}\"},\"query-input\":{\"@type\":\"PropertyValueSpecification\",\"valueRequired\":true,\"valueName\":\"search_term_string\"}}],\"inLanguage\":\"es\"},{\"@type\":\"Organization\",\"@id\":\"https:\\\/\\\/www.ucaldas.edu.co\\\/portal\\\/#organization\",\"name\":\"Universidad de Caldas\",\"alternateName\":\"U. de Caldas\",\"url\":\"https:\\\/\\\/www.ucaldas.edu.co\\\/portal\\\/\",\"logo\":{\"@type\":\"ImageObject\",\"inLanguage\":\"es\",\"@id\":\"https:\\\/\\\/www.ucaldas.edu.co\\\/portal\\\/#\\\/schema\\\/logo\\\/image\\\/\",\"url\":\"https:\\\/\\\/www.ucaldas.edu.co\\\/portal\\\/wp-content\\\/uploads\\\/2023\\\/11\\\/Logo_horizontal_oscuroU-2023.png\",\"contentUrl\":\"https:\\\/\\\/www.ucaldas.edu.co\\\/portal\\\/wp-content\\\/uploads\\\/2023\\\/11\\\/Logo_horizontal_oscuroU-2023.png\",\"width\":263,\"height\":101,\"caption\":\"Universidad de Caldas\"},\"image\":{\"@id\":\"https:\\\/\\\/www.ucaldas.edu.co\\\/portal\\\/#\\\/schema\\\/logo\\\/image\\\/\"},\"sameAs\":[\"https:\\\/\\\/www.facebook.com\\\/udecaldas\",\"https:\\\/\\\/x.com\\\/udecaldas\",\"https:\\\/\\\/www.youtube.com\\\/universidadcaldas\",\"https:\\\/\\\/www.instagram.com\\\/udecaldas\\\/\"]},{\"@type\":\"Person\",\"@id\":\"https:\\\/\\\/www.ucaldas.edu.co\\\/portal\\\/#\\\/schema\\\/person\\\/a1b482e23449158b4bc319926c074fdf\",\"name\":\"ofiprensa\",\"image\":{\"@type\":\"ImageObject\",\"inLanguage\":\"es\",\"@id\":\"https:\\\/\\\/www.ucaldas.edu.co\\\/portal\\\/wp-content\\\/litespeed\\\/avatar\\\/09ea5085e600095a7a811142c6944527.jpg?ver=1777497608\",\"url\":\"https:\\\/\\\/www.ucaldas.edu.co\\\/portal\\\/wp-content\\\/litespeed\\\/avatar\\\/09ea5085e600095a7a811142c6944527.jpg?ver=1777497608\",\"contentUrl\":\"https:\\\/\\\/www.ucaldas.edu.co\\\/portal\\\/wp-content\\\/litespeed\\\/avatar\\\/09ea5085e600095a7a811142c6944527.jpg?ver=1777497608\",\"caption\":\"ofiprensa\"},\"url\":\"https:\\\/\\\/www.ucaldas.edu.co\\\/portal\\\/author\\\/ofiprensa\\\/\"}]}<\/script>\n<!-- \/ Yoast SEO plugin. -->","yoast_head_json":{"title":"En la U. de Caldas se realiza la XI Muestra internacional documental, memorias a la medida .","robots":{"index":"index","follow":"follow","max-snippet":"max-snippet:-1","max-image-preview":"max-image-preview:large","max-video-preview":"max-video-preview:-1"},"canonical":"https:\/\/www.ucaldas.edu.co\/portal\/en-la-u-de-caldas-se-realiza-la-xi-muestra-internacional-documental-memorias-a-la-medida\/","schema":{"@context":"https:\/\/schema.org","@graph":[{"@type":"Article","@id":"https:\/\/www.ucaldas.edu.co\/portal\/en-la-u-de-caldas-se-realiza-la-xi-muestra-internacional-documental-memorias-a-la-medida\/#article","isPartOf":{"@id":"https:\/\/www.ucaldas.edu.co\/portal\/en-la-u-de-caldas-se-realiza-la-xi-muestra-internacional-documental-memorias-a-la-medida\/"},"author":{"name":"ofiprensa","@id":"https:\/\/www.ucaldas.edu.co\/portal\/#\/schema\/person\/a1b482e23449158b4bc319926c074fdf"},"headline":"En la U. de Caldas se realiza la XI Muestra internacional documental, memorias a la medida","datePublished":"2009-11-09T20:28:13+00:00","mainEntityOfPage":{"@id":"https:\/\/www.ucaldas.edu.co\/portal\/en-la-u-de-caldas-se-realiza-la-xi-muestra-internacional-documental-memorias-a-la-medida\/"},"wordCount":583,"publisher":{"@id":"https:\/\/www.ucaldas.edu.co\/portal\/#organization"},"articleSection":["Actualidad","Universidad al D\u00eda"],"inLanguage":"es"},{"@type":"WebPage","@id":"https:\/\/www.ucaldas.edu.co\/portal\/en-la-u-de-caldas-se-realiza-la-xi-muestra-internacional-documental-memorias-a-la-medida\/","url":"https:\/\/www.ucaldas.edu.co\/portal\/en-la-u-de-caldas-se-realiza-la-xi-muestra-internacional-documental-memorias-a-la-medida\/","name":"En la U. de Caldas se realiza la XI Muestra internacional documental, memorias a la medida .","isPartOf":{"@id":"https:\/\/www.ucaldas.edu.co\/portal\/#website"},"datePublished":"2009-11-09T20:28:13+00:00","breadcrumb":{"@id":"https:\/\/www.ucaldas.edu.co\/portal\/en-la-u-de-caldas-se-realiza-la-xi-muestra-internacional-documental-memorias-a-la-medida\/#breadcrumb"},"inLanguage":"es","potentialAction":[{"@type":"ReadAction","target":["https:\/\/www.ucaldas.edu.co\/portal\/en-la-u-de-caldas-se-realiza-la-xi-muestra-internacional-documental-memorias-a-la-medida\/"]}]},{"@type":"BreadcrumbList","@id":"https:\/\/www.ucaldas.edu.co\/portal\/en-la-u-de-caldas-se-realiza-la-xi-muestra-internacional-documental-memorias-a-la-medida\/#breadcrumb","itemListElement":[{"@type":"ListItem","position":1,"name":"Portada","item":"https:\/\/www.ucaldas.edu.co\/portal\/"},{"@type":"ListItem","position":2,"name":"En la U. de Caldas se realiza la XI Muestra internacional documental, memorias a la medida"}]},{"@type":"WebSite","@id":"https:\/\/www.ucaldas.edu.co\/portal\/#website","url":"https:\/\/www.ucaldas.edu.co\/portal\/","name":"Universidad de Caldas","description":"","publisher":{"@id":"https:\/\/www.ucaldas.edu.co\/portal\/#organization"},"alternateName":"U. de Caldas","potentialAction":[{"@type":"SearchAction","target":{"@type":"EntryPoint","urlTemplate":"https:\/\/www.ucaldas.edu.co\/portal\/?s={search_term_string}"},"query-input":{"@type":"PropertyValueSpecification","valueRequired":true,"valueName":"search_term_string"}}],"inLanguage":"es"},{"@type":"Organization","@id":"https:\/\/www.ucaldas.edu.co\/portal\/#organization","name":"Universidad de Caldas","alternateName":"U. de Caldas","url":"https:\/\/www.ucaldas.edu.co\/portal\/","logo":{"@type":"ImageObject","inLanguage":"es","@id":"https:\/\/www.ucaldas.edu.co\/portal\/#\/schema\/logo\/image\/","url":"https:\/\/www.ucaldas.edu.co\/portal\/wp-content\/uploads\/2023\/11\/Logo_horizontal_oscuroU-2023.png","contentUrl":"https:\/\/www.ucaldas.edu.co\/portal\/wp-content\/uploads\/2023\/11\/Logo_horizontal_oscuroU-2023.png","width":263,"height":101,"caption":"Universidad de Caldas"},"image":{"@id":"https:\/\/www.ucaldas.edu.co\/portal\/#\/schema\/logo\/image\/"},"sameAs":["https:\/\/www.facebook.com\/udecaldas","https:\/\/x.com\/udecaldas","https:\/\/www.youtube.com\/universidadcaldas","https:\/\/www.instagram.com\/udecaldas\/"]},{"@type":"Person","@id":"https:\/\/www.ucaldas.edu.co\/portal\/#\/schema\/person\/a1b482e23449158b4bc319926c074fdf","name":"ofiprensa","image":{"@type":"ImageObject","inLanguage":"es","@id":"https:\/\/www.ucaldas.edu.co\/portal\/wp-content\/litespeed\/avatar\/09ea5085e600095a7a811142c6944527.jpg?ver=1777497608","url":"https:\/\/www.ucaldas.edu.co\/portal\/wp-content\/litespeed\/avatar\/09ea5085e600095a7a811142c6944527.jpg?ver=1777497608","contentUrl":"https:\/\/www.ucaldas.edu.co\/portal\/wp-content\/litespeed\/avatar\/09ea5085e600095a7a811142c6944527.jpg?ver=1777497608","caption":"ofiprensa"},"url":"https:\/\/www.ucaldas.edu.co\/portal\/author\/ofiprensa\/"}]}},"_links":{"self":[{"href":"https:\/\/www.ucaldas.edu.co\/portal\/wp-json\/wp\/v2\/posts\/4092","targetHints":{"allow":["GET"]}}],"collection":[{"href":"https:\/\/www.ucaldas.edu.co\/portal\/wp-json\/wp\/v2\/posts"}],"about":[{"href":"https:\/\/www.ucaldas.edu.co\/portal\/wp-json\/wp\/v2\/types\/post"}],"author":[{"embeddable":true,"href":"https:\/\/www.ucaldas.edu.co\/portal\/wp-json\/wp\/v2\/users\/2"}],"replies":[{"embeddable":true,"href":"https:\/\/www.ucaldas.edu.co\/portal\/wp-json\/wp\/v2\/comments?post=4092"}],"version-history":[{"count":0,"href":"https:\/\/www.ucaldas.edu.co\/portal\/wp-json\/wp\/v2\/posts\/4092\/revisions"}],"wp:attachment":[{"href":"https:\/\/www.ucaldas.edu.co\/portal\/wp-json\/wp\/v2\/media?parent=4092"}],"wp:term":[{"taxonomy":"category","embeddable":true,"href":"https:\/\/www.ucaldas.edu.co\/portal\/wp-json\/wp\/v2\/categories?post=4092"},{"taxonomy":"post_tag","embeddable":true,"href":"https:\/\/www.ucaldas.edu.co\/portal\/wp-json\/wp\/v2\/tags?post=4092"}],"curies":[{"name":"wp","href":"https:\/\/api.w.org\/{rel}","templated":true}]}}