{"id":40908,"date":"2018-05-10T21:06:45","date_gmt":"2018-05-10T21:06:45","guid":{"rendered":"https:\/\/www.ucaldas.edu.co\/portal\/?p=40908"},"modified":"2018-05-10T21:06:45","modified_gmt":"2018-05-10T21:06:45","slug":"agricultores-del-corregimiento-de-san-felix-salamina-visitaron-la-granja-tesorito-u-de-caldas","status":"publish","type":"post","link":"https:\/\/www.ucaldas.edu.co\/portal\/agricultores-del-corregimiento-de-san-felix-salamina-visitaron-la-granja-tesorito-u-de-caldas\/","title":{"rendered":"Agricultores del corregimiento de San F\u00e9lix (Salamina), visitaron la Granja Tesorito U. de Caldas"},"content":{"rendered":"<p style=\"text-align: center;\">EXTENSI\u00d3N RURAL DESDE LA FACULTAD DE CIENCIAS AGROPECUARIAS<\/p>\n<p style=\"text-align: center;\"><strong>Agricultores del corregimiento de San F\u00e9lix (Salamina), visitaron la Granja Tesorito U. de Caldas<\/strong><\/p>\n<p style=\"text-align: right;\">10\/05\/2018<\/p>\n<p><strong>\u00a0<img loading=\"lazy\" decoding=\"async\" class=\"alignnone size-full wp-image-40909 aligncenter\" src=\"https:\/\/www.ucaldas.edu.co\/portal\/wp-content\/uploads\/2018\/05\/extensionrural-compressor.jpg\" alt=\"\" width=\"700\" height=\"400\" srcset=\"https:\/\/www.ucaldas.edu.co\/portal\/wp-content\/uploads\/2018\/05\/extensionrural-compressor.jpg 700w, https:\/\/www.ucaldas.edu.co\/portal\/wp-content\/uploads\/2018\/05\/extensionrural-compressor-300x171.jpg 300w\" sizes=\"auto, (max-width: 700px) 100vw, 700px\" \/><\/strong><\/p>\n<p><strong>Un grupo de mujeres y hombres agricultores del corregimiento de San F\u00e9lix (Salamina), visitaron la Granja Tesorito de la Universidad de Caldas<\/strong>. Los visitantes, acompa\u00f1ados por docentes y estudiantes de la Facultad de Ciencias Agropecuarias, realizaron un recorrido y capacitaci\u00f3n en temas de producci\u00f3n de frutales de clima fr\u00edo y manejo de cultivos de hortalizas bajo invernadero.<\/p>\n<p><!--more--><\/p>\n<p>Adem\u00e1s, <strong>tuvieron la oportunidad de hacer visita a la Planta de Bioprocesos y gracias a donaci\u00f3n realizada por esta dependencia, llevaron a su corregimiento material de compostaje que utilizar\u00e1n en sus huertos.<\/strong><\/p>\n<p><strong>\u00a0<\/strong><\/p>\n<p>El grupo de visitantes <strong>hace parte de la Cooperativa multiactiva de productores agropecuarios de San F\u00e9lix Coopromultiagro,<\/strong> una organizaci\u00f3n de m\u00e1s de 40 asociados quienes se dedican al trabajo colectivo en huertos donde producen hortalizas y fresa, y quienes est\u00e1n siendo acompa\u00f1ados por la Universidad en el proyecto <em>Fortalecimiento de capacidades t\u00e9cnico-organizativas en la Cooperativa multiactiva de productores agropecuarios de San F\u00e9lix Coopromultiagro<\/em>, apoyado por la Vicerrector\u00eda de Proyecci\u00f3n.<\/p>\n<p>&nbsp;<\/p>\n<p>Sobre la visita, Emma Cardona, <strong>l\u00edder de la organizaci\u00f3n, expres\u00f3: \u201cgracias a la Universidad por todos los conocimientos, necesitamos que nos sigan acompa\u00f1ando, seguro iremos a socializar con los otros asociados todo lo que aprendimos<\/strong>\u201d. Los estudiantes que participaron en la actividad la consideraron como un excelente espacio para compartir con los campesinos, ya que en la carrera existen pocas oportunidades para hacerlo.<\/p>\n<p>&nbsp;<\/p>\n<p><a href=\"https:\/\/www.facebook.com\/media\/set\/?set=a.1794706873924503.1073746057.107054166023124&amp;type=1&amp;l=709623ded7\">Conozca im\u00e1genes de la visita a la Granja Tesorito de la U. de Caldas<\/a><\/p>\n<p>&nbsp;<\/p>\n<p><strong>Informes: <\/strong>en el correo electr\u00f3nico desrural@ucaldas.edu.co<\/p>\n<p><strong>Edici\u00f3n:<\/strong> Margarita Laverde<\/p>\n<p>&nbsp;<\/p>\n","protected":false},"excerpt":{"rendered":"<p>EXTENSI\u00d3N RURAL DESDE LA FACULTAD DE CIENCIAS AGROPECUARIAS Agricultores del corregimiento de San F\u00e9lix (Salamina), visitaron la Granja Tesorito U. de Caldas 10\/05\/2018 \u00a0 Un grupo de mujeres y hombres agricultores del corregimiento de San F\u00e9lix (Salamina), visitaron la Granja Tesorito de la Universidad de Caldas. Los visitantes, acompa\u00f1ados por docentes y estudiantes de la [&hellip;]<\/p>\n","protected":false},"author":2,"featured_media":40909,"comment_status":"closed","ping_status":"open","sticky":false,"template":"","format":"standard","meta":{"footnotes":""},"categories":[48,53,624],"tags":[2688,55,95,233,291,2081],"class_list":["post-40908","post","type-post","status-publish","format-standard","has-post-thumbnail","hentry","category-actualidad","category-universidad-al-dia","category-ucaldas-activa","tag-extension-rural","tag-academia","tag-universidad-de-caldas","tag-visita","tag-facultad-de-ciencias-agropecuarias","tag-granja-tesorito"],"yoast_head":"<!-- This site is optimized with the Yoast SEO plugin v27.5 - https:\/\/yoast.com\/product\/yoast-seo-wordpress\/ -->\n<title>Agricultores del corregimiento de San F\u00e9lix (Salamina), visitaron la Granja Tesorito U. de Caldas .<\/title>\n<meta name=\"robots\" content=\"index, follow, max-snippet:-1, max-image-preview:large, max-video-preview:-1\" \/>\n<link rel=\"canonical\" href=\"https:\/\/www.ucaldas.edu.co\/portal\/agricultores-del-corregimiento-de-san-felix-salamina-visitaron-la-granja-tesorito-u-de-caldas\/\" \/>\n<script type=\"application\/ld+json\" class=\"yoast-schema-graph\">{\"@context\":\"https:\\\/\\\/schema.org\",\"@graph\":[{\"@type\":\"Article\",\"@id\":\"https:\\\/\\\/www.ucaldas.edu.co\\\/portal\\\/agricultores-del-corregimiento-de-san-felix-salamina-visitaron-la-granja-tesorito-u-de-caldas\\\/#article\",\"isPartOf\":{\"@id\":\"https:\\\/\\\/www.ucaldas.edu.co\\\/portal\\\/agricultores-del-corregimiento-de-san-felix-salamina-visitaron-la-granja-tesorito-u-de-caldas\\\/\"},\"author\":{\"name\":\"ofiprensa\",\"@id\":\"https:\\\/\\\/www.ucaldas.edu.co\\\/portal\\\/#\\\/schema\\\/person\\\/a1b482e23449158b4bc319926c074fdf\"},\"headline\":\"Agricultores del corregimiento de San F\u00e9lix (Salamina), visitaron la Granja Tesorito U. de Caldas\",\"datePublished\":\"2018-05-10T21:06:45+00:00\",\"mainEntityOfPage\":{\"@id\":\"https:\\\/\\\/www.ucaldas.edu.co\\\/portal\\\/agricultores-del-corregimiento-de-san-felix-salamina-visitaron-la-granja-tesorito-u-de-caldas\\\/\"},\"wordCount\":312,\"publisher\":{\"@id\":\"https:\\\/\\\/www.ucaldas.edu.co\\\/portal\\\/#organization\"},\"image\":{\"@id\":\"https:\\\/\\\/www.ucaldas.edu.co\\\/portal\\\/agricultores-del-corregimiento-de-san-felix-salamina-visitaron-la-granja-tesorito-u-de-caldas\\\/#primaryimage\"},\"thumbnailUrl\":\"https:\\\/\\\/www.ucaldas.edu.co\\\/portal\\\/wp-content\\\/uploads\\\/2018\\\/05\\\/extensionrural-compressor.jpg\",\"keywords\":[\"extensi\u00f3n rural\",\"academia\",\"Universidad De Caldas\",\"visita\",\"Facultad De Ciencias Agropecuarias\",\"Granja Tesorito\"],\"articleSection\":[\"Actualidad\",\"Universidad al D\u00eda\",\"UCaldas Activa\"],\"inLanguage\":\"es\"},{\"@type\":\"WebPage\",\"@id\":\"https:\\\/\\\/www.ucaldas.edu.co\\\/portal\\\/agricultores-del-corregimiento-de-san-felix-salamina-visitaron-la-granja-tesorito-u-de-caldas\\\/\",\"url\":\"https:\\\/\\\/www.ucaldas.edu.co\\\/portal\\\/agricultores-del-corregimiento-de-san-felix-salamina-visitaron-la-granja-tesorito-u-de-caldas\\\/\",\"name\":\"Agricultores del corregimiento de San F\u00e9lix (Salamina), visitaron la Granja Tesorito U. de Caldas .\",\"isPartOf\":{\"@id\":\"https:\\\/\\\/www.ucaldas.edu.co\\\/portal\\\/#website\"},\"primaryImageOfPage\":{\"@id\":\"https:\\\/\\\/www.ucaldas.edu.co\\\/portal\\\/agricultores-del-corregimiento-de-san-felix-salamina-visitaron-la-granja-tesorito-u-de-caldas\\\/#primaryimage\"},\"image\":{\"@id\":\"https:\\\/\\\/www.ucaldas.edu.co\\\/portal\\\/agricultores-del-corregimiento-de-san-felix-salamina-visitaron-la-granja-tesorito-u-de-caldas\\\/#primaryimage\"},\"thumbnailUrl\":\"https:\\\/\\\/www.ucaldas.edu.co\\\/portal\\\/wp-content\\\/uploads\\\/2018\\\/05\\\/extensionrural-compressor.jpg\",\"datePublished\":\"2018-05-10T21:06:45+00:00\",\"breadcrumb\":{\"@id\":\"https:\\\/\\\/www.ucaldas.edu.co\\\/portal\\\/agricultores-del-corregimiento-de-san-felix-salamina-visitaron-la-granja-tesorito-u-de-caldas\\\/#breadcrumb\"},\"inLanguage\":\"es\",\"potentialAction\":[{\"@type\":\"ReadAction\",\"target\":[\"https:\\\/\\\/www.ucaldas.edu.co\\\/portal\\\/agricultores-del-corregimiento-de-san-felix-salamina-visitaron-la-granja-tesorito-u-de-caldas\\\/\"]}]},{\"@type\":\"ImageObject\",\"inLanguage\":\"es\",\"@id\":\"https:\\\/\\\/www.ucaldas.edu.co\\\/portal\\\/agricultores-del-corregimiento-de-san-felix-salamina-visitaron-la-granja-tesorito-u-de-caldas\\\/#primaryimage\",\"url\":\"https:\\\/\\\/www.ucaldas.edu.co\\\/portal\\\/wp-content\\\/uploads\\\/2018\\\/05\\\/extensionrural-compressor.jpg\",\"contentUrl\":\"https:\\\/\\\/www.ucaldas.edu.co\\\/portal\\\/wp-content\\\/uploads\\\/2018\\\/05\\\/extensionrural-compressor.jpg\",\"width\":700,\"height\":400},{\"@type\":\"BreadcrumbList\",\"@id\":\"https:\\\/\\\/www.ucaldas.edu.co\\\/portal\\\/agricultores-del-corregimiento-de-san-felix-salamina-visitaron-la-granja-tesorito-u-de-caldas\\\/#breadcrumb\",\"itemListElement\":[{\"@type\":\"ListItem\",\"position\":1,\"name\":\"Portada\",\"item\":\"https:\\\/\\\/www.ucaldas.edu.co\\\/portal\\\/\"},{\"@type\":\"ListItem\",\"position\":2,\"name\":\"Agricultores del corregimiento de San F\u00e9lix (Salamina), visitaron la Granja Tesorito U. de Caldas\"}]},{\"@type\":\"WebSite\",\"@id\":\"https:\\\/\\\/www.ucaldas.edu.co\\\/portal\\\/#website\",\"url\":\"https:\\\/\\\/www.ucaldas.edu.co\\\/portal\\\/\",\"name\":\"Universidad de Caldas\",\"description\":\"\",\"publisher\":{\"@id\":\"https:\\\/\\\/www.ucaldas.edu.co\\\/portal\\\/#organization\"},\"alternateName\":\"U. de Caldas\",\"potentialAction\":[{\"@type\":\"SearchAction\",\"target\":{\"@type\":\"EntryPoint\",\"urlTemplate\":\"https:\\\/\\\/www.ucaldas.edu.co\\\/portal\\\/?s={search_term_string}\"},\"query-input\":{\"@type\":\"PropertyValueSpecification\",\"valueRequired\":true,\"valueName\":\"search_term_string\"}}],\"inLanguage\":\"es\"},{\"@type\":\"Organization\",\"@id\":\"https:\\\/\\\/www.ucaldas.edu.co\\\/portal\\\/#organization\",\"name\":\"Universidad de Caldas\",\"alternateName\":\"U. de Caldas\",\"url\":\"https:\\\/\\\/www.ucaldas.edu.co\\\/portal\\\/\",\"logo\":{\"@type\":\"ImageObject\",\"inLanguage\":\"es\",\"@id\":\"https:\\\/\\\/www.ucaldas.edu.co\\\/portal\\\/#\\\/schema\\\/logo\\\/image\\\/\",\"url\":\"https:\\\/\\\/www.ucaldas.edu.co\\\/portal\\\/wp-content\\\/uploads\\\/2023\\\/11\\\/Logo_horizontal_oscuroU-2023.png\",\"contentUrl\":\"https:\\\/\\\/www.ucaldas.edu.co\\\/portal\\\/wp-content\\\/uploads\\\/2023\\\/11\\\/Logo_horizontal_oscuroU-2023.png\",\"width\":263,\"height\":101,\"caption\":\"Universidad de Caldas\"},\"image\":{\"@id\":\"https:\\\/\\\/www.ucaldas.edu.co\\\/portal\\\/#\\\/schema\\\/logo\\\/image\\\/\"},\"sameAs\":[\"https:\\\/\\\/www.facebook.com\\\/udecaldas\",\"https:\\\/\\\/x.com\\\/udecaldas\",\"https:\\\/\\\/www.youtube.com\\\/universidadcaldas\",\"https:\\\/\\\/www.instagram.com\\\/udecaldas\\\/\"]},{\"@type\":\"Person\",\"@id\":\"https:\\\/\\\/www.ucaldas.edu.co\\\/portal\\\/#\\\/schema\\\/person\\\/a1b482e23449158b4bc319926c074fdf\",\"name\":\"ofiprensa\",\"image\":{\"@type\":\"ImageObject\",\"inLanguage\":\"es\",\"@id\":\"https:\\\/\\\/www.ucaldas.edu.co\\\/portal\\\/wp-content\\\/litespeed\\\/avatar\\\/09ea5085e600095a7a811142c6944527.jpg?ver=1777497608\",\"url\":\"https:\\\/\\\/www.ucaldas.edu.co\\\/portal\\\/wp-content\\\/litespeed\\\/avatar\\\/09ea5085e600095a7a811142c6944527.jpg?ver=1777497608\",\"contentUrl\":\"https:\\\/\\\/www.ucaldas.edu.co\\\/portal\\\/wp-content\\\/litespeed\\\/avatar\\\/09ea5085e600095a7a811142c6944527.jpg?ver=1777497608\",\"caption\":\"ofiprensa\"},\"url\":\"https:\\\/\\\/www.ucaldas.edu.co\\\/portal\\\/author\\\/ofiprensa\\\/\"}]}<\/script>\n<!-- \/ Yoast SEO plugin. -->","yoast_head_json":{"title":"Agricultores del corregimiento de San F\u00e9lix (Salamina), visitaron la Granja Tesorito U. de Caldas .","robots":{"index":"index","follow":"follow","max-snippet":"max-snippet:-1","max-image-preview":"max-image-preview:large","max-video-preview":"max-video-preview:-1"},"canonical":"https:\/\/www.ucaldas.edu.co\/portal\/agricultores-del-corregimiento-de-san-felix-salamina-visitaron-la-granja-tesorito-u-de-caldas\/","schema":{"@context":"https:\/\/schema.org","@graph":[{"@type":"Article","@id":"https:\/\/www.ucaldas.edu.co\/portal\/agricultores-del-corregimiento-de-san-felix-salamina-visitaron-la-granja-tesorito-u-de-caldas\/#article","isPartOf":{"@id":"https:\/\/www.ucaldas.edu.co\/portal\/agricultores-del-corregimiento-de-san-felix-salamina-visitaron-la-granja-tesorito-u-de-caldas\/"},"author":{"name":"ofiprensa","@id":"https:\/\/www.ucaldas.edu.co\/portal\/#\/schema\/person\/a1b482e23449158b4bc319926c074fdf"},"headline":"Agricultores del corregimiento de San F\u00e9lix (Salamina), visitaron la Granja Tesorito U. de Caldas","datePublished":"2018-05-10T21:06:45+00:00","mainEntityOfPage":{"@id":"https:\/\/www.ucaldas.edu.co\/portal\/agricultores-del-corregimiento-de-san-felix-salamina-visitaron-la-granja-tesorito-u-de-caldas\/"},"wordCount":312,"publisher":{"@id":"https:\/\/www.ucaldas.edu.co\/portal\/#organization"},"image":{"@id":"https:\/\/www.ucaldas.edu.co\/portal\/agricultores-del-corregimiento-de-san-felix-salamina-visitaron-la-granja-tesorito-u-de-caldas\/#primaryimage"},"thumbnailUrl":"https:\/\/www.ucaldas.edu.co\/portal\/wp-content\/uploads\/2018\/05\/extensionrural-compressor.jpg","keywords":["extensi\u00f3n rural","academia","Universidad De Caldas","visita","Facultad De Ciencias Agropecuarias","Granja Tesorito"],"articleSection":["Actualidad","Universidad al D\u00eda","UCaldas Activa"],"inLanguage":"es"},{"@type":"WebPage","@id":"https:\/\/www.ucaldas.edu.co\/portal\/agricultores-del-corregimiento-de-san-felix-salamina-visitaron-la-granja-tesorito-u-de-caldas\/","url":"https:\/\/www.ucaldas.edu.co\/portal\/agricultores-del-corregimiento-de-san-felix-salamina-visitaron-la-granja-tesorito-u-de-caldas\/","name":"Agricultores del corregimiento de San F\u00e9lix (Salamina), visitaron la Granja Tesorito U. de Caldas .","isPartOf":{"@id":"https:\/\/www.ucaldas.edu.co\/portal\/#website"},"primaryImageOfPage":{"@id":"https:\/\/www.ucaldas.edu.co\/portal\/agricultores-del-corregimiento-de-san-felix-salamina-visitaron-la-granja-tesorito-u-de-caldas\/#primaryimage"},"image":{"@id":"https:\/\/www.ucaldas.edu.co\/portal\/agricultores-del-corregimiento-de-san-felix-salamina-visitaron-la-granja-tesorito-u-de-caldas\/#primaryimage"},"thumbnailUrl":"https:\/\/www.ucaldas.edu.co\/portal\/wp-content\/uploads\/2018\/05\/extensionrural-compressor.jpg","datePublished":"2018-05-10T21:06:45+00:00","breadcrumb":{"@id":"https:\/\/www.ucaldas.edu.co\/portal\/agricultores-del-corregimiento-de-san-felix-salamina-visitaron-la-granja-tesorito-u-de-caldas\/#breadcrumb"},"inLanguage":"es","potentialAction":[{"@type":"ReadAction","target":["https:\/\/www.ucaldas.edu.co\/portal\/agricultores-del-corregimiento-de-san-felix-salamina-visitaron-la-granja-tesorito-u-de-caldas\/"]}]},{"@type":"ImageObject","inLanguage":"es","@id":"https:\/\/www.ucaldas.edu.co\/portal\/agricultores-del-corregimiento-de-san-felix-salamina-visitaron-la-granja-tesorito-u-de-caldas\/#primaryimage","url":"https:\/\/www.ucaldas.edu.co\/portal\/wp-content\/uploads\/2018\/05\/extensionrural-compressor.jpg","contentUrl":"https:\/\/www.ucaldas.edu.co\/portal\/wp-content\/uploads\/2018\/05\/extensionrural-compressor.jpg","width":700,"height":400},{"@type":"BreadcrumbList","@id":"https:\/\/www.ucaldas.edu.co\/portal\/agricultores-del-corregimiento-de-san-felix-salamina-visitaron-la-granja-tesorito-u-de-caldas\/#breadcrumb","itemListElement":[{"@type":"ListItem","position":1,"name":"Portada","item":"https:\/\/www.ucaldas.edu.co\/portal\/"},{"@type":"ListItem","position":2,"name":"Agricultores del corregimiento de San F\u00e9lix (Salamina), visitaron la Granja Tesorito U. de Caldas"}]},{"@type":"WebSite","@id":"https:\/\/www.ucaldas.edu.co\/portal\/#website","url":"https:\/\/www.ucaldas.edu.co\/portal\/","name":"Universidad de Caldas","description":"","publisher":{"@id":"https:\/\/www.ucaldas.edu.co\/portal\/#organization"},"alternateName":"U. de Caldas","potentialAction":[{"@type":"SearchAction","target":{"@type":"EntryPoint","urlTemplate":"https:\/\/www.ucaldas.edu.co\/portal\/?s={search_term_string}"},"query-input":{"@type":"PropertyValueSpecification","valueRequired":true,"valueName":"search_term_string"}}],"inLanguage":"es"},{"@type":"Organization","@id":"https:\/\/www.ucaldas.edu.co\/portal\/#organization","name":"Universidad de Caldas","alternateName":"U. de Caldas","url":"https:\/\/www.ucaldas.edu.co\/portal\/","logo":{"@type":"ImageObject","inLanguage":"es","@id":"https:\/\/www.ucaldas.edu.co\/portal\/#\/schema\/logo\/image\/","url":"https:\/\/www.ucaldas.edu.co\/portal\/wp-content\/uploads\/2023\/11\/Logo_horizontal_oscuroU-2023.png","contentUrl":"https:\/\/www.ucaldas.edu.co\/portal\/wp-content\/uploads\/2023\/11\/Logo_horizontal_oscuroU-2023.png","width":263,"height":101,"caption":"Universidad de Caldas"},"image":{"@id":"https:\/\/www.ucaldas.edu.co\/portal\/#\/schema\/logo\/image\/"},"sameAs":["https:\/\/www.facebook.com\/udecaldas","https:\/\/x.com\/udecaldas","https:\/\/www.youtube.com\/universidadcaldas","https:\/\/www.instagram.com\/udecaldas\/"]},{"@type":"Person","@id":"https:\/\/www.ucaldas.edu.co\/portal\/#\/schema\/person\/a1b482e23449158b4bc319926c074fdf","name":"ofiprensa","image":{"@type":"ImageObject","inLanguage":"es","@id":"https:\/\/www.ucaldas.edu.co\/portal\/wp-content\/litespeed\/avatar\/09ea5085e600095a7a811142c6944527.jpg?ver=1777497608","url":"https:\/\/www.ucaldas.edu.co\/portal\/wp-content\/litespeed\/avatar\/09ea5085e600095a7a811142c6944527.jpg?ver=1777497608","contentUrl":"https:\/\/www.ucaldas.edu.co\/portal\/wp-content\/litespeed\/avatar\/09ea5085e600095a7a811142c6944527.jpg?ver=1777497608","caption":"ofiprensa"},"url":"https:\/\/www.ucaldas.edu.co\/portal\/author\/ofiprensa\/"}]}},"_links":{"self":[{"href":"https:\/\/www.ucaldas.edu.co\/portal\/wp-json\/wp\/v2\/posts\/40908","targetHints":{"allow":["GET"]}}],"collection":[{"href":"https:\/\/www.ucaldas.edu.co\/portal\/wp-json\/wp\/v2\/posts"}],"about":[{"href":"https:\/\/www.ucaldas.edu.co\/portal\/wp-json\/wp\/v2\/types\/post"}],"author":[{"embeddable":true,"href":"https:\/\/www.ucaldas.edu.co\/portal\/wp-json\/wp\/v2\/users\/2"}],"replies":[{"embeddable":true,"href":"https:\/\/www.ucaldas.edu.co\/portal\/wp-json\/wp\/v2\/comments?post=40908"}],"version-history":[{"count":0,"href":"https:\/\/www.ucaldas.edu.co\/portal\/wp-json\/wp\/v2\/posts\/40908\/revisions"}],"wp:featuredmedia":[{"embeddable":true,"href":"https:\/\/www.ucaldas.edu.co\/portal\/wp-json\/wp\/v2\/media\/40909"}],"wp:attachment":[{"href":"https:\/\/www.ucaldas.edu.co\/portal\/wp-json\/wp\/v2\/media?parent=40908"}],"wp:term":[{"taxonomy":"category","embeddable":true,"href":"https:\/\/www.ucaldas.edu.co\/portal\/wp-json\/wp\/v2\/categories?post=40908"},{"taxonomy":"post_tag","embeddable":true,"href":"https:\/\/www.ucaldas.edu.co\/portal\/wp-json\/wp\/v2\/tags?post=40908"}],"curies":[{"name":"wp","href":"https:\/\/api.w.org\/{rel}","templated":true}]}}