{"id":4080,"date":"2009-11-06T15:22:22","date_gmt":"2009-11-06T20:22:22","guid":{"rendered":"https:\/\/www.ucaldas.edu.co\/portal\/?p=4080"},"modified":"2009-11-06T15:22:22","modified_gmt":"2009-11-06T20:22:22","slug":"en-la-u-de-caldas-se-realizara-la-xi-muestra-internacional-documental-memorias-a-la-medida","status":"publish","type":"post","link":"https:\/\/www.ucaldas.edu.co\/portal\/en-la-u-de-caldas-se-realizara-la-xi-muestra-internacional-documental-memorias-a-la-medida\/","title":{"rendered":"En la U. de Caldas se realizar\u00e1 la XI Muestra internacional documental, memorias a la medida"},"content":{"rendered":"<p>Del 09 al 13 de Noviembre<\/p>\n<hr \/>\n<table border=\"0\">\n<tbody>\n<tr>\n<td>\u00a0<img loading=\"lazy\" decoding=\"async\" style=\"border: 0px\" alt=\"Muestra internacional documental\" src=\"http:\/\/www.ucaldas.edu.co\/images\/mid.jpg\" width=\"160\" height=\"103\" border=\"0\" \/><\/td>\n<td>La Corporaci\u00f3n Colombiana de Documentalistas (Alados), en asocio con el Ministerio de Cultura y apoyada por la Oficina de Extensi\u00f3n Cultural, Bienestar Universitario y el Jard\u00edn Bot\u00e1nico de la Universidad de Caldas, entre otras instituciones, realizar\u00e1n del 9 al 13 de noviembre en Teatro 8 de Junio de la Sede Central la XI Muestra internacional documental, memorias a la medida.<\/td>\n<\/tr>\n<\/tbody>\n<\/table>\n<p>&nbsp;<\/p>\n<p>&nbsp;<\/p>\n<p>La programaci\u00f3n de la muestra es la siguiente:<\/p>\n<p>&nbsp;<\/p>\n<ul>\n<li><b><span style=\"font-family: Calibri\">Lunes 9 de noviembre:<\/span><\/b><\/li>\n<\/ul>\n<p><b><span style=\"font-family: Calibri\">\u00a0<\/span><\/b><\/p>\n<p><b><span style=\"font-family: Calibri\">Lugar: Teatro 8 de junio<\/span><\/b><\/p>\n<p><b><span style=\"font-family: Calibri\">\u00a0<\/span><\/b><\/p>\n<p><span style=\"font-family: Calibri\"><b>10:00 a.m.\u00a0\u00a0\u00a0\u00a0\u00a0 <\/b>Novias del desierto. <i>Israel. 86 min. 2008.<\/i><\/span><\/p>\n<p><span style=\"font-family: Calibri\"><b>2:00 p.m.\u00a0\u00a0\u00a0\u00a0\u00a0\u00a0\u00a0 <\/b>Nacido con el siglo. <i>Bulgaria. 58 min. 2000.<\/i><\/span><\/p>\n<p><span style=\"font-family: Calibri\"><b>3:00 p.m.\u00a0\u00a0\u00a0\u00a0\u00a0\u00a0\u00a0 <\/b>De monstruos y faldas. <i>Espa\u00f1a. 24 min. 2008.<\/i><\/span><\/p>\n<p><span style=\"font-family: Calibri\"><b>4:00 p.m.\u00a0\u00a0\u00a0\u00a0\u00a0\u00a0\u00a0 <\/b>Mi primera guerra. <i>Israel. 82 min. 2008.<\/i><\/span><\/p>\n<p><span style=\"font-family: Calibri\">\u00a0<\/span><\/p>\n<p><b><span style=\"font-family: Calibri\">Lugar: Jard\u00edn Bot\u00e1nico<\/span><\/b><\/p>\n<p><b><span style=\"font-family: Calibri\">\u00a0<\/span><\/b><\/p>\n<p><span style=\"font-family: Calibri\"><b>6:00 p.m.\u00a0\u00a0\u00a0\u00a0\u00a0\u00a0\u00a0 <\/b>InalMama, sagrada y profana. <i>Bolivia. 85 min. 2008.<\/i><\/span><\/p>\n<p><span style=\"font-family: Calibri\">\u00a0<\/span><\/p>\n<ul>\n<li><b><span style=\"font-family: Calibri\">Martes 10 de noviembre:<\/span><\/b><\/li>\n<\/ul>\n<p><b><span style=\"font-family: Calibri\">\u00a0<\/span><\/b><\/p>\n<p><b><span style=\"font-family: Calibri\">Lugar: Auditorio Tulio G\u00f3mez Estada (Sede Palogrande)<\/span><\/b><\/p>\n<p><b><span style=\"font-family: Calibri\">\u00a0<\/span><\/b><\/p>\n<p><span style=\"font-family: Calibri\"><b>2:00 p.m.\u00a0\u00a0\u00a0\u00a0\u00a0\u00a0\u00a0 <\/b>Sin tregua. <i>Suiza. 87 min. 2008.<\/i><\/span><\/p>\n<p><span style=\"font-family: Calibri\"><b>3:00 p.m.\u00a0\u00a0\u00a0\u00a0\u00a0\u00a0\u00a0 <\/b>6 yardas a la democracia. <i>India. 56 min. 2006.<\/i><\/span><\/p>\n<p><span style=\"font-family: Calibri\"><b>4:00 p.m.\u00a0\u00a0\u00a0\u00a0\u00a0\u00a0\u00a0 <\/b>La Batalla por La Corte Penal Internacional. <i>Estados Unidos. 95 min. 2009.<\/i><\/span><\/p>\n<p><span style=\"font-family: Calibri\">\u00a0<\/span><\/p>\n<p><b><span style=\"font-family: Calibri\">Lugar: Imagoteca<\/span><\/b><\/p>\n<p><b><span style=\"font-family: Calibri\">\u00a0<\/span><\/b><\/p>\n<p><span style=\"font-family: Calibri\"><b>2:00 p.m.\u00a0\u00a0\u00a0\u00a0\u00a0\u00a0\u00a0 <\/b>Tishe\u00a1. <i>Rusia. 80 min. 2002.<\/i><\/span><\/p>\n<p><span style=\"font-family: Calibri\">El archivo Re Bordosa. <i>Brasil. 16 min. 2008.<\/i><\/span><\/p>\n<p><span style=\"font-family: Calibri\"><b>4:00 p.m.\u00a0\u00a0\u00a0\u00a0\u00a0\u00a0\u00a0 <\/b>Por si se te olvido mi letra. <i>Medell\u00edn \/ Colombia. 49 min.<\/i><\/span><\/p>\n<p><span style=\"font-family: Calibri\">Glimpse. <i>Sudafrica. <\/i><i>22 min. 2005.<\/i><\/span><\/p>\n<p><span style=\"font-family: Calibri\">\u00a0<\/span><\/p>\n<p><b><span style=\"font-family: Calibri\">Lugar: Jard\u00edn Bot\u00e1nico <\/span><\/b><\/p>\n<p><b><span style=\"font-family: Calibri\">\u00a0<\/span><\/b><\/p>\n<p><span style=\"font-family: Calibri\"><b>6:00 p.m.\u00a0\u00a0\u00a0\u00a0\u00a0\u00a0\u00a0 <\/b>Pachamama. <i>Brasil. <\/i><i>105 min. 2008.<\/i><\/span><\/p>\n<p><span style=\"font-family: Calibri\">\u00a0<\/span><\/p>\n<ul>\n<li><b><span style=\"font-family: Calibri\">Mi\u00e9rcoles 11 de noviembre:<\/span><\/b><\/li>\n<\/ul>\n<p><b><span style=\"font-family: Calibri\">\u00a0<\/span><\/b><\/p>\n<p><b><span style=\"font-family: Calibri\">Lugar: Teatro 8 de Junio<\/span><\/b><\/p>\n<p><b><span style=\"font-family: Calibri\">\u00a0<\/span><\/b><\/p>\n<p><span style=\"font-family: Calibri\"><b>10:00 a.m.\u00a0\u00a0\u00a0\u00a0\u00a0 <\/b>La otra copa. <i>Argentina. 90 min.<\/i><\/span><\/p>\n<p><span style=\"font-family: Calibri\"><b>2:00 p.m.\u00a0\u00a0\u00a0\u00a0\u00a0\u00a0\u00a0 <\/b>La conexi\u00f3n caviar. <i>Serbia \/ Estados Unidos. 58 min. 2008.<\/i><\/span><\/p>\n<p><span style=\"font-family: Calibri\"><b>3:00 p.m.\u00a0\u00a0\u00a0\u00a0\u00a0\u00a0\u00a0 <\/b>Los ni\u00f1os de la tierra de Nadie. <i>Estados Unidos. 39 min.<\/i><\/span><\/p>\n<p><span style=\"font-family: Calibri\"><b>4:00 p.m.\u00a0\u00a0\u00a0\u00a0\u00a0\u00a0\u00a0 <\/b>El caso Coca-Cola. <i>Canad\u00e1. 85 min. 2009.<\/i><\/span><\/p>\n<p><b><span style=\"font-family: Calibri\">\u00a0<\/span><\/b><\/p>\n<p><b><span style=\"font-family: Calibri\">Lugar: Jard\u00edn Bot\u00e1nico<\/span><\/b><\/p>\n<p><b><span style=\"font-family: Calibri\">\u00a0<\/span><\/b><\/p>\n<p><span style=\"font-family: Calibri\"><b>6:00 p.m.\u00a0\u00a0\u00a0\u00a0\u00a0\u00a0\u00a0 <\/b>Mientras no se apaga el sol<i>. Bogot\u00e1 \/ Colombia \/ Francia. 57 min.<\/i><\/span><\/p>\n<p><span style=\"font-family: Calibri\">\u00a0\u00a0\u00a0\u00a0\u00a0\u00a0\u00a0\u00a0\u00a0\u00a0\u00a0\u00a0\u00a0\u00a0\u00a0\u00a0\u00a0\u00a0\u00a0\u00a0\u00a0\u00a0\u00a0 Soy Meera Malik. <i>Espa\u00f1a. 16 min. 2008.<\/i><\/span><\/p>\n<p><i><span style=\"font-family: Calibri\">\u00a0<\/span><\/i><\/p>\n<ul>\n<li><span style=\"font-family: Calibri\"><b>Jueves 12 de noviembre:<\/b><\/span><\/li>\n<\/ul>\n<p><b><span style=\"font-family: Calibri\">\u00a0<\/span><\/b><\/p>\n<p><b><span style=\"font-family: Calibri\">Lugar: Teatro 8 de Junio<\/span><\/b><\/p>\n<p><b><span style=\"font-family: Calibri\">\u00a0<\/span><\/b><\/p>\n<p><span style=\"font-family: Calibri\"><b>10:00 a.m.\u00a0\u00a0\u00a0\u00a0\u00a0 <\/b>La casa. <i>Espa\u00f1a \/ Colombia. <\/i><i>70 min. 2009.<\/i><\/span><\/p>\n<p><span style=\"font-family: Calibri\"><b>2:00 p.m.\u00a0\u00a0\u00a0\u00a0\u00a0\u00a0\u00a0 <\/b>Procura-se. <i>Brasil. 43 min. 2008.<\/i><\/span><\/p>\n<p><span style=\"font-family: Calibri\">\u00a0\u00a0\u00a0\u00a0\u00a0\u00a0\u00a0\u00a0\u00a0\u00a0\u00a0\u00a0\u00a0\u00a0\u00a0\u00a0\u00a0\u00a0\u00a0\u00a0\u00a0\u00a0\u00a0 Moravia y el mar. <i>Bogot\u00e1 \/ Colombia. 7 min. 2009.<\/i><\/span><\/p>\n<p><span style=\"font-family: Calibri\"><b>3:00 p.m.\u00a0\u00a0\u00a0\u00a0\u00a0\u00a0\u00a0 <\/b>Nacidas para ciegas. <i>Brasil. 84 min. 2003.<\/i><\/span><\/p>\n<p><span style=\"font-family: Calibri\">\u00a0<\/span><\/p>\n<p><b><span style=\"font-family: Calibri\">Lugar: Jard\u00edn Bot\u00e1nico<\/span><\/b><\/p>\n<p><b><span style=\"font-family: Calibri\">\u00a0<\/span><\/b><\/p>\n<p><span style=\"font-family: Calibri\"><b>6:00 p.m.\u00a0\u00a0\u00a0\u00a0\u00a0\u00a0\u00a0 <\/b>Espejo Nativo. <i>Brasil. 52 min. 2009.<\/i><\/span><\/p>\n<p><span style=\"font-family: Calibri\">\u00a0\u00a0\u00a0\u00a0\u00a0\u00a0\u00a0\u00a0\u00a0\u00a0\u00a0\u00a0\u00a0\u00a0\u00a0\u00a0\u00a0\u00a0\u00a0\u00a0\u00a0\u00a0\u00a0 Pa\u00eds de los pueblos sin due\u00f1o. <i>Colombia. 43 min. 2009.<\/i><\/span><\/p>\n<p><i><span style=\"font-family: Calibri\">\u00a0<\/span><\/i><\/p>\n<ul>\n<li><b><span style=\"font-family: Calibri\">Viernes 13 de noviembre:<\/span><\/b><\/li>\n<\/ul>\n<p><b><span style=\"font-family: Calibri\">\u00a0<\/span><\/b><\/p>\n<p><b><span style=\"font-family: Calibri\">Lugar: Teatro 8 de Junio<\/span><\/b><\/p>\n<p><b><span style=\"font-family: Calibri\">\u00a0<\/span><\/b><\/p>\n<p><span style=\"font-family: Calibri\"><b>10:00 a.m.\u00a0\u00a0\u00a0\u00a0\u00a0 <\/b>\u00a1Teher\u00e1n ya no tiene granadas!. <i>Ir\u00e1n. 68 min. 2006.<\/i><\/span><\/p>\n<p><span style=\"font-family: Calibri\">\u00a0\u00a0\u00a0\u00a0\u00a0\u00a0\u00a0\u00a0\u00a0\u00a0\u00a0\u00a0\u00a0\u00a0\u00a0\u00a0\u00a0\u00a0\u00a0\u00a0\u00a0\u00a0\u00a0 Migraci\u00f3n. <i>Cali \/ Colombia. 25 min.<\/i><\/span><\/p>\n<p><span style=\"font-family: Calibri\"><b>2:00 p.m.\u00a0\u00a0\u00a0\u00a0\u00a0\u00a0\u00a0 <\/b>Los herederos. <i>M\u00e9xico. <\/i><i>90 min. 2008.<\/i><\/span><\/p>\n<p><span style=\"font-family: Calibri\">\u00a0<\/span><\/p>\n<p><b><span style=\"font-family: Calibri\">Lugar: Jard\u00edn Bot\u00e1nico<\/span><\/b><\/p>\n<p><b><span style=\"font-family: Calibri\">\u00a0<\/span><\/b><\/p>\n<p><span style=\"font-family: Calibri\"><b>6:00 p.m.\u00a0\u00a0\u00a0\u00a0\u00a0\u00a0\u00a0 <\/b>Basureru Progressio. <i>Bogot\u00e1 \/ Colombia. 27 min.<\/i><\/span><\/p>\n<p><span style=\"font-family: Calibri\">Con los ojos bien abiertos, viaje por la Sudam\u00e9rica de hoy. <i>Francia \/ Uruguay \/ Ecuador. 115 min. 2009.<\/i><\/span><\/p>\n<p><span style=\"font-family: Calibri\">\u00a0<\/span><\/p>\n<p><b><span style=\"font-family: Calibri\">Otros espacios:<\/span><\/b><\/p>\n<p><b><span style=\"font-family: Calibri\">\u00a0<\/span><\/b><\/p>\n<ul>\n<li><b><span style=\"font-family: Calibri\">Imagoteca. 2:00 p.m.<\/span><\/b><\/li>\n<\/ul>\n<p><b><span style=\"font-family: Calibri\">\u00a0<\/span><\/b><\/p>\n<p><span style=\"font-family: Calibri\"><b>LUNES\u00a0\u00a0\u00a0\u00a0\u00a0\u00a0\u00a0\u00a0\u00a0\u00a0\u00a0\u00a0 <\/b>Pelea callejera. <i>Estados Unidos. 82 min. 2005.<\/i><\/span><\/p>\n<p><span style=\"font-family: Calibri\"><b>MI\u00c9RCOLES\u00a0\u00a0\u00a0 <\/b>Proyecto Cachemira. <i>Estados Unidos. 80 min. 2008.<\/i><\/span><\/p>\n<p><span style=\"font-family: Calibri\"><b>\u00a0\u00a0\u00a0\u00a0\u00a0\u00a0\u00a0\u00a0\u00a0\u00a0\u00a0\u00a0\u00a0\u00a0\u00a0\u00a0\u00a0\u00a0\u00a0\u00a0\u00a0\u00a0\u00a0 <\/b>Ultima parada: T\u00e1nger. <i>Espa\u00f1a.15 min. 2008.<\/i><\/span><\/p>\n<p><span style=\"font-family: Calibri\"><b>JUEVES\u00a0\u00a0\u00a0\u00a0\u00a0\u00a0\u00a0\u00a0\u00a0\u00a0\u00a0 <\/b>Apaga y vamonos. <i>Espa\u00f1a. 85 min. 2005.<\/i><\/span><\/p>\n<p><span style=\"font-family: Calibri\"><b>VIERNES\u00a0\u00a0\u00a0\u00a0\u00a0\u00a0\u00a0\u00a0 <\/b>La ciudad de los fot\u00f3grafos. <i>Chile. 80 min. 2006.<\/i><\/span><\/p>\n<p><b><span style=\"font-family: Calibri\">\u00a0<\/span><\/b><\/p>\n<ul>\n<li><b><span style=\"font-family: Calibri\">Facultad de Ciencias para la Salud. Mi\u00e9rcoles<\/span><\/b><\/li>\n<\/ul>\n<p><b><span style=\"font-family: Calibri\">\u00a0<\/span><\/b><\/p>\n<p><span style=\"font-family: Calibri\"><b>2:00 p.m.\u00a0\u00a0\u00a0\u00a0\u00a0\u00a0\u00a0 <\/b>Est\u00e1tica. <i>Bogot\u00e1 \/ Colombia. 51 min.<\/i><\/span><\/p>\n<p><span style=\"font-family: Calibri\">Lucanamarca. <i>Per\u00fa. 58 min. 2008.<\/i><\/span><\/p>\n<p><span style=\"font-family: Calibri\"><b>4:00 p.m.\u00a0\u00a0\u00a0\u00a0\u00a0\u00a0\u00a0 <\/b>Keiskamma &#8211; Una historia de amor. <i>Sudafrica. 90 min. 2007.<\/i><\/span><\/p>\n<p><span style=\"font-family: Calibri\">\u00a0<\/span><\/p>\n<p>&nbsp;<\/p>\n<p>&nbsp;<\/p>\n<p>Consultar informaci\u00f3n completa <a href=\"http:\/\/desarrollo.ucaldas.edu.co\/archivo\/images\/11MID.pdf\">aqu\u00ed<\/a><\/p>\n<p>&nbsp;<\/p>\n<p>&nbsp;<\/p>\n<p>&nbsp;<\/p>\n<p><span style=\"font-family: Calibri\">Para mayores informes comunicarse con la Oficina de Extensi\u00f3n Cultural de la Universidad de Caldas. Tel\u00e9fono 878 15 00. Ext. 11113.<\/span><\/p>\n","protected":false},"excerpt":{"rendered":"<p>Del 09 al 13 de Noviembre \u00a0 La Corporaci\u00f3n Colombiana de Documentalistas (Alados), en asocio con el Ministerio de Cultura y apoyada por la Oficina de Extensi\u00f3n Cultural, Bienestar Universitario y el Jard\u00edn Bot\u00e1nico de la Universidad de Caldas, entre otras instituciones, realizar\u00e1n del 9 al 13 de noviembre en Teatro 8 de Junio de [&hellip;]<\/p>\n","protected":false},"author":2,"featured_media":0,"comment_status":"closed","ping_status":"closed","sticky":false,"template":"","format":"standard","meta":{"footnotes":""},"categories":[48,53],"tags":[],"class_list":["post-4080","post","type-post","status-publish","format-standard","hentry","category-actualidad","category-universidad-al-dia"],"yoast_head":"<!-- This site is optimized with the Yoast SEO plugin v27.5 - https:\/\/yoast.com\/product\/yoast-seo-wordpress\/ -->\n<title>En la U. de Caldas se realizar\u00e1 la XI Muestra internacional documental, memorias a la medida .<\/title>\n<meta name=\"robots\" content=\"index, follow, max-snippet:-1, max-image-preview:large, max-video-preview:-1\" \/>\n<link rel=\"canonical\" href=\"https:\/\/www.ucaldas.edu.co\/portal\/en-la-u-de-caldas-se-realizara-la-xi-muestra-internacional-documental-memorias-a-la-medida\/\" \/>\n<script type=\"application\/ld+json\" class=\"yoast-schema-graph\">{\"@context\":\"https:\\\/\\\/schema.org\",\"@graph\":[{\"@type\":\"Article\",\"@id\":\"https:\\\/\\\/www.ucaldas.edu.co\\\/portal\\\/en-la-u-de-caldas-se-realizara-la-xi-muestra-internacional-documental-memorias-a-la-medida\\\/#article\",\"isPartOf\":{\"@id\":\"https:\\\/\\\/www.ucaldas.edu.co\\\/portal\\\/en-la-u-de-caldas-se-realizara-la-xi-muestra-internacional-documental-memorias-a-la-medida\\\/\"},\"author\":{\"name\":\"ofiprensa\",\"@id\":\"https:\\\/\\\/www.ucaldas.edu.co\\\/portal\\\/#\\\/schema\\\/person\\\/a1b482e23449158b4bc319926c074fdf\"},\"headline\":\"En la U. de Caldas se realizar\u00e1 la XI Muestra internacional documental, memorias a la medida\",\"datePublished\":\"2009-11-06T20:22:22+00:00\",\"mainEntityOfPage\":{\"@id\":\"https:\\\/\\\/www.ucaldas.edu.co\\\/portal\\\/en-la-u-de-caldas-se-realizara-la-xi-muestra-internacional-documental-memorias-a-la-medida\\\/\"},\"wordCount\":500,\"publisher\":{\"@id\":\"https:\\\/\\\/www.ucaldas.edu.co\\\/portal\\\/#organization\"},\"image\":{\"@id\":\"https:\\\/\\\/www.ucaldas.edu.co\\\/portal\\\/en-la-u-de-caldas-se-realizara-la-xi-muestra-internacional-documental-memorias-a-la-medida\\\/#primaryimage\"},\"thumbnailUrl\":\"http:\\\/\\\/www.ucaldas.edu.co\\\/images\\\/mid.jpg\",\"articleSection\":[\"Actualidad\",\"Universidad al D\u00eda\"],\"inLanguage\":\"es\"},{\"@type\":\"WebPage\",\"@id\":\"https:\\\/\\\/www.ucaldas.edu.co\\\/portal\\\/en-la-u-de-caldas-se-realizara-la-xi-muestra-internacional-documental-memorias-a-la-medida\\\/\",\"url\":\"https:\\\/\\\/www.ucaldas.edu.co\\\/portal\\\/en-la-u-de-caldas-se-realizara-la-xi-muestra-internacional-documental-memorias-a-la-medida\\\/\",\"name\":\"En la U. de Caldas se realizar\u00e1 la XI Muestra internacional documental, memorias a la medida .\",\"isPartOf\":{\"@id\":\"https:\\\/\\\/www.ucaldas.edu.co\\\/portal\\\/#website\"},\"primaryImageOfPage\":{\"@id\":\"https:\\\/\\\/www.ucaldas.edu.co\\\/portal\\\/en-la-u-de-caldas-se-realizara-la-xi-muestra-internacional-documental-memorias-a-la-medida\\\/#primaryimage\"},\"image\":{\"@id\":\"https:\\\/\\\/www.ucaldas.edu.co\\\/portal\\\/en-la-u-de-caldas-se-realizara-la-xi-muestra-internacional-documental-memorias-a-la-medida\\\/#primaryimage\"},\"thumbnailUrl\":\"http:\\\/\\\/www.ucaldas.edu.co\\\/images\\\/mid.jpg\",\"datePublished\":\"2009-11-06T20:22:22+00:00\",\"breadcrumb\":{\"@id\":\"https:\\\/\\\/www.ucaldas.edu.co\\\/portal\\\/en-la-u-de-caldas-se-realizara-la-xi-muestra-internacional-documental-memorias-a-la-medida\\\/#breadcrumb\"},\"inLanguage\":\"es\",\"potentialAction\":[{\"@type\":\"ReadAction\",\"target\":[\"https:\\\/\\\/www.ucaldas.edu.co\\\/portal\\\/en-la-u-de-caldas-se-realizara-la-xi-muestra-internacional-documental-memorias-a-la-medida\\\/\"]}]},{\"@type\":\"ImageObject\",\"inLanguage\":\"es\",\"@id\":\"https:\\\/\\\/www.ucaldas.edu.co\\\/portal\\\/en-la-u-de-caldas-se-realizara-la-xi-muestra-internacional-documental-memorias-a-la-medida\\\/#primaryimage\",\"url\":\"http:\\\/\\\/www.ucaldas.edu.co\\\/images\\\/mid.jpg\",\"contentUrl\":\"http:\\\/\\\/www.ucaldas.edu.co\\\/images\\\/mid.jpg\"},{\"@type\":\"BreadcrumbList\",\"@id\":\"https:\\\/\\\/www.ucaldas.edu.co\\\/portal\\\/en-la-u-de-caldas-se-realizara-la-xi-muestra-internacional-documental-memorias-a-la-medida\\\/#breadcrumb\",\"itemListElement\":[{\"@type\":\"ListItem\",\"position\":1,\"name\":\"Portada\",\"item\":\"https:\\\/\\\/www.ucaldas.edu.co\\\/portal\\\/\"},{\"@type\":\"ListItem\",\"position\":2,\"name\":\"En la U. de Caldas se realizar\u00e1 la XI Muestra internacional documental, memorias a la medida\"}]},{\"@type\":\"WebSite\",\"@id\":\"https:\\\/\\\/www.ucaldas.edu.co\\\/portal\\\/#website\",\"url\":\"https:\\\/\\\/www.ucaldas.edu.co\\\/portal\\\/\",\"name\":\"Universidad de Caldas\",\"description\":\"\",\"publisher\":{\"@id\":\"https:\\\/\\\/www.ucaldas.edu.co\\\/portal\\\/#organization\"},\"alternateName\":\"U. de Caldas\",\"potentialAction\":[{\"@type\":\"SearchAction\",\"target\":{\"@type\":\"EntryPoint\",\"urlTemplate\":\"https:\\\/\\\/www.ucaldas.edu.co\\\/portal\\\/?s={search_term_string}\"},\"query-input\":{\"@type\":\"PropertyValueSpecification\",\"valueRequired\":true,\"valueName\":\"search_term_string\"}}],\"inLanguage\":\"es\"},{\"@type\":\"Organization\",\"@id\":\"https:\\\/\\\/www.ucaldas.edu.co\\\/portal\\\/#organization\",\"name\":\"Universidad de Caldas\",\"alternateName\":\"U. de Caldas\",\"url\":\"https:\\\/\\\/www.ucaldas.edu.co\\\/portal\\\/\",\"logo\":{\"@type\":\"ImageObject\",\"inLanguage\":\"es\",\"@id\":\"https:\\\/\\\/www.ucaldas.edu.co\\\/portal\\\/#\\\/schema\\\/logo\\\/image\\\/\",\"url\":\"https:\\\/\\\/www.ucaldas.edu.co\\\/portal\\\/wp-content\\\/uploads\\\/2023\\\/11\\\/Logo_horizontal_oscuroU-2023.png\",\"contentUrl\":\"https:\\\/\\\/www.ucaldas.edu.co\\\/portal\\\/wp-content\\\/uploads\\\/2023\\\/11\\\/Logo_horizontal_oscuroU-2023.png\",\"width\":263,\"height\":101,\"caption\":\"Universidad de Caldas\"},\"image\":{\"@id\":\"https:\\\/\\\/www.ucaldas.edu.co\\\/portal\\\/#\\\/schema\\\/logo\\\/image\\\/\"},\"sameAs\":[\"https:\\\/\\\/www.facebook.com\\\/udecaldas\",\"https:\\\/\\\/x.com\\\/udecaldas\",\"https:\\\/\\\/www.youtube.com\\\/universidadcaldas\",\"https:\\\/\\\/www.instagram.com\\\/udecaldas\\\/\"]},{\"@type\":\"Person\",\"@id\":\"https:\\\/\\\/www.ucaldas.edu.co\\\/portal\\\/#\\\/schema\\\/person\\\/a1b482e23449158b4bc319926c074fdf\",\"name\":\"ofiprensa\",\"image\":{\"@type\":\"ImageObject\",\"inLanguage\":\"es\",\"@id\":\"https:\\\/\\\/www.ucaldas.edu.co\\\/portal\\\/wp-content\\\/litespeed\\\/avatar\\\/09ea5085e600095a7a811142c6944527.jpg?ver=1777497608\",\"url\":\"https:\\\/\\\/www.ucaldas.edu.co\\\/portal\\\/wp-content\\\/litespeed\\\/avatar\\\/09ea5085e600095a7a811142c6944527.jpg?ver=1777497608\",\"contentUrl\":\"https:\\\/\\\/www.ucaldas.edu.co\\\/portal\\\/wp-content\\\/litespeed\\\/avatar\\\/09ea5085e600095a7a811142c6944527.jpg?ver=1777497608\",\"caption\":\"ofiprensa\"},\"url\":\"https:\\\/\\\/www.ucaldas.edu.co\\\/portal\\\/author\\\/ofiprensa\\\/\"}]}<\/script>\n<!-- \/ Yoast SEO plugin. -->","yoast_head_json":{"title":"En la U. de Caldas se realizar\u00e1 la XI Muestra internacional documental, memorias a la medida .","robots":{"index":"index","follow":"follow","max-snippet":"max-snippet:-1","max-image-preview":"max-image-preview:large","max-video-preview":"max-video-preview:-1"},"canonical":"https:\/\/www.ucaldas.edu.co\/portal\/en-la-u-de-caldas-se-realizara-la-xi-muestra-internacional-documental-memorias-a-la-medida\/","schema":{"@context":"https:\/\/schema.org","@graph":[{"@type":"Article","@id":"https:\/\/www.ucaldas.edu.co\/portal\/en-la-u-de-caldas-se-realizara-la-xi-muestra-internacional-documental-memorias-a-la-medida\/#article","isPartOf":{"@id":"https:\/\/www.ucaldas.edu.co\/portal\/en-la-u-de-caldas-se-realizara-la-xi-muestra-internacional-documental-memorias-a-la-medida\/"},"author":{"name":"ofiprensa","@id":"https:\/\/www.ucaldas.edu.co\/portal\/#\/schema\/person\/a1b482e23449158b4bc319926c074fdf"},"headline":"En la U. de Caldas se realizar\u00e1 la XI Muestra internacional documental, memorias a la medida","datePublished":"2009-11-06T20:22:22+00:00","mainEntityOfPage":{"@id":"https:\/\/www.ucaldas.edu.co\/portal\/en-la-u-de-caldas-se-realizara-la-xi-muestra-internacional-documental-memorias-a-la-medida\/"},"wordCount":500,"publisher":{"@id":"https:\/\/www.ucaldas.edu.co\/portal\/#organization"},"image":{"@id":"https:\/\/www.ucaldas.edu.co\/portal\/en-la-u-de-caldas-se-realizara-la-xi-muestra-internacional-documental-memorias-a-la-medida\/#primaryimage"},"thumbnailUrl":"http:\/\/www.ucaldas.edu.co\/images\/mid.jpg","articleSection":["Actualidad","Universidad al D\u00eda"],"inLanguage":"es"},{"@type":"WebPage","@id":"https:\/\/www.ucaldas.edu.co\/portal\/en-la-u-de-caldas-se-realizara-la-xi-muestra-internacional-documental-memorias-a-la-medida\/","url":"https:\/\/www.ucaldas.edu.co\/portal\/en-la-u-de-caldas-se-realizara-la-xi-muestra-internacional-documental-memorias-a-la-medida\/","name":"En la U. de Caldas se realizar\u00e1 la XI Muestra internacional documental, memorias a la medida .","isPartOf":{"@id":"https:\/\/www.ucaldas.edu.co\/portal\/#website"},"primaryImageOfPage":{"@id":"https:\/\/www.ucaldas.edu.co\/portal\/en-la-u-de-caldas-se-realizara-la-xi-muestra-internacional-documental-memorias-a-la-medida\/#primaryimage"},"image":{"@id":"https:\/\/www.ucaldas.edu.co\/portal\/en-la-u-de-caldas-se-realizara-la-xi-muestra-internacional-documental-memorias-a-la-medida\/#primaryimage"},"thumbnailUrl":"http:\/\/www.ucaldas.edu.co\/images\/mid.jpg","datePublished":"2009-11-06T20:22:22+00:00","breadcrumb":{"@id":"https:\/\/www.ucaldas.edu.co\/portal\/en-la-u-de-caldas-se-realizara-la-xi-muestra-internacional-documental-memorias-a-la-medida\/#breadcrumb"},"inLanguage":"es","potentialAction":[{"@type":"ReadAction","target":["https:\/\/www.ucaldas.edu.co\/portal\/en-la-u-de-caldas-se-realizara-la-xi-muestra-internacional-documental-memorias-a-la-medida\/"]}]},{"@type":"ImageObject","inLanguage":"es","@id":"https:\/\/www.ucaldas.edu.co\/portal\/en-la-u-de-caldas-se-realizara-la-xi-muestra-internacional-documental-memorias-a-la-medida\/#primaryimage","url":"http:\/\/www.ucaldas.edu.co\/images\/mid.jpg","contentUrl":"http:\/\/www.ucaldas.edu.co\/images\/mid.jpg"},{"@type":"BreadcrumbList","@id":"https:\/\/www.ucaldas.edu.co\/portal\/en-la-u-de-caldas-se-realizara-la-xi-muestra-internacional-documental-memorias-a-la-medida\/#breadcrumb","itemListElement":[{"@type":"ListItem","position":1,"name":"Portada","item":"https:\/\/www.ucaldas.edu.co\/portal\/"},{"@type":"ListItem","position":2,"name":"En la U. de Caldas se realizar\u00e1 la XI Muestra internacional documental, memorias a la medida"}]},{"@type":"WebSite","@id":"https:\/\/www.ucaldas.edu.co\/portal\/#website","url":"https:\/\/www.ucaldas.edu.co\/portal\/","name":"Universidad de Caldas","description":"","publisher":{"@id":"https:\/\/www.ucaldas.edu.co\/portal\/#organization"},"alternateName":"U. de Caldas","potentialAction":[{"@type":"SearchAction","target":{"@type":"EntryPoint","urlTemplate":"https:\/\/www.ucaldas.edu.co\/portal\/?s={search_term_string}"},"query-input":{"@type":"PropertyValueSpecification","valueRequired":true,"valueName":"search_term_string"}}],"inLanguage":"es"},{"@type":"Organization","@id":"https:\/\/www.ucaldas.edu.co\/portal\/#organization","name":"Universidad de Caldas","alternateName":"U. de Caldas","url":"https:\/\/www.ucaldas.edu.co\/portal\/","logo":{"@type":"ImageObject","inLanguage":"es","@id":"https:\/\/www.ucaldas.edu.co\/portal\/#\/schema\/logo\/image\/","url":"https:\/\/www.ucaldas.edu.co\/portal\/wp-content\/uploads\/2023\/11\/Logo_horizontal_oscuroU-2023.png","contentUrl":"https:\/\/www.ucaldas.edu.co\/portal\/wp-content\/uploads\/2023\/11\/Logo_horizontal_oscuroU-2023.png","width":263,"height":101,"caption":"Universidad de Caldas"},"image":{"@id":"https:\/\/www.ucaldas.edu.co\/portal\/#\/schema\/logo\/image\/"},"sameAs":["https:\/\/www.facebook.com\/udecaldas","https:\/\/x.com\/udecaldas","https:\/\/www.youtube.com\/universidadcaldas","https:\/\/www.instagram.com\/udecaldas\/"]},{"@type":"Person","@id":"https:\/\/www.ucaldas.edu.co\/portal\/#\/schema\/person\/a1b482e23449158b4bc319926c074fdf","name":"ofiprensa","image":{"@type":"ImageObject","inLanguage":"es","@id":"https:\/\/www.ucaldas.edu.co\/portal\/wp-content\/litespeed\/avatar\/09ea5085e600095a7a811142c6944527.jpg?ver=1777497608","url":"https:\/\/www.ucaldas.edu.co\/portal\/wp-content\/litespeed\/avatar\/09ea5085e600095a7a811142c6944527.jpg?ver=1777497608","contentUrl":"https:\/\/www.ucaldas.edu.co\/portal\/wp-content\/litespeed\/avatar\/09ea5085e600095a7a811142c6944527.jpg?ver=1777497608","caption":"ofiprensa"},"url":"https:\/\/www.ucaldas.edu.co\/portal\/author\/ofiprensa\/"}]}},"_links":{"self":[{"href":"https:\/\/www.ucaldas.edu.co\/portal\/wp-json\/wp\/v2\/posts\/4080","targetHints":{"allow":["GET"]}}],"collection":[{"href":"https:\/\/www.ucaldas.edu.co\/portal\/wp-json\/wp\/v2\/posts"}],"about":[{"href":"https:\/\/www.ucaldas.edu.co\/portal\/wp-json\/wp\/v2\/types\/post"}],"author":[{"embeddable":true,"href":"https:\/\/www.ucaldas.edu.co\/portal\/wp-json\/wp\/v2\/users\/2"}],"replies":[{"embeddable":true,"href":"https:\/\/www.ucaldas.edu.co\/portal\/wp-json\/wp\/v2\/comments?post=4080"}],"version-history":[{"count":0,"href":"https:\/\/www.ucaldas.edu.co\/portal\/wp-json\/wp\/v2\/posts\/4080\/revisions"}],"wp:attachment":[{"href":"https:\/\/www.ucaldas.edu.co\/portal\/wp-json\/wp\/v2\/media?parent=4080"}],"wp:term":[{"taxonomy":"category","embeddable":true,"href":"https:\/\/www.ucaldas.edu.co\/portal\/wp-json\/wp\/v2\/categories?post=4080"},{"taxonomy":"post_tag","embeddable":true,"href":"https:\/\/www.ucaldas.edu.co\/portal\/wp-json\/wp\/v2\/tags?post=4080"}],"curies":[{"name":"wp","href":"https:\/\/api.w.org\/{rel}","templated":true}]}}