{"id":40797,"date":"2018-05-04T16:46:28","date_gmt":"2018-05-04T16:46:28","guid":{"rendered":"https:\/\/www.ucaldas.edu.co\/portal\/?p=40797"},"modified":"2018-05-04T16:46:28","modified_gmt":"2018-05-04T16:46:28","slug":"estudiantes-de-concordia-university-canada-participan-en-17-version-del-festival-internacional-de-la-imagen-u-de-caldas","status":"publish","type":"post","link":"https:\/\/www.ucaldas.edu.co\/portal\/estudiantes-de-concordia-university-canada-participan-en-17-version-del-festival-internacional-de-la-imagen-u-de-caldas\/","title":{"rendered":"Estudiantes de Concordia University (Canad\u00e1) participan en 17 versi\u00f3n del Festival Internacional de la Imagen\u00a0 U. de Caldas"},"content":{"rendered":"<p style=\"text-align: center;\">D\u00cdAS ANTES DEL EVENTO REALIZAN ACTIVIDADES ACAD\u00c9MICAS EN LA INSTITUCI\u00d3N<\/p>\n<p style=\"text-align: center;\"><strong>Estudiantes de Concordia University (Canad\u00e1) participan en 17 versi\u00f3n del Festival Internacional de la Imagen\u00a0 U. de Caldas<\/strong><\/p>\n<p style=\"text-align: right;\">4\/05\/2018<\/p>\n<p><strong>\u00a0<img loading=\"lazy\" decoding=\"async\" class=\"alignnone size-full wp-image-40798 aligncenter\" src=\"https:\/\/www.ucaldas.edu.co\/portal\/wp-content\/uploads\/2018\/05\/visitaconcordia-compressor.jpg\" alt=\"\" width=\"700\" height=\"399\" srcset=\"https:\/\/www.ucaldas.edu.co\/portal\/wp-content\/uploads\/2018\/05\/visitaconcordia-compressor.jpg 700w, https:\/\/www.ucaldas.edu.co\/portal\/wp-content\/uploads\/2018\/05\/visitaconcordia-compressor-300x171.jpg 300w\" sizes=\"auto, (max-width: 700px) 100vw, 700px\" \/><\/strong><\/p>\n<p>En la 17 versi\u00f3n del Festival Internacional de la Imagen\u00a0 de la Universidad de Caldas los posgrados en Dise\u00f1o realizan seminarios acad\u00e9micos para sus estudiantes. <strong>Este a\u00f1o se cuenta con la presencia del profesor Ricardo Dal Farra, quien participa con 15 estudiantes de Concordia University, en el marco del Convenio Field School Concordia.<\/strong><\/p>\n<p><!--more--><\/p>\n<p>El profesor es Doctor en Artes, Director del Departamento de M\u00fasica de Concordia University, en Canad\u00e1, y Director Fundador del Centro de Experimentaci\u00f3n e Investigaci\u00f3n en Artes Electr\u00f3nicas (CEIArtE) de la Universidad Nacional de Tres de Febrero, en Argentina.<\/p>\n<p>&nbsp;<\/p>\n<p>\u201c<strong>Vengo al Festival desde el 2009 y este a\u00f1o es bastante especial<\/strong>, porque hemos logrado invitar muchos colegas canadienses, pero adem\u00e1s porque <strong>estamos con un grupo de estudiantes de la Facultad de Artes, la mayor\u00eda especializados en temas de m\u00fasica y sonido<\/strong>\u201d, explic\u00f3.<\/p>\n<p>&nbsp;<\/p>\n<p>La <strong>comisi\u00f3n ha realizado una serie de actividades con docentes<\/strong> de la U. de Caldas: Mauricio Mej\u00eda, Sergio Sierra, H\u00e9ctor Fabio Torres y Mario Valencia. \u201c<strong>Realizamos adem\u00e1s visitas a distintos puntos dentro y fuera de la ciudad, para registrar audios para mostrar el paisaje sonoro de Manizales y sus alrededores<\/strong>\u201d, agreg\u00f3 el docente.<\/p>\n<p>&nbsp;<\/p>\n<p><a href=\"https:\/\/www.facebook.com\/media\/set\/?set=a.1787613827967141.1073746037.107054166023124&amp;type=1&amp;l=79145305b8\">Conozca im\u00e1genes de la visita de la Universidad de Concordia a la U. de Caldas<\/a><\/p>\n<p>&nbsp;<\/p>\n<p><strong>Informes: <\/strong>Oficina de Comunicaciones y Prensa U. de Caldas, tel\u00e9fono 878 15 00 extensi\u00f3n 12 167.<\/p>\n<p><strong>Redacci\u00f3n:<\/strong> Margarita Laverde<\/p>\n<p>&nbsp;<\/p>\n","protected":false},"excerpt":{"rendered":"<p>D\u00cdAS ANTES DEL EVENTO REALIZAN ACTIVIDADES ACAD\u00c9MICAS EN LA INSTITUCI\u00d3N Estudiantes de Concordia University (Canad\u00e1) participan en 17 versi\u00f3n del Festival Internacional de la Imagen\u00a0 U. de Caldas 4\/05\/2018 \u00a0 En la 17 versi\u00f3n del Festival Internacional de la Imagen\u00a0 de la Universidad de Caldas los posgrados en Dise\u00f1o realizan seminarios acad\u00e9micos para sus estudiantes. [&hellip;]<\/p>\n","protected":false},"author":2,"featured_media":40798,"comment_status":"closed","ping_status":"open","sticky":false,"template":"","format":"standard","meta":{"footnotes":""},"categories":[48,53,614],"tags":[55,233,837,2676],"class_list":["post-40797","post","type-post","status-publish","format-standard","has-post-thumbnail","hentry","category-actualidad","category-universidad-al-dia","category-ucaldas-internacional","tag-academia","tag-visita","tag-festival-internacional-de-la-imagen","tag-universidad-de-concordia"],"yoast_head":"<!-- This site is optimized with the Yoast SEO plugin v27.5 - https:\/\/yoast.com\/product\/yoast-seo-wordpress\/ -->\n<title>Estudiantes de Concordia University (Canad\u00e1) participan en 17 versi\u00f3n del Festival Internacional de la Imagen\u00a0 U. de Caldas .<\/title>\n<meta name=\"robots\" content=\"index, follow, max-snippet:-1, max-image-preview:large, max-video-preview:-1\" \/>\n<link rel=\"canonical\" href=\"https:\/\/www.ucaldas.edu.co\/portal\/estudiantes-de-concordia-university-canada-participan-en-17-version-del-festival-internacional-de-la-imagen-u-de-caldas\/\" \/>\n<script type=\"application\/ld+json\" class=\"yoast-schema-graph\">{\"@context\":\"https:\\\/\\\/schema.org\",\"@graph\":[{\"@type\":\"Article\",\"@id\":\"https:\\\/\\\/www.ucaldas.edu.co\\\/portal\\\/estudiantes-de-concordia-university-canada-participan-en-17-version-del-festival-internacional-de-la-imagen-u-de-caldas\\\/#article\",\"isPartOf\":{\"@id\":\"https:\\\/\\\/www.ucaldas.edu.co\\\/portal\\\/estudiantes-de-concordia-university-canada-participan-en-17-version-del-festival-internacional-de-la-imagen-u-de-caldas\\\/\"},\"author\":{\"name\":\"ofiprensa\",\"@id\":\"https:\\\/\\\/www.ucaldas.edu.co\\\/portal\\\/#\\\/schema\\\/person\\\/a1b482e23449158b4bc319926c074fdf\"},\"headline\":\"Estudiantes de Concordia University (Canad\u00e1) participan en 17 versi\u00f3n del Festival Internacional de la Imagen\u00a0 U. de Caldas\",\"datePublished\":\"2018-05-04T16:46:28+00:00\",\"mainEntityOfPage\":{\"@id\":\"https:\\\/\\\/www.ucaldas.edu.co\\\/portal\\\/estudiantes-de-concordia-university-canada-participan-en-17-version-del-festival-internacional-de-la-imagen-u-de-caldas\\\/\"},\"wordCount\":288,\"publisher\":{\"@id\":\"https:\\\/\\\/www.ucaldas.edu.co\\\/portal\\\/#organization\"},\"image\":{\"@id\":\"https:\\\/\\\/www.ucaldas.edu.co\\\/portal\\\/estudiantes-de-concordia-university-canada-participan-en-17-version-del-festival-internacional-de-la-imagen-u-de-caldas\\\/#primaryimage\"},\"thumbnailUrl\":\"https:\\\/\\\/www.ucaldas.edu.co\\\/portal\\\/wp-content\\\/uploads\\\/2018\\\/05\\\/visitaconcordia-compressor.jpg\",\"keywords\":[\"academia\",\"visita\",\"Festival Internacional de la Imagen\",\"Universidad de Concordia\"],\"articleSection\":[\"Actualidad\",\"Universidad al D\u00eda\",\"Ucaldas Internacional\"],\"inLanguage\":\"es\"},{\"@type\":\"WebPage\",\"@id\":\"https:\\\/\\\/www.ucaldas.edu.co\\\/portal\\\/estudiantes-de-concordia-university-canada-participan-en-17-version-del-festival-internacional-de-la-imagen-u-de-caldas\\\/\",\"url\":\"https:\\\/\\\/www.ucaldas.edu.co\\\/portal\\\/estudiantes-de-concordia-university-canada-participan-en-17-version-del-festival-internacional-de-la-imagen-u-de-caldas\\\/\",\"name\":\"Estudiantes de Concordia University (Canad\u00e1) participan en 17 versi\u00f3n del Festival Internacional de la Imagen\u00a0 U. de Caldas .\",\"isPartOf\":{\"@id\":\"https:\\\/\\\/www.ucaldas.edu.co\\\/portal\\\/#website\"},\"primaryImageOfPage\":{\"@id\":\"https:\\\/\\\/www.ucaldas.edu.co\\\/portal\\\/estudiantes-de-concordia-university-canada-participan-en-17-version-del-festival-internacional-de-la-imagen-u-de-caldas\\\/#primaryimage\"},\"image\":{\"@id\":\"https:\\\/\\\/www.ucaldas.edu.co\\\/portal\\\/estudiantes-de-concordia-university-canada-participan-en-17-version-del-festival-internacional-de-la-imagen-u-de-caldas\\\/#primaryimage\"},\"thumbnailUrl\":\"https:\\\/\\\/www.ucaldas.edu.co\\\/portal\\\/wp-content\\\/uploads\\\/2018\\\/05\\\/visitaconcordia-compressor.jpg\",\"datePublished\":\"2018-05-04T16:46:28+00:00\",\"breadcrumb\":{\"@id\":\"https:\\\/\\\/www.ucaldas.edu.co\\\/portal\\\/estudiantes-de-concordia-university-canada-participan-en-17-version-del-festival-internacional-de-la-imagen-u-de-caldas\\\/#breadcrumb\"},\"inLanguage\":\"es\",\"potentialAction\":[{\"@type\":\"ReadAction\",\"target\":[\"https:\\\/\\\/www.ucaldas.edu.co\\\/portal\\\/estudiantes-de-concordia-university-canada-participan-en-17-version-del-festival-internacional-de-la-imagen-u-de-caldas\\\/\"]}]},{\"@type\":\"ImageObject\",\"inLanguage\":\"es\",\"@id\":\"https:\\\/\\\/www.ucaldas.edu.co\\\/portal\\\/estudiantes-de-concordia-university-canada-participan-en-17-version-del-festival-internacional-de-la-imagen-u-de-caldas\\\/#primaryimage\",\"url\":\"https:\\\/\\\/www.ucaldas.edu.co\\\/portal\\\/wp-content\\\/uploads\\\/2018\\\/05\\\/visitaconcordia-compressor.jpg\",\"contentUrl\":\"https:\\\/\\\/www.ucaldas.edu.co\\\/portal\\\/wp-content\\\/uploads\\\/2018\\\/05\\\/visitaconcordia-compressor.jpg\",\"width\":700,\"height\":399},{\"@type\":\"BreadcrumbList\",\"@id\":\"https:\\\/\\\/www.ucaldas.edu.co\\\/portal\\\/estudiantes-de-concordia-university-canada-participan-en-17-version-del-festival-internacional-de-la-imagen-u-de-caldas\\\/#breadcrumb\",\"itemListElement\":[{\"@type\":\"ListItem\",\"position\":1,\"name\":\"Portada\",\"item\":\"https:\\\/\\\/www.ucaldas.edu.co\\\/portal\\\/\"},{\"@type\":\"ListItem\",\"position\":2,\"name\":\"Estudiantes de Concordia University (Canad\u00e1) participan en 17 versi\u00f3n del Festival Internacional de la Imagen\u00a0 U. de Caldas\"}]},{\"@type\":\"WebSite\",\"@id\":\"https:\\\/\\\/www.ucaldas.edu.co\\\/portal\\\/#website\",\"url\":\"https:\\\/\\\/www.ucaldas.edu.co\\\/portal\\\/\",\"name\":\"Universidad de Caldas\",\"description\":\"\",\"publisher\":{\"@id\":\"https:\\\/\\\/www.ucaldas.edu.co\\\/portal\\\/#organization\"},\"alternateName\":\"U. de Caldas\",\"potentialAction\":[{\"@type\":\"SearchAction\",\"target\":{\"@type\":\"EntryPoint\",\"urlTemplate\":\"https:\\\/\\\/www.ucaldas.edu.co\\\/portal\\\/?s={search_term_string}\"},\"query-input\":{\"@type\":\"PropertyValueSpecification\",\"valueRequired\":true,\"valueName\":\"search_term_string\"}}],\"inLanguage\":\"es\"},{\"@type\":\"Organization\",\"@id\":\"https:\\\/\\\/www.ucaldas.edu.co\\\/portal\\\/#organization\",\"name\":\"Universidad de Caldas\",\"alternateName\":\"U. de Caldas\",\"url\":\"https:\\\/\\\/www.ucaldas.edu.co\\\/portal\\\/\",\"logo\":{\"@type\":\"ImageObject\",\"inLanguage\":\"es\",\"@id\":\"https:\\\/\\\/www.ucaldas.edu.co\\\/portal\\\/#\\\/schema\\\/logo\\\/image\\\/\",\"url\":\"https:\\\/\\\/www.ucaldas.edu.co\\\/portal\\\/wp-content\\\/uploads\\\/2023\\\/11\\\/Logo_horizontal_oscuroU-2023.png\",\"contentUrl\":\"https:\\\/\\\/www.ucaldas.edu.co\\\/portal\\\/wp-content\\\/uploads\\\/2023\\\/11\\\/Logo_horizontal_oscuroU-2023.png\",\"width\":263,\"height\":101,\"caption\":\"Universidad de Caldas\"},\"image\":{\"@id\":\"https:\\\/\\\/www.ucaldas.edu.co\\\/portal\\\/#\\\/schema\\\/logo\\\/image\\\/\"},\"sameAs\":[\"https:\\\/\\\/www.facebook.com\\\/udecaldas\",\"https:\\\/\\\/x.com\\\/udecaldas\",\"https:\\\/\\\/www.youtube.com\\\/universidadcaldas\",\"https:\\\/\\\/www.instagram.com\\\/udecaldas\\\/\"]},{\"@type\":\"Person\",\"@id\":\"https:\\\/\\\/www.ucaldas.edu.co\\\/portal\\\/#\\\/schema\\\/person\\\/a1b482e23449158b4bc319926c074fdf\",\"name\":\"ofiprensa\",\"image\":{\"@type\":\"ImageObject\",\"inLanguage\":\"es\",\"@id\":\"https:\\\/\\\/www.ucaldas.edu.co\\\/portal\\\/wp-content\\\/litespeed\\\/avatar\\\/09ea5085e600095a7a811142c6944527.jpg?ver=1777497608\",\"url\":\"https:\\\/\\\/www.ucaldas.edu.co\\\/portal\\\/wp-content\\\/litespeed\\\/avatar\\\/09ea5085e600095a7a811142c6944527.jpg?ver=1777497608\",\"contentUrl\":\"https:\\\/\\\/www.ucaldas.edu.co\\\/portal\\\/wp-content\\\/litespeed\\\/avatar\\\/09ea5085e600095a7a811142c6944527.jpg?ver=1777497608\",\"caption\":\"ofiprensa\"},\"url\":\"https:\\\/\\\/www.ucaldas.edu.co\\\/portal\\\/author\\\/ofiprensa\\\/\"}]}<\/script>\n<!-- \/ Yoast SEO plugin. -->","yoast_head_json":{"title":"Estudiantes de Concordia University (Canad\u00e1) participan en 17 versi\u00f3n del Festival Internacional de la Imagen\u00a0 U. de Caldas .","robots":{"index":"index","follow":"follow","max-snippet":"max-snippet:-1","max-image-preview":"max-image-preview:large","max-video-preview":"max-video-preview:-1"},"canonical":"https:\/\/www.ucaldas.edu.co\/portal\/estudiantes-de-concordia-university-canada-participan-en-17-version-del-festival-internacional-de-la-imagen-u-de-caldas\/","schema":{"@context":"https:\/\/schema.org","@graph":[{"@type":"Article","@id":"https:\/\/www.ucaldas.edu.co\/portal\/estudiantes-de-concordia-university-canada-participan-en-17-version-del-festival-internacional-de-la-imagen-u-de-caldas\/#article","isPartOf":{"@id":"https:\/\/www.ucaldas.edu.co\/portal\/estudiantes-de-concordia-university-canada-participan-en-17-version-del-festival-internacional-de-la-imagen-u-de-caldas\/"},"author":{"name":"ofiprensa","@id":"https:\/\/www.ucaldas.edu.co\/portal\/#\/schema\/person\/a1b482e23449158b4bc319926c074fdf"},"headline":"Estudiantes de Concordia University (Canad\u00e1) participan en 17 versi\u00f3n del Festival Internacional de la Imagen\u00a0 U. de Caldas","datePublished":"2018-05-04T16:46:28+00:00","mainEntityOfPage":{"@id":"https:\/\/www.ucaldas.edu.co\/portal\/estudiantes-de-concordia-university-canada-participan-en-17-version-del-festival-internacional-de-la-imagen-u-de-caldas\/"},"wordCount":288,"publisher":{"@id":"https:\/\/www.ucaldas.edu.co\/portal\/#organization"},"image":{"@id":"https:\/\/www.ucaldas.edu.co\/portal\/estudiantes-de-concordia-university-canada-participan-en-17-version-del-festival-internacional-de-la-imagen-u-de-caldas\/#primaryimage"},"thumbnailUrl":"https:\/\/www.ucaldas.edu.co\/portal\/wp-content\/uploads\/2018\/05\/visitaconcordia-compressor.jpg","keywords":["academia","visita","Festival Internacional de la Imagen","Universidad de Concordia"],"articleSection":["Actualidad","Universidad al D\u00eda","Ucaldas Internacional"],"inLanguage":"es"},{"@type":"WebPage","@id":"https:\/\/www.ucaldas.edu.co\/portal\/estudiantes-de-concordia-university-canada-participan-en-17-version-del-festival-internacional-de-la-imagen-u-de-caldas\/","url":"https:\/\/www.ucaldas.edu.co\/portal\/estudiantes-de-concordia-university-canada-participan-en-17-version-del-festival-internacional-de-la-imagen-u-de-caldas\/","name":"Estudiantes de Concordia University (Canad\u00e1) participan en 17 versi\u00f3n del Festival Internacional de la Imagen\u00a0 U. de Caldas .","isPartOf":{"@id":"https:\/\/www.ucaldas.edu.co\/portal\/#website"},"primaryImageOfPage":{"@id":"https:\/\/www.ucaldas.edu.co\/portal\/estudiantes-de-concordia-university-canada-participan-en-17-version-del-festival-internacional-de-la-imagen-u-de-caldas\/#primaryimage"},"image":{"@id":"https:\/\/www.ucaldas.edu.co\/portal\/estudiantes-de-concordia-university-canada-participan-en-17-version-del-festival-internacional-de-la-imagen-u-de-caldas\/#primaryimage"},"thumbnailUrl":"https:\/\/www.ucaldas.edu.co\/portal\/wp-content\/uploads\/2018\/05\/visitaconcordia-compressor.jpg","datePublished":"2018-05-04T16:46:28+00:00","breadcrumb":{"@id":"https:\/\/www.ucaldas.edu.co\/portal\/estudiantes-de-concordia-university-canada-participan-en-17-version-del-festival-internacional-de-la-imagen-u-de-caldas\/#breadcrumb"},"inLanguage":"es","potentialAction":[{"@type":"ReadAction","target":["https:\/\/www.ucaldas.edu.co\/portal\/estudiantes-de-concordia-university-canada-participan-en-17-version-del-festival-internacional-de-la-imagen-u-de-caldas\/"]}]},{"@type":"ImageObject","inLanguage":"es","@id":"https:\/\/www.ucaldas.edu.co\/portal\/estudiantes-de-concordia-university-canada-participan-en-17-version-del-festival-internacional-de-la-imagen-u-de-caldas\/#primaryimage","url":"https:\/\/www.ucaldas.edu.co\/portal\/wp-content\/uploads\/2018\/05\/visitaconcordia-compressor.jpg","contentUrl":"https:\/\/www.ucaldas.edu.co\/portal\/wp-content\/uploads\/2018\/05\/visitaconcordia-compressor.jpg","width":700,"height":399},{"@type":"BreadcrumbList","@id":"https:\/\/www.ucaldas.edu.co\/portal\/estudiantes-de-concordia-university-canada-participan-en-17-version-del-festival-internacional-de-la-imagen-u-de-caldas\/#breadcrumb","itemListElement":[{"@type":"ListItem","position":1,"name":"Portada","item":"https:\/\/www.ucaldas.edu.co\/portal\/"},{"@type":"ListItem","position":2,"name":"Estudiantes de Concordia University (Canad\u00e1) participan en 17 versi\u00f3n del Festival Internacional de la Imagen\u00a0 U. de Caldas"}]},{"@type":"WebSite","@id":"https:\/\/www.ucaldas.edu.co\/portal\/#website","url":"https:\/\/www.ucaldas.edu.co\/portal\/","name":"Universidad de Caldas","description":"","publisher":{"@id":"https:\/\/www.ucaldas.edu.co\/portal\/#organization"},"alternateName":"U. de Caldas","potentialAction":[{"@type":"SearchAction","target":{"@type":"EntryPoint","urlTemplate":"https:\/\/www.ucaldas.edu.co\/portal\/?s={search_term_string}"},"query-input":{"@type":"PropertyValueSpecification","valueRequired":true,"valueName":"search_term_string"}}],"inLanguage":"es"},{"@type":"Organization","@id":"https:\/\/www.ucaldas.edu.co\/portal\/#organization","name":"Universidad de Caldas","alternateName":"U. de Caldas","url":"https:\/\/www.ucaldas.edu.co\/portal\/","logo":{"@type":"ImageObject","inLanguage":"es","@id":"https:\/\/www.ucaldas.edu.co\/portal\/#\/schema\/logo\/image\/","url":"https:\/\/www.ucaldas.edu.co\/portal\/wp-content\/uploads\/2023\/11\/Logo_horizontal_oscuroU-2023.png","contentUrl":"https:\/\/www.ucaldas.edu.co\/portal\/wp-content\/uploads\/2023\/11\/Logo_horizontal_oscuroU-2023.png","width":263,"height":101,"caption":"Universidad de Caldas"},"image":{"@id":"https:\/\/www.ucaldas.edu.co\/portal\/#\/schema\/logo\/image\/"},"sameAs":["https:\/\/www.facebook.com\/udecaldas","https:\/\/x.com\/udecaldas","https:\/\/www.youtube.com\/universidadcaldas","https:\/\/www.instagram.com\/udecaldas\/"]},{"@type":"Person","@id":"https:\/\/www.ucaldas.edu.co\/portal\/#\/schema\/person\/a1b482e23449158b4bc319926c074fdf","name":"ofiprensa","image":{"@type":"ImageObject","inLanguage":"es","@id":"https:\/\/www.ucaldas.edu.co\/portal\/wp-content\/litespeed\/avatar\/09ea5085e600095a7a811142c6944527.jpg?ver=1777497608","url":"https:\/\/www.ucaldas.edu.co\/portal\/wp-content\/litespeed\/avatar\/09ea5085e600095a7a811142c6944527.jpg?ver=1777497608","contentUrl":"https:\/\/www.ucaldas.edu.co\/portal\/wp-content\/litespeed\/avatar\/09ea5085e600095a7a811142c6944527.jpg?ver=1777497608","caption":"ofiprensa"},"url":"https:\/\/www.ucaldas.edu.co\/portal\/author\/ofiprensa\/"}]}},"_links":{"self":[{"href":"https:\/\/www.ucaldas.edu.co\/portal\/wp-json\/wp\/v2\/posts\/40797","targetHints":{"allow":["GET"]}}],"collection":[{"href":"https:\/\/www.ucaldas.edu.co\/portal\/wp-json\/wp\/v2\/posts"}],"about":[{"href":"https:\/\/www.ucaldas.edu.co\/portal\/wp-json\/wp\/v2\/types\/post"}],"author":[{"embeddable":true,"href":"https:\/\/www.ucaldas.edu.co\/portal\/wp-json\/wp\/v2\/users\/2"}],"replies":[{"embeddable":true,"href":"https:\/\/www.ucaldas.edu.co\/portal\/wp-json\/wp\/v2\/comments?post=40797"}],"version-history":[{"count":0,"href":"https:\/\/www.ucaldas.edu.co\/portal\/wp-json\/wp\/v2\/posts\/40797\/revisions"}],"wp:featuredmedia":[{"embeddable":true,"href":"https:\/\/www.ucaldas.edu.co\/portal\/wp-json\/wp\/v2\/media\/40798"}],"wp:attachment":[{"href":"https:\/\/www.ucaldas.edu.co\/portal\/wp-json\/wp\/v2\/media?parent=40797"}],"wp:term":[{"taxonomy":"category","embeddable":true,"href":"https:\/\/www.ucaldas.edu.co\/portal\/wp-json\/wp\/v2\/categories?post=40797"},{"taxonomy":"post_tag","embeddable":true,"href":"https:\/\/www.ucaldas.edu.co\/portal\/wp-json\/wp\/v2\/tags?post=40797"}],"curies":[{"name":"wp","href":"https:\/\/api.w.org\/{rel}","templated":true}]}}