{"id":40756,"date":"2018-05-02T22:25:47","date_gmt":"2018-05-02T22:25:47","guid":{"rendered":"https:\/\/www.ucaldas.edu.co\/portal\/?p=40756"},"modified":"2018-05-02T22:25:47","modified_gmt":"2018-05-02T22:25:47","slug":"jairo-castano-zapata-primer-investigador-emerito-u-de-caldas-reconocido-por-colciencias","status":"publish","type":"post","link":"https:\/\/www.ucaldas.edu.co\/portal\/jairo-castano-zapata-primer-investigador-emerito-u-de-caldas-reconocido-por-colciencias\/","title":{"rendered":"Jairo Casta\u00f1o Zapata, primer Investigador Em\u00e9rito U. de Caldas reconocido por Colciencias"},"content":{"rendered":"<p style=\"text-align: center;\">RECONOCIMIENTO EXALTA LA CONTRIBUCI\u00d3N Y TRAYECTORIA ACAD\u00c9MICA E INVESTIGATIVA<\/p>\n<p style=\"text-align: center;\"><strong>Jairo Casta\u00f1o Zapata, primer Investigador Em\u00e9rito U. de Caldas reconocido por Colciencias <\/strong><\/p>\n<p style=\"text-align: right;\">2\/05\/2018<\/p>\n<p><strong>\u00a0<img loading=\"lazy\" decoding=\"async\" class=\"alignnone size-full wp-image-40757 aligncenter\" src=\"https:\/\/www.ucaldas.edu.co\/portal\/wp-content\/uploads\/2018\/05\/investigadoemerito-compressor.jpg\" alt=\"\" width=\"700\" height=\"400\" srcset=\"https:\/\/www.ucaldas.edu.co\/portal\/wp-content\/uploads\/2018\/05\/investigadoemerito-compressor.jpg 700w, https:\/\/www.ucaldas.edu.co\/portal\/wp-content\/uploads\/2018\/05\/investigadoemerito-compressor-300x171.jpg 300w\" sizes=\"auto, (max-width: 700px) 100vw, 700px\" \/><\/strong><\/p>\n<p><strong>Colciencias reconoci\u00f3 a Jairo Casta\u00f1o Zapata,<\/strong> profesor titular de la Universidad de Caldas y Director de la Maestr\u00eda en Fitopatolog\u00eda de la Instituci\u00f3n caldense, <strong>como Investigador Em\u00e9rito <\/strong>dentro de la Convocatoria 781 del 2017.<\/p>\n<p><!--more--><\/p>\n<p>Este <strong>reconocimiento exalta la contribuci\u00f3n y trayectoria acad\u00e9mica e investigativa<\/strong>, la cual ha sido determinante para el fortalecimiento del Sistema Nacional de Ciencia, Tecnolog\u00eda e Innovaci\u00f3n. <strong>Dicho reconocimiento ser\u00e1 entregado el 6 de junio del 2018 en Bogot\u00e1.<\/strong><\/p>\n<p>&nbsp;<\/p>\n<p>\u201c<strong>Es una noticia hist\u00f3rica para la U. de Caldas, la regi\u00f3n, el pa\u00eds y mi familia. Llegar a esta categor\u00eda es dif\u00edcil, pero no imposible<\/strong>. Este es el producto de una vida consagrada al estudio, pero detr\u00e1s de eso por supuesto que destaco los v\u00ednculos que he tenido en mi formaci\u00f3n. Soy un orgulloso egresado de la Universidad de Caldas y creo que la \u00fanica forma de formarse bien es a trav\u00e9s de la rigidez y la disciplina\u201d, destac\u00f3.<\/p>\n<p>&nbsp;<\/p>\n<p><a href=\"https:\/\/www.facebook.com\/media\/set\/?set=a.1786810221380835.1073746036.107054166023124&amp;type=1&amp;l=b78df88cee\">Conozca im\u00e1genes de Jairo Casta\u00f1o Zapata, primer Investigador Em\u00e9rito U. de Caldas reconocido por Colciencias<\/a><\/p>\n<p>&nbsp;<\/p>\n<p><strong>Informes: <\/strong>Oficina de Comunicaciones y Prensa U. de Caldas, tel\u00e9fono 878 15 00 extensi\u00f3n 12 167.<\/p>\n<p><strong>Redacci\u00f3n:<\/strong> Margarita Laverde<\/p>\n<p>&nbsp;<\/p>\n","protected":false},"excerpt":{"rendered":"<p>RECONOCIMIENTO EXALTA LA CONTRIBUCI\u00d3N Y TRAYECTORIA ACAD\u00c9MICA E INVESTIGATIVA Jairo Casta\u00f1o Zapata, primer Investigador Em\u00e9rito U. de Caldas reconocido por Colciencias 2\/05\/2018 \u00a0 Colciencias reconoci\u00f3 a Jairo Casta\u00f1o Zapata, profesor titular de la Universidad de Caldas y Director de la Maestr\u00eda en Fitopatolog\u00eda de la Instituci\u00f3n caldense, como Investigador Em\u00e9rito dentro de la Convocatoria 781 [&hellip;]<\/p>\n","protected":false},"author":2,"featured_media":40757,"comment_status":"closed","ping_status":"open","sticky":false,"template":"","format":"standard","meta":{"footnotes":""},"categories":[48,53,624],"tags":[],"class_list":["post-40756","post","type-post","status-publish","format-standard","has-post-thumbnail","hentry","category-actualidad","category-universidad-al-dia","category-ucaldas-activa"],"yoast_head":"<!-- This site is optimized with the Yoast SEO plugin v27.5 - https:\/\/yoast.com\/product\/yoast-seo-wordpress\/ -->\n<title>Jairo Casta\u00f1o Zapata, primer Investigador Em\u00e9rito U. de Caldas reconocido por Colciencias .<\/title>\n<meta name=\"robots\" content=\"index, follow, max-snippet:-1, max-image-preview:large, max-video-preview:-1\" \/>\n<link rel=\"canonical\" href=\"https:\/\/www.ucaldas.edu.co\/portal\/jairo-castano-zapata-primer-investigador-emerito-u-de-caldas-reconocido-por-colciencias\/\" \/>\n<script type=\"application\/ld+json\" class=\"yoast-schema-graph\">{\"@context\":\"https:\\\/\\\/schema.org\",\"@graph\":[{\"@type\":\"Article\",\"@id\":\"https:\\\/\\\/www.ucaldas.edu.co\\\/portal\\\/jairo-castano-zapata-primer-investigador-emerito-u-de-caldas-reconocido-por-colciencias\\\/#article\",\"isPartOf\":{\"@id\":\"https:\\\/\\\/www.ucaldas.edu.co\\\/portal\\\/jairo-castano-zapata-primer-investigador-emerito-u-de-caldas-reconocido-por-colciencias\\\/\"},\"author\":{\"name\":\"ofiprensa\",\"@id\":\"https:\\\/\\\/www.ucaldas.edu.co\\\/portal\\\/#\\\/schema\\\/person\\\/a1b482e23449158b4bc319926c074fdf\"},\"headline\":\"Jairo Casta\u00f1o Zapata, primer Investigador Em\u00e9rito U. de Caldas reconocido por Colciencias\",\"datePublished\":\"2018-05-02T22:25:47+00:00\",\"mainEntityOfPage\":{\"@id\":\"https:\\\/\\\/www.ucaldas.edu.co\\\/portal\\\/jairo-castano-zapata-primer-investigador-emerito-u-de-caldas-reconocido-por-colciencias\\\/\"},\"wordCount\":243,\"publisher\":{\"@id\":\"https:\\\/\\\/www.ucaldas.edu.co\\\/portal\\\/#organization\"},\"image\":{\"@id\":\"https:\\\/\\\/www.ucaldas.edu.co\\\/portal\\\/jairo-castano-zapata-primer-investigador-emerito-u-de-caldas-reconocido-por-colciencias\\\/#primaryimage\"},\"thumbnailUrl\":\"https:\\\/\\\/www.ucaldas.edu.co\\\/portal\\\/wp-content\\\/uploads\\\/2018\\\/05\\\/investigadoemerito-compressor.jpg\",\"articleSection\":[\"Actualidad\",\"Universidad al D\u00eda\",\"UCaldas Activa\"],\"inLanguage\":\"es\"},{\"@type\":\"WebPage\",\"@id\":\"https:\\\/\\\/www.ucaldas.edu.co\\\/portal\\\/jairo-castano-zapata-primer-investigador-emerito-u-de-caldas-reconocido-por-colciencias\\\/\",\"url\":\"https:\\\/\\\/www.ucaldas.edu.co\\\/portal\\\/jairo-castano-zapata-primer-investigador-emerito-u-de-caldas-reconocido-por-colciencias\\\/\",\"name\":\"Jairo Casta\u00f1o Zapata, primer Investigador Em\u00e9rito U. de Caldas reconocido por Colciencias .\",\"isPartOf\":{\"@id\":\"https:\\\/\\\/www.ucaldas.edu.co\\\/portal\\\/#website\"},\"primaryImageOfPage\":{\"@id\":\"https:\\\/\\\/www.ucaldas.edu.co\\\/portal\\\/jairo-castano-zapata-primer-investigador-emerito-u-de-caldas-reconocido-por-colciencias\\\/#primaryimage\"},\"image\":{\"@id\":\"https:\\\/\\\/www.ucaldas.edu.co\\\/portal\\\/jairo-castano-zapata-primer-investigador-emerito-u-de-caldas-reconocido-por-colciencias\\\/#primaryimage\"},\"thumbnailUrl\":\"https:\\\/\\\/www.ucaldas.edu.co\\\/portal\\\/wp-content\\\/uploads\\\/2018\\\/05\\\/investigadoemerito-compressor.jpg\",\"datePublished\":\"2018-05-02T22:25:47+00:00\",\"breadcrumb\":{\"@id\":\"https:\\\/\\\/www.ucaldas.edu.co\\\/portal\\\/jairo-castano-zapata-primer-investigador-emerito-u-de-caldas-reconocido-por-colciencias\\\/#breadcrumb\"},\"inLanguage\":\"es\",\"potentialAction\":[{\"@type\":\"ReadAction\",\"target\":[\"https:\\\/\\\/www.ucaldas.edu.co\\\/portal\\\/jairo-castano-zapata-primer-investigador-emerito-u-de-caldas-reconocido-por-colciencias\\\/\"]}]},{\"@type\":\"ImageObject\",\"inLanguage\":\"es\",\"@id\":\"https:\\\/\\\/www.ucaldas.edu.co\\\/portal\\\/jairo-castano-zapata-primer-investigador-emerito-u-de-caldas-reconocido-por-colciencias\\\/#primaryimage\",\"url\":\"https:\\\/\\\/www.ucaldas.edu.co\\\/portal\\\/wp-content\\\/uploads\\\/2018\\\/05\\\/investigadoemerito-compressor.jpg\",\"contentUrl\":\"https:\\\/\\\/www.ucaldas.edu.co\\\/portal\\\/wp-content\\\/uploads\\\/2018\\\/05\\\/investigadoemerito-compressor.jpg\",\"width\":700,\"height\":400},{\"@type\":\"BreadcrumbList\",\"@id\":\"https:\\\/\\\/www.ucaldas.edu.co\\\/portal\\\/jairo-castano-zapata-primer-investigador-emerito-u-de-caldas-reconocido-por-colciencias\\\/#breadcrumb\",\"itemListElement\":[{\"@type\":\"ListItem\",\"position\":1,\"name\":\"Portada\",\"item\":\"https:\\\/\\\/www.ucaldas.edu.co\\\/portal\\\/\"},{\"@type\":\"ListItem\",\"position\":2,\"name\":\"Jairo Casta\u00f1o Zapata, primer Investigador Em\u00e9rito U. de Caldas reconocido por Colciencias\"}]},{\"@type\":\"WebSite\",\"@id\":\"https:\\\/\\\/www.ucaldas.edu.co\\\/portal\\\/#website\",\"url\":\"https:\\\/\\\/www.ucaldas.edu.co\\\/portal\\\/\",\"name\":\"Universidad de Caldas\",\"description\":\"\",\"publisher\":{\"@id\":\"https:\\\/\\\/www.ucaldas.edu.co\\\/portal\\\/#organization\"},\"alternateName\":\"U. de Caldas\",\"potentialAction\":[{\"@type\":\"SearchAction\",\"target\":{\"@type\":\"EntryPoint\",\"urlTemplate\":\"https:\\\/\\\/www.ucaldas.edu.co\\\/portal\\\/?s={search_term_string}\"},\"query-input\":{\"@type\":\"PropertyValueSpecification\",\"valueRequired\":true,\"valueName\":\"search_term_string\"}}],\"inLanguage\":\"es\"},{\"@type\":\"Organization\",\"@id\":\"https:\\\/\\\/www.ucaldas.edu.co\\\/portal\\\/#organization\",\"name\":\"Universidad de Caldas\",\"alternateName\":\"U. de Caldas\",\"url\":\"https:\\\/\\\/www.ucaldas.edu.co\\\/portal\\\/\",\"logo\":{\"@type\":\"ImageObject\",\"inLanguage\":\"es\",\"@id\":\"https:\\\/\\\/www.ucaldas.edu.co\\\/portal\\\/#\\\/schema\\\/logo\\\/image\\\/\",\"url\":\"https:\\\/\\\/www.ucaldas.edu.co\\\/portal\\\/wp-content\\\/uploads\\\/2023\\\/11\\\/Logo_horizontal_oscuroU-2023.png\",\"contentUrl\":\"https:\\\/\\\/www.ucaldas.edu.co\\\/portal\\\/wp-content\\\/uploads\\\/2023\\\/11\\\/Logo_horizontal_oscuroU-2023.png\",\"width\":263,\"height\":101,\"caption\":\"Universidad de Caldas\"},\"image\":{\"@id\":\"https:\\\/\\\/www.ucaldas.edu.co\\\/portal\\\/#\\\/schema\\\/logo\\\/image\\\/\"},\"sameAs\":[\"https:\\\/\\\/www.facebook.com\\\/udecaldas\",\"https:\\\/\\\/x.com\\\/udecaldas\",\"https:\\\/\\\/www.youtube.com\\\/universidadcaldas\",\"https:\\\/\\\/www.instagram.com\\\/udecaldas\\\/\"]},{\"@type\":\"Person\",\"@id\":\"https:\\\/\\\/www.ucaldas.edu.co\\\/portal\\\/#\\\/schema\\\/person\\\/a1b482e23449158b4bc319926c074fdf\",\"name\":\"ofiprensa\",\"image\":{\"@type\":\"ImageObject\",\"inLanguage\":\"es\",\"@id\":\"https:\\\/\\\/www.ucaldas.edu.co\\\/portal\\\/wp-content\\\/litespeed\\\/avatar\\\/09ea5085e600095a7a811142c6944527.jpg?ver=1777497608\",\"url\":\"https:\\\/\\\/www.ucaldas.edu.co\\\/portal\\\/wp-content\\\/litespeed\\\/avatar\\\/09ea5085e600095a7a811142c6944527.jpg?ver=1777497608\",\"contentUrl\":\"https:\\\/\\\/www.ucaldas.edu.co\\\/portal\\\/wp-content\\\/litespeed\\\/avatar\\\/09ea5085e600095a7a811142c6944527.jpg?ver=1777497608\",\"caption\":\"ofiprensa\"},\"url\":\"https:\\\/\\\/www.ucaldas.edu.co\\\/portal\\\/author\\\/ofiprensa\\\/\"}]}<\/script>\n<!-- \/ Yoast SEO plugin. -->","yoast_head_json":{"title":"Jairo Casta\u00f1o Zapata, primer Investigador Em\u00e9rito U. de Caldas reconocido por Colciencias .","robots":{"index":"index","follow":"follow","max-snippet":"max-snippet:-1","max-image-preview":"max-image-preview:large","max-video-preview":"max-video-preview:-1"},"canonical":"https:\/\/www.ucaldas.edu.co\/portal\/jairo-castano-zapata-primer-investigador-emerito-u-de-caldas-reconocido-por-colciencias\/","schema":{"@context":"https:\/\/schema.org","@graph":[{"@type":"Article","@id":"https:\/\/www.ucaldas.edu.co\/portal\/jairo-castano-zapata-primer-investigador-emerito-u-de-caldas-reconocido-por-colciencias\/#article","isPartOf":{"@id":"https:\/\/www.ucaldas.edu.co\/portal\/jairo-castano-zapata-primer-investigador-emerito-u-de-caldas-reconocido-por-colciencias\/"},"author":{"name":"ofiprensa","@id":"https:\/\/www.ucaldas.edu.co\/portal\/#\/schema\/person\/a1b482e23449158b4bc319926c074fdf"},"headline":"Jairo Casta\u00f1o Zapata, primer Investigador Em\u00e9rito U. de Caldas reconocido por Colciencias","datePublished":"2018-05-02T22:25:47+00:00","mainEntityOfPage":{"@id":"https:\/\/www.ucaldas.edu.co\/portal\/jairo-castano-zapata-primer-investigador-emerito-u-de-caldas-reconocido-por-colciencias\/"},"wordCount":243,"publisher":{"@id":"https:\/\/www.ucaldas.edu.co\/portal\/#organization"},"image":{"@id":"https:\/\/www.ucaldas.edu.co\/portal\/jairo-castano-zapata-primer-investigador-emerito-u-de-caldas-reconocido-por-colciencias\/#primaryimage"},"thumbnailUrl":"https:\/\/www.ucaldas.edu.co\/portal\/wp-content\/uploads\/2018\/05\/investigadoemerito-compressor.jpg","articleSection":["Actualidad","Universidad al D\u00eda","UCaldas Activa"],"inLanguage":"es"},{"@type":"WebPage","@id":"https:\/\/www.ucaldas.edu.co\/portal\/jairo-castano-zapata-primer-investigador-emerito-u-de-caldas-reconocido-por-colciencias\/","url":"https:\/\/www.ucaldas.edu.co\/portal\/jairo-castano-zapata-primer-investigador-emerito-u-de-caldas-reconocido-por-colciencias\/","name":"Jairo Casta\u00f1o Zapata, primer Investigador Em\u00e9rito U. de Caldas reconocido por Colciencias .","isPartOf":{"@id":"https:\/\/www.ucaldas.edu.co\/portal\/#website"},"primaryImageOfPage":{"@id":"https:\/\/www.ucaldas.edu.co\/portal\/jairo-castano-zapata-primer-investigador-emerito-u-de-caldas-reconocido-por-colciencias\/#primaryimage"},"image":{"@id":"https:\/\/www.ucaldas.edu.co\/portal\/jairo-castano-zapata-primer-investigador-emerito-u-de-caldas-reconocido-por-colciencias\/#primaryimage"},"thumbnailUrl":"https:\/\/www.ucaldas.edu.co\/portal\/wp-content\/uploads\/2018\/05\/investigadoemerito-compressor.jpg","datePublished":"2018-05-02T22:25:47+00:00","breadcrumb":{"@id":"https:\/\/www.ucaldas.edu.co\/portal\/jairo-castano-zapata-primer-investigador-emerito-u-de-caldas-reconocido-por-colciencias\/#breadcrumb"},"inLanguage":"es","potentialAction":[{"@type":"ReadAction","target":["https:\/\/www.ucaldas.edu.co\/portal\/jairo-castano-zapata-primer-investigador-emerito-u-de-caldas-reconocido-por-colciencias\/"]}]},{"@type":"ImageObject","inLanguage":"es","@id":"https:\/\/www.ucaldas.edu.co\/portal\/jairo-castano-zapata-primer-investigador-emerito-u-de-caldas-reconocido-por-colciencias\/#primaryimage","url":"https:\/\/www.ucaldas.edu.co\/portal\/wp-content\/uploads\/2018\/05\/investigadoemerito-compressor.jpg","contentUrl":"https:\/\/www.ucaldas.edu.co\/portal\/wp-content\/uploads\/2018\/05\/investigadoemerito-compressor.jpg","width":700,"height":400},{"@type":"BreadcrumbList","@id":"https:\/\/www.ucaldas.edu.co\/portal\/jairo-castano-zapata-primer-investigador-emerito-u-de-caldas-reconocido-por-colciencias\/#breadcrumb","itemListElement":[{"@type":"ListItem","position":1,"name":"Portada","item":"https:\/\/www.ucaldas.edu.co\/portal\/"},{"@type":"ListItem","position":2,"name":"Jairo Casta\u00f1o Zapata, primer Investigador Em\u00e9rito U. de Caldas reconocido por Colciencias"}]},{"@type":"WebSite","@id":"https:\/\/www.ucaldas.edu.co\/portal\/#website","url":"https:\/\/www.ucaldas.edu.co\/portal\/","name":"Universidad de Caldas","description":"","publisher":{"@id":"https:\/\/www.ucaldas.edu.co\/portal\/#organization"},"alternateName":"U. de Caldas","potentialAction":[{"@type":"SearchAction","target":{"@type":"EntryPoint","urlTemplate":"https:\/\/www.ucaldas.edu.co\/portal\/?s={search_term_string}"},"query-input":{"@type":"PropertyValueSpecification","valueRequired":true,"valueName":"search_term_string"}}],"inLanguage":"es"},{"@type":"Organization","@id":"https:\/\/www.ucaldas.edu.co\/portal\/#organization","name":"Universidad de Caldas","alternateName":"U. de Caldas","url":"https:\/\/www.ucaldas.edu.co\/portal\/","logo":{"@type":"ImageObject","inLanguage":"es","@id":"https:\/\/www.ucaldas.edu.co\/portal\/#\/schema\/logo\/image\/","url":"https:\/\/www.ucaldas.edu.co\/portal\/wp-content\/uploads\/2023\/11\/Logo_horizontal_oscuroU-2023.png","contentUrl":"https:\/\/www.ucaldas.edu.co\/portal\/wp-content\/uploads\/2023\/11\/Logo_horizontal_oscuroU-2023.png","width":263,"height":101,"caption":"Universidad de Caldas"},"image":{"@id":"https:\/\/www.ucaldas.edu.co\/portal\/#\/schema\/logo\/image\/"},"sameAs":["https:\/\/www.facebook.com\/udecaldas","https:\/\/x.com\/udecaldas","https:\/\/www.youtube.com\/universidadcaldas","https:\/\/www.instagram.com\/udecaldas\/"]},{"@type":"Person","@id":"https:\/\/www.ucaldas.edu.co\/portal\/#\/schema\/person\/a1b482e23449158b4bc319926c074fdf","name":"ofiprensa","image":{"@type":"ImageObject","inLanguage":"es","@id":"https:\/\/www.ucaldas.edu.co\/portal\/wp-content\/litespeed\/avatar\/09ea5085e600095a7a811142c6944527.jpg?ver=1777497608","url":"https:\/\/www.ucaldas.edu.co\/portal\/wp-content\/litespeed\/avatar\/09ea5085e600095a7a811142c6944527.jpg?ver=1777497608","contentUrl":"https:\/\/www.ucaldas.edu.co\/portal\/wp-content\/litespeed\/avatar\/09ea5085e600095a7a811142c6944527.jpg?ver=1777497608","caption":"ofiprensa"},"url":"https:\/\/www.ucaldas.edu.co\/portal\/author\/ofiprensa\/"}]}},"_links":{"self":[{"href":"https:\/\/www.ucaldas.edu.co\/portal\/wp-json\/wp\/v2\/posts\/40756","targetHints":{"allow":["GET"]}}],"collection":[{"href":"https:\/\/www.ucaldas.edu.co\/portal\/wp-json\/wp\/v2\/posts"}],"about":[{"href":"https:\/\/www.ucaldas.edu.co\/portal\/wp-json\/wp\/v2\/types\/post"}],"author":[{"embeddable":true,"href":"https:\/\/www.ucaldas.edu.co\/portal\/wp-json\/wp\/v2\/users\/2"}],"replies":[{"embeddable":true,"href":"https:\/\/www.ucaldas.edu.co\/portal\/wp-json\/wp\/v2\/comments?post=40756"}],"version-history":[{"count":0,"href":"https:\/\/www.ucaldas.edu.co\/portal\/wp-json\/wp\/v2\/posts\/40756\/revisions"}],"wp:featuredmedia":[{"embeddable":true,"href":"https:\/\/www.ucaldas.edu.co\/portal\/wp-json\/wp\/v2\/media\/40757"}],"wp:attachment":[{"href":"https:\/\/www.ucaldas.edu.co\/portal\/wp-json\/wp\/v2\/media?parent=40756"}],"wp:term":[{"taxonomy":"category","embeddable":true,"href":"https:\/\/www.ucaldas.edu.co\/portal\/wp-json\/wp\/v2\/categories?post=40756"},{"taxonomy":"post_tag","embeddable":true,"href":"https:\/\/www.ucaldas.edu.co\/portal\/wp-json\/wp\/v2\/tags?post=40756"}],"curies":[{"name":"wp","href":"https:\/\/api.w.org\/{rel}","templated":true}]}}