{"id":40744,"date":"2018-05-02T19:46:16","date_gmt":"2018-05-02T19:46:16","guid":{"rendered":"https:\/\/www.ucaldas.edu.co\/portal\/?p=40744"},"modified":"2018-05-02T19:46:16","modified_gmt":"2018-05-02T19:46:16","slug":"acuerdo-del-consejo-superior-por-el-cual-se-suspende-el-proceso-de-eleccion-de-rector-para-el-periodo-estatutario-2018-2022","status":"publish","type":"post","link":"https:\/\/www.ucaldas.edu.co\/portal\/acuerdo-del-consejo-superior-por-el-cual-se-suspende-el-proceso-de-eleccion-de-rector-para-el-periodo-estatutario-2018-2022\/","title":{"rendered":"Acuerdo del Consejo Superior por el cual se suspende el proceso de elecci\u00f3n de rector para el periodo estatutario 2018-2022"},"content":{"rendered":"<p style=\"text-align: center;\"><strong>UNIVERSIDAD DE CALDAS<\/strong><\/p>\n<p style=\"text-align: center;\"><strong>CONSEJO SUPERIOR<\/strong><\/p>\n<p style=\"text-align: center;\"><strong>\u00a0<\/strong><\/p>\n<p style=\"text-align: center;\"><strong>ACUERDO N\u00b0 18<\/strong><\/p>\n<p style=\"text-align: center;\">(Acta N\u00b0 13 del 2 de mayo de 2018 \u2013Sesi\u00f3n no presencial)<\/p>\n<p style=\"text-align: center;\"><strong><em>\u00a0<\/em><\/strong><\/p>\n<p><strong><em>\u00a0<\/em><\/strong><\/p>\n<p><em>\u201cPor el cual se suspende el proceso de elecci\u00f3n de rector de la Universidad de Caldas para el periodo estatutario 2018-2022\u201c<\/em><\/p>\n<p><strong><em>\u00a0<img loading=\"lazy\" decoding=\"async\" class=\"alignnone size-full wp-image-39941 aligncenter\" src=\"https:\/\/www.ucaldas.edu.co\/portal\/wp-content\/uploads\/2018\/03\/comuni.jpg\" alt=\"\" width=\"450\" height=\"254\" srcset=\"https:\/\/www.ucaldas.edu.co\/portal\/wp-content\/uploads\/2018\/03\/comuni.jpg 450w, https:\/\/www.ucaldas.edu.co\/portal\/wp-content\/uploads\/2018\/03\/comuni-300x169.jpg 300w\" sizes=\"auto, (max-width: 450px) 100vw, 450px\" \/><\/em><\/strong><\/p>\n<p><strong><em>\u00a0<\/em><\/strong><\/p>\n<p><strong>EL CONSEJO SUPERIOR DE LA UNIVERSIDAD DE CALDAS <\/strong>en uso de sus atribuciones estatutarias, en especial las conferidas por numeral 7 del Art\u00edculo 9 del Acuerdo N\u00b0 047 de 2017 (Estatuto General de la Universidad de Caldas), y<\/p>\n<p><strong>\u00a0<\/strong><\/p>\n<p><strong>\u00a0<\/strong><\/p>\n<p><strong>CONSIDERANDO:<\/strong><\/p>\n<p><strong>\u00a0<\/strong><\/p>\n<p>Que dando cumplimiento a mandatos legales y estatutarios de la Universidad de Caldas, el Consejo Superior Universitario a trav\u00e9s del Acuerdo N\u00b0 049 del veintid\u00f3s (22) de diciembre de 2017, hizo p\u00fablica la convocatoria dirigida a todas las personas, que cumpliendo los requisitos, aspiren a ocupar el cargo de Rector del Ente de Educaci\u00f3n Superior para el periodo 2018 \u2013 2022; fijando as\u00ed mismo, el cronograma respectivo.<\/p>\n<p><strong>\u00a0<\/strong><\/p>\n<p>Que con el fin de que dar cumplimiento a lo preceptuado en el numeral 11 del art\u00edculo 2\u00b0 del Acuerdo N\u00b0 049 del veintid\u00f3s (22) de diciembre de 2017 y \u00a0a lo indicado en el numeral 3 del art\u00edculo 19 Estatuto General de la Universidad, se convoc\u00f3 por parte del Consejo Superior a los diferentes estamentos universitarios para que participaran en la consulta virtual programada para el d\u00eda mi\u00e9rcoles veinticinco (25) de abril de 2018, en un horario comprendido entre las 8:00 a.m. y las 8:00 p.m.<\/p>\n<p>&nbsp;<\/p>\n<p>Que con ocasi\u00f3n de las resultas del proceso y con el fin de dar cumplimiento a lo reglamentado por parte del m\u00e1ximo \u00f3rgano de direcci\u00f3n del Alma Mater, de los resultados obtenidos en la consulta se conform\u00f3 una terna de los candidatos m\u00e1s votados por cada estamento, as\u00ed: <strong>1.<\/strong> Andr\u00e9s Felipe Betancourt L\u00f3pez C.C. 75.082.247. <strong>2. <\/strong>Gabriel Gallego Montes C.C. 10.276.774. <strong>3.<\/strong> Alejandro Ceballos M\u00e1rquez C.C. 7.554.003.<\/p>\n<p>&nbsp;<\/p>\n<p>Que el numeral 5 del art\u00edculo 19 del pluricitado Acuerdo N\u00b0 049 del 22 de diciembre del 2017, al tenor literal reza: <em>\u201cEl Consejo Superior desganar\u00e1 al rector, previa sustentaci\u00f3n de las propuestas de gobierno de los candidatos, para lo cual deber\u00e1 reunir por los menos 5 votos a favor, de los integrantes del Consejo\u201d, <\/em>raz\u00f3n por la cual dentro del cronograma anexo a la convocatoria se dispuso sesi\u00f3n permanente del Consejo Superior para escuchar las propuestas de los candidatos miembros de la terna y posterior designaci\u00f3n del Rector, para el d\u00eda tres (3) de mayo de la vigencia en curso.<\/p>\n<p>&nbsp;<\/p>\n<p>Que el lunes treinta (30) de abril de 2018 a las 2:10 p.m., se notific\u00f3 personalmente a la Universidad de Caldas de la acci\u00f3n de tutela interpuesta por parte del se\u00f1or Francisco Arturo Vallejo Garc\u00eda, candidato a la Rector\u00eda de la Universidad de Caldas, actuando en su propio nombre y representaci\u00f3n, quien acudi\u00f3 ante la Jurisdicci\u00f3n Constitucional para requerir la protecci\u00f3n de los derechos fundamentales a la igualdad, debido proceso, al trabajo, al principio de confianza legitima.<\/p>\n<p><em>\u00a0<\/em><\/p>\n<p>Que adem\u00e1s de la solicitud de tutela de garant\u00edas fundamentales, el se\u00f1or Vallejo Garc\u00eda inst\u00f3 a quien correspondiera para que se decretar\u00e1 medida provisional de suspensi\u00f3n inmediata del proceso del proceso de elecci\u00f3n Rector de la Universidad de Caldas, para el periodo estatutario 2018 \u2013 2022.<\/p>\n<p>&nbsp;<\/p>\n<p>Que el fallador de primera instancia en Auto Admisorio de la Acci\u00f3n de Tutela identificado con Radicado N\u00b0 2018 \u2013 000154 del veintisiete (27) de abril de 2018, admiti\u00f3 la Acci\u00f3n de Tutela referida ordenando como medida provisional lo siguiente:<\/p>\n<p><em>\u00a0<\/em><\/p>\n<p><em>\u201c(\u2026) MEDIDA PROVISIONAL El inciso 2\u00b0 del art\u00edculo 7 del decreto 2591 establece que el juez podr\u00e1 ordenar lo que considere procedente para proteger los derechos y no hacer ilusorio el evento de un eventual fallo a favor del solicitante. En esos t\u00e9rminos, teniendo en cuenta que el proceso de elecci\u00f3n de rector se encuentra previsto para el 3 de mayo de 2018, SE DECRETA como medida provisional la suspensi\u00f3n de dicho proceso hasta tanto se dicte la sentencia en este tr\u00e1mite (\u2026.)\u201d<\/em><\/p>\n<p>&nbsp;<\/p>\n<p>Que as\u00ed las cosas y para dar cumplimiento a la anterior decisi\u00f3n judicial se hace necesario suspender el proceso de elecci\u00f3n de Rector de la Universidad de Caldas para el periodo estatutario 2018 \u2013 2022, reglamentado en los Acuerdos n\u00fameros 049 de 2017 y 036 de 2013, hasta tanto se dicte una sentencia dentro de tal proceso.<\/p>\n<p>&nbsp;<\/p>\n<p>En merito de lo expuesto,<\/p>\n<p>&nbsp;<\/p>\n<p><strong>ACUERDA:<\/strong><\/p>\n<p>&nbsp;<\/p>\n<p><strong>ART\u00cdCULO PRIMERO:<\/strong>\u00a0\u00a0\u00a0\u00a0\u00a0 Suspender el proceso de elecci\u00f3n de Rector de la Universidad de Caldas para el periodo estatutario 2018 \u2013 2022, convocado a trav\u00e9s del Acuerdo N\u00b0 049 de 2017 y reglamentado por el Acuerdo N\u00b0 036 de 2013, en los t\u00e9rminos dispuestos en Auto de Sustanciaci\u00f3n con Radicado N\u00b0 2018 \u2013 000154, en el cual se estableci\u00f3: \u201c<em>SE DECRETA como medida provisional la suspensi\u00f3n de dicho proceso hasta tanto se dicte la sentencia en este tr\u00e1mite (\u2026.)\u201d<\/em><\/p>\n<p>&nbsp;<\/p>\n<p>&nbsp;<\/p>\n<p><strong>ART\u00cdCULO SEGUNDO:\u00a0\u00a0\u00a0\u00a0\u00a0 <\/strong>El presente Acuerdo rige a partir de la fecha de su publicaci\u00f3n y deroga las disposiciones que le sean contrarias.<\/p>\n<p>&nbsp;<\/p>\n<p><strong>\u00a0<\/strong><\/p>\n<p><strong>PUBL\u00cdQUESE Y C\u00daMPLASE;<\/strong><\/p>\n<p>&nbsp;<\/p>\n<p>&nbsp;<\/p>\n<p>Dado en Manizales, a los dos (02) d\u00edas del mes de mayo del a\u00f1o dos mil dieciocho (2018).<\/p>\n<p>&nbsp;<\/p>\n<p>&nbsp;<\/p>\n<p>&nbsp;<\/p>\n<p><em>\u00a0<\/em><\/p>\n<p><strong>RAQUEL D\u00cdAZ ORTIZ\u00a0\u00a0\u00a0\u00a0\u00a0\u00a0\u00a0\u00a0\u00a0\u00a0\u00a0\u00a0\u00a0\u00a0\u00a0\u00a0\u00a0\u00a0\u00a0\u00a0\u00a0\u00a0\u00a0\u00a0\u00a0\u00a0\u00a0\u00a0\u00a0\u00a0 JUAN GUILERMO CORREA GARC\u00cdA<\/strong><\/p>\n<p>Presidente\u00a0\u00a0\u00a0\u00a0\u00a0\u00a0\u00a0\u00a0\u00a0\u00a0\u00a0\u00a0\u00a0\u00a0\u00a0\u00a0\u00a0\u00a0\u00a0\u00a0\u00a0\u00a0\u00a0\u00a0\u00a0\u00a0\u00a0\u00a0\u00a0\u00a0\u00a0\u00a0\u00a0\u00a0\u00a0\u00a0\u00a0\u00a0\u00a0\u00a0\u00a0\u00a0\u00a0\u00a0\u00a0\u00a0\u00a0\u00a0\u00a0\u00a0\u00a0\u00a0\u00a0\u00a0 Secretario.<\/p>\n<p>&nbsp;<\/p>\n<p>&nbsp;<\/p>\n","protected":false},"excerpt":{"rendered":"<p>UNIVERSIDAD DE CALDAS CONSEJO SUPERIOR \u00a0 ACUERDO N\u00b0 18 (Acta N\u00b0 13 del 2 de mayo de 2018 \u2013Sesi\u00f3n no presencial) \u00a0 \u00a0 \u201cPor el cual se suspende el proceso de elecci\u00f3n de rector de la Universidad de Caldas para el periodo estatutario 2018-2022\u201c \u00a0 \u00a0 EL CONSEJO SUPERIOR DE LA UNIVERSIDAD DE CALDAS en [&hellip;]<\/p>\n","protected":false},"author":2,"featured_media":39941,"comment_status":"closed","ping_status":"open","sticky":false,"template":"","format":"standard","meta":{"footnotes":""},"categories":[48,53,620],"tags":[],"class_list":["post-40744","post","type-post","status-publish","format-standard","has-post-thumbnail","hentry","category-actualidad","category-universidad-al-dia","category-ucaldas-transparente"],"yoast_head":"<!-- This site is optimized with the Yoast SEO plugin v27.5 - https:\/\/yoast.com\/product\/yoast-seo-wordpress\/ -->\n<title>Acuerdo del Consejo Superior por el cual se suspende el proceso de elecci\u00f3n de rector para el periodo estatutario 2018-2022 .<\/title>\n<meta name=\"robots\" content=\"index, follow, max-snippet:-1, max-image-preview:large, max-video-preview:-1\" \/>\n<link rel=\"canonical\" href=\"https:\/\/www.ucaldas.edu.co\/portal\/acuerdo-del-consejo-superior-por-el-cual-se-suspende-el-proceso-de-eleccion-de-rector-para-el-periodo-estatutario-2018-2022\/\" \/>\n<script type=\"application\/ld+json\" class=\"yoast-schema-graph\">{\"@context\":\"https:\\\/\\\/schema.org\",\"@graph\":[{\"@type\":\"Article\",\"@id\":\"https:\\\/\\\/www.ucaldas.edu.co\\\/portal\\\/acuerdo-del-consejo-superior-por-el-cual-se-suspende-el-proceso-de-eleccion-de-rector-para-el-periodo-estatutario-2018-2022\\\/#article\",\"isPartOf\":{\"@id\":\"https:\\\/\\\/www.ucaldas.edu.co\\\/portal\\\/acuerdo-del-consejo-superior-por-el-cual-se-suspende-el-proceso-de-eleccion-de-rector-para-el-periodo-estatutario-2018-2022\\\/\"},\"author\":{\"name\":\"ofiprensa\",\"@id\":\"https:\\\/\\\/www.ucaldas.edu.co\\\/portal\\\/#\\\/schema\\\/person\\\/a1b482e23449158b4bc319926c074fdf\"},\"headline\":\"Acuerdo del Consejo Superior por el cual se suspende el proceso de elecci\u00f3n de rector para el periodo estatutario 2018-2022\",\"datePublished\":\"2018-05-02T19:46:16+00:00\",\"mainEntityOfPage\":{\"@id\":\"https:\\\/\\\/www.ucaldas.edu.co\\\/portal\\\/acuerdo-del-consejo-superior-por-el-cual-se-suspende-el-proceso-de-eleccion-de-rector-para-el-periodo-estatutario-2018-2022\\\/\"},\"wordCount\":873,\"publisher\":{\"@id\":\"https:\\\/\\\/www.ucaldas.edu.co\\\/portal\\\/#organization\"},\"image\":{\"@id\":\"https:\\\/\\\/www.ucaldas.edu.co\\\/portal\\\/acuerdo-del-consejo-superior-por-el-cual-se-suspende-el-proceso-de-eleccion-de-rector-para-el-periodo-estatutario-2018-2022\\\/#primaryimage\"},\"thumbnailUrl\":\"https:\\\/\\\/www.ucaldas.edu.co\\\/portal\\\/wp-content\\\/uploads\\\/2018\\\/03\\\/comuni.jpg\",\"articleSection\":[\"Actualidad\",\"Universidad al D\u00eda\",\"UCaldas Transparente\"],\"inLanguage\":\"es\"},{\"@type\":\"WebPage\",\"@id\":\"https:\\\/\\\/www.ucaldas.edu.co\\\/portal\\\/acuerdo-del-consejo-superior-por-el-cual-se-suspende-el-proceso-de-eleccion-de-rector-para-el-periodo-estatutario-2018-2022\\\/\",\"url\":\"https:\\\/\\\/www.ucaldas.edu.co\\\/portal\\\/acuerdo-del-consejo-superior-por-el-cual-se-suspende-el-proceso-de-eleccion-de-rector-para-el-periodo-estatutario-2018-2022\\\/\",\"name\":\"Acuerdo del Consejo Superior por el cual se suspende el proceso de elecci\u00f3n de rector para el periodo estatutario 2018-2022 .\",\"isPartOf\":{\"@id\":\"https:\\\/\\\/www.ucaldas.edu.co\\\/portal\\\/#website\"},\"primaryImageOfPage\":{\"@id\":\"https:\\\/\\\/www.ucaldas.edu.co\\\/portal\\\/acuerdo-del-consejo-superior-por-el-cual-se-suspende-el-proceso-de-eleccion-de-rector-para-el-periodo-estatutario-2018-2022\\\/#primaryimage\"},\"image\":{\"@id\":\"https:\\\/\\\/www.ucaldas.edu.co\\\/portal\\\/acuerdo-del-consejo-superior-por-el-cual-se-suspende-el-proceso-de-eleccion-de-rector-para-el-periodo-estatutario-2018-2022\\\/#primaryimage\"},\"thumbnailUrl\":\"https:\\\/\\\/www.ucaldas.edu.co\\\/portal\\\/wp-content\\\/uploads\\\/2018\\\/03\\\/comuni.jpg\",\"datePublished\":\"2018-05-02T19:46:16+00:00\",\"breadcrumb\":{\"@id\":\"https:\\\/\\\/www.ucaldas.edu.co\\\/portal\\\/acuerdo-del-consejo-superior-por-el-cual-se-suspende-el-proceso-de-eleccion-de-rector-para-el-periodo-estatutario-2018-2022\\\/#breadcrumb\"},\"inLanguage\":\"es\",\"potentialAction\":[{\"@type\":\"ReadAction\",\"target\":[\"https:\\\/\\\/www.ucaldas.edu.co\\\/portal\\\/acuerdo-del-consejo-superior-por-el-cual-se-suspende-el-proceso-de-eleccion-de-rector-para-el-periodo-estatutario-2018-2022\\\/\"]}]},{\"@type\":\"ImageObject\",\"inLanguage\":\"es\",\"@id\":\"https:\\\/\\\/www.ucaldas.edu.co\\\/portal\\\/acuerdo-del-consejo-superior-por-el-cual-se-suspende-el-proceso-de-eleccion-de-rector-para-el-periodo-estatutario-2018-2022\\\/#primaryimage\",\"url\":\"https:\\\/\\\/www.ucaldas.edu.co\\\/portal\\\/wp-content\\\/uploads\\\/2018\\\/03\\\/comuni.jpg\",\"contentUrl\":\"https:\\\/\\\/www.ucaldas.edu.co\\\/portal\\\/wp-content\\\/uploads\\\/2018\\\/03\\\/comuni.jpg\",\"width\":450,\"height\":254},{\"@type\":\"BreadcrumbList\",\"@id\":\"https:\\\/\\\/www.ucaldas.edu.co\\\/portal\\\/acuerdo-del-consejo-superior-por-el-cual-se-suspende-el-proceso-de-eleccion-de-rector-para-el-periodo-estatutario-2018-2022\\\/#breadcrumb\",\"itemListElement\":[{\"@type\":\"ListItem\",\"position\":1,\"name\":\"Portada\",\"item\":\"https:\\\/\\\/www.ucaldas.edu.co\\\/portal\\\/\"},{\"@type\":\"ListItem\",\"position\":2,\"name\":\"Acuerdo del Consejo Superior por el cual se suspende el proceso de elecci\u00f3n de rector para el periodo estatutario 2018-2022\"}]},{\"@type\":\"WebSite\",\"@id\":\"https:\\\/\\\/www.ucaldas.edu.co\\\/portal\\\/#website\",\"url\":\"https:\\\/\\\/www.ucaldas.edu.co\\\/portal\\\/\",\"name\":\"Universidad de Caldas\",\"description\":\"\",\"publisher\":{\"@id\":\"https:\\\/\\\/www.ucaldas.edu.co\\\/portal\\\/#organization\"},\"alternateName\":\"U. de Caldas\",\"potentialAction\":[{\"@type\":\"SearchAction\",\"target\":{\"@type\":\"EntryPoint\",\"urlTemplate\":\"https:\\\/\\\/www.ucaldas.edu.co\\\/portal\\\/?s={search_term_string}\"},\"query-input\":{\"@type\":\"PropertyValueSpecification\",\"valueRequired\":true,\"valueName\":\"search_term_string\"}}],\"inLanguage\":\"es\"},{\"@type\":\"Organization\",\"@id\":\"https:\\\/\\\/www.ucaldas.edu.co\\\/portal\\\/#organization\",\"name\":\"Universidad de Caldas\",\"alternateName\":\"U. de Caldas\",\"url\":\"https:\\\/\\\/www.ucaldas.edu.co\\\/portal\\\/\",\"logo\":{\"@type\":\"ImageObject\",\"inLanguage\":\"es\",\"@id\":\"https:\\\/\\\/www.ucaldas.edu.co\\\/portal\\\/#\\\/schema\\\/logo\\\/image\\\/\",\"url\":\"https:\\\/\\\/www.ucaldas.edu.co\\\/portal\\\/wp-content\\\/uploads\\\/2023\\\/11\\\/Logo_horizontal_oscuroU-2023.png\",\"contentUrl\":\"https:\\\/\\\/www.ucaldas.edu.co\\\/portal\\\/wp-content\\\/uploads\\\/2023\\\/11\\\/Logo_horizontal_oscuroU-2023.png\",\"width\":263,\"height\":101,\"caption\":\"Universidad de Caldas\"},\"image\":{\"@id\":\"https:\\\/\\\/www.ucaldas.edu.co\\\/portal\\\/#\\\/schema\\\/logo\\\/image\\\/\"},\"sameAs\":[\"https:\\\/\\\/www.facebook.com\\\/udecaldas\",\"https:\\\/\\\/x.com\\\/udecaldas\",\"https:\\\/\\\/www.youtube.com\\\/universidadcaldas\",\"https:\\\/\\\/www.instagram.com\\\/udecaldas\\\/\"]},{\"@type\":\"Person\",\"@id\":\"https:\\\/\\\/www.ucaldas.edu.co\\\/portal\\\/#\\\/schema\\\/person\\\/a1b482e23449158b4bc319926c074fdf\",\"name\":\"ofiprensa\",\"image\":{\"@type\":\"ImageObject\",\"inLanguage\":\"es\",\"@id\":\"https:\\\/\\\/www.ucaldas.edu.co\\\/portal\\\/wp-content\\\/litespeed\\\/avatar\\\/09ea5085e600095a7a811142c6944527.jpg?ver=1777497608\",\"url\":\"https:\\\/\\\/www.ucaldas.edu.co\\\/portal\\\/wp-content\\\/litespeed\\\/avatar\\\/09ea5085e600095a7a811142c6944527.jpg?ver=1777497608\",\"contentUrl\":\"https:\\\/\\\/www.ucaldas.edu.co\\\/portal\\\/wp-content\\\/litespeed\\\/avatar\\\/09ea5085e600095a7a811142c6944527.jpg?ver=1777497608\",\"caption\":\"ofiprensa\"},\"url\":\"https:\\\/\\\/www.ucaldas.edu.co\\\/portal\\\/author\\\/ofiprensa\\\/\"}]}<\/script>\n<!-- \/ Yoast SEO plugin. -->","yoast_head_json":{"title":"Acuerdo del Consejo Superior por el cual se suspende el proceso de elecci\u00f3n de rector para el periodo estatutario 2018-2022 .","robots":{"index":"index","follow":"follow","max-snippet":"max-snippet:-1","max-image-preview":"max-image-preview:large","max-video-preview":"max-video-preview:-1"},"canonical":"https:\/\/www.ucaldas.edu.co\/portal\/acuerdo-del-consejo-superior-por-el-cual-se-suspende-el-proceso-de-eleccion-de-rector-para-el-periodo-estatutario-2018-2022\/","schema":{"@context":"https:\/\/schema.org","@graph":[{"@type":"Article","@id":"https:\/\/www.ucaldas.edu.co\/portal\/acuerdo-del-consejo-superior-por-el-cual-se-suspende-el-proceso-de-eleccion-de-rector-para-el-periodo-estatutario-2018-2022\/#article","isPartOf":{"@id":"https:\/\/www.ucaldas.edu.co\/portal\/acuerdo-del-consejo-superior-por-el-cual-se-suspende-el-proceso-de-eleccion-de-rector-para-el-periodo-estatutario-2018-2022\/"},"author":{"name":"ofiprensa","@id":"https:\/\/www.ucaldas.edu.co\/portal\/#\/schema\/person\/a1b482e23449158b4bc319926c074fdf"},"headline":"Acuerdo del Consejo Superior por el cual se suspende el proceso de elecci\u00f3n de rector para el periodo estatutario 2018-2022","datePublished":"2018-05-02T19:46:16+00:00","mainEntityOfPage":{"@id":"https:\/\/www.ucaldas.edu.co\/portal\/acuerdo-del-consejo-superior-por-el-cual-se-suspende-el-proceso-de-eleccion-de-rector-para-el-periodo-estatutario-2018-2022\/"},"wordCount":873,"publisher":{"@id":"https:\/\/www.ucaldas.edu.co\/portal\/#organization"},"image":{"@id":"https:\/\/www.ucaldas.edu.co\/portal\/acuerdo-del-consejo-superior-por-el-cual-se-suspende-el-proceso-de-eleccion-de-rector-para-el-periodo-estatutario-2018-2022\/#primaryimage"},"thumbnailUrl":"https:\/\/www.ucaldas.edu.co\/portal\/wp-content\/uploads\/2018\/03\/comuni.jpg","articleSection":["Actualidad","Universidad al D\u00eda","UCaldas Transparente"],"inLanguage":"es"},{"@type":"WebPage","@id":"https:\/\/www.ucaldas.edu.co\/portal\/acuerdo-del-consejo-superior-por-el-cual-se-suspende-el-proceso-de-eleccion-de-rector-para-el-periodo-estatutario-2018-2022\/","url":"https:\/\/www.ucaldas.edu.co\/portal\/acuerdo-del-consejo-superior-por-el-cual-se-suspende-el-proceso-de-eleccion-de-rector-para-el-periodo-estatutario-2018-2022\/","name":"Acuerdo del Consejo Superior por el cual se suspende el proceso de elecci\u00f3n de rector para el periodo estatutario 2018-2022 .","isPartOf":{"@id":"https:\/\/www.ucaldas.edu.co\/portal\/#website"},"primaryImageOfPage":{"@id":"https:\/\/www.ucaldas.edu.co\/portal\/acuerdo-del-consejo-superior-por-el-cual-se-suspende-el-proceso-de-eleccion-de-rector-para-el-periodo-estatutario-2018-2022\/#primaryimage"},"image":{"@id":"https:\/\/www.ucaldas.edu.co\/portal\/acuerdo-del-consejo-superior-por-el-cual-se-suspende-el-proceso-de-eleccion-de-rector-para-el-periodo-estatutario-2018-2022\/#primaryimage"},"thumbnailUrl":"https:\/\/www.ucaldas.edu.co\/portal\/wp-content\/uploads\/2018\/03\/comuni.jpg","datePublished":"2018-05-02T19:46:16+00:00","breadcrumb":{"@id":"https:\/\/www.ucaldas.edu.co\/portal\/acuerdo-del-consejo-superior-por-el-cual-se-suspende-el-proceso-de-eleccion-de-rector-para-el-periodo-estatutario-2018-2022\/#breadcrumb"},"inLanguage":"es","potentialAction":[{"@type":"ReadAction","target":["https:\/\/www.ucaldas.edu.co\/portal\/acuerdo-del-consejo-superior-por-el-cual-se-suspende-el-proceso-de-eleccion-de-rector-para-el-periodo-estatutario-2018-2022\/"]}]},{"@type":"ImageObject","inLanguage":"es","@id":"https:\/\/www.ucaldas.edu.co\/portal\/acuerdo-del-consejo-superior-por-el-cual-se-suspende-el-proceso-de-eleccion-de-rector-para-el-periodo-estatutario-2018-2022\/#primaryimage","url":"https:\/\/www.ucaldas.edu.co\/portal\/wp-content\/uploads\/2018\/03\/comuni.jpg","contentUrl":"https:\/\/www.ucaldas.edu.co\/portal\/wp-content\/uploads\/2018\/03\/comuni.jpg","width":450,"height":254},{"@type":"BreadcrumbList","@id":"https:\/\/www.ucaldas.edu.co\/portal\/acuerdo-del-consejo-superior-por-el-cual-se-suspende-el-proceso-de-eleccion-de-rector-para-el-periodo-estatutario-2018-2022\/#breadcrumb","itemListElement":[{"@type":"ListItem","position":1,"name":"Portada","item":"https:\/\/www.ucaldas.edu.co\/portal\/"},{"@type":"ListItem","position":2,"name":"Acuerdo del Consejo Superior por el cual se suspende el proceso de elecci\u00f3n de rector para el periodo estatutario 2018-2022"}]},{"@type":"WebSite","@id":"https:\/\/www.ucaldas.edu.co\/portal\/#website","url":"https:\/\/www.ucaldas.edu.co\/portal\/","name":"Universidad de Caldas","description":"","publisher":{"@id":"https:\/\/www.ucaldas.edu.co\/portal\/#organization"},"alternateName":"U. de Caldas","potentialAction":[{"@type":"SearchAction","target":{"@type":"EntryPoint","urlTemplate":"https:\/\/www.ucaldas.edu.co\/portal\/?s={search_term_string}"},"query-input":{"@type":"PropertyValueSpecification","valueRequired":true,"valueName":"search_term_string"}}],"inLanguage":"es"},{"@type":"Organization","@id":"https:\/\/www.ucaldas.edu.co\/portal\/#organization","name":"Universidad de Caldas","alternateName":"U. de Caldas","url":"https:\/\/www.ucaldas.edu.co\/portal\/","logo":{"@type":"ImageObject","inLanguage":"es","@id":"https:\/\/www.ucaldas.edu.co\/portal\/#\/schema\/logo\/image\/","url":"https:\/\/www.ucaldas.edu.co\/portal\/wp-content\/uploads\/2023\/11\/Logo_horizontal_oscuroU-2023.png","contentUrl":"https:\/\/www.ucaldas.edu.co\/portal\/wp-content\/uploads\/2023\/11\/Logo_horizontal_oscuroU-2023.png","width":263,"height":101,"caption":"Universidad de Caldas"},"image":{"@id":"https:\/\/www.ucaldas.edu.co\/portal\/#\/schema\/logo\/image\/"},"sameAs":["https:\/\/www.facebook.com\/udecaldas","https:\/\/x.com\/udecaldas","https:\/\/www.youtube.com\/universidadcaldas","https:\/\/www.instagram.com\/udecaldas\/"]},{"@type":"Person","@id":"https:\/\/www.ucaldas.edu.co\/portal\/#\/schema\/person\/a1b482e23449158b4bc319926c074fdf","name":"ofiprensa","image":{"@type":"ImageObject","inLanguage":"es","@id":"https:\/\/www.ucaldas.edu.co\/portal\/wp-content\/litespeed\/avatar\/09ea5085e600095a7a811142c6944527.jpg?ver=1777497608","url":"https:\/\/www.ucaldas.edu.co\/portal\/wp-content\/litespeed\/avatar\/09ea5085e600095a7a811142c6944527.jpg?ver=1777497608","contentUrl":"https:\/\/www.ucaldas.edu.co\/portal\/wp-content\/litespeed\/avatar\/09ea5085e600095a7a811142c6944527.jpg?ver=1777497608","caption":"ofiprensa"},"url":"https:\/\/www.ucaldas.edu.co\/portal\/author\/ofiprensa\/"}]}},"_links":{"self":[{"href":"https:\/\/www.ucaldas.edu.co\/portal\/wp-json\/wp\/v2\/posts\/40744","targetHints":{"allow":["GET"]}}],"collection":[{"href":"https:\/\/www.ucaldas.edu.co\/portal\/wp-json\/wp\/v2\/posts"}],"about":[{"href":"https:\/\/www.ucaldas.edu.co\/portal\/wp-json\/wp\/v2\/types\/post"}],"author":[{"embeddable":true,"href":"https:\/\/www.ucaldas.edu.co\/portal\/wp-json\/wp\/v2\/users\/2"}],"replies":[{"embeddable":true,"href":"https:\/\/www.ucaldas.edu.co\/portal\/wp-json\/wp\/v2\/comments?post=40744"}],"version-history":[{"count":0,"href":"https:\/\/www.ucaldas.edu.co\/portal\/wp-json\/wp\/v2\/posts\/40744\/revisions"}],"wp:featuredmedia":[{"embeddable":true,"href":"https:\/\/www.ucaldas.edu.co\/portal\/wp-json\/wp\/v2\/media\/39941"}],"wp:attachment":[{"href":"https:\/\/www.ucaldas.edu.co\/portal\/wp-json\/wp\/v2\/media?parent=40744"}],"wp:term":[{"taxonomy":"category","embeddable":true,"href":"https:\/\/www.ucaldas.edu.co\/portal\/wp-json\/wp\/v2\/categories?post=40744"},{"taxonomy":"post_tag","embeddable":true,"href":"https:\/\/www.ucaldas.edu.co\/portal\/wp-json\/wp\/v2\/tags?post=40744"}],"curies":[{"name":"wp","href":"https:\/\/api.w.org\/{rel}","templated":true}]}}