{"id":40653,"date":"2018-04-25T22:35:42","date_gmt":"2018-04-25T22:35:42","guid":{"rendered":"https:\/\/www.ucaldas.edu.co\/portal\/?p=40653"},"modified":"2018-04-25T22:36:29","modified_gmt":"2018-04-25T22:36:29","slug":"sin-contratiempos-se-adelanta-la-consulta-virtual-para-rectoria-de-la-u-de-caldas","status":"publish","type":"post","link":"https:\/\/www.ucaldas.edu.co\/portal\/sin-contratiempos-se-adelanta-la-consulta-virtual-para-rectoria-de-la-u-de-caldas\/","title":{"rendered":"Sin contratiempos se adelanta la consulta virtual para Rector\u00eda de la U. de Caldas"},"content":{"rendered":"<p><img loading=\"lazy\" decoding=\"async\" class=\"size-full wp-image-40648 aligncenter\" src=\"https:\/\/www.ucaldas.edu.co\/portal\/wp-content\/uploads\/2018\/04\/Elecci\u00f3n-Rector-Universidad-de-Caldas-768x469-1.jpg\" alt=\"\" width=\"768\" height=\"469\" srcset=\"https:\/\/www.ucaldas.edu.co\/portal\/wp-content\/uploads\/2018\/04\/Elecci\u00f3n-Rector-Universidad-de-Caldas-768x469-1.jpg 768w, https:\/\/www.ucaldas.edu.co\/portal\/wp-content\/uploads\/2018\/04\/Elecci\u00f3n-Rector-Universidad-de-Caldas-768x469-1-300x183.jpg 300w\" sizes=\"auto, (max-width: 768px) 100vw, 768px\" \/><\/p>\n<p>Con normalidad <strong>avanza la consulta virtual de elecci\u00f3n de candidatos a la Rector\u00eda<\/strong> de la Universidad de Caldas para el per\u00edodo 2018- 2022. <strong>Hacia las 4:00 p.m. m\u00e1s de 5.000 personas han registrado su voto<\/strong> en la plataforma que estar\u00e1 disponible hasta las 8:00 p.m. y en la que <strong>est\u00e1n habilitadas para participar cerca de 50 mil personas <\/strong>que hacen parte de la comunidad universitaria conformada por docentes, estudiantes y egresados.<\/p>\n<p><!--more--><\/p>\n<p>\u201cLo que esperamos es que al cierre de la jornada <strong>la participaci\u00f3n sea mayoritaria <\/strong>en relaci\u00f3n con el proceso que se realiz\u00f3 hace 4 a\u00f1os\u201d, indic\u00f3 el <strong>Secretario General de la Universidad de Caldas, Juan Guillermo Correa Garc\u00eda.<\/strong><\/p>\n<p>Efectuada la consulta, la Secretar\u00eda General de la Universidad de Caldas, <strong>remitir\u00e1 al Consejo Superior los nombres de los candidatos m\u00e1s votados por cada estamento<\/strong> (docentes, estudiantes y egresados). En el evento que se repitan nombres y no se conforme la terna, esta se completar\u00e1 con el segundo m\u00e1s votado en su orden, por el estamento docente, el estamento estudiantil y el estamento graduados.<\/p>\n<p>Se espera contar con la <strong>unificaci\u00f3n de datos y la presentaci\u00f3n de la terna hacia las 8:30 p.m.<\/strong> del d\u00eda de hoy.<\/p>\n<p>Los aspirantes a la rector\u00eda de la Universidad de Caldas son: Gabriel Gallego Montes, Alejandro Ceballos M\u00e1rquez, Andr\u00e9s Felipe Betancourth L\u00f3pez, Francisco Arturo Vallejo Garc\u00eda, \u00d3scar Danilo Mesa Pati\u00f1o, Jos\u00e9 Jes\u00fas Ramos Giraldo, Jos\u00e9 Alexander Rivadeneira Salgado y\u00a0 Juan Carlos G\u00f3mez Montoya.<\/p>\n<p>&nbsp;<\/p>\n<p><strong>Informes:<\/strong> Oficina de Comunicaciones y Prensa U. de Caldas, tel\u00e9fono 878 15 00 extensi\u00f3n 12167.<\/p>\n<p><strong>Redacci\u00f3n:<\/strong> Adriana Salazar Villegas<\/p>\n<p>&nbsp;<\/p>\n","protected":false},"excerpt":{"rendered":"<p>Con normalidad avanza la consulta virtual de elecci\u00f3n de candidatos a la Rector\u00eda de la Universidad de Caldas para el per\u00edodo 2018- 2022. Hacia las 4:00 p.m. m\u00e1s de 5.000 personas han registrado su voto en la plataforma que estar\u00e1 disponible hasta las 8:00 p.m. y en la que est\u00e1n habilitadas para participar cerca de [&hellip;]<\/p>\n","protected":false},"author":2,"featured_media":40648,"comment_status":"closed","ping_status":"open","sticky":false,"template":"","format":"standard","meta":{"footnotes":""},"categories":[48,53],"tags":[77,95,1116,1357,2619],"class_list":["post-40653","post","type-post","status-publish","format-standard","has-post-thumbnail","hentry","category-actualidad","category-universidad-al-dia","tag-administracion","tag-universidad-de-caldas","tag-rector","tag-consulta","tag-eleccion-rector-2018"],"yoast_head":"<!-- This site is optimized with the Yoast SEO plugin v27.5 - https:\/\/yoast.com\/product\/yoast-seo-wordpress\/ -->\n<title>Sin contratiempos se adelanta la consulta virtual para Rector\u00eda de la U. de Caldas .<\/title>\n<meta name=\"robots\" content=\"index, follow, max-snippet:-1, max-image-preview:large, max-video-preview:-1\" \/>\n<link rel=\"canonical\" href=\"https:\/\/www.ucaldas.edu.co\/portal\/sin-contratiempos-se-adelanta-la-consulta-virtual-para-rectoria-de-la-u-de-caldas\/\" \/>\n<script type=\"application\/ld+json\" class=\"yoast-schema-graph\">{\"@context\":\"https:\\\/\\\/schema.org\",\"@graph\":[{\"@type\":\"Article\",\"@id\":\"https:\\\/\\\/www.ucaldas.edu.co\\\/portal\\\/sin-contratiempos-se-adelanta-la-consulta-virtual-para-rectoria-de-la-u-de-caldas\\\/#article\",\"isPartOf\":{\"@id\":\"https:\\\/\\\/www.ucaldas.edu.co\\\/portal\\\/sin-contratiempos-se-adelanta-la-consulta-virtual-para-rectoria-de-la-u-de-caldas\\\/\"},\"author\":{\"name\":\"ofiprensa\",\"@id\":\"https:\\\/\\\/www.ucaldas.edu.co\\\/portal\\\/#\\\/schema\\\/person\\\/a1b482e23449158b4bc319926c074fdf\"},\"headline\":\"Sin contratiempos se adelanta la consulta virtual para Rector\u00eda de la U. de Caldas\",\"datePublished\":\"2018-04-25T22:35:42+00:00\",\"dateModified\":\"2018-04-25T22:36:29+00:00\",\"mainEntityOfPage\":{\"@id\":\"https:\\\/\\\/www.ucaldas.edu.co\\\/portal\\\/sin-contratiempos-se-adelanta-la-consulta-virtual-para-rectoria-de-la-u-de-caldas\\\/\"},\"wordCount\":291,\"publisher\":{\"@id\":\"https:\\\/\\\/www.ucaldas.edu.co\\\/portal\\\/#organization\"},\"image\":{\"@id\":\"https:\\\/\\\/www.ucaldas.edu.co\\\/portal\\\/sin-contratiempos-se-adelanta-la-consulta-virtual-para-rectoria-de-la-u-de-caldas\\\/#primaryimage\"},\"thumbnailUrl\":\"https:\\\/\\\/www.ucaldas.edu.co\\\/portal\\\/wp-content\\\/uploads\\\/2018\\\/04\\\/Elecci\u00f3n-Rector-Universidad-de-Caldas-768x469-1.jpg\",\"keywords\":[\"Administraci\u00f3n\",\"Universidad De Caldas\",\"Rector\",\"consulta\",\"elecci\u00f3n rector 2018\"],\"articleSection\":[\"Actualidad\",\"Universidad al D\u00eda\"],\"inLanguage\":\"es\"},{\"@type\":\"WebPage\",\"@id\":\"https:\\\/\\\/www.ucaldas.edu.co\\\/portal\\\/sin-contratiempos-se-adelanta-la-consulta-virtual-para-rectoria-de-la-u-de-caldas\\\/\",\"url\":\"https:\\\/\\\/www.ucaldas.edu.co\\\/portal\\\/sin-contratiempos-se-adelanta-la-consulta-virtual-para-rectoria-de-la-u-de-caldas\\\/\",\"name\":\"Sin contratiempos se adelanta la consulta virtual para Rector\u00eda de la U. de Caldas .\",\"isPartOf\":{\"@id\":\"https:\\\/\\\/www.ucaldas.edu.co\\\/portal\\\/#website\"},\"primaryImageOfPage\":{\"@id\":\"https:\\\/\\\/www.ucaldas.edu.co\\\/portal\\\/sin-contratiempos-se-adelanta-la-consulta-virtual-para-rectoria-de-la-u-de-caldas\\\/#primaryimage\"},\"image\":{\"@id\":\"https:\\\/\\\/www.ucaldas.edu.co\\\/portal\\\/sin-contratiempos-se-adelanta-la-consulta-virtual-para-rectoria-de-la-u-de-caldas\\\/#primaryimage\"},\"thumbnailUrl\":\"https:\\\/\\\/www.ucaldas.edu.co\\\/portal\\\/wp-content\\\/uploads\\\/2018\\\/04\\\/Elecci\u00f3n-Rector-Universidad-de-Caldas-768x469-1.jpg\",\"datePublished\":\"2018-04-25T22:35:42+00:00\",\"dateModified\":\"2018-04-25T22:36:29+00:00\",\"breadcrumb\":{\"@id\":\"https:\\\/\\\/www.ucaldas.edu.co\\\/portal\\\/sin-contratiempos-se-adelanta-la-consulta-virtual-para-rectoria-de-la-u-de-caldas\\\/#breadcrumb\"},\"inLanguage\":\"es\",\"potentialAction\":[{\"@type\":\"ReadAction\",\"target\":[\"https:\\\/\\\/www.ucaldas.edu.co\\\/portal\\\/sin-contratiempos-se-adelanta-la-consulta-virtual-para-rectoria-de-la-u-de-caldas\\\/\"]}]},{\"@type\":\"ImageObject\",\"inLanguage\":\"es\",\"@id\":\"https:\\\/\\\/www.ucaldas.edu.co\\\/portal\\\/sin-contratiempos-se-adelanta-la-consulta-virtual-para-rectoria-de-la-u-de-caldas\\\/#primaryimage\",\"url\":\"https:\\\/\\\/www.ucaldas.edu.co\\\/portal\\\/wp-content\\\/uploads\\\/2018\\\/04\\\/Elecci\u00f3n-Rector-Universidad-de-Caldas-768x469-1.jpg\",\"contentUrl\":\"https:\\\/\\\/www.ucaldas.edu.co\\\/portal\\\/wp-content\\\/uploads\\\/2018\\\/04\\\/Elecci\u00f3n-Rector-Universidad-de-Caldas-768x469-1.jpg\",\"width\":768,\"height\":469},{\"@type\":\"BreadcrumbList\",\"@id\":\"https:\\\/\\\/www.ucaldas.edu.co\\\/portal\\\/sin-contratiempos-se-adelanta-la-consulta-virtual-para-rectoria-de-la-u-de-caldas\\\/#breadcrumb\",\"itemListElement\":[{\"@type\":\"ListItem\",\"position\":1,\"name\":\"Portada\",\"item\":\"https:\\\/\\\/www.ucaldas.edu.co\\\/portal\\\/\"},{\"@type\":\"ListItem\",\"position\":2,\"name\":\"Sin contratiempos se adelanta la consulta virtual para Rector\u00eda de la U. de Caldas\"}]},{\"@type\":\"WebSite\",\"@id\":\"https:\\\/\\\/www.ucaldas.edu.co\\\/portal\\\/#website\",\"url\":\"https:\\\/\\\/www.ucaldas.edu.co\\\/portal\\\/\",\"name\":\"Universidad de Caldas\",\"description\":\"\",\"publisher\":{\"@id\":\"https:\\\/\\\/www.ucaldas.edu.co\\\/portal\\\/#organization\"},\"alternateName\":\"U. de Caldas\",\"potentialAction\":[{\"@type\":\"SearchAction\",\"target\":{\"@type\":\"EntryPoint\",\"urlTemplate\":\"https:\\\/\\\/www.ucaldas.edu.co\\\/portal\\\/?s={search_term_string}\"},\"query-input\":{\"@type\":\"PropertyValueSpecification\",\"valueRequired\":true,\"valueName\":\"search_term_string\"}}],\"inLanguage\":\"es\"},{\"@type\":\"Organization\",\"@id\":\"https:\\\/\\\/www.ucaldas.edu.co\\\/portal\\\/#organization\",\"name\":\"Universidad de Caldas\",\"alternateName\":\"U. de Caldas\",\"url\":\"https:\\\/\\\/www.ucaldas.edu.co\\\/portal\\\/\",\"logo\":{\"@type\":\"ImageObject\",\"inLanguage\":\"es\",\"@id\":\"https:\\\/\\\/www.ucaldas.edu.co\\\/portal\\\/#\\\/schema\\\/logo\\\/image\\\/\",\"url\":\"https:\\\/\\\/www.ucaldas.edu.co\\\/portal\\\/wp-content\\\/uploads\\\/2023\\\/11\\\/Logo_horizontal_oscuroU-2023.png\",\"contentUrl\":\"https:\\\/\\\/www.ucaldas.edu.co\\\/portal\\\/wp-content\\\/uploads\\\/2023\\\/11\\\/Logo_horizontal_oscuroU-2023.png\",\"width\":263,\"height\":101,\"caption\":\"Universidad de Caldas\"},\"image\":{\"@id\":\"https:\\\/\\\/www.ucaldas.edu.co\\\/portal\\\/#\\\/schema\\\/logo\\\/image\\\/\"},\"sameAs\":[\"https:\\\/\\\/www.facebook.com\\\/udecaldas\",\"https:\\\/\\\/x.com\\\/udecaldas\",\"https:\\\/\\\/www.youtube.com\\\/universidadcaldas\",\"https:\\\/\\\/www.instagram.com\\\/udecaldas\\\/\"]},{\"@type\":\"Person\",\"@id\":\"https:\\\/\\\/www.ucaldas.edu.co\\\/portal\\\/#\\\/schema\\\/person\\\/a1b482e23449158b4bc319926c074fdf\",\"name\":\"ofiprensa\",\"image\":{\"@type\":\"ImageObject\",\"inLanguage\":\"es\",\"@id\":\"https:\\\/\\\/www.ucaldas.edu.co\\\/portal\\\/wp-content\\\/litespeed\\\/avatar\\\/09ea5085e600095a7a811142c6944527.jpg?ver=1777497608\",\"url\":\"https:\\\/\\\/www.ucaldas.edu.co\\\/portal\\\/wp-content\\\/litespeed\\\/avatar\\\/09ea5085e600095a7a811142c6944527.jpg?ver=1777497608\",\"contentUrl\":\"https:\\\/\\\/www.ucaldas.edu.co\\\/portal\\\/wp-content\\\/litespeed\\\/avatar\\\/09ea5085e600095a7a811142c6944527.jpg?ver=1777497608\",\"caption\":\"ofiprensa\"},\"url\":\"https:\\\/\\\/www.ucaldas.edu.co\\\/portal\\\/author\\\/ofiprensa\\\/\"}]}<\/script>\n<!-- \/ Yoast SEO plugin. -->","yoast_head_json":{"title":"Sin contratiempos se adelanta la consulta virtual para Rector\u00eda de la U. de Caldas .","robots":{"index":"index","follow":"follow","max-snippet":"max-snippet:-1","max-image-preview":"max-image-preview:large","max-video-preview":"max-video-preview:-1"},"canonical":"https:\/\/www.ucaldas.edu.co\/portal\/sin-contratiempos-se-adelanta-la-consulta-virtual-para-rectoria-de-la-u-de-caldas\/","schema":{"@context":"https:\/\/schema.org","@graph":[{"@type":"Article","@id":"https:\/\/www.ucaldas.edu.co\/portal\/sin-contratiempos-se-adelanta-la-consulta-virtual-para-rectoria-de-la-u-de-caldas\/#article","isPartOf":{"@id":"https:\/\/www.ucaldas.edu.co\/portal\/sin-contratiempos-se-adelanta-la-consulta-virtual-para-rectoria-de-la-u-de-caldas\/"},"author":{"name":"ofiprensa","@id":"https:\/\/www.ucaldas.edu.co\/portal\/#\/schema\/person\/a1b482e23449158b4bc319926c074fdf"},"headline":"Sin contratiempos se adelanta la consulta virtual para Rector\u00eda de la U. de Caldas","datePublished":"2018-04-25T22:35:42+00:00","dateModified":"2018-04-25T22:36:29+00:00","mainEntityOfPage":{"@id":"https:\/\/www.ucaldas.edu.co\/portal\/sin-contratiempos-se-adelanta-la-consulta-virtual-para-rectoria-de-la-u-de-caldas\/"},"wordCount":291,"publisher":{"@id":"https:\/\/www.ucaldas.edu.co\/portal\/#organization"},"image":{"@id":"https:\/\/www.ucaldas.edu.co\/portal\/sin-contratiempos-se-adelanta-la-consulta-virtual-para-rectoria-de-la-u-de-caldas\/#primaryimage"},"thumbnailUrl":"https:\/\/www.ucaldas.edu.co\/portal\/wp-content\/uploads\/2018\/04\/Elecci\u00f3n-Rector-Universidad-de-Caldas-768x469-1.jpg","keywords":["Administraci\u00f3n","Universidad De Caldas","Rector","consulta","elecci\u00f3n rector 2018"],"articleSection":["Actualidad","Universidad al D\u00eda"],"inLanguage":"es"},{"@type":"WebPage","@id":"https:\/\/www.ucaldas.edu.co\/portal\/sin-contratiempos-se-adelanta-la-consulta-virtual-para-rectoria-de-la-u-de-caldas\/","url":"https:\/\/www.ucaldas.edu.co\/portal\/sin-contratiempos-se-adelanta-la-consulta-virtual-para-rectoria-de-la-u-de-caldas\/","name":"Sin contratiempos se adelanta la consulta virtual para Rector\u00eda de la U. de Caldas .","isPartOf":{"@id":"https:\/\/www.ucaldas.edu.co\/portal\/#website"},"primaryImageOfPage":{"@id":"https:\/\/www.ucaldas.edu.co\/portal\/sin-contratiempos-se-adelanta-la-consulta-virtual-para-rectoria-de-la-u-de-caldas\/#primaryimage"},"image":{"@id":"https:\/\/www.ucaldas.edu.co\/portal\/sin-contratiempos-se-adelanta-la-consulta-virtual-para-rectoria-de-la-u-de-caldas\/#primaryimage"},"thumbnailUrl":"https:\/\/www.ucaldas.edu.co\/portal\/wp-content\/uploads\/2018\/04\/Elecci\u00f3n-Rector-Universidad-de-Caldas-768x469-1.jpg","datePublished":"2018-04-25T22:35:42+00:00","dateModified":"2018-04-25T22:36:29+00:00","breadcrumb":{"@id":"https:\/\/www.ucaldas.edu.co\/portal\/sin-contratiempos-se-adelanta-la-consulta-virtual-para-rectoria-de-la-u-de-caldas\/#breadcrumb"},"inLanguage":"es","potentialAction":[{"@type":"ReadAction","target":["https:\/\/www.ucaldas.edu.co\/portal\/sin-contratiempos-se-adelanta-la-consulta-virtual-para-rectoria-de-la-u-de-caldas\/"]}]},{"@type":"ImageObject","inLanguage":"es","@id":"https:\/\/www.ucaldas.edu.co\/portal\/sin-contratiempos-se-adelanta-la-consulta-virtual-para-rectoria-de-la-u-de-caldas\/#primaryimage","url":"https:\/\/www.ucaldas.edu.co\/portal\/wp-content\/uploads\/2018\/04\/Elecci\u00f3n-Rector-Universidad-de-Caldas-768x469-1.jpg","contentUrl":"https:\/\/www.ucaldas.edu.co\/portal\/wp-content\/uploads\/2018\/04\/Elecci\u00f3n-Rector-Universidad-de-Caldas-768x469-1.jpg","width":768,"height":469},{"@type":"BreadcrumbList","@id":"https:\/\/www.ucaldas.edu.co\/portal\/sin-contratiempos-se-adelanta-la-consulta-virtual-para-rectoria-de-la-u-de-caldas\/#breadcrumb","itemListElement":[{"@type":"ListItem","position":1,"name":"Portada","item":"https:\/\/www.ucaldas.edu.co\/portal\/"},{"@type":"ListItem","position":2,"name":"Sin contratiempos se adelanta la consulta virtual para Rector\u00eda de la U. de Caldas"}]},{"@type":"WebSite","@id":"https:\/\/www.ucaldas.edu.co\/portal\/#website","url":"https:\/\/www.ucaldas.edu.co\/portal\/","name":"Universidad de Caldas","description":"","publisher":{"@id":"https:\/\/www.ucaldas.edu.co\/portal\/#organization"},"alternateName":"U. de Caldas","potentialAction":[{"@type":"SearchAction","target":{"@type":"EntryPoint","urlTemplate":"https:\/\/www.ucaldas.edu.co\/portal\/?s={search_term_string}"},"query-input":{"@type":"PropertyValueSpecification","valueRequired":true,"valueName":"search_term_string"}}],"inLanguage":"es"},{"@type":"Organization","@id":"https:\/\/www.ucaldas.edu.co\/portal\/#organization","name":"Universidad de Caldas","alternateName":"U. de Caldas","url":"https:\/\/www.ucaldas.edu.co\/portal\/","logo":{"@type":"ImageObject","inLanguage":"es","@id":"https:\/\/www.ucaldas.edu.co\/portal\/#\/schema\/logo\/image\/","url":"https:\/\/www.ucaldas.edu.co\/portal\/wp-content\/uploads\/2023\/11\/Logo_horizontal_oscuroU-2023.png","contentUrl":"https:\/\/www.ucaldas.edu.co\/portal\/wp-content\/uploads\/2023\/11\/Logo_horizontal_oscuroU-2023.png","width":263,"height":101,"caption":"Universidad de Caldas"},"image":{"@id":"https:\/\/www.ucaldas.edu.co\/portal\/#\/schema\/logo\/image\/"},"sameAs":["https:\/\/www.facebook.com\/udecaldas","https:\/\/x.com\/udecaldas","https:\/\/www.youtube.com\/universidadcaldas","https:\/\/www.instagram.com\/udecaldas\/"]},{"@type":"Person","@id":"https:\/\/www.ucaldas.edu.co\/portal\/#\/schema\/person\/a1b482e23449158b4bc319926c074fdf","name":"ofiprensa","image":{"@type":"ImageObject","inLanguage":"es","@id":"https:\/\/www.ucaldas.edu.co\/portal\/wp-content\/litespeed\/avatar\/09ea5085e600095a7a811142c6944527.jpg?ver=1777497608","url":"https:\/\/www.ucaldas.edu.co\/portal\/wp-content\/litespeed\/avatar\/09ea5085e600095a7a811142c6944527.jpg?ver=1777497608","contentUrl":"https:\/\/www.ucaldas.edu.co\/portal\/wp-content\/litespeed\/avatar\/09ea5085e600095a7a811142c6944527.jpg?ver=1777497608","caption":"ofiprensa"},"url":"https:\/\/www.ucaldas.edu.co\/portal\/author\/ofiprensa\/"}]}},"_links":{"self":[{"href":"https:\/\/www.ucaldas.edu.co\/portal\/wp-json\/wp\/v2\/posts\/40653","targetHints":{"allow":["GET"]}}],"collection":[{"href":"https:\/\/www.ucaldas.edu.co\/portal\/wp-json\/wp\/v2\/posts"}],"about":[{"href":"https:\/\/www.ucaldas.edu.co\/portal\/wp-json\/wp\/v2\/types\/post"}],"author":[{"embeddable":true,"href":"https:\/\/www.ucaldas.edu.co\/portal\/wp-json\/wp\/v2\/users\/2"}],"replies":[{"embeddable":true,"href":"https:\/\/www.ucaldas.edu.co\/portal\/wp-json\/wp\/v2\/comments?post=40653"}],"version-history":[{"count":0,"href":"https:\/\/www.ucaldas.edu.co\/portal\/wp-json\/wp\/v2\/posts\/40653\/revisions"}],"wp:featuredmedia":[{"embeddable":true,"href":"https:\/\/www.ucaldas.edu.co\/portal\/wp-json\/wp\/v2\/media\/40648"}],"wp:attachment":[{"href":"https:\/\/www.ucaldas.edu.co\/portal\/wp-json\/wp\/v2\/media?parent=40653"}],"wp:term":[{"taxonomy":"category","embeddable":true,"href":"https:\/\/www.ucaldas.edu.co\/portal\/wp-json\/wp\/v2\/categories?post=40653"},{"taxonomy":"post_tag","embeddable":true,"href":"https:\/\/www.ucaldas.edu.co\/portal\/wp-json\/wp\/v2\/tags?post=40653"}],"curies":[{"name":"wp","href":"https:\/\/api.w.org\/{rel}","templated":true}]}}