{"id":40641,"date":"2018-04-25T16:13:14","date_gmt":"2018-04-25T16:13:14","guid":{"rendered":"https:\/\/www.ucaldas.edu.co\/portal\/?p=40641"},"modified":"2018-04-25T16:13:34","modified_gmt":"2018-04-25T16:13:34","slug":"avanza-consulta-virtual-para-eleccion-de-rector-de-la-u-de-caldas","status":"publish","type":"post","link":"https:\/\/www.ucaldas.edu.co\/portal\/avanza-consulta-virtual-para-eleccion-de-rector-de-la-u-de-caldas\/","title":{"rendered":"Avanza consulta virtual para elecci\u00f3n de Rector de la U. de Caldas"},"content":{"rendered":"<p style=\"text-align: center;\">HASTA LAS 8:00 P.M. ESTAR\u00c1 HABILITADO EL SISTEMA PARA LAS VOTACIONES<\/p>\n<p style=\"text-align: center;\"><strong>Avanza consulta virtual para elecci\u00f3n de Rector de la U. de Caldas<\/strong><\/p>\n<p style=\"text-align: right;\">25\/04\/2018<\/p>\n<p><strong>\u00a0<img loading=\"lazy\" decoding=\"async\" class=\"alignnone size-full wp-image-40642 aligncenter\" src=\"https:\/\/www.ucaldas.edu.co\/portal\/wp-content\/uploads\/2018\/04\/Elecci\u00f3n-Rector-Universidad-de-Caldas-768x469.jpg\" alt=\"\" width=\"768\" height=\"469\" srcset=\"https:\/\/www.ucaldas.edu.co\/portal\/wp-content\/uploads\/2018\/04\/Elecci\u00f3n-Rector-Universidad-de-Caldas-768x469.jpg 768w, https:\/\/www.ucaldas.edu.co\/portal\/wp-content\/uploads\/2018\/04\/Elecci\u00f3n-Rector-Universidad-de-Caldas-768x469-300x183.jpg 300w\" sizes=\"auto, (max-width: 768px) 100vw, 768px\" \/><\/strong><\/p>\n<p>Con normalidad se desarrolla el proceso de Consulta Virtual para la elecci\u00f3n de rector de la Universidad de Caldas, pese a algunos inconvenientes que se presentan en el sistema, que ha sido v\u00edctima de ataques premeditados desde diferentes lugares del mundo.<\/p>\n<p>&nbsp;<\/p>\n<p><!--more--><\/p>\n<p>De acuerdo con el decano de la Facultad de Ingenier\u00edas de la Universidad de Caldas, Luis Fernando Castillo Ossa: \u201cEl sistema de la consulta virtual tuvo un ataque de negaci\u00f3n de servicios, es decir que tuvo entre 280 mil a 300 mil peticiones al segundo lo que demuestra que fue un ataque premeditado al sistema\u00a0 de votaci\u00f3n, los ingenieros y la infraestructura que tiene la facultad trabajan en el restablecer el servicio paulatinamente\u00bb.<\/p>\n<p>&nbsp;<\/p>\n<p>Castillo Ossa agreg\u00f3 que se garantiza \u00a0que\u00a0 los datos y el proceso de consulta no han sido vulnerados y que este ataque procede desde la Deep Web (utilizada por hackers para que sea an\u00f3nima) y se descubri\u00f3 el software que lo ejecutaba, lo cual implica que este aspecto ya ha sido resuelto.<\/p>\n<p>&nbsp;<\/p>\n<p>Hacia las 10:00 a.m. el sistema ha registrado cerca de 1100 sufragios \u00a0y se habilit\u00f3 una herramienta de consulta para los electores en la cual podr\u00e1n confirmar su voto.<\/p>\n<p>&nbsp;<\/p>\n<p>A trav\u00e9s del correo: <a href=\"mailto:elecciones2018@ucaldas.edu.co\">elecciones2018@ucaldas.edu.co<\/a>\u00a0 se absolver\u00e1n dudas y se prestar\u00e1 orientaci\u00f3n a los votantes. Se espera la participaci\u00f3n de cerca de 50 mil personas de los estamentos de docentes, estudiantes y graduados aptos para concurrir a esta votaci\u00f3n.<\/p>\n<p>&nbsp;<\/p>\n<p><strong>Informes:<\/strong>\u00a0Oficina de Comunicaciones y Prensa U. de Caldas, tel\u00e9fono 878 15 00 extensi\u00f3n 12 167.<\/p>\n<p><strong>Redacci\u00f3n:<\/strong> Adriana Salazar Villegas<\/p>\n<p>&nbsp;<\/p>\n","protected":false},"excerpt":{"rendered":"<p>HASTA LAS 8:00 P.M. ESTAR\u00c1 HABILITADO EL SISTEMA PARA LAS VOTACIONES Avanza consulta virtual para elecci\u00f3n de Rector de la U. de Caldas 25\/04\/2018 \u00a0 Con normalidad se desarrolla el proceso de Consulta Virtual para la elecci\u00f3n de rector de la Universidad de Caldas, pese a algunos inconvenientes que se presentan en el sistema, que [&hellip;]<\/p>\n","protected":false},"author":2,"featured_media":40642,"comment_status":"closed","ping_status":"open","sticky":false,"template":"","format":"standard","meta":{"footnotes":""},"categories":[48,53,620],"tags":[77,95,1116,1357],"class_list":["post-40641","post","type-post","status-publish","format-standard","has-post-thumbnail","hentry","category-actualidad","category-universidad-al-dia","category-ucaldas-transparente","tag-administracion","tag-universidad-de-caldas","tag-rector","tag-consulta"],"yoast_head":"<!-- This site is optimized with the Yoast SEO plugin v27.5 - https:\/\/yoast.com\/product\/yoast-seo-wordpress\/ -->\n<title>Avanza consulta virtual para elecci\u00f3n de Rector de la U. de Caldas .<\/title>\n<meta name=\"robots\" content=\"index, follow, max-snippet:-1, max-image-preview:large, max-video-preview:-1\" \/>\n<link rel=\"canonical\" href=\"https:\/\/www.ucaldas.edu.co\/portal\/avanza-consulta-virtual-para-eleccion-de-rector-de-la-u-de-caldas\/\" \/>\n<script type=\"application\/ld+json\" class=\"yoast-schema-graph\">{\"@context\":\"https:\\\/\\\/schema.org\",\"@graph\":[{\"@type\":\"Article\",\"@id\":\"https:\\\/\\\/www.ucaldas.edu.co\\\/portal\\\/avanza-consulta-virtual-para-eleccion-de-rector-de-la-u-de-caldas\\\/#article\",\"isPartOf\":{\"@id\":\"https:\\\/\\\/www.ucaldas.edu.co\\\/portal\\\/avanza-consulta-virtual-para-eleccion-de-rector-de-la-u-de-caldas\\\/\"},\"author\":{\"name\":\"ofiprensa\",\"@id\":\"https:\\\/\\\/www.ucaldas.edu.co\\\/portal\\\/#\\\/schema\\\/person\\\/a1b482e23449158b4bc319926c074fdf\"},\"headline\":\"Avanza consulta virtual para elecci\u00f3n de Rector de la U. de Caldas\",\"datePublished\":\"2018-04-25T16:13:14+00:00\",\"dateModified\":\"2018-04-25T16:13:34+00:00\",\"mainEntityOfPage\":{\"@id\":\"https:\\\/\\\/www.ucaldas.edu.co\\\/portal\\\/avanza-consulta-virtual-para-eleccion-de-rector-de-la-u-de-caldas\\\/\"},\"wordCount\":306,\"publisher\":{\"@id\":\"https:\\\/\\\/www.ucaldas.edu.co\\\/portal\\\/#organization\"},\"image\":{\"@id\":\"https:\\\/\\\/www.ucaldas.edu.co\\\/portal\\\/avanza-consulta-virtual-para-eleccion-de-rector-de-la-u-de-caldas\\\/#primaryimage\"},\"thumbnailUrl\":\"https:\\\/\\\/www.ucaldas.edu.co\\\/portal\\\/wp-content\\\/uploads\\\/2018\\\/04\\\/Elecci\u00f3n-Rector-Universidad-de-Caldas-768x469.jpg\",\"keywords\":[\"Administraci\u00f3n\",\"Universidad De Caldas\",\"Rector\",\"consulta\"],\"articleSection\":[\"Actualidad\",\"Universidad al D\u00eda\",\"UCaldas Transparente\"],\"inLanguage\":\"es\"},{\"@type\":\"WebPage\",\"@id\":\"https:\\\/\\\/www.ucaldas.edu.co\\\/portal\\\/avanza-consulta-virtual-para-eleccion-de-rector-de-la-u-de-caldas\\\/\",\"url\":\"https:\\\/\\\/www.ucaldas.edu.co\\\/portal\\\/avanza-consulta-virtual-para-eleccion-de-rector-de-la-u-de-caldas\\\/\",\"name\":\"Avanza consulta virtual para elecci\u00f3n de Rector de la U. de Caldas .\",\"isPartOf\":{\"@id\":\"https:\\\/\\\/www.ucaldas.edu.co\\\/portal\\\/#website\"},\"primaryImageOfPage\":{\"@id\":\"https:\\\/\\\/www.ucaldas.edu.co\\\/portal\\\/avanza-consulta-virtual-para-eleccion-de-rector-de-la-u-de-caldas\\\/#primaryimage\"},\"image\":{\"@id\":\"https:\\\/\\\/www.ucaldas.edu.co\\\/portal\\\/avanza-consulta-virtual-para-eleccion-de-rector-de-la-u-de-caldas\\\/#primaryimage\"},\"thumbnailUrl\":\"https:\\\/\\\/www.ucaldas.edu.co\\\/portal\\\/wp-content\\\/uploads\\\/2018\\\/04\\\/Elecci\u00f3n-Rector-Universidad-de-Caldas-768x469.jpg\",\"datePublished\":\"2018-04-25T16:13:14+00:00\",\"dateModified\":\"2018-04-25T16:13:34+00:00\",\"breadcrumb\":{\"@id\":\"https:\\\/\\\/www.ucaldas.edu.co\\\/portal\\\/avanza-consulta-virtual-para-eleccion-de-rector-de-la-u-de-caldas\\\/#breadcrumb\"},\"inLanguage\":\"es\",\"potentialAction\":[{\"@type\":\"ReadAction\",\"target\":[\"https:\\\/\\\/www.ucaldas.edu.co\\\/portal\\\/avanza-consulta-virtual-para-eleccion-de-rector-de-la-u-de-caldas\\\/\"]}]},{\"@type\":\"ImageObject\",\"inLanguage\":\"es\",\"@id\":\"https:\\\/\\\/www.ucaldas.edu.co\\\/portal\\\/avanza-consulta-virtual-para-eleccion-de-rector-de-la-u-de-caldas\\\/#primaryimage\",\"url\":\"https:\\\/\\\/www.ucaldas.edu.co\\\/portal\\\/wp-content\\\/uploads\\\/2018\\\/04\\\/Elecci\u00f3n-Rector-Universidad-de-Caldas-768x469.jpg\",\"contentUrl\":\"https:\\\/\\\/www.ucaldas.edu.co\\\/portal\\\/wp-content\\\/uploads\\\/2018\\\/04\\\/Elecci\u00f3n-Rector-Universidad-de-Caldas-768x469.jpg\",\"width\":768,\"height\":469},{\"@type\":\"BreadcrumbList\",\"@id\":\"https:\\\/\\\/www.ucaldas.edu.co\\\/portal\\\/avanza-consulta-virtual-para-eleccion-de-rector-de-la-u-de-caldas\\\/#breadcrumb\",\"itemListElement\":[{\"@type\":\"ListItem\",\"position\":1,\"name\":\"Portada\",\"item\":\"https:\\\/\\\/www.ucaldas.edu.co\\\/portal\\\/\"},{\"@type\":\"ListItem\",\"position\":2,\"name\":\"Avanza consulta virtual para elecci\u00f3n de Rector de la U. de Caldas\"}]},{\"@type\":\"WebSite\",\"@id\":\"https:\\\/\\\/www.ucaldas.edu.co\\\/portal\\\/#website\",\"url\":\"https:\\\/\\\/www.ucaldas.edu.co\\\/portal\\\/\",\"name\":\"Universidad de Caldas\",\"description\":\"\",\"publisher\":{\"@id\":\"https:\\\/\\\/www.ucaldas.edu.co\\\/portal\\\/#organization\"},\"alternateName\":\"U. de Caldas\",\"potentialAction\":[{\"@type\":\"SearchAction\",\"target\":{\"@type\":\"EntryPoint\",\"urlTemplate\":\"https:\\\/\\\/www.ucaldas.edu.co\\\/portal\\\/?s={search_term_string}\"},\"query-input\":{\"@type\":\"PropertyValueSpecification\",\"valueRequired\":true,\"valueName\":\"search_term_string\"}}],\"inLanguage\":\"es\"},{\"@type\":\"Organization\",\"@id\":\"https:\\\/\\\/www.ucaldas.edu.co\\\/portal\\\/#organization\",\"name\":\"Universidad de Caldas\",\"alternateName\":\"U. de Caldas\",\"url\":\"https:\\\/\\\/www.ucaldas.edu.co\\\/portal\\\/\",\"logo\":{\"@type\":\"ImageObject\",\"inLanguage\":\"es\",\"@id\":\"https:\\\/\\\/www.ucaldas.edu.co\\\/portal\\\/#\\\/schema\\\/logo\\\/image\\\/\",\"url\":\"https:\\\/\\\/www.ucaldas.edu.co\\\/portal\\\/wp-content\\\/uploads\\\/2023\\\/11\\\/Logo_horizontal_oscuroU-2023.png\",\"contentUrl\":\"https:\\\/\\\/www.ucaldas.edu.co\\\/portal\\\/wp-content\\\/uploads\\\/2023\\\/11\\\/Logo_horizontal_oscuroU-2023.png\",\"width\":263,\"height\":101,\"caption\":\"Universidad de Caldas\"},\"image\":{\"@id\":\"https:\\\/\\\/www.ucaldas.edu.co\\\/portal\\\/#\\\/schema\\\/logo\\\/image\\\/\"},\"sameAs\":[\"https:\\\/\\\/www.facebook.com\\\/udecaldas\",\"https:\\\/\\\/x.com\\\/udecaldas\",\"https:\\\/\\\/www.youtube.com\\\/universidadcaldas\",\"https:\\\/\\\/www.instagram.com\\\/udecaldas\\\/\"]},{\"@type\":\"Person\",\"@id\":\"https:\\\/\\\/www.ucaldas.edu.co\\\/portal\\\/#\\\/schema\\\/person\\\/a1b482e23449158b4bc319926c074fdf\",\"name\":\"ofiprensa\",\"image\":{\"@type\":\"ImageObject\",\"inLanguage\":\"es\",\"@id\":\"https:\\\/\\\/www.ucaldas.edu.co\\\/portal\\\/wp-content\\\/litespeed\\\/avatar\\\/09ea5085e600095a7a811142c6944527.jpg?ver=1777497608\",\"url\":\"https:\\\/\\\/www.ucaldas.edu.co\\\/portal\\\/wp-content\\\/litespeed\\\/avatar\\\/09ea5085e600095a7a811142c6944527.jpg?ver=1777497608\",\"contentUrl\":\"https:\\\/\\\/www.ucaldas.edu.co\\\/portal\\\/wp-content\\\/litespeed\\\/avatar\\\/09ea5085e600095a7a811142c6944527.jpg?ver=1777497608\",\"caption\":\"ofiprensa\"},\"url\":\"https:\\\/\\\/www.ucaldas.edu.co\\\/portal\\\/author\\\/ofiprensa\\\/\"}]}<\/script>\n<!-- \/ Yoast SEO plugin. -->","yoast_head_json":{"title":"Avanza consulta virtual para elecci\u00f3n de Rector de la U. de Caldas .","robots":{"index":"index","follow":"follow","max-snippet":"max-snippet:-1","max-image-preview":"max-image-preview:large","max-video-preview":"max-video-preview:-1"},"canonical":"https:\/\/www.ucaldas.edu.co\/portal\/avanza-consulta-virtual-para-eleccion-de-rector-de-la-u-de-caldas\/","schema":{"@context":"https:\/\/schema.org","@graph":[{"@type":"Article","@id":"https:\/\/www.ucaldas.edu.co\/portal\/avanza-consulta-virtual-para-eleccion-de-rector-de-la-u-de-caldas\/#article","isPartOf":{"@id":"https:\/\/www.ucaldas.edu.co\/portal\/avanza-consulta-virtual-para-eleccion-de-rector-de-la-u-de-caldas\/"},"author":{"name":"ofiprensa","@id":"https:\/\/www.ucaldas.edu.co\/portal\/#\/schema\/person\/a1b482e23449158b4bc319926c074fdf"},"headline":"Avanza consulta virtual para elecci\u00f3n de Rector de la U. de Caldas","datePublished":"2018-04-25T16:13:14+00:00","dateModified":"2018-04-25T16:13:34+00:00","mainEntityOfPage":{"@id":"https:\/\/www.ucaldas.edu.co\/portal\/avanza-consulta-virtual-para-eleccion-de-rector-de-la-u-de-caldas\/"},"wordCount":306,"publisher":{"@id":"https:\/\/www.ucaldas.edu.co\/portal\/#organization"},"image":{"@id":"https:\/\/www.ucaldas.edu.co\/portal\/avanza-consulta-virtual-para-eleccion-de-rector-de-la-u-de-caldas\/#primaryimage"},"thumbnailUrl":"https:\/\/www.ucaldas.edu.co\/portal\/wp-content\/uploads\/2018\/04\/Elecci\u00f3n-Rector-Universidad-de-Caldas-768x469.jpg","keywords":["Administraci\u00f3n","Universidad De Caldas","Rector","consulta"],"articleSection":["Actualidad","Universidad al D\u00eda","UCaldas Transparente"],"inLanguage":"es"},{"@type":"WebPage","@id":"https:\/\/www.ucaldas.edu.co\/portal\/avanza-consulta-virtual-para-eleccion-de-rector-de-la-u-de-caldas\/","url":"https:\/\/www.ucaldas.edu.co\/portal\/avanza-consulta-virtual-para-eleccion-de-rector-de-la-u-de-caldas\/","name":"Avanza consulta virtual para elecci\u00f3n de Rector de la U. de Caldas .","isPartOf":{"@id":"https:\/\/www.ucaldas.edu.co\/portal\/#website"},"primaryImageOfPage":{"@id":"https:\/\/www.ucaldas.edu.co\/portal\/avanza-consulta-virtual-para-eleccion-de-rector-de-la-u-de-caldas\/#primaryimage"},"image":{"@id":"https:\/\/www.ucaldas.edu.co\/portal\/avanza-consulta-virtual-para-eleccion-de-rector-de-la-u-de-caldas\/#primaryimage"},"thumbnailUrl":"https:\/\/www.ucaldas.edu.co\/portal\/wp-content\/uploads\/2018\/04\/Elecci\u00f3n-Rector-Universidad-de-Caldas-768x469.jpg","datePublished":"2018-04-25T16:13:14+00:00","dateModified":"2018-04-25T16:13:34+00:00","breadcrumb":{"@id":"https:\/\/www.ucaldas.edu.co\/portal\/avanza-consulta-virtual-para-eleccion-de-rector-de-la-u-de-caldas\/#breadcrumb"},"inLanguage":"es","potentialAction":[{"@type":"ReadAction","target":["https:\/\/www.ucaldas.edu.co\/portal\/avanza-consulta-virtual-para-eleccion-de-rector-de-la-u-de-caldas\/"]}]},{"@type":"ImageObject","inLanguage":"es","@id":"https:\/\/www.ucaldas.edu.co\/portal\/avanza-consulta-virtual-para-eleccion-de-rector-de-la-u-de-caldas\/#primaryimage","url":"https:\/\/www.ucaldas.edu.co\/portal\/wp-content\/uploads\/2018\/04\/Elecci\u00f3n-Rector-Universidad-de-Caldas-768x469.jpg","contentUrl":"https:\/\/www.ucaldas.edu.co\/portal\/wp-content\/uploads\/2018\/04\/Elecci\u00f3n-Rector-Universidad-de-Caldas-768x469.jpg","width":768,"height":469},{"@type":"BreadcrumbList","@id":"https:\/\/www.ucaldas.edu.co\/portal\/avanza-consulta-virtual-para-eleccion-de-rector-de-la-u-de-caldas\/#breadcrumb","itemListElement":[{"@type":"ListItem","position":1,"name":"Portada","item":"https:\/\/www.ucaldas.edu.co\/portal\/"},{"@type":"ListItem","position":2,"name":"Avanza consulta virtual para elecci\u00f3n de Rector de la U. de Caldas"}]},{"@type":"WebSite","@id":"https:\/\/www.ucaldas.edu.co\/portal\/#website","url":"https:\/\/www.ucaldas.edu.co\/portal\/","name":"Universidad de Caldas","description":"","publisher":{"@id":"https:\/\/www.ucaldas.edu.co\/portal\/#organization"},"alternateName":"U. de Caldas","potentialAction":[{"@type":"SearchAction","target":{"@type":"EntryPoint","urlTemplate":"https:\/\/www.ucaldas.edu.co\/portal\/?s={search_term_string}"},"query-input":{"@type":"PropertyValueSpecification","valueRequired":true,"valueName":"search_term_string"}}],"inLanguage":"es"},{"@type":"Organization","@id":"https:\/\/www.ucaldas.edu.co\/portal\/#organization","name":"Universidad de Caldas","alternateName":"U. de Caldas","url":"https:\/\/www.ucaldas.edu.co\/portal\/","logo":{"@type":"ImageObject","inLanguage":"es","@id":"https:\/\/www.ucaldas.edu.co\/portal\/#\/schema\/logo\/image\/","url":"https:\/\/www.ucaldas.edu.co\/portal\/wp-content\/uploads\/2023\/11\/Logo_horizontal_oscuroU-2023.png","contentUrl":"https:\/\/www.ucaldas.edu.co\/portal\/wp-content\/uploads\/2023\/11\/Logo_horizontal_oscuroU-2023.png","width":263,"height":101,"caption":"Universidad de Caldas"},"image":{"@id":"https:\/\/www.ucaldas.edu.co\/portal\/#\/schema\/logo\/image\/"},"sameAs":["https:\/\/www.facebook.com\/udecaldas","https:\/\/x.com\/udecaldas","https:\/\/www.youtube.com\/universidadcaldas","https:\/\/www.instagram.com\/udecaldas\/"]},{"@type":"Person","@id":"https:\/\/www.ucaldas.edu.co\/portal\/#\/schema\/person\/a1b482e23449158b4bc319926c074fdf","name":"ofiprensa","image":{"@type":"ImageObject","inLanguage":"es","@id":"https:\/\/www.ucaldas.edu.co\/portal\/wp-content\/litespeed\/avatar\/09ea5085e600095a7a811142c6944527.jpg?ver=1777497608","url":"https:\/\/www.ucaldas.edu.co\/portal\/wp-content\/litespeed\/avatar\/09ea5085e600095a7a811142c6944527.jpg?ver=1777497608","contentUrl":"https:\/\/www.ucaldas.edu.co\/portal\/wp-content\/litespeed\/avatar\/09ea5085e600095a7a811142c6944527.jpg?ver=1777497608","caption":"ofiprensa"},"url":"https:\/\/www.ucaldas.edu.co\/portal\/author\/ofiprensa\/"}]}},"_links":{"self":[{"href":"https:\/\/www.ucaldas.edu.co\/portal\/wp-json\/wp\/v2\/posts\/40641","targetHints":{"allow":["GET"]}}],"collection":[{"href":"https:\/\/www.ucaldas.edu.co\/portal\/wp-json\/wp\/v2\/posts"}],"about":[{"href":"https:\/\/www.ucaldas.edu.co\/portal\/wp-json\/wp\/v2\/types\/post"}],"author":[{"embeddable":true,"href":"https:\/\/www.ucaldas.edu.co\/portal\/wp-json\/wp\/v2\/users\/2"}],"replies":[{"embeddable":true,"href":"https:\/\/www.ucaldas.edu.co\/portal\/wp-json\/wp\/v2\/comments?post=40641"}],"version-history":[{"count":0,"href":"https:\/\/www.ucaldas.edu.co\/portal\/wp-json\/wp\/v2\/posts\/40641\/revisions"}],"wp:featuredmedia":[{"embeddable":true,"href":"https:\/\/www.ucaldas.edu.co\/portal\/wp-json\/wp\/v2\/media\/40642"}],"wp:attachment":[{"href":"https:\/\/www.ucaldas.edu.co\/portal\/wp-json\/wp\/v2\/media?parent=40641"}],"wp:term":[{"taxonomy":"category","embeddable":true,"href":"https:\/\/www.ucaldas.edu.co\/portal\/wp-json\/wp\/v2\/categories?post=40641"},{"taxonomy":"post_tag","embeddable":true,"href":"https:\/\/www.ucaldas.edu.co\/portal\/wp-json\/wp\/v2\/tags?post=40641"}],"curies":[{"name":"wp","href":"https:\/\/api.w.org\/{rel}","templated":true}]}}