{"id":40636,"date":"2018-04-24T21:01:18","date_gmt":"2018-04-24T21:01:18","guid":{"rendered":"https:\/\/www.ucaldas.edu.co\/portal\/?p=40636"},"modified":"2018-04-26T16:25:05","modified_gmt":"2018-04-26T16:25:05","slug":"docentes-estudiantes-y-graduados-elegiran-rector-de-la-u-de-caldas","status":"publish","type":"post","link":"https:\/\/www.ucaldas.edu.co\/portal\/docentes-estudiantes-y-graduados-elegiran-rector-de-la-u-de-caldas\/","title":{"rendered":"Docentes, estudiantes y graduados\u00a0 elegir\u00e1n Rector de la U. de Caldas"},"content":{"rendered":"<p style=\"text-align: center;\">ESTE MI\u00c9RCOLES SE REALIZAR\u00c1\u00a0 LA CONSULTA VIRTUAL PARA LA RECTOR\u00cdA<\/p>\n<p style=\"text-align: center;\"><strong>Docentes, estudiantes y graduados\u00a0 elegir\u00e1n Rector de la U. de Caldas<\/strong><\/p>\n<p style=\"text-align: right;\">24\/04\/2018<\/p>\n<p><strong>\u00a0<img loading=\"lazy\" decoding=\"async\" class=\"alignnone size-full wp-image-40151 aligncenter\" src=\"https:\/\/www.ucaldas.edu.co\/portal\/wp-content\/uploads\/2018\/03\/Elecci\u00f3n-Rector-Universidad-de-Caldas.jpg\" alt=\"\" width=\"889\" height=\"543\" srcset=\"https:\/\/www.ucaldas.edu.co\/portal\/wp-content\/uploads\/2018\/03\/Elecci\u00f3n-Rector-Universidad-de-Caldas.jpg 889w, https:\/\/www.ucaldas.edu.co\/portal\/wp-content\/uploads\/2018\/03\/Elecci\u00f3n-Rector-Universidad-de-Caldas-300x183.jpg 300w, https:\/\/www.ucaldas.edu.co\/portal\/wp-content\/uploads\/2018\/03\/Elecci\u00f3n-Rector-Universidad-de-Caldas-768x469.jpg 768w\" sizes=\"auto, (max-width: 889px) 100vw, 889px\" \/><\/strong><\/p>\n<p>La jornada de consulta virtual para\u00a0 la elecci\u00f3n de Rector de la Universidad de Caldas per\u00edodo 2018 -2022\u00a0 comenzar\u00e1 a las 8:00 a.m. y ser\u00e1 instalada por el Comit\u00e9 Veedor del proceso designado por el Consejo Superior y conformado por representantes de los profesores, estudiantiles y\u00a0 egresados.<\/p>\n<p><!--more--><\/p>\n<p>De acuerdo con el censo electoral de la Universidad, actualizado a 3 de abril de 2018, podr\u00e1n votar 942 docentes, 14.489 estudiantes y 35.144 egresados a trav\u00e9s de un link enviado a sus respectivos correos electr\u00f3nicos institucionales y en el caso de los graduados los registrados en la base de datos de la oficina de egresados.<\/p>\n<p>&nbsp;<\/p>\n<p>Podr\u00e1n votar los docentes vinculados de tiempo completo, medio tiempo, catedr\u00e1ticos y ocasionales, en cuanto a los estudiantes participar\u00e1n quienes tengan vigente su matr\u00edcula acad\u00e9mica y financiera.<\/p>\n<p>&nbsp;<\/p>\n<p>La Universidad dispondr\u00e1 de salas de c\u00f3mputo en las diferentes sedes, as\u00ed como en los CERES ubicados en distintos municipios del departamento.<\/p>\n<p>&nbsp;<\/p>\n<p>A las 8:00 p.m. ser\u00e1 se tiene previsto el cierre de la consulta y se espera contar con la unificaci\u00f3n de datos y la presentaci\u00f3n de la terna hacia las 8:30 p.m.<\/p>\n<p>&nbsp;<\/p>\n<p>Efectuada la consulta, la Secretaria General de la Universidad de Caldas, remitir\u00e1 al Consejo Superior los nombres de los candidatos m\u00e1s votados por cada estamento. En el evento que se repitan nombres y no se conforme la terna, esta se completar\u00e1 con el segundo m\u00e1s votado en su orden, por el estamento docente, el estamento estudiantil y el estamento graduados.<\/p>\n<p>&nbsp;<\/p>\n<p>El Consejo Superior designara al rector, previa sustentaci\u00f3n de las\u00a0 propuestas de gobierno de los candidatos, para lo cual deber\u00e1 reunir por lo menos 5 votos a su favor de los integrantes del Consejo.<\/p>\n<p>&nbsp;<\/p>\n<p>El rector de la Universidad de Caldas ser\u00e1 designado para un per\u00edodo de 4 a\u00f1os y tomar\u00e1 posesi\u00f3n del cargo ante el Consejo Superior.<\/p>\n<p>&nbsp;<\/p>\n<p>El correo: \u00a0<a href=\"mailto:elecciones2018@ucaldas.edu.co\">elecciones2018@ucaldas.edu.co<\/a>, se encuentra habilitado para absolver dudas y consultas frente al desarrollo de la consulta virtual para la elecci\u00f3n de rector.<\/p>\n<p>&nbsp;<\/p>\n<p>&nbsp;<\/p>\n<table>\n<tbody>\n<tr>\n<td width=\"478\">CARACTER\u00cdSTICAS VOTACI\u00d3N EN L\u00cdNEA<\/p>\n<p>&nbsp;<\/p>\n<p>\u00fc\u00a0 Ingreso al sistema mediante usuario y contrase\u00f1a.<\/p>\n<p>&nbsp;<\/p>\n<p>\u00fc\u00a0 Sin l\u00edmite de posibles votantes.<\/p>\n<p>&nbsp;<\/p>\n<p>\u00fc\u00a0 Votaci\u00f3n secreta.<\/p>\n<p>&nbsp;<\/p>\n<p>\u00fc\u00a0 Inicio, cierre y publicaci\u00f3n autom\u00e1tica de resultados.<\/p>\n<p>&nbsp;<\/p>\n<p>\u00fc\u00a0 Control de voto \u00fanico (un solo voto por persona).<\/p>\n<p>&nbsp;<\/p>\n<p>\u00fc\u00a0 Soporte de clasificaci\u00f3n de votos por categor\u00eda de votantes.<\/p>\n<p>&nbsp;<\/p>\n<p>\u00fc\u00a0 Avance general del proceso.<\/p>\n<p>&nbsp;<\/td>\n<\/tr>\n<\/tbody>\n<\/table>\n<p>&nbsp;<\/p>\n<p>&nbsp;<\/p>\n<p><strong>Anexos:<\/strong><\/p>\n<p><a href=\"https:\/\/www.youtube.com\/watch?v=VyJ7MKdshww&amp;feature=youtu.be\">Video Tutorial para la votaci\u00f3n Consulta de Rector U Caldas 2018<\/a><\/p>\n<p>Audio Secretario General Universidad de Caldas\u00a0 Juan Guillermo Correa Garc\u00eda (adjunto a este bolet\u00edn)<\/p>\n<p>&nbsp;<\/p>\n<p><strong>Informes:<\/strong>\u00a0Oficina de Comunicaciones y Prensa U. de Caldas, tel\u00e9fono 878 15 00 extensi\u00f3n 12 167.<\/p>\n<p><strong>Redacci\u00f3n:<\/strong> Adriana Salazar Villegas<\/p>\n<p>&nbsp;<\/p>\n","protected":false},"excerpt":{"rendered":"<p>ESTE MI\u00c9RCOLES SE REALIZAR\u00c1\u00a0 LA CONSULTA VIRTUAL PARA LA RECTOR\u00cdA Docentes, estudiantes y graduados\u00a0 elegir\u00e1n Rector de la U. de Caldas 24\/04\/2018 \u00a0 La jornada de consulta virtual para\u00a0 la elecci\u00f3n de Rector de la Universidad de Caldas per\u00edodo 2018 -2022\u00a0 comenzar\u00e1 a las 8:00 a.m. y ser\u00e1 instalada por el Comit\u00e9 Veedor del proceso [&hellip;]<\/p>\n","protected":false},"author":2,"featured_media":40170,"comment_status":"closed","ping_status":"open","sticky":false,"template":"","format":"standard","meta":{"footnotes":""},"categories":[48,53,620],"tags":[77,95,1116,1357],"class_list":["post-40636","post","type-post","status-publish","format-standard","has-post-thumbnail","hentry","category-actualidad","category-universidad-al-dia","category-ucaldas-transparente","tag-administracion","tag-universidad-de-caldas","tag-rector","tag-consulta"],"yoast_head":"<!-- This site is optimized with the Yoast SEO plugin v27.5 - https:\/\/yoast.com\/product\/yoast-seo-wordpress\/ -->\n<title>Docentes, estudiantes y graduados\u00a0 elegir\u00e1n Rector de la U. de Caldas .<\/title>\n<meta name=\"robots\" content=\"index, follow, max-snippet:-1, max-image-preview:large, max-video-preview:-1\" \/>\n<link rel=\"canonical\" href=\"https:\/\/www.ucaldas.edu.co\/portal\/docentes-estudiantes-y-graduados-elegiran-rector-de-la-u-de-caldas\/\" \/>\n<script type=\"application\/ld+json\" class=\"yoast-schema-graph\">{\"@context\":\"https:\\\/\\\/schema.org\",\"@graph\":[{\"@type\":\"Article\",\"@id\":\"https:\\\/\\\/www.ucaldas.edu.co\\\/portal\\\/docentes-estudiantes-y-graduados-elegiran-rector-de-la-u-de-caldas\\\/#article\",\"isPartOf\":{\"@id\":\"https:\\\/\\\/www.ucaldas.edu.co\\\/portal\\\/docentes-estudiantes-y-graduados-elegiran-rector-de-la-u-de-caldas\\\/\"},\"author\":{\"name\":\"ofiprensa\",\"@id\":\"https:\\\/\\\/www.ucaldas.edu.co\\\/portal\\\/#\\\/schema\\\/person\\\/a1b482e23449158b4bc319926c074fdf\"},\"headline\":\"Docentes, estudiantes y graduados\u00a0 elegir\u00e1n Rector de la U. de Caldas\",\"datePublished\":\"2018-04-24T21:01:18+00:00\",\"dateModified\":\"2018-04-26T16:25:05+00:00\",\"mainEntityOfPage\":{\"@id\":\"https:\\\/\\\/www.ucaldas.edu.co\\\/portal\\\/docentes-estudiantes-y-graduados-elegiran-rector-de-la-u-de-caldas\\\/\"},\"wordCount\":500,\"publisher\":{\"@id\":\"https:\\\/\\\/www.ucaldas.edu.co\\\/portal\\\/#organization\"},\"image\":{\"@id\":\"https:\\\/\\\/www.ucaldas.edu.co\\\/portal\\\/docentes-estudiantes-y-graduados-elegiran-rector-de-la-u-de-caldas\\\/#primaryimage\"},\"thumbnailUrl\":\"https:\\\/\\\/www.ucaldas.edu.co\\\/portal\\\/wp-content\\\/uploads\\\/2018\\\/03\\\/Promo-sitio-web2.jpg\",\"keywords\":[\"Administraci\u00f3n\",\"Universidad De Caldas\",\"Rector\",\"consulta\"],\"articleSection\":[\"Actualidad\",\"Universidad al D\u00eda\",\"UCaldas Transparente\"],\"inLanguage\":\"es\"},{\"@type\":\"WebPage\",\"@id\":\"https:\\\/\\\/www.ucaldas.edu.co\\\/portal\\\/docentes-estudiantes-y-graduados-elegiran-rector-de-la-u-de-caldas\\\/\",\"url\":\"https:\\\/\\\/www.ucaldas.edu.co\\\/portal\\\/docentes-estudiantes-y-graduados-elegiran-rector-de-la-u-de-caldas\\\/\",\"name\":\"Docentes, estudiantes y graduados\u00a0 elegir\u00e1n Rector de la U. de Caldas .\",\"isPartOf\":{\"@id\":\"https:\\\/\\\/www.ucaldas.edu.co\\\/portal\\\/#website\"},\"primaryImageOfPage\":{\"@id\":\"https:\\\/\\\/www.ucaldas.edu.co\\\/portal\\\/docentes-estudiantes-y-graduados-elegiran-rector-de-la-u-de-caldas\\\/#primaryimage\"},\"image\":{\"@id\":\"https:\\\/\\\/www.ucaldas.edu.co\\\/portal\\\/docentes-estudiantes-y-graduados-elegiran-rector-de-la-u-de-caldas\\\/#primaryimage\"},\"thumbnailUrl\":\"https:\\\/\\\/www.ucaldas.edu.co\\\/portal\\\/wp-content\\\/uploads\\\/2018\\\/03\\\/Promo-sitio-web2.jpg\",\"datePublished\":\"2018-04-24T21:01:18+00:00\",\"dateModified\":\"2018-04-26T16:25:05+00:00\",\"breadcrumb\":{\"@id\":\"https:\\\/\\\/www.ucaldas.edu.co\\\/portal\\\/docentes-estudiantes-y-graduados-elegiran-rector-de-la-u-de-caldas\\\/#breadcrumb\"},\"inLanguage\":\"es\",\"potentialAction\":[{\"@type\":\"ReadAction\",\"target\":[\"https:\\\/\\\/www.ucaldas.edu.co\\\/portal\\\/docentes-estudiantes-y-graduados-elegiran-rector-de-la-u-de-caldas\\\/\"]}]},{\"@type\":\"ImageObject\",\"inLanguage\":\"es\",\"@id\":\"https:\\\/\\\/www.ucaldas.edu.co\\\/portal\\\/docentes-estudiantes-y-graduados-elegiran-rector-de-la-u-de-caldas\\\/#primaryimage\",\"url\":\"https:\\\/\\\/www.ucaldas.edu.co\\\/portal\\\/wp-content\\\/uploads\\\/2018\\\/03\\\/Promo-sitio-web2.jpg\",\"contentUrl\":\"https:\\\/\\\/www.ucaldas.edu.co\\\/portal\\\/wp-content\\\/uploads\\\/2018\\\/03\\\/Promo-sitio-web2.jpg\",\"width\":2197,\"height\":1245},{\"@type\":\"BreadcrumbList\",\"@id\":\"https:\\\/\\\/www.ucaldas.edu.co\\\/portal\\\/docentes-estudiantes-y-graduados-elegiran-rector-de-la-u-de-caldas\\\/#breadcrumb\",\"itemListElement\":[{\"@type\":\"ListItem\",\"position\":1,\"name\":\"Portada\",\"item\":\"https:\\\/\\\/www.ucaldas.edu.co\\\/portal\\\/\"},{\"@type\":\"ListItem\",\"position\":2,\"name\":\"Docentes, estudiantes y graduados\u00a0 elegir\u00e1n Rector de la U. de Caldas\"}]},{\"@type\":\"WebSite\",\"@id\":\"https:\\\/\\\/www.ucaldas.edu.co\\\/portal\\\/#website\",\"url\":\"https:\\\/\\\/www.ucaldas.edu.co\\\/portal\\\/\",\"name\":\"Universidad de Caldas\",\"description\":\"\",\"publisher\":{\"@id\":\"https:\\\/\\\/www.ucaldas.edu.co\\\/portal\\\/#organization\"},\"alternateName\":\"U. de Caldas\",\"potentialAction\":[{\"@type\":\"SearchAction\",\"target\":{\"@type\":\"EntryPoint\",\"urlTemplate\":\"https:\\\/\\\/www.ucaldas.edu.co\\\/portal\\\/?s={search_term_string}\"},\"query-input\":{\"@type\":\"PropertyValueSpecification\",\"valueRequired\":true,\"valueName\":\"search_term_string\"}}],\"inLanguage\":\"es\"},{\"@type\":\"Organization\",\"@id\":\"https:\\\/\\\/www.ucaldas.edu.co\\\/portal\\\/#organization\",\"name\":\"Universidad de Caldas\",\"alternateName\":\"U. de Caldas\",\"url\":\"https:\\\/\\\/www.ucaldas.edu.co\\\/portal\\\/\",\"logo\":{\"@type\":\"ImageObject\",\"inLanguage\":\"es\",\"@id\":\"https:\\\/\\\/www.ucaldas.edu.co\\\/portal\\\/#\\\/schema\\\/logo\\\/image\\\/\",\"url\":\"https:\\\/\\\/www.ucaldas.edu.co\\\/portal\\\/wp-content\\\/uploads\\\/2023\\\/11\\\/Logo_horizontal_oscuroU-2023.png\",\"contentUrl\":\"https:\\\/\\\/www.ucaldas.edu.co\\\/portal\\\/wp-content\\\/uploads\\\/2023\\\/11\\\/Logo_horizontal_oscuroU-2023.png\",\"width\":263,\"height\":101,\"caption\":\"Universidad de Caldas\"},\"image\":{\"@id\":\"https:\\\/\\\/www.ucaldas.edu.co\\\/portal\\\/#\\\/schema\\\/logo\\\/image\\\/\"},\"sameAs\":[\"https:\\\/\\\/www.facebook.com\\\/udecaldas\",\"https:\\\/\\\/x.com\\\/udecaldas\",\"https:\\\/\\\/www.youtube.com\\\/universidadcaldas\",\"https:\\\/\\\/www.instagram.com\\\/udecaldas\\\/\"]},{\"@type\":\"Person\",\"@id\":\"https:\\\/\\\/www.ucaldas.edu.co\\\/portal\\\/#\\\/schema\\\/person\\\/a1b482e23449158b4bc319926c074fdf\",\"name\":\"ofiprensa\",\"image\":{\"@type\":\"ImageObject\",\"inLanguage\":\"es\",\"@id\":\"https:\\\/\\\/www.ucaldas.edu.co\\\/portal\\\/wp-content\\\/litespeed\\\/avatar\\\/09ea5085e600095a7a811142c6944527.jpg?ver=1777497608\",\"url\":\"https:\\\/\\\/www.ucaldas.edu.co\\\/portal\\\/wp-content\\\/litespeed\\\/avatar\\\/09ea5085e600095a7a811142c6944527.jpg?ver=1777497608\",\"contentUrl\":\"https:\\\/\\\/www.ucaldas.edu.co\\\/portal\\\/wp-content\\\/litespeed\\\/avatar\\\/09ea5085e600095a7a811142c6944527.jpg?ver=1777497608\",\"caption\":\"ofiprensa\"},\"url\":\"https:\\\/\\\/www.ucaldas.edu.co\\\/portal\\\/author\\\/ofiprensa\\\/\"}]}<\/script>\n<!-- \/ Yoast SEO plugin. -->","yoast_head_json":{"title":"Docentes, estudiantes y graduados\u00a0 elegir\u00e1n Rector de la U. de Caldas .","robots":{"index":"index","follow":"follow","max-snippet":"max-snippet:-1","max-image-preview":"max-image-preview:large","max-video-preview":"max-video-preview:-1"},"canonical":"https:\/\/www.ucaldas.edu.co\/portal\/docentes-estudiantes-y-graduados-elegiran-rector-de-la-u-de-caldas\/","schema":{"@context":"https:\/\/schema.org","@graph":[{"@type":"Article","@id":"https:\/\/www.ucaldas.edu.co\/portal\/docentes-estudiantes-y-graduados-elegiran-rector-de-la-u-de-caldas\/#article","isPartOf":{"@id":"https:\/\/www.ucaldas.edu.co\/portal\/docentes-estudiantes-y-graduados-elegiran-rector-de-la-u-de-caldas\/"},"author":{"name":"ofiprensa","@id":"https:\/\/www.ucaldas.edu.co\/portal\/#\/schema\/person\/a1b482e23449158b4bc319926c074fdf"},"headline":"Docentes, estudiantes y graduados\u00a0 elegir\u00e1n Rector de la U. de Caldas","datePublished":"2018-04-24T21:01:18+00:00","dateModified":"2018-04-26T16:25:05+00:00","mainEntityOfPage":{"@id":"https:\/\/www.ucaldas.edu.co\/portal\/docentes-estudiantes-y-graduados-elegiran-rector-de-la-u-de-caldas\/"},"wordCount":500,"publisher":{"@id":"https:\/\/www.ucaldas.edu.co\/portal\/#organization"},"image":{"@id":"https:\/\/www.ucaldas.edu.co\/portal\/docentes-estudiantes-y-graduados-elegiran-rector-de-la-u-de-caldas\/#primaryimage"},"thumbnailUrl":"https:\/\/www.ucaldas.edu.co\/portal\/wp-content\/uploads\/2018\/03\/Promo-sitio-web2.jpg","keywords":["Administraci\u00f3n","Universidad De Caldas","Rector","consulta"],"articleSection":["Actualidad","Universidad al D\u00eda","UCaldas Transparente"],"inLanguage":"es"},{"@type":"WebPage","@id":"https:\/\/www.ucaldas.edu.co\/portal\/docentes-estudiantes-y-graduados-elegiran-rector-de-la-u-de-caldas\/","url":"https:\/\/www.ucaldas.edu.co\/portal\/docentes-estudiantes-y-graduados-elegiran-rector-de-la-u-de-caldas\/","name":"Docentes, estudiantes y graduados\u00a0 elegir\u00e1n Rector de la U. de Caldas .","isPartOf":{"@id":"https:\/\/www.ucaldas.edu.co\/portal\/#website"},"primaryImageOfPage":{"@id":"https:\/\/www.ucaldas.edu.co\/portal\/docentes-estudiantes-y-graduados-elegiran-rector-de-la-u-de-caldas\/#primaryimage"},"image":{"@id":"https:\/\/www.ucaldas.edu.co\/portal\/docentes-estudiantes-y-graduados-elegiran-rector-de-la-u-de-caldas\/#primaryimage"},"thumbnailUrl":"https:\/\/www.ucaldas.edu.co\/portal\/wp-content\/uploads\/2018\/03\/Promo-sitio-web2.jpg","datePublished":"2018-04-24T21:01:18+00:00","dateModified":"2018-04-26T16:25:05+00:00","breadcrumb":{"@id":"https:\/\/www.ucaldas.edu.co\/portal\/docentes-estudiantes-y-graduados-elegiran-rector-de-la-u-de-caldas\/#breadcrumb"},"inLanguage":"es","potentialAction":[{"@type":"ReadAction","target":["https:\/\/www.ucaldas.edu.co\/portal\/docentes-estudiantes-y-graduados-elegiran-rector-de-la-u-de-caldas\/"]}]},{"@type":"ImageObject","inLanguage":"es","@id":"https:\/\/www.ucaldas.edu.co\/portal\/docentes-estudiantes-y-graduados-elegiran-rector-de-la-u-de-caldas\/#primaryimage","url":"https:\/\/www.ucaldas.edu.co\/portal\/wp-content\/uploads\/2018\/03\/Promo-sitio-web2.jpg","contentUrl":"https:\/\/www.ucaldas.edu.co\/portal\/wp-content\/uploads\/2018\/03\/Promo-sitio-web2.jpg","width":2197,"height":1245},{"@type":"BreadcrumbList","@id":"https:\/\/www.ucaldas.edu.co\/portal\/docentes-estudiantes-y-graduados-elegiran-rector-de-la-u-de-caldas\/#breadcrumb","itemListElement":[{"@type":"ListItem","position":1,"name":"Portada","item":"https:\/\/www.ucaldas.edu.co\/portal\/"},{"@type":"ListItem","position":2,"name":"Docentes, estudiantes y graduados\u00a0 elegir\u00e1n Rector de la U. de Caldas"}]},{"@type":"WebSite","@id":"https:\/\/www.ucaldas.edu.co\/portal\/#website","url":"https:\/\/www.ucaldas.edu.co\/portal\/","name":"Universidad de Caldas","description":"","publisher":{"@id":"https:\/\/www.ucaldas.edu.co\/portal\/#organization"},"alternateName":"U. de Caldas","potentialAction":[{"@type":"SearchAction","target":{"@type":"EntryPoint","urlTemplate":"https:\/\/www.ucaldas.edu.co\/portal\/?s={search_term_string}"},"query-input":{"@type":"PropertyValueSpecification","valueRequired":true,"valueName":"search_term_string"}}],"inLanguage":"es"},{"@type":"Organization","@id":"https:\/\/www.ucaldas.edu.co\/portal\/#organization","name":"Universidad de Caldas","alternateName":"U. de Caldas","url":"https:\/\/www.ucaldas.edu.co\/portal\/","logo":{"@type":"ImageObject","inLanguage":"es","@id":"https:\/\/www.ucaldas.edu.co\/portal\/#\/schema\/logo\/image\/","url":"https:\/\/www.ucaldas.edu.co\/portal\/wp-content\/uploads\/2023\/11\/Logo_horizontal_oscuroU-2023.png","contentUrl":"https:\/\/www.ucaldas.edu.co\/portal\/wp-content\/uploads\/2023\/11\/Logo_horizontal_oscuroU-2023.png","width":263,"height":101,"caption":"Universidad de Caldas"},"image":{"@id":"https:\/\/www.ucaldas.edu.co\/portal\/#\/schema\/logo\/image\/"},"sameAs":["https:\/\/www.facebook.com\/udecaldas","https:\/\/x.com\/udecaldas","https:\/\/www.youtube.com\/universidadcaldas","https:\/\/www.instagram.com\/udecaldas\/"]},{"@type":"Person","@id":"https:\/\/www.ucaldas.edu.co\/portal\/#\/schema\/person\/a1b482e23449158b4bc319926c074fdf","name":"ofiprensa","image":{"@type":"ImageObject","inLanguage":"es","@id":"https:\/\/www.ucaldas.edu.co\/portal\/wp-content\/litespeed\/avatar\/09ea5085e600095a7a811142c6944527.jpg?ver=1777497608","url":"https:\/\/www.ucaldas.edu.co\/portal\/wp-content\/litespeed\/avatar\/09ea5085e600095a7a811142c6944527.jpg?ver=1777497608","contentUrl":"https:\/\/www.ucaldas.edu.co\/portal\/wp-content\/litespeed\/avatar\/09ea5085e600095a7a811142c6944527.jpg?ver=1777497608","caption":"ofiprensa"},"url":"https:\/\/www.ucaldas.edu.co\/portal\/author\/ofiprensa\/"}]}},"_links":{"self":[{"href":"https:\/\/www.ucaldas.edu.co\/portal\/wp-json\/wp\/v2\/posts\/40636","targetHints":{"allow":["GET"]}}],"collection":[{"href":"https:\/\/www.ucaldas.edu.co\/portal\/wp-json\/wp\/v2\/posts"}],"about":[{"href":"https:\/\/www.ucaldas.edu.co\/portal\/wp-json\/wp\/v2\/types\/post"}],"author":[{"embeddable":true,"href":"https:\/\/www.ucaldas.edu.co\/portal\/wp-json\/wp\/v2\/users\/2"}],"replies":[{"embeddable":true,"href":"https:\/\/www.ucaldas.edu.co\/portal\/wp-json\/wp\/v2\/comments?post=40636"}],"version-history":[{"count":0,"href":"https:\/\/www.ucaldas.edu.co\/portal\/wp-json\/wp\/v2\/posts\/40636\/revisions"}],"wp:featuredmedia":[{"embeddable":true,"href":"https:\/\/www.ucaldas.edu.co\/portal\/wp-json\/wp\/v2\/media\/40170"}],"wp:attachment":[{"href":"https:\/\/www.ucaldas.edu.co\/portal\/wp-json\/wp\/v2\/media?parent=40636"}],"wp:term":[{"taxonomy":"category","embeddable":true,"href":"https:\/\/www.ucaldas.edu.co\/portal\/wp-json\/wp\/v2\/categories?post=40636"},{"taxonomy":"post_tag","embeddable":true,"href":"https:\/\/www.ucaldas.edu.co\/portal\/wp-json\/wp\/v2\/tags?post=40636"}],"curies":[{"name":"wp","href":"https:\/\/api.w.org\/{rel}","templated":true}]}}