{"id":4037,"date":"2009-11-03T14:49:42","date_gmt":"2009-11-03T19:49:42","guid":{"rendered":"https:\/\/www.ucaldas.edu.co\/portal\/?p=4037"},"modified":"2009-11-03T14:49:42","modified_gmt":"2009-11-03T19:49:42","slug":"candidatos-inscritos-y-que-cumplieron-con-los-requisitos","status":"publish","type":"post","link":"https:\/\/www.ucaldas.edu.co\/portal\/candidatos-inscritos-y-que-cumplieron-con-los-requisitos\/","title":{"rendered":"Candidatos inscritos y que cumplieron con los requisitos"},"content":{"rendered":"<p>Elecciones de profesores ser\u00e1n el pr\u00f3ximo Lunes 09 de Noviembre<\/p>\n<hr \/>\n<p align=\"center\">\n<p>&nbsp;<\/p>\n<p>La Secretar\u00eda General de la Universidad de Caldas informa que ya est\u00e1 disponible el listado de candidatos inscritos, y que cumplieron los requisitos para las elecciones representantes de los profesores, el pr\u00f3ximo lunes 9 de noviembre.<\/p>\n<p>&nbsp;<\/p>\n<p><span style=\"font-family: Calibri\">El listado es el siguiente:<\/span><\/p>\n<p><b><span style=\"font-family: Calibri\">\u00a0<\/span><\/b><\/p>\n<ol>\n<li><b><span style=\"font-family: Calibri\">Consejo superior:<\/span><\/b><\/li>\n<\/ol>\n<p><b><span style=\"font-family: Calibri\">Plancha No. 1<\/span><\/b><\/p>\n<p><b><span style=\"font-family: Calibri\">Principal<\/span><\/b><\/p>\n<p><span style=\"font-family: Calibri\">Juan Carlos Y\u00e9pez Ocampo<\/span><\/p>\n<p><b><span style=\"font-family: Calibri\">Suplente<\/span><\/b><\/p>\n<p><span style=\"font-family: Calibri\">Ricardo Casta\u00f1o Zapata<\/span><\/p>\n<p><span style=\"font-family: Calibri\">\u00a0<\/span><\/p>\n<ol>\n<li><b><span style=\"font-family: Calibri\">Consejo Acad\u00e9mico:<\/span><\/b><\/li>\n<\/ol>\n<p><b><span style=\"font-family: Calibri\">Plancha No.1<\/span><\/b><\/p>\n<p><b><span style=\"font-family: Calibri\">Principal<\/span><\/b><\/p>\n<p><span style=\"font-family: Calibri\">Carlos Hern\u00e1n G\u00f3mez G\u00f3mez<\/span><\/p>\n<p><b><span style=\"font-family: Calibri\">Suplente<\/span><\/b><\/p>\n<p><span style=\"font-family: Calibri\">Ra\u00fal Ancizar Munevar<\/span><\/p>\n<p><span style=\"font-family: Calibri\">\u00a0<\/span><\/p>\n<p><b><span style=\"font-family: Calibri\">Plancha No.2<\/span><\/b><\/p>\n<p><b><span style=\"font-family: Calibri\">Principal<\/span><\/b><\/p>\n<p><span style=\"font-family: Calibri\">William Antonio Hincapi\u00e9 Restrepo<\/span><\/p>\n<p><b><span style=\"font-family: Calibri\">Suplente<\/span><\/b><\/p>\n<p><span style=\"font-family: Calibri\">Jos\u00e9 Fernando Morales Giraldo<\/span><\/p>\n<p><span style=\"font-family: Calibri\">\u00a0<\/span><\/p>\n<ol>\n<li><b><span style=\"font-family: Calibri\">Consejos de Facultad:<\/span><\/b><\/li>\n<\/ol>\n<p><span style=\"font-family: Calibri\">\u00a0<\/span><\/p>\n<p><b><span style=\"font-family: Calibri\">Facultad de Ciencias para la Salud<\/span><\/b><\/p>\n<p><span style=\"font-family: Calibri\">\u00a0<\/span><\/p>\n<p><b><span style=\"font-family: Calibri\">Principal<\/span><\/b><\/p>\n<p><span style=\"font-family: Calibri\">Jos\u00e9 Henry Osorio Orozco<\/span><\/p>\n<p><b><span style=\"font-family: Calibri\">Suplente<\/span><\/b><\/p>\n<p><span style=\"font-family: Calibri\">Eduardo Casta\u00f1o Molina<\/span><\/p>\n<p><span style=\"font-family: Calibri\">\u00a0<\/span><\/p>\n<p><b><span style=\"font-family: Calibri\">Facultad de Ciencias Exactas y Naturales<\/span><\/b><\/p>\n<p><span style=\"font-family: Calibri\">No hubo inscritos<\/span><\/p>\n<p><span style=\"font-family: Calibri\">\u00a0<\/span><\/p>\n<p><span style=\"font-family: Calibri\">Para mayores informes comunicarse con la Secretar\u00eda General de la Universidad de Caldas. Tel\u00e9fono 878 15 00. Ext. 11104.<\/span><\/p>\n","protected":false},"excerpt":{"rendered":"<p>Elecciones de profesores ser\u00e1n el pr\u00f3ximo Lunes 09 de Noviembre &nbsp; La Secretar\u00eda General de la Universidad de Caldas informa que ya est\u00e1 disponible el listado de candidatos inscritos, y que cumplieron los requisitos para las elecciones representantes de los profesores, el pr\u00f3ximo lunes 9 de noviembre. &nbsp; El listado es el siguiente: \u00a0 Consejo [&hellip;]<\/p>\n","protected":false},"author":2,"featured_media":0,"comment_status":"closed","ping_status":"closed","sticky":false,"template":"","format":"standard","meta":{"footnotes":""},"categories":[48,53],"tags":[],"class_list":["post-4037","post","type-post","status-publish","format-standard","hentry","category-actualidad","category-universidad-al-dia"],"yoast_head":"<!-- This site is optimized with the Yoast SEO plugin v27.5 - https:\/\/yoast.com\/product\/yoast-seo-wordpress\/ -->\n<title>Candidatos inscritos y que cumplieron con los requisitos .<\/title>\n<meta name=\"robots\" content=\"index, follow, max-snippet:-1, max-image-preview:large, max-video-preview:-1\" \/>\n<link rel=\"canonical\" href=\"https:\/\/www.ucaldas.edu.co\/portal\/candidatos-inscritos-y-que-cumplieron-con-los-requisitos\/\" \/>\n<script type=\"application\/ld+json\" class=\"yoast-schema-graph\">{\"@context\":\"https:\\\/\\\/schema.org\",\"@graph\":[{\"@type\":\"Article\",\"@id\":\"https:\\\/\\\/www.ucaldas.edu.co\\\/portal\\\/candidatos-inscritos-y-que-cumplieron-con-los-requisitos\\\/#article\",\"isPartOf\":{\"@id\":\"https:\\\/\\\/www.ucaldas.edu.co\\\/portal\\\/candidatos-inscritos-y-que-cumplieron-con-los-requisitos\\\/\"},\"author\":{\"name\":\"ofiprensa\",\"@id\":\"https:\\\/\\\/www.ucaldas.edu.co\\\/portal\\\/#\\\/schema\\\/person\\\/a1b482e23449158b4bc319926c074fdf\"},\"headline\":\"Candidatos inscritos y que cumplieron con los requisitos\",\"datePublished\":\"2009-11-03T19:49:42+00:00\",\"mainEntityOfPage\":{\"@id\":\"https:\\\/\\\/www.ucaldas.edu.co\\\/portal\\\/candidatos-inscritos-y-que-cumplieron-con-los-requisitos\\\/\"},\"wordCount\":153,\"publisher\":{\"@id\":\"https:\\\/\\\/www.ucaldas.edu.co\\\/portal\\\/#organization\"},\"articleSection\":[\"Actualidad\",\"Universidad al D\u00eda\"],\"inLanguage\":\"es\"},{\"@type\":\"WebPage\",\"@id\":\"https:\\\/\\\/www.ucaldas.edu.co\\\/portal\\\/candidatos-inscritos-y-que-cumplieron-con-los-requisitos\\\/\",\"url\":\"https:\\\/\\\/www.ucaldas.edu.co\\\/portal\\\/candidatos-inscritos-y-que-cumplieron-con-los-requisitos\\\/\",\"name\":\"Candidatos inscritos y que cumplieron con los requisitos .\",\"isPartOf\":{\"@id\":\"https:\\\/\\\/www.ucaldas.edu.co\\\/portal\\\/#website\"},\"datePublished\":\"2009-11-03T19:49:42+00:00\",\"breadcrumb\":{\"@id\":\"https:\\\/\\\/www.ucaldas.edu.co\\\/portal\\\/candidatos-inscritos-y-que-cumplieron-con-los-requisitos\\\/#breadcrumb\"},\"inLanguage\":\"es\",\"potentialAction\":[{\"@type\":\"ReadAction\",\"target\":[\"https:\\\/\\\/www.ucaldas.edu.co\\\/portal\\\/candidatos-inscritos-y-que-cumplieron-con-los-requisitos\\\/\"]}]},{\"@type\":\"BreadcrumbList\",\"@id\":\"https:\\\/\\\/www.ucaldas.edu.co\\\/portal\\\/candidatos-inscritos-y-que-cumplieron-con-los-requisitos\\\/#breadcrumb\",\"itemListElement\":[{\"@type\":\"ListItem\",\"position\":1,\"name\":\"Portada\",\"item\":\"https:\\\/\\\/www.ucaldas.edu.co\\\/portal\\\/\"},{\"@type\":\"ListItem\",\"position\":2,\"name\":\"Candidatos inscritos y que cumplieron con los requisitos\"}]},{\"@type\":\"WebSite\",\"@id\":\"https:\\\/\\\/www.ucaldas.edu.co\\\/portal\\\/#website\",\"url\":\"https:\\\/\\\/www.ucaldas.edu.co\\\/portal\\\/\",\"name\":\"Universidad de Caldas\",\"description\":\"\",\"publisher\":{\"@id\":\"https:\\\/\\\/www.ucaldas.edu.co\\\/portal\\\/#organization\"},\"alternateName\":\"U. de Caldas\",\"potentialAction\":[{\"@type\":\"SearchAction\",\"target\":{\"@type\":\"EntryPoint\",\"urlTemplate\":\"https:\\\/\\\/www.ucaldas.edu.co\\\/portal\\\/?s={search_term_string}\"},\"query-input\":{\"@type\":\"PropertyValueSpecification\",\"valueRequired\":true,\"valueName\":\"search_term_string\"}}],\"inLanguage\":\"es\"},{\"@type\":\"Organization\",\"@id\":\"https:\\\/\\\/www.ucaldas.edu.co\\\/portal\\\/#organization\",\"name\":\"Universidad de Caldas\",\"alternateName\":\"U. de Caldas\",\"url\":\"https:\\\/\\\/www.ucaldas.edu.co\\\/portal\\\/\",\"logo\":{\"@type\":\"ImageObject\",\"inLanguage\":\"es\",\"@id\":\"https:\\\/\\\/www.ucaldas.edu.co\\\/portal\\\/#\\\/schema\\\/logo\\\/image\\\/\",\"url\":\"https:\\\/\\\/www.ucaldas.edu.co\\\/portal\\\/wp-content\\\/uploads\\\/2023\\\/11\\\/Logo_horizontal_oscuroU-2023.png\",\"contentUrl\":\"https:\\\/\\\/www.ucaldas.edu.co\\\/portal\\\/wp-content\\\/uploads\\\/2023\\\/11\\\/Logo_horizontal_oscuroU-2023.png\",\"width\":263,\"height\":101,\"caption\":\"Universidad de Caldas\"},\"image\":{\"@id\":\"https:\\\/\\\/www.ucaldas.edu.co\\\/portal\\\/#\\\/schema\\\/logo\\\/image\\\/\"},\"sameAs\":[\"https:\\\/\\\/www.facebook.com\\\/udecaldas\",\"https:\\\/\\\/x.com\\\/udecaldas\",\"https:\\\/\\\/www.youtube.com\\\/universidadcaldas\",\"https:\\\/\\\/www.instagram.com\\\/udecaldas\\\/\"]},{\"@type\":\"Person\",\"@id\":\"https:\\\/\\\/www.ucaldas.edu.co\\\/portal\\\/#\\\/schema\\\/person\\\/a1b482e23449158b4bc319926c074fdf\",\"name\":\"ofiprensa\",\"image\":{\"@type\":\"ImageObject\",\"inLanguage\":\"es\",\"@id\":\"https:\\\/\\\/www.ucaldas.edu.co\\\/portal\\\/wp-content\\\/litespeed\\\/avatar\\\/09ea5085e600095a7a811142c6944527.jpg?ver=1777497608\",\"url\":\"https:\\\/\\\/www.ucaldas.edu.co\\\/portal\\\/wp-content\\\/litespeed\\\/avatar\\\/09ea5085e600095a7a811142c6944527.jpg?ver=1777497608\",\"contentUrl\":\"https:\\\/\\\/www.ucaldas.edu.co\\\/portal\\\/wp-content\\\/litespeed\\\/avatar\\\/09ea5085e600095a7a811142c6944527.jpg?ver=1777497608\",\"caption\":\"ofiprensa\"},\"url\":\"https:\\\/\\\/www.ucaldas.edu.co\\\/portal\\\/author\\\/ofiprensa\\\/\"}]}<\/script>\n<!-- \/ Yoast SEO plugin. -->","yoast_head_json":{"title":"Candidatos inscritos y que cumplieron con los requisitos .","robots":{"index":"index","follow":"follow","max-snippet":"max-snippet:-1","max-image-preview":"max-image-preview:large","max-video-preview":"max-video-preview:-1"},"canonical":"https:\/\/www.ucaldas.edu.co\/portal\/candidatos-inscritos-y-que-cumplieron-con-los-requisitos\/","schema":{"@context":"https:\/\/schema.org","@graph":[{"@type":"Article","@id":"https:\/\/www.ucaldas.edu.co\/portal\/candidatos-inscritos-y-que-cumplieron-con-los-requisitos\/#article","isPartOf":{"@id":"https:\/\/www.ucaldas.edu.co\/portal\/candidatos-inscritos-y-que-cumplieron-con-los-requisitos\/"},"author":{"name":"ofiprensa","@id":"https:\/\/www.ucaldas.edu.co\/portal\/#\/schema\/person\/a1b482e23449158b4bc319926c074fdf"},"headline":"Candidatos inscritos y que cumplieron con los requisitos","datePublished":"2009-11-03T19:49:42+00:00","mainEntityOfPage":{"@id":"https:\/\/www.ucaldas.edu.co\/portal\/candidatos-inscritos-y-que-cumplieron-con-los-requisitos\/"},"wordCount":153,"publisher":{"@id":"https:\/\/www.ucaldas.edu.co\/portal\/#organization"},"articleSection":["Actualidad","Universidad al D\u00eda"],"inLanguage":"es"},{"@type":"WebPage","@id":"https:\/\/www.ucaldas.edu.co\/portal\/candidatos-inscritos-y-que-cumplieron-con-los-requisitos\/","url":"https:\/\/www.ucaldas.edu.co\/portal\/candidatos-inscritos-y-que-cumplieron-con-los-requisitos\/","name":"Candidatos inscritos y que cumplieron con los requisitos .","isPartOf":{"@id":"https:\/\/www.ucaldas.edu.co\/portal\/#website"},"datePublished":"2009-11-03T19:49:42+00:00","breadcrumb":{"@id":"https:\/\/www.ucaldas.edu.co\/portal\/candidatos-inscritos-y-que-cumplieron-con-los-requisitos\/#breadcrumb"},"inLanguage":"es","potentialAction":[{"@type":"ReadAction","target":["https:\/\/www.ucaldas.edu.co\/portal\/candidatos-inscritos-y-que-cumplieron-con-los-requisitos\/"]}]},{"@type":"BreadcrumbList","@id":"https:\/\/www.ucaldas.edu.co\/portal\/candidatos-inscritos-y-que-cumplieron-con-los-requisitos\/#breadcrumb","itemListElement":[{"@type":"ListItem","position":1,"name":"Portada","item":"https:\/\/www.ucaldas.edu.co\/portal\/"},{"@type":"ListItem","position":2,"name":"Candidatos inscritos y que cumplieron con los requisitos"}]},{"@type":"WebSite","@id":"https:\/\/www.ucaldas.edu.co\/portal\/#website","url":"https:\/\/www.ucaldas.edu.co\/portal\/","name":"Universidad de Caldas","description":"","publisher":{"@id":"https:\/\/www.ucaldas.edu.co\/portal\/#organization"},"alternateName":"U. de Caldas","potentialAction":[{"@type":"SearchAction","target":{"@type":"EntryPoint","urlTemplate":"https:\/\/www.ucaldas.edu.co\/portal\/?s={search_term_string}"},"query-input":{"@type":"PropertyValueSpecification","valueRequired":true,"valueName":"search_term_string"}}],"inLanguage":"es"},{"@type":"Organization","@id":"https:\/\/www.ucaldas.edu.co\/portal\/#organization","name":"Universidad de Caldas","alternateName":"U. de Caldas","url":"https:\/\/www.ucaldas.edu.co\/portal\/","logo":{"@type":"ImageObject","inLanguage":"es","@id":"https:\/\/www.ucaldas.edu.co\/portal\/#\/schema\/logo\/image\/","url":"https:\/\/www.ucaldas.edu.co\/portal\/wp-content\/uploads\/2023\/11\/Logo_horizontal_oscuroU-2023.png","contentUrl":"https:\/\/www.ucaldas.edu.co\/portal\/wp-content\/uploads\/2023\/11\/Logo_horizontal_oscuroU-2023.png","width":263,"height":101,"caption":"Universidad de Caldas"},"image":{"@id":"https:\/\/www.ucaldas.edu.co\/portal\/#\/schema\/logo\/image\/"},"sameAs":["https:\/\/www.facebook.com\/udecaldas","https:\/\/x.com\/udecaldas","https:\/\/www.youtube.com\/universidadcaldas","https:\/\/www.instagram.com\/udecaldas\/"]},{"@type":"Person","@id":"https:\/\/www.ucaldas.edu.co\/portal\/#\/schema\/person\/a1b482e23449158b4bc319926c074fdf","name":"ofiprensa","image":{"@type":"ImageObject","inLanguage":"es","@id":"https:\/\/www.ucaldas.edu.co\/portal\/wp-content\/litespeed\/avatar\/09ea5085e600095a7a811142c6944527.jpg?ver=1777497608","url":"https:\/\/www.ucaldas.edu.co\/portal\/wp-content\/litespeed\/avatar\/09ea5085e600095a7a811142c6944527.jpg?ver=1777497608","contentUrl":"https:\/\/www.ucaldas.edu.co\/portal\/wp-content\/litespeed\/avatar\/09ea5085e600095a7a811142c6944527.jpg?ver=1777497608","caption":"ofiprensa"},"url":"https:\/\/www.ucaldas.edu.co\/portal\/author\/ofiprensa\/"}]}},"_links":{"self":[{"href":"https:\/\/www.ucaldas.edu.co\/portal\/wp-json\/wp\/v2\/posts\/4037","targetHints":{"allow":["GET"]}}],"collection":[{"href":"https:\/\/www.ucaldas.edu.co\/portal\/wp-json\/wp\/v2\/posts"}],"about":[{"href":"https:\/\/www.ucaldas.edu.co\/portal\/wp-json\/wp\/v2\/types\/post"}],"author":[{"embeddable":true,"href":"https:\/\/www.ucaldas.edu.co\/portal\/wp-json\/wp\/v2\/users\/2"}],"replies":[{"embeddable":true,"href":"https:\/\/www.ucaldas.edu.co\/portal\/wp-json\/wp\/v2\/comments?post=4037"}],"version-history":[{"count":0,"href":"https:\/\/www.ucaldas.edu.co\/portal\/wp-json\/wp\/v2\/posts\/4037\/revisions"}],"wp:attachment":[{"href":"https:\/\/www.ucaldas.edu.co\/portal\/wp-json\/wp\/v2\/media?parent=4037"}],"wp:term":[{"taxonomy":"category","embeddable":true,"href":"https:\/\/www.ucaldas.edu.co\/portal\/wp-json\/wp\/v2\/categories?post=4037"},{"taxonomy":"post_tag","embeddable":true,"href":"https:\/\/www.ucaldas.edu.co\/portal\/wp-json\/wp\/v2\/tags?post=4037"}],"curies":[{"name":"wp","href":"https:\/\/api.w.org\/{rel}","templated":true}]}}