{"id":4025,"date":"2009-11-03T14:45:48","date_gmt":"2009-11-03T19:45:48","guid":{"rendered":"https:\/\/www.ucaldas.edu.co\/portal\/?p=4025"},"modified":"2009-11-03T14:45:48","modified_gmt":"2009-11-03T19:45:48","slug":"abiertas-inscripciones-para-la-maestria-en-ciencias-sociales-ii-cohorte","status":"publish","type":"post","link":"https:\/\/www.ucaldas.edu.co\/portal\/abiertas-inscripciones-para-la-maestria-en-ciencias-sociales-ii-cohorte\/","title":{"rendered":"Abiertas inscripciones para la Maestr\u00eda en Ciencias Sociales II Cohorte"},"content":{"rendered":"<p>Hasta el 29 de Enero del 2010<\/p>\n<hr id=\"system-readmore\" \/>\n<p>&nbsp;<\/p>\n<table border=\"0\">\n<tbody>\n<tr>\n<td><img loading=\"lazy\" decoding=\"async\" style=\"border: 0px\" alt=\"Maestria en Ciencias Sociales\" src=\"http:\/\/www.ucaldas.edu.co\/images\/macisoII.jpg\" width=\"160\" height=\"100\" border=\"0\" \/><\/td>\n<td><span style=\"font-family: Calibri;font-size: medium\">Hasta el 29 de enero estar\u00e1n abiertas las inscripciones para la Maestr\u00eda en Ciencias Sociales II Cohorte, que es un programa de formaci\u00f3n en investigaci\u00f3n social, orientado a fundamentar epist\u00e9mico, te\u00f3rico y metodol\u00f3gicamente los procesos de identificaci\u00f3n, formulaci\u00f3n, ejecuci\u00f3n y evaluaci\u00f3n la producci\u00f3n de conocimiento de lo social.<\/span><\/td>\n<\/tr>\n<\/tbody>\n<\/table>\n<p>&nbsp;<\/p>\n<p align=\"justify\"><span style=\"font-family: Calibri;font-size: medium\">La modalidad de esta maestr\u00eda es presencial en sesiones los viernes cada 15 d\u00edas, s\u00e1bados y algunos domingos.<\/span><\/p>\n<p align=\"justify\"><span style=\"font-family: Calibri;font-size: medium\">Los requisitos son: \u00a0<\/span><\/p>\n<ul>\n<li><span style=\"font-family: Calibri;font-size: medium\">Acreditar t\u00edtulo de pregrado de Universidad (nacional o extranjera) en programas debidamente reconocidos por el Estado Colombiano y relacionados con el \u00e1rea o programa ofrecido.<\/span><\/li>\n<li><span style=\"font-family: Calibri;font-size: medium\">Demostrar suficiencia lectora en lengua extranjera o prueba de conocimiento en ingl\u00e9s.<\/span><\/li>\n<li><span style=\"font-family: Calibri;font-size: medium\">Propuesta de investigaci\u00f3n de tres p\u00e1ginas m\u00e1ximo que contenga: t\u00edtulo, autor, descripci\u00f3n del problema en t\u00e9rminos sociales y te\u00f3ricos, formulaci\u00f3n de una pregunta, un objetivo general y una v\u00eda metodol\u00f3gica. Adicionar bibliograf\u00eda citada.<\/span><\/li>\n<li><span style=\"font-family: Calibri;font-size: medium\">Entrevista.<\/span><\/li>\n<li><span style=\"font-family: Calibri;font-size: medium\">Comprobante de pago de inscripci\u00f3n.<\/span><\/li>\n<\/ul>\n<p>&nbsp;<\/p>\n<p align=\"justify\"><span style=\"font-family: Calibri;font-size: medium\">El calendario es el siguiente:<\/span><\/p>\n<ul>\n<li><span style=\"font-family: Calibri;font-size: medium\">Entrevistas: febrero 3 y 4 a las 4:00 p.m.<\/span><\/li>\n<li><span style=\"font-family: Calibri;font-size: medium\">Prueba en lengua extranjera: febrero 5 a las 4:00 p.m.<\/span><\/li>\n<li><span style=\"font-family: Calibri;font-size: medium\">Publicaci\u00f3n de admitidos: febrero 8<\/span><\/li>\n<li><span style=\"font-family: Calibri;font-size: medium\">Matr\u00edculas: febrero 9<\/span><\/li>\n<li><span style=\"font-family: Calibri;font-size: medium\">Iniciaci\u00f3n de clases: febrero 12 y 13<\/span><\/li>\n<\/ul>\n<p>&nbsp;<\/p>\n<p align=\"justify\"><span style=\"font-family: Calibri;font-size: medium\">La inscripci\u00f3n tiene un costo del 30% de un salario m\u00ednimo legal vigente ($150.000).<\/span><\/p>\n<p align=\"justify\"><span style=\"font-family: Calibri;font-size: medium\">Se debe consignar en la Cuenta de Ahorros 255533119 Bancaf\u00e9. C\u00f3digo G6EB001.<\/span><\/p>\n<p align=\"justify\"><span style=\"font-family: Calibri;font-size: medium\">La matr\u00edcula semestral tiene un costo de 5 salarios m\u00ednimos mensuales vigentes.<\/span><\/p>\n<p align=\"justify\"><span style=\"font-family: Calibri;font-size: medium\">Para mayor informaci\u00f3n comunicarse con la Facultad de Ciencias Jur\u00eddicas y Sociales de la Universidad de Caldas. Tel\u00e9fono 886 27 20. Ext. 22108.<\/span><\/p>\n","protected":false},"excerpt":{"rendered":"<p>Hasta el 29 de Enero del 2010 &nbsp; Hasta el 29 de enero estar\u00e1n abiertas las inscripciones para la Maestr\u00eda en Ciencias Sociales II Cohorte, que es un programa de formaci\u00f3n en investigaci\u00f3n social, orientado a fundamentar epist\u00e9mico, te\u00f3rico y metodol\u00f3gicamente los procesos de identificaci\u00f3n, formulaci\u00f3n, ejecuci\u00f3n y evaluaci\u00f3n la producci\u00f3n de conocimiento de lo [&hellip;]<\/p>\n","protected":false},"author":2,"featured_media":0,"comment_status":"closed","ping_status":"closed","sticky":false,"template":"","format":"standard","meta":{"footnotes":""},"categories":[48,53],"tags":[],"class_list":["post-4025","post","type-post","status-publish","format-standard","hentry","category-actualidad","category-universidad-al-dia"],"yoast_head":"<!-- This site is optimized with the Yoast SEO plugin v27.5 - https:\/\/yoast.com\/product\/yoast-seo-wordpress\/ -->\n<title>Abiertas inscripciones para la Maestr\u00eda en Ciencias Sociales II Cohorte .<\/title>\n<meta name=\"robots\" content=\"index, follow, max-snippet:-1, max-image-preview:large, max-video-preview:-1\" \/>\n<link rel=\"canonical\" href=\"https:\/\/www.ucaldas.edu.co\/portal\/abiertas-inscripciones-para-la-maestria-en-ciencias-sociales-ii-cohorte\/\" \/>\n<script type=\"application\/ld+json\" class=\"yoast-schema-graph\">{\"@context\":\"https:\\\/\\\/schema.org\",\"@graph\":[{\"@type\":\"Article\",\"@id\":\"https:\\\/\\\/www.ucaldas.edu.co\\\/portal\\\/abiertas-inscripciones-para-la-maestria-en-ciencias-sociales-ii-cohorte\\\/#article\",\"isPartOf\":{\"@id\":\"https:\\\/\\\/www.ucaldas.edu.co\\\/portal\\\/abiertas-inscripciones-para-la-maestria-en-ciencias-sociales-ii-cohorte\\\/\"},\"author\":{\"name\":\"ofiprensa\",\"@id\":\"https:\\\/\\\/www.ucaldas.edu.co\\\/portal\\\/#\\\/schema\\\/person\\\/a1b482e23449158b4bc319926c074fdf\"},\"headline\":\"Abiertas inscripciones para la Maestr\u00eda en Ciencias Sociales II Cohorte\",\"datePublished\":\"2009-11-03T19:45:48+00:00\",\"mainEntityOfPage\":{\"@id\":\"https:\\\/\\\/www.ucaldas.edu.co\\\/portal\\\/abiertas-inscripciones-para-la-maestria-en-ciencias-sociales-ii-cohorte\\\/\"},\"wordCount\":289,\"publisher\":{\"@id\":\"https:\\\/\\\/www.ucaldas.edu.co\\\/portal\\\/#organization\"},\"image\":{\"@id\":\"https:\\\/\\\/www.ucaldas.edu.co\\\/portal\\\/abiertas-inscripciones-para-la-maestria-en-ciencias-sociales-ii-cohorte\\\/#primaryimage\"},\"thumbnailUrl\":\"http:\\\/\\\/www.ucaldas.edu.co\\\/images\\\/macisoII.jpg\",\"articleSection\":[\"Actualidad\",\"Universidad al D\u00eda\"],\"inLanguage\":\"es\"},{\"@type\":\"WebPage\",\"@id\":\"https:\\\/\\\/www.ucaldas.edu.co\\\/portal\\\/abiertas-inscripciones-para-la-maestria-en-ciencias-sociales-ii-cohorte\\\/\",\"url\":\"https:\\\/\\\/www.ucaldas.edu.co\\\/portal\\\/abiertas-inscripciones-para-la-maestria-en-ciencias-sociales-ii-cohorte\\\/\",\"name\":\"Abiertas inscripciones para la Maestr\u00eda en Ciencias Sociales II Cohorte .\",\"isPartOf\":{\"@id\":\"https:\\\/\\\/www.ucaldas.edu.co\\\/portal\\\/#website\"},\"primaryImageOfPage\":{\"@id\":\"https:\\\/\\\/www.ucaldas.edu.co\\\/portal\\\/abiertas-inscripciones-para-la-maestria-en-ciencias-sociales-ii-cohorte\\\/#primaryimage\"},\"image\":{\"@id\":\"https:\\\/\\\/www.ucaldas.edu.co\\\/portal\\\/abiertas-inscripciones-para-la-maestria-en-ciencias-sociales-ii-cohorte\\\/#primaryimage\"},\"thumbnailUrl\":\"http:\\\/\\\/www.ucaldas.edu.co\\\/images\\\/macisoII.jpg\",\"datePublished\":\"2009-11-03T19:45:48+00:00\",\"breadcrumb\":{\"@id\":\"https:\\\/\\\/www.ucaldas.edu.co\\\/portal\\\/abiertas-inscripciones-para-la-maestria-en-ciencias-sociales-ii-cohorte\\\/#breadcrumb\"},\"inLanguage\":\"es\",\"potentialAction\":[{\"@type\":\"ReadAction\",\"target\":[\"https:\\\/\\\/www.ucaldas.edu.co\\\/portal\\\/abiertas-inscripciones-para-la-maestria-en-ciencias-sociales-ii-cohorte\\\/\"]}]},{\"@type\":\"ImageObject\",\"inLanguage\":\"es\",\"@id\":\"https:\\\/\\\/www.ucaldas.edu.co\\\/portal\\\/abiertas-inscripciones-para-la-maestria-en-ciencias-sociales-ii-cohorte\\\/#primaryimage\",\"url\":\"http:\\\/\\\/www.ucaldas.edu.co\\\/images\\\/macisoII.jpg\",\"contentUrl\":\"http:\\\/\\\/www.ucaldas.edu.co\\\/images\\\/macisoII.jpg\"},{\"@type\":\"BreadcrumbList\",\"@id\":\"https:\\\/\\\/www.ucaldas.edu.co\\\/portal\\\/abiertas-inscripciones-para-la-maestria-en-ciencias-sociales-ii-cohorte\\\/#breadcrumb\",\"itemListElement\":[{\"@type\":\"ListItem\",\"position\":1,\"name\":\"Portada\",\"item\":\"https:\\\/\\\/www.ucaldas.edu.co\\\/portal\\\/\"},{\"@type\":\"ListItem\",\"position\":2,\"name\":\"Abiertas inscripciones para la Maestr\u00eda en Ciencias Sociales II Cohorte\"}]},{\"@type\":\"WebSite\",\"@id\":\"https:\\\/\\\/www.ucaldas.edu.co\\\/portal\\\/#website\",\"url\":\"https:\\\/\\\/www.ucaldas.edu.co\\\/portal\\\/\",\"name\":\"Universidad de Caldas\",\"description\":\"\",\"publisher\":{\"@id\":\"https:\\\/\\\/www.ucaldas.edu.co\\\/portal\\\/#organization\"},\"alternateName\":\"U. de Caldas\",\"potentialAction\":[{\"@type\":\"SearchAction\",\"target\":{\"@type\":\"EntryPoint\",\"urlTemplate\":\"https:\\\/\\\/www.ucaldas.edu.co\\\/portal\\\/?s={search_term_string}\"},\"query-input\":{\"@type\":\"PropertyValueSpecification\",\"valueRequired\":true,\"valueName\":\"search_term_string\"}}],\"inLanguage\":\"es\"},{\"@type\":\"Organization\",\"@id\":\"https:\\\/\\\/www.ucaldas.edu.co\\\/portal\\\/#organization\",\"name\":\"Universidad de Caldas\",\"alternateName\":\"U. de Caldas\",\"url\":\"https:\\\/\\\/www.ucaldas.edu.co\\\/portal\\\/\",\"logo\":{\"@type\":\"ImageObject\",\"inLanguage\":\"es\",\"@id\":\"https:\\\/\\\/www.ucaldas.edu.co\\\/portal\\\/#\\\/schema\\\/logo\\\/image\\\/\",\"url\":\"https:\\\/\\\/www.ucaldas.edu.co\\\/portal\\\/wp-content\\\/uploads\\\/2023\\\/11\\\/Logo_horizontal_oscuroU-2023.png\",\"contentUrl\":\"https:\\\/\\\/www.ucaldas.edu.co\\\/portal\\\/wp-content\\\/uploads\\\/2023\\\/11\\\/Logo_horizontal_oscuroU-2023.png\",\"width\":263,\"height\":101,\"caption\":\"Universidad de Caldas\"},\"image\":{\"@id\":\"https:\\\/\\\/www.ucaldas.edu.co\\\/portal\\\/#\\\/schema\\\/logo\\\/image\\\/\"},\"sameAs\":[\"https:\\\/\\\/www.facebook.com\\\/udecaldas\",\"https:\\\/\\\/x.com\\\/udecaldas\",\"https:\\\/\\\/www.youtube.com\\\/universidadcaldas\",\"https:\\\/\\\/www.instagram.com\\\/udecaldas\\\/\"]},{\"@type\":\"Person\",\"@id\":\"https:\\\/\\\/www.ucaldas.edu.co\\\/portal\\\/#\\\/schema\\\/person\\\/a1b482e23449158b4bc319926c074fdf\",\"name\":\"ofiprensa\",\"image\":{\"@type\":\"ImageObject\",\"inLanguage\":\"es\",\"@id\":\"https:\\\/\\\/www.ucaldas.edu.co\\\/portal\\\/wp-content\\\/litespeed\\\/avatar\\\/09ea5085e600095a7a811142c6944527.jpg?ver=1777497608\",\"url\":\"https:\\\/\\\/www.ucaldas.edu.co\\\/portal\\\/wp-content\\\/litespeed\\\/avatar\\\/09ea5085e600095a7a811142c6944527.jpg?ver=1777497608\",\"contentUrl\":\"https:\\\/\\\/www.ucaldas.edu.co\\\/portal\\\/wp-content\\\/litespeed\\\/avatar\\\/09ea5085e600095a7a811142c6944527.jpg?ver=1777497608\",\"caption\":\"ofiprensa\"},\"url\":\"https:\\\/\\\/www.ucaldas.edu.co\\\/portal\\\/author\\\/ofiprensa\\\/\"}]}<\/script>\n<!-- \/ Yoast SEO plugin. -->","yoast_head_json":{"title":"Abiertas inscripciones para la Maestr\u00eda en Ciencias Sociales II Cohorte .","robots":{"index":"index","follow":"follow","max-snippet":"max-snippet:-1","max-image-preview":"max-image-preview:large","max-video-preview":"max-video-preview:-1"},"canonical":"https:\/\/www.ucaldas.edu.co\/portal\/abiertas-inscripciones-para-la-maestria-en-ciencias-sociales-ii-cohorte\/","schema":{"@context":"https:\/\/schema.org","@graph":[{"@type":"Article","@id":"https:\/\/www.ucaldas.edu.co\/portal\/abiertas-inscripciones-para-la-maestria-en-ciencias-sociales-ii-cohorte\/#article","isPartOf":{"@id":"https:\/\/www.ucaldas.edu.co\/portal\/abiertas-inscripciones-para-la-maestria-en-ciencias-sociales-ii-cohorte\/"},"author":{"name":"ofiprensa","@id":"https:\/\/www.ucaldas.edu.co\/portal\/#\/schema\/person\/a1b482e23449158b4bc319926c074fdf"},"headline":"Abiertas inscripciones para la Maestr\u00eda en Ciencias Sociales II Cohorte","datePublished":"2009-11-03T19:45:48+00:00","mainEntityOfPage":{"@id":"https:\/\/www.ucaldas.edu.co\/portal\/abiertas-inscripciones-para-la-maestria-en-ciencias-sociales-ii-cohorte\/"},"wordCount":289,"publisher":{"@id":"https:\/\/www.ucaldas.edu.co\/portal\/#organization"},"image":{"@id":"https:\/\/www.ucaldas.edu.co\/portal\/abiertas-inscripciones-para-la-maestria-en-ciencias-sociales-ii-cohorte\/#primaryimage"},"thumbnailUrl":"http:\/\/www.ucaldas.edu.co\/images\/macisoII.jpg","articleSection":["Actualidad","Universidad al D\u00eda"],"inLanguage":"es"},{"@type":"WebPage","@id":"https:\/\/www.ucaldas.edu.co\/portal\/abiertas-inscripciones-para-la-maestria-en-ciencias-sociales-ii-cohorte\/","url":"https:\/\/www.ucaldas.edu.co\/portal\/abiertas-inscripciones-para-la-maestria-en-ciencias-sociales-ii-cohorte\/","name":"Abiertas inscripciones para la Maestr\u00eda en Ciencias Sociales II Cohorte .","isPartOf":{"@id":"https:\/\/www.ucaldas.edu.co\/portal\/#website"},"primaryImageOfPage":{"@id":"https:\/\/www.ucaldas.edu.co\/portal\/abiertas-inscripciones-para-la-maestria-en-ciencias-sociales-ii-cohorte\/#primaryimage"},"image":{"@id":"https:\/\/www.ucaldas.edu.co\/portal\/abiertas-inscripciones-para-la-maestria-en-ciencias-sociales-ii-cohorte\/#primaryimage"},"thumbnailUrl":"http:\/\/www.ucaldas.edu.co\/images\/macisoII.jpg","datePublished":"2009-11-03T19:45:48+00:00","breadcrumb":{"@id":"https:\/\/www.ucaldas.edu.co\/portal\/abiertas-inscripciones-para-la-maestria-en-ciencias-sociales-ii-cohorte\/#breadcrumb"},"inLanguage":"es","potentialAction":[{"@type":"ReadAction","target":["https:\/\/www.ucaldas.edu.co\/portal\/abiertas-inscripciones-para-la-maestria-en-ciencias-sociales-ii-cohorte\/"]}]},{"@type":"ImageObject","inLanguage":"es","@id":"https:\/\/www.ucaldas.edu.co\/portal\/abiertas-inscripciones-para-la-maestria-en-ciencias-sociales-ii-cohorte\/#primaryimage","url":"http:\/\/www.ucaldas.edu.co\/images\/macisoII.jpg","contentUrl":"http:\/\/www.ucaldas.edu.co\/images\/macisoII.jpg"},{"@type":"BreadcrumbList","@id":"https:\/\/www.ucaldas.edu.co\/portal\/abiertas-inscripciones-para-la-maestria-en-ciencias-sociales-ii-cohorte\/#breadcrumb","itemListElement":[{"@type":"ListItem","position":1,"name":"Portada","item":"https:\/\/www.ucaldas.edu.co\/portal\/"},{"@type":"ListItem","position":2,"name":"Abiertas inscripciones para la Maestr\u00eda en Ciencias Sociales II Cohorte"}]},{"@type":"WebSite","@id":"https:\/\/www.ucaldas.edu.co\/portal\/#website","url":"https:\/\/www.ucaldas.edu.co\/portal\/","name":"Universidad de Caldas","description":"","publisher":{"@id":"https:\/\/www.ucaldas.edu.co\/portal\/#organization"},"alternateName":"U. de Caldas","potentialAction":[{"@type":"SearchAction","target":{"@type":"EntryPoint","urlTemplate":"https:\/\/www.ucaldas.edu.co\/portal\/?s={search_term_string}"},"query-input":{"@type":"PropertyValueSpecification","valueRequired":true,"valueName":"search_term_string"}}],"inLanguage":"es"},{"@type":"Organization","@id":"https:\/\/www.ucaldas.edu.co\/portal\/#organization","name":"Universidad de Caldas","alternateName":"U. de Caldas","url":"https:\/\/www.ucaldas.edu.co\/portal\/","logo":{"@type":"ImageObject","inLanguage":"es","@id":"https:\/\/www.ucaldas.edu.co\/portal\/#\/schema\/logo\/image\/","url":"https:\/\/www.ucaldas.edu.co\/portal\/wp-content\/uploads\/2023\/11\/Logo_horizontal_oscuroU-2023.png","contentUrl":"https:\/\/www.ucaldas.edu.co\/portal\/wp-content\/uploads\/2023\/11\/Logo_horizontal_oscuroU-2023.png","width":263,"height":101,"caption":"Universidad de Caldas"},"image":{"@id":"https:\/\/www.ucaldas.edu.co\/portal\/#\/schema\/logo\/image\/"},"sameAs":["https:\/\/www.facebook.com\/udecaldas","https:\/\/x.com\/udecaldas","https:\/\/www.youtube.com\/universidadcaldas","https:\/\/www.instagram.com\/udecaldas\/"]},{"@type":"Person","@id":"https:\/\/www.ucaldas.edu.co\/portal\/#\/schema\/person\/a1b482e23449158b4bc319926c074fdf","name":"ofiprensa","image":{"@type":"ImageObject","inLanguage":"es","@id":"https:\/\/www.ucaldas.edu.co\/portal\/wp-content\/litespeed\/avatar\/09ea5085e600095a7a811142c6944527.jpg?ver=1777497608","url":"https:\/\/www.ucaldas.edu.co\/portal\/wp-content\/litespeed\/avatar\/09ea5085e600095a7a811142c6944527.jpg?ver=1777497608","contentUrl":"https:\/\/www.ucaldas.edu.co\/portal\/wp-content\/litespeed\/avatar\/09ea5085e600095a7a811142c6944527.jpg?ver=1777497608","caption":"ofiprensa"},"url":"https:\/\/www.ucaldas.edu.co\/portal\/author\/ofiprensa\/"}]}},"_links":{"self":[{"href":"https:\/\/www.ucaldas.edu.co\/portal\/wp-json\/wp\/v2\/posts\/4025","targetHints":{"allow":["GET"]}}],"collection":[{"href":"https:\/\/www.ucaldas.edu.co\/portal\/wp-json\/wp\/v2\/posts"}],"about":[{"href":"https:\/\/www.ucaldas.edu.co\/portal\/wp-json\/wp\/v2\/types\/post"}],"author":[{"embeddable":true,"href":"https:\/\/www.ucaldas.edu.co\/portal\/wp-json\/wp\/v2\/users\/2"}],"replies":[{"embeddable":true,"href":"https:\/\/www.ucaldas.edu.co\/portal\/wp-json\/wp\/v2\/comments?post=4025"}],"version-history":[{"count":0,"href":"https:\/\/www.ucaldas.edu.co\/portal\/wp-json\/wp\/v2\/posts\/4025\/revisions"}],"wp:attachment":[{"href":"https:\/\/www.ucaldas.edu.co\/portal\/wp-json\/wp\/v2\/media?parent=4025"}],"wp:term":[{"taxonomy":"category","embeddable":true,"href":"https:\/\/www.ucaldas.edu.co\/portal\/wp-json\/wp\/v2\/categories?post=4025"},{"taxonomy":"post_tag","embeddable":true,"href":"https:\/\/www.ucaldas.edu.co\/portal\/wp-json\/wp\/v2\/tags?post=4025"}],"curies":[{"name":"wp","href":"https:\/\/api.w.org\/{rel}","templated":true}]}}