{"id":39682,"date":"2018-02-15T20:53:47","date_gmt":"2018-02-15T20:53:47","guid":{"rendered":"https:\/\/www.ucaldas.edu.co\/portal\/?p=39682"},"modified":"2018-02-15T20:55:20","modified_gmt":"2018-02-15T20:55:20","slug":"facultad-de-ciencias-para-la-salud-u-de-caldas-avanza-en-su-agenda-de-investigacion-2018-2023","status":"publish","type":"post","link":"https:\/\/www.ucaldas.edu.co\/portal\/facultad-de-ciencias-para-la-salud-u-de-caldas-avanza-en-su-agenda-de-investigacion-2018-2023\/","title":{"rendered":"Facultad de Ciencias para la Salud U. de Caldas avanza en su Agenda de investigaci\u00f3n 2018-2023"},"content":{"rendered":"<p style=\"text-align: center;\">SIGUIENDO LOS LINEAMIENTOS DE LA VICERRECTOR\u00cdA DE INVESTIGACIONES Y POSGRADOS<\/p>\n<p style=\"text-align: center;\"><strong>Facultad de Ciencias para la Salud U. de Caldas avanza en su Agenda de investigaci\u00f3n 2018-2023<\/strong><\/p>\n<p style=\"text-align: right;\">15\/02\/2018<\/p>\n<p><strong><img loading=\"lazy\" decoding=\"async\" class=\"size-full wp-image-39683 aligncenter\" src=\"https:\/\/www.ucaldas.edu.co\/portal\/wp-content\/uploads\/2018\/02\/IMG_8430-compressor.jpg\" alt=\"\" width=\"700\" height=\"400\" srcset=\"https:\/\/www.ucaldas.edu.co\/portal\/wp-content\/uploads\/2018\/02\/IMG_8430-compressor.jpg 700w, https:\/\/www.ucaldas.edu.co\/portal\/wp-content\/uploads\/2018\/02\/IMG_8430-compressor-300x171.jpg 300w\" sizes=\"auto, (max-width: 700px) 100vw, 700px\" \/>Siguiendo los lineamientos de la Vicerrector\u00eda de Investigaciones y Posgrados<\/strong> y con la presencia de cerca de 60 docentes y expertos en investigaci\u00f3n, <strong>la Facultad de Ciencias para la Salud<\/strong> de la Universidad de Caldas <strong>avanza en su Agenda de investigaci\u00f3n 2018-2023. <\/strong><\/p>\n<p><strong>\u00a0<\/strong><!--more--><\/p>\n<p>Con la socializaci\u00f3n de los grupos y l\u00edneas de investigaci\u00f3n y la participaci\u00f3n del Instituto de Investigaciones en Salud, <strong>se da un paso m\u00e1s en integraci\u00f3n y en conocimiento de la importante producci\u00f3n cient\u00edfica que ha logrado visibilidad e impacto a nivel nacional e internacional<\/strong>.<\/p>\n<p>&nbsp;<\/p>\n<p>Este es el segundo de varios pasos que buscan de manera estrat\u00e9gica la cooperaci\u00f3n y trabajo multidisciplinario entre los diferentes actores para fortalecer la estructura y la organizaci\u00f3n de la investigaci\u00f3n de nuestra facultad, buscando generar conocimiento y aportar a la resoluci\u00f3n de problemas en las diferentes \u00e1reas disciplinares de inter\u00e9s para nuestra regi\u00f3n y el pa\u00eds.<\/p>\n<p>&nbsp;<\/p>\n<p><a href=\"https:\/\/www.facebook.com\/media\/set\/?set=a.1703392386389286.1073745903.107054166023124&amp;type=1&amp;l=a270f3bb53\">Conozca im\u00e1genes de Facultad de Ciencias para la Salud avanza en su Agenda de investigaci\u00f3n 2018-2023<\/a><\/p>\n<p>&nbsp;<\/p>\n<p><strong>Informes: <\/strong>Oficina de Comunicaciones y Prensa U. de Caldas, tel\u00e9fono 878 15 00 extensi\u00f3n 12 167.<br \/>\n<strong>Adaptaci\u00f3n:<\/strong> Margarita Laverde<\/p>\n<p>&nbsp;<\/p>\n","protected":false},"excerpt":{"rendered":"<p>SIGUIENDO LOS LINEAMIENTOS DE LA VICERRECTOR\u00cdA DE INVESTIGACIONES Y POSGRADOS Facultad de Ciencias para la Salud U. de Caldas avanza en su Agenda de investigaci\u00f3n 2018-2023 15\/02\/2018 Siguiendo los lineamientos de la Vicerrector\u00eda de Investigaciones y Posgrados y con la presencia de cerca de 60 docentes y expertos en investigaci\u00f3n, la Facultad de Ciencias para [&hellip;]<\/p>\n","protected":false},"author":2,"featured_media":39683,"comment_status":"closed","ping_status":"open","sticky":false,"template":"","format":"standard","meta":{"footnotes":""},"categories":[48,53,624],"tags":[55,191,1257,2566],"class_list":["post-39682","post","type-post","status-publish","format-standard","has-post-thumbnail","hentry","category-actualidad","category-universidad-al-dia","category-ucaldas-activa","tag-academia","tag-investigacion","tag-facultad-de-ciencias-para-la-salud","tag-agenda"],"yoast_head":"<!-- This site is optimized with the Yoast SEO plugin v27.4 - https:\/\/yoast.com\/product\/yoast-seo-wordpress\/ -->\n<title>Facultad de Ciencias para la Salud U. de Caldas avanza en su Agenda de investigaci\u00f3n 2018-2023 .<\/title>\n<meta name=\"robots\" content=\"index, follow, max-snippet:-1, max-image-preview:large, max-video-preview:-1\" \/>\n<link rel=\"canonical\" href=\"https:\/\/www.ucaldas.edu.co\/portal\/facultad-de-ciencias-para-la-salud-u-de-caldas-avanza-en-su-agenda-de-investigacion-2018-2023\/\" \/>\n<script type=\"application\/ld+json\" class=\"yoast-schema-graph\">{\"@context\":\"https:\\\/\\\/schema.org\",\"@graph\":[{\"@type\":\"Article\",\"@id\":\"https:\\\/\\\/www.ucaldas.edu.co\\\/portal\\\/facultad-de-ciencias-para-la-salud-u-de-caldas-avanza-en-su-agenda-de-investigacion-2018-2023\\\/#article\",\"isPartOf\":{\"@id\":\"https:\\\/\\\/www.ucaldas.edu.co\\\/portal\\\/facultad-de-ciencias-para-la-salud-u-de-caldas-avanza-en-su-agenda-de-investigacion-2018-2023\\\/\"},\"author\":{\"name\":\"ofiprensa\",\"@id\":\"https:\\\/\\\/www.ucaldas.edu.co\\\/portal\\\/#\\\/schema\\\/person\\\/a1b482e23449158b4bc319926c074fdf\"},\"headline\":\"Facultad de Ciencias para la Salud U. de Caldas avanza en su Agenda de investigaci\u00f3n 2018-2023\",\"datePublished\":\"2018-02-15T20:53:47+00:00\",\"dateModified\":\"2018-02-15T20:55:20+00:00\",\"mainEntityOfPage\":{\"@id\":\"https:\\\/\\\/www.ucaldas.edu.co\\\/portal\\\/facultad-de-ciencias-para-la-salud-u-de-caldas-avanza-en-su-agenda-de-investigacion-2018-2023\\\/\"},\"wordCount\":246,\"publisher\":{\"@id\":\"https:\\\/\\\/www.ucaldas.edu.co\\\/portal\\\/#organization\"},\"image\":{\"@id\":\"https:\\\/\\\/www.ucaldas.edu.co\\\/portal\\\/facultad-de-ciencias-para-la-salud-u-de-caldas-avanza-en-su-agenda-de-investigacion-2018-2023\\\/#primaryimage\"},\"thumbnailUrl\":\"https:\\\/\\\/www.ucaldas.edu.co\\\/portal\\\/wp-content\\\/uploads\\\/2018\\\/02\\\/IMG_8430-compressor.jpg\",\"keywords\":[\"academia\",\"investigaci\u00f3n\",\"Facultad de Ciencias para la Salud\",\"agenda\"],\"articleSection\":[\"Actualidad\",\"Universidad al D\u00eda\",\"UCaldas Activa\"],\"inLanguage\":\"es\"},{\"@type\":\"WebPage\",\"@id\":\"https:\\\/\\\/www.ucaldas.edu.co\\\/portal\\\/facultad-de-ciencias-para-la-salud-u-de-caldas-avanza-en-su-agenda-de-investigacion-2018-2023\\\/\",\"url\":\"https:\\\/\\\/www.ucaldas.edu.co\\\/portal\\\/facultad-de-ciencias-para-la-salud-u-de-caldas-avanza-en-su-agenda-de-investigacion-2018-2023\\\/\",\"name\":\"Facultad de Ciencias para la Salud U. de Caldas avanza en su Agenda de investigaci\u00f3n 2018-2023 .\",\"isPartOf\":{\"@id\":\"https:\\\/\\\/www.ucaldas.edu.co\\\/portal\\\/#website\"},\"primaryImageOfPage\":{\"@id\":\"https:\\\/\\\/www.ucaldas.edu.co\\\/portal\\\/facultad-de-ciencias-para-la-salud-u-de-caldas-avanza-en-su-agenda-de-investigacion-2018-2023\\\/#primaryimage\"},\"image\":{\"@id\":\"https:\\\/\\\/www.ucaldas.edu.co\\\/portal\\\/facultad-de-ciencias-para-la-salud-u-de-caldas-avanza-en-su-agenda-de-investigacion-2018-2023\\\/#primaryimage\"},\"thumbnailUrl\":\"https:\\\/\\\/www.ucaldas.edu.co\\\/portal\\\/wp-content\\\/uploads\\\/2018\\\/02\\\/IMG_8430-compressor.jpg\",\"datePublished\":\"2018-02-15T20:53:47+00:00\",\"dateModified\":\"2018-02-15T20:55:20+00:00\",\"breadcrumb\":{\"@id\":\"https:\\\/\\\/www.ucaldas.edu.co\\\/portal\\\/facultad-de-ciencias-para-la-salud-u-de-caldas-avanza-en-su-agenda-de-investigacion-2018-2023\\\/#breadcrumb\"},\"inLanguage\":\"es\",\"potentialAction\":[{\"@type\":\"ReadAction\",\"target\":[\"https:\\\/\\\/www.ucaldas.edu.co\\\/portal\\\/facultad-de-ciencias-para-la-salud-u-de-caldas-avanza-en-su-agenda-de-investigacion-2018-2023\\\/\"]}]},{\"@type\":\"ImageObject\",\"inLanguage\":\"es\",\"@id\":\"https:\\\/\\\/www.ucaldas.edu.co\\\/portal\\\/facultad-de-ciencias-para-la-salud-u-de-caldas-avanza-en-su-agenda-de-investigacion-2018-2023\\\/#primaryimage\",\"url\":\"https:\\\/\\\/www.ucaldas.edu.co\\\/portal\\\/wp-content\\\/uploads\\\/2018\\\/02\\\/IMG_8430-compressor.jpg\",\"contentUrl\":\"https:\\\/\\\/www.ucaldas.edu.co\\\/portal\\\/wp-content\\\/uploads\\\/2018\\\/02\\\/IMG_8430-compressor.jpg\",\"width\":700,\"height\":400},{\"@type\":\"BreadcrumbList\",\"@id\":\"https:\\\/\\\/www.ucaldas.edu.co\\\/portal\\\/facultad-de-ciencias-para-la-salud-u-de-caldas-avanza-en-su-agenda-de-investigacion-2018-2023\\\/#breadcrumb\",\"itemListElement\":[{\"@type\":\"ListItem\",\"position\":1,\"name\":\"Portada\",\"item\":\"https:\\\/\\\/www.ucaldas.edu.co\\\/portal\\\/\"},{\"@type\":\"ListItem\",\"position\":2,\"name\":\"Facultad de Ciencias para la Salud U. de Caldas avanza en su Agenda de investigaci\u00f3n 2018-2023\"}]},{\"@type\":\"WebSite\",\"@id\":\"https:\\\/\\\/www.ucaldas.edu.co\\\/portal\\\/#website\",\"url\":\"https:\\\/\\\/www.ucaldas.edu.co\\\/portal\\\/\",\"name\":\"Universidad de Caldas\",\"description\":\"\",\"publisher\":{\"@id\":\"https:\\\/\\\/www.ucaldas.edu.co\\\/portal\\\/#organization\"},\"alternateName\":\"U. de Caldas\",\"potentialAction\":[{\"@type\":\"SearchAction\",\"target\":{\"@type\":\"EntryPoint\",\"urlTemplate\":\"https:\\\/\\\/www.ucaldas.edu.co\\\/portal\\\/?s={search_term_string}\"},\"query-input\":{\"@type\":\"PropertyValueSpecification\",\"valueRequired\":true,\"valueName\":\"search_term_string\"}}],\"inLanguage\":\"es\"},{\"@type\":\"Organization\",\"@id\":\"https:\\\/\\\/www.ucaldas.edu.co\\\/portal\\\/#organization\",\"name\":\"Universidad de Caldas\",\"alternateName\":\"U. de Caldas\",\"url\":\"https:\\\/\\\/www.ucaldas.edu.co\\\/portal\\\/\",\"logo\":{\"@type\":\"ImageObject\",\"inLanguage\":\"es\",\"@id\":\"https:\\\/\\\/www.ucaldas.edu.co\\\/portal\\\/#\\\/schema\\\/logo\\\/image\\\/\",\"url\":\"https:\\\/\\\/www.ucaldas.edu.co\\\/portal\\\/wp-content\\\/uploads\\\/2023\\\/11\\\/Logo_horizontal_oscuroU-2023.png\",\"contentUrl\":\"https:\\\/\\\/www.ucaldas.edu.co\\\/portal\\\/wp-content\\\/uploads\\\/2023\\\/11\\\/Logo_horizontal_oscuroU-2023.png\",\"width\":263,\"height\":101,\"caption\":\"Universidad de Caldas\"},\"image\":{\"@id\":\"https:\\\/\\\/www.ucaldas.edu.co\\\/portal\\\/#\\\/schema\\\/logo\\\/image\\\/\"},\"sameAs\":[\"https:\\\/\\\/www.facebook.com\\\/udecaldas\",\"https:\\\/\\\/x.com\\\/udecaldas\",\"https:\\\/\\\/www.youtube.com\\\/universidadcaldas\",\"https:\\\/\\\/www.instagram.com\\\/udecaldas\\\/\"]},{\"@type\":\"Person\",\"@id\":\"https:\\\/\\\/www.ucaldas.edu.co\\\/portal\\\/#\\\/schema\\\/person\\\/a1b482e23449158b4bc319926c074fdf\",\"name\":\"ofiprensa\",\"image\":{\"@type\":\"ImageObject\",\"inLanguage\":\"es\",\"@id\":\"https:\\\/\\\/www.ucaldas.edu.co\\\/portal\\\/wp-content\\\/litespeed\\\/avatar\\\/09ea5085e600095a7a811142c6944527.jpg?ver=1776892805\",\"url\":\"https:\\\/\\\/www.ucaldas.edu.co\\\/portal\\\/wp-content\\\/litespeed\\\/avatar\\\/09ea5085e600095a7a811142c6944527.jpg?ver=1776892805\",\"contentUrl\":\"https:\\\/\\\/www.ucaldas.edu.co\\\/portal\\\/wp-content\\\/litespeed\\\/avatar\\\/09ea5085e600095a7a811142c6944527.jpg?ver=1776892805\",\"caption\":\"ofiprensa\"},\"url\":\"https:\\\/\\\/www.ucaldas.edu.co\\\/portal\\\/author\\\/ofiprensa\\\/\"}]}<\/script>\n<!-- \/ Yoast SEO plugin. -->","yoast_head_json":{"title":"Facultad de Ciencias para la Salud U. de Caldas avanza en su Agenda de investigaci\u00f3n 2018-2023 .","robots":{"index":"index","follow":"follow","max-snippet":"max-snippet:-1","max-image-preview":"max-image-preview:large","max-video-preview":"max-video-preview:-1"},"canonical":"https:\/\/www.ucaldas.edu.co\/portal\/facultad-de-ciencias-para-la-salud-u-de-caldas-avanza-en-su-agenda-de-investigacion-2018-2023\/","schema":{"@context":"https:\/\/schema.org","@graph":[{"@type":"Article","@id":"https:\/\/www.ucaldas.edu.co\/portal\/facultad-de-ciencias-para-la-salud-u-de-caldas-avanza-en-su-agenda-de-investigacion-2018-2023\/#article","isPartOf":{"@id":"https:\/\/www.ucaldas.edu.co\/portal\/facultad-de-ciencias-para-la-salud-u-de-caldas-avanza-en-su-agenda-de-investigacion-2018-2023\/"},"author":{"name":"ofiprensa","@id":"https:\/\/www.ucaldas.edu.co\/portal\/#\/schema\/person\/a1b482e23449158b4bc319926c074fdf"},"headline":"Facultad de Ciencias para la Salud U. de Caldas avanza en su Agenda de investigaci\u00f3n 2018-2023","datePublished":"2018-02-15T20:53:47+00:00","dateModified":"2018-02-15T20:55:20+00:00","mainEntityOfPage":{"@id":"https:\/\/www.ucaldas.edu.co\/portal\/facultad-de-ciencias-para-la-salud-u-de-caldas-avanza-en-su-agenda-de-investigacion-2018-2023\/"},"wordCount":246,"publisher":{"@id":"https:\/\/www.ucaldas.edu.co\/portal\/#organization"},"image":{"@id":"https:\/\/www.ucaldas.edu.co\/portal\/facultad-de-ciencias-para-la-salud-u-de-caldas-avanza-en-su-agenda-de-investigacion-2018-2023\/#primaryimage"},"thumbnailUrl":"https:\/\/www.ucaldas.edu.co\/portal\/wp-content\/uploads\/2018\/02\/IMG_8430-compressor.jpg","keywords":["academia","investigaci\u00f3n","Facultad de Ciencias para la Salud","agenda"],"articleSection":["Actualidad","Universidad al D\u00eda","UCaldas Activa"],"inLanguage":"es"},{"@type":"WebPage","@id":"https:\/\/www.ucaldas.edu.co\/portal\/facultad-de-ciencias-para-la-salud-u-de-caldas-avanza-en-su-agenda-de-investigacion-2018-2023\/","url":"https:\/\/www.ucaldas.edu.co\/portal\/facultad-de-ciencias-para-la-salud-u-de-caldas-avanza-en-su-agenda-de-investigacion-2018-2023\/","name":"Facultad de Ciencias para la Salud U. de Caldas avanza en su Agenda de investigaci\u00f3n 2018-2023 .","isPartOf":{"@id":"https:\/\/www.ucaldas.edu.co\/portal\/#website"},"primaryImageOfPage":{"@id":"https:\/\/www.ucaldas.edu.co\/portal\/facultad-de-ciencias-para-la-salud-u-de-caldas-avanza-en-su-agenda-de-investigacion-2018-2023\/#primaryimage"},"image":{"@id":"https:\/\/www.ucaldas.edu.co\/portal\/facultad-de-ciencias-para-la-salud-u-de-caldas-avanza-en-su-agenda-de-investigacion-2018-2023\/#primaryimage"},"thumbnailUrl":"https:\/\/www.ucaldas.edu.co\/portal\/wp-content\/uploads\/2018\/02\/IMG_8430-compressor.jpg","datePublished":"2018-02-15T20:53:47+00:00","dateModified":"2018-02-15T20:55:20+00:00","breadcrumb":{"@id":"https:\/\/www.ucaldas.edu.co\/portal\/facultad-de-ciencias-para-la-salud-u-de-caldas-avanza-en-su-agenda-de-investigacion-2018-2023\/#breadcrumb"},"inLanguage":"es","potentialAction":[{"@type":"ReadAction","target":["https:\/\/www.ucaldas.edu.co\/portal\/facultad-de-ciencias-para-la-salud-u-de-caldas-avanza-en-su-agenda-de-investigacion-2018-2023\/"]}]},{"@type":"ImageObject","inLanguage":"es","@id":"https:\/\/www.ucaldas.edu.co\/portal\/facultad-de-ciencias-para-la-salud-u-de-caldas-avanza-en-su-agenda-de-investigacion-2018-2023\/#primaryimage","url":"https:\/\/www.ucaldas.edu.co\/portal\/wp-content\/uploads\/2018\/02\/IMG_8430-compressor.jpg","contentUrl":"https:\/\/www.ucaldas.edu.co\/portal\/wp-content\/uploads\/2018\/02\/IMG_8430-compressor.jpg","width":700,"height":400},{"@type":"BreadcrumbList","@id":"https:\/\/www.ucaldas.edu.co\/portal\/facultad-de-ciencias-para-la-salud-u-de-caldas-avanza-en-su-agenda-de-investigacion-2018-2023\/#breadcrumb","itemListElement":[{"@type":"ListItem","position":1,"name":"Portada","item":"https:\/\/www.ucaldas.edu.co\/portal\/"},{"@type":"ListItem","position":2,"name":"Facultad de Ciencias para la Salud U. de Caldas avanza en su Agenda de investigaci\u00f3n 2018-2023"}]},{"@type":"WebSite","@id":"https:\/\/www.ucaldas.edu.co\/portal\/#website","url":"https:\/\/www.ucaldas.edu.co\/portal\/","name":"Universidad de Caldas","description":"","publisher":{"@id":"https:\/\/www.ucaldas.edu.co\/portal\/#organization"},"alternateName":"U. de Caldas","potentialAction":[{"@type":"SearchAction","target":{"@type":"EntryPoint","urlTemplate":"https:\/\/www.ucaldas.edu.co\/portal\/?s={search_term_string}"},"query-input":{"@type":"PropertyValueSpecification","valueRequired":true,"valueName":"search_term_string"}}],"inLanguage":"es"},{"@type":"Organization","@id":"https:\/\/www.ucaldas.edu.co\/portal\/#organization","name":"Universidad de Caldas","alternateName":"U. de Caldas","url":"https:\/\/www.ucaldas.edu.co\/portal\/","logo":{"@type":"ImageObject","inLanguage":"es","@id":"https:\/\/www.ucaldas.edu.co\/portal\/#\/schema\/logo\/image\/","url":"https:\/\/www.ucaldas.edu.co\/portal\/wp-content\/uploads\/2023\/11\/Logo_horizontal_oscuroU-2023.png","contentUrl":"https:\/\/www.ucaldas.edu.co\/portal\/wp-content\/uploads\/2023\/11\/Logo_horizontal_oscuroU-2023.png","width":263,"height":101,"caption":"Universidad de Caldas"},"image":{"@id":"https:\/\/www.ucaldas.edu.co\/portal\/#\/schema\/logo\/image\/"},"sameAs":["https:\/\/www.facebook.com\/udecaldas","https:\/\/x.com\/udecaldas","https:\/\/www.youtube.com\/universidadcaldas","https:\/\/www.instagram.com\/udecaldas\/"]},{"@type":"Person","@id":"https:\/\/www.ucaldas.edu.co\/portal\/#\/schema\/person\/a1b482e23449158b4bc319926c074fdf","name":"ofiprensa","image":{"@type":"ImageObject","inLanguage":"es","@id":"https:\/\/www.ucaldas.edu.co\/portal\/wp-content\/litespeed\/avatar\/09ea5085e600095a7a811142c6944527.jpg?ver=1776892805","url":"https:\/\/www.ucaldas.edu.co\/portal\/wp-content\/litespeed\/avatar\/09ea5085e600095a7a811142c6944527.jpg?ver=1776892805","contentUrl":"https:\/\/www.ucaldas.edu.co\/portal\/wp-content\/litespeed\/avatar\/09ea5085e600095a7a811142c6944527.jpg?ver=1776892805","caption":"ofiprensa"},"url":"https:\/\/www.ucaldas.edu.co\/portal\/author\/ofiprensa\/"}]}},"_links":{"self":[{"href":"https:\/\/www.ucaldas.edu.co\/portal\/wp-json\/wp\/v2\/posts\/39682","targetHints":{"allow":["GET"]}}],"collection":[{"href":"https:\/\/www.ucaldas.edu.co\/portal\/wp-json\/wp\/v2\/posts"}],"about":[{"href":"https:\/\/www.ucaldas.edu.co\/portal\/wp-json\/wp\/v2\/types\/post"}],"author":[{"embeddable":true,"href":"https:\/\/www.ucaldas.edu.co\/portal\/wp-json\/wp\/v2\/users\/2"}],"replies":[{"embeddable":true,"href":"https:\/\/www.ucaldas.edu.co\/portal\/wp-json\/wp\/v2\/comments?post=39682"}],"version-history":[{"count":0,"href":"https:\/\/www.ucaldas.edu.co\/portal\/wp-json\/wp\/v2\/posts\/39682\/revisions"}],"wp:featuredmedia":[{"embeddable":true,"href":"https:\/\/www.ucaldas.edu.co\/portal\/wp-json\/wp\/v2\/media\/39683"}],"wp:attachment":[{"href":"https:\/\/www.ucaldas.edu.co\/portal\/wp-json\/wp\/v2\/media?parent=39682"}],"wp:term":[{"taxonomy":"category","embeddable":true,"href":"https:\/\/www.ucaldas.edu.co\/portal\/wp-json\/wp\/v2\/categories?post=39682"},{"taxonomy":"post_tag","embeddable":true,"href":"https:\/\/www.ucaldas.edu.co\/portal\/wp-json\/wp\/v2\/tags?post=39682"}],"curies":[{"name":"wp","href":"https:\/\/api.w.org\/{rel}","templated":true}]}}