{"id":39388,"date":"2018-01-19T20:56:54","date_gmt":"2018-01-19T20:56:54","guid":{"rendered":"https:\/\/www.ucaldas.edu.co\/portal\/?p=39388"},"modified":"2018-01-19T20:56:54","modified_gmt":"2018-01-19T20:56:54","slug":"programa-de-trabajo-social-u-de-caldas-recibio-acreditacion-de-alta-calidad","status":"publish","type":"post","link":"https:\/\/www.ucaldas.edu.co\/portal\/programa-de-trabajo-social-u-de-caldas-recibio-acreditacion-de-alta-calidad\/","title":{"rendered":"Programa de Trabajo Social U. de Caldas recibi\u00f3 Acreditaci\u00f3n de Alta Calidad"},"content":{"rendered":"<p style=\"text-align: center;\">POR UN PERIODO DE SEIS A\u00d1OS Y OFRECIDO BAJO LA METODOLOG\u00cdA PRESENCIAL CON SEDE EN MANIZALES<\/p>\n<p style=\"text-align: center;\"><strong>Programa de Trabajo Social U. de Caldas recibi\u00f3 Acreditaci\u00f3n de Alta Calidad <\/strong><\/p>\n<p style=\"text-align: right;\">19\/01\/2018<\/p>\n<p>&nbsp;<\/p>\n<p><img decoding=\"async\" class=\"aligncenter\" src=\"https:\/\/www.ucaldas.edu.co\/portal\/wp-content\/uploads\/2017\/08\/compagina-compressor.jpg\" \/><\/p>\n<p>&nbsp;<\/p>\n<p>El <strong>Programa de Trabajo Social<\/strong> de la Universidad de Caldas <strong>recibi\u00f3<\/strong> el 26 de diciembre del 2017 la <strong>Acreditaci\u00f3n de Alta Calidad,<\/strong> por un periodo de seis a\u00f1os y ofrecido bajo la metodolog\u00eda presencial con sede en Manizales.<\/p>\n<p><!--more--><\/p>\n<p>El Consejo Nacional de Acreditaci\u00f3n (<strong>CNA<\/strong>) emiti\u00f3 <strong>concepto favorable recomendando<\/strong> otorgar la Acreditaci\u00f3n de Alta Calidad al programa. Adem\u00e1s <strong>hizo evidentes diversos aspectos positivos, entre los cuales cabe destacar algunos como:<\/strong><\/p>\n<p><strong>\u00a0<\/strong><\/p>\n<p>&#8211; La coherencia entre la misi\u00f3n y la visi\u00f3n del programa con el Proyecto Educativo Institucional, que cumple con los prop\u00f3sitos de proyecci\u00f3n e impacto social.<\/p>\n<p>&#8211; El cuerpo de profesores representado en 48 (6 con t\u00edtulo de doctorado y 34 con maestr\u00eda), que atienden a una poblaci\u00f3n estudiantil de 496 estudiantes.<\/p>\n<p>&#8211; Los grupos de investigaci\u00f3n y su respectiva clasificaci\u00f3n en Colciencias.<\/p>\n<p>&#8211; La deserci\u00f3n por periodo, que se encuentra por debajo del promedio nacional.<\/p>\n<p>&#8211; La extensi\u00f3n del programa, representada en 38 proyectos y actividades con financiaci\u00f3n propia, nacional e internacional.<\/p>\n<p>&#8211; El seguimiento de los egresados y el apoyo para su ingreso al mundo laboral.<\/p>\n<p>&nbsp;<\/p>\n<p><strong>Informes:<\/strong>\u00a0Oficina de Comunicaciones y Prensa U. de Caldas, tel\u00e9fono 878 15 00 extensi\u00f3n 12 167.<\/p>\n<p><strong>Redacci\u00f3n:<\/strong> Margarita Laverde<\/p>\n<p>&nbsp;<\/p>\n","protected":false},"excerpt":{"rendered":"<p>POR UN PERIODO DE SEIS A\u00d1OS Y OFRECIDO BAJO LA METODOLOG\u00cdA PRESENCIAL CON SEDE EN MANIZALES Programa de Trabajo Social U. de Caldas recibi\u00f3 Acreditaci\u00f3n de Alta Calidad 19\/01\/2018 &nbsp; &nbsp; El Programa de Trabajo Social de la Universidad de Caldas recibi\u00f3 el 26 de diciembre del 2017 la Acreditaci\u00f3n de Alta Calidad, por un [&hellip;]<\/p>\n","protected":false},"author":2,"featured_media":39389,"comment_status":"closed","ping_status":"open","sticky":false,"template":"","format":"standard","meta":{"footnotes":""},"categories":[48,53,620],"tags":[95,238,239,884],"class_list":["post-39388","post","type-post","status-publish","format-standard","has-post-thumbnail","hentry","category-actualidad","category-universidad-al-dia","category-ucaldas-transparente","tag-universidad-de-caldas","tag-acreditacion","tag-alta-calidad","tag-programa-de-trabajo-social"],"yoast_head":"<!-- This site is optimized with the Yoast SEO plugin v27.4 - https:\/\/yoast.com\/product\/yoast-seo-wordpress\/ -->\n<title>Programa de Trabajo Social U. de Caldas recibi\u00f3 Acreditaci\u00f3n de Alta Calidad .<\/title>\n<meta name=\"robots\" content=\"index, follow, max-snippet:-1, max-image-preview:large, max-video-preview:-1\" \/>\n<link rel=\"canonical\" href=\"https:\/\/www.ucaldas.edu.co\/portal\/programa-de-trabajo-social-u-de-caldas-recibio-acreditacion-de-alta-calidad\/\" \/>\n<script type=\"application\/ld+json\" class=\"yoast-schema-graph\">{\"@context\":\"https:\\\/\\\/schema.org\",\"@graph\":[{\"@type\":\"Article\",\"@id\":\"https:\\\/\\\/www.ucaldas.edu.co\\\/portal\\\/programa-de-trabajo-social-u-de-caldas-recibio-acreditacion-de-alta-calidad\\\/#article\",\"isPartOf\":{\"@id\":\"https:\\\/\\\/www.ucaldas.edu.co\\\/portal\\\/programa-de-trabajo-social-u-de-caldas-recibio-acreditacion-de-alta-calidad\\\/\"},\"author\":{\"name\":\"ofiprensa\",\"@id\":\"https:\\\/\\\/www.ucaldas.edu.co\\\/portal\\\/#\\\/schema\\\/person\\\/a1b482e23449158b4bc319926c074fdf\"},\"headline\":\"Programa de Trabajo Social U. de Caldas recibi\u00f3 Acreditaci\u00f3n de Alta Calidad\",\"datePublished\":\"2018-01-19T20:56:54+00:00\",\"mainEntityOfPage\":{\"@id\":\"https:\\\/\\\/www.ucaldas.edu.co\\\/portal\\\/programa-de-trabajo-social-u-de-caldas-recibio-acreditacion-de-alta-calidad\\\/\"},\"wordCount\":253,\"publisher\":{\"@id\":\"https:\\\/\\\/www.ucaldas.edu.co\\\/portal\\\/#organization\"},\"image\":{\"@id\":\"https:\\\/\\\/www.ucaldas.edu.co\\\/portal\\\/programa-de-trabajo-social-u-de-caldas-recibio-acreditacion-de-alta-calidad\\\/#primaryimage\"},\"thumbnailUrl\":\"https:\\\/\\\/www.ucaldas.edu.co\\\/portal\\\/wp-content\\\/uploads\\\/2018\\\/01\\\/Compagina.jpg\",\"keywords\":[\"Universidad De Caldas\",\"acreditaci\u00f3n\",\"alta calidad\",\"Programa de Trabajo Social\"],\"articleSection\":[\"Actualidad\",\"Universidad al D\u00eda\",\"UCaldas Transparente\"],\"inLanguage\":\"es\"},{\"@type\":\"WebPage\",\"@id\":\"https:\\\/\\\/www.ucaldas.edu.co\\\/portal\\\/programa-de-trabajo-social-u-de-caldas-recibio-acreditacion-de-alta-calidad\\\/\",\"url\":\"https:\\\/\\\/www.ucaldas.edu.co\\\/portal\\\/programa-de-trabajo-social-u-de-caldas-recibio-acreditacion-de-alta-calidad\\\/\",\"name\":\"Programa de Trabajo Social U. de Caldas recibi\u00f3 Acreditaci\u00f3n de Alta Calidad .\",\"isPartOf\":{\"@id\":\"https:\\\/\\\/www.ucaldas.edu.co\\\/portal\\\/#website\"},\"primaryImageOfPage\":{\"@id\":\"https:\\\/\\\/www.ucaldas.edu.co\\\/portal\\\/programa-de-trabajo-social-u-de-caldas-recibio-acreditacion-de-alta-calidad\\\/#primaryimage\"},\"image\":{\"@id\":\"https:\\\/\\\/www.ucaldas.edu.co\\\/portal\\\/programa-de-trabajo-social-u-de-caldas-recibio-acreditacion-de-alta-calidad\\\/#primaryimage\"},\"thumbnailUrl\":\"https:\\\/\\\/www.ucaldas.edu.co\\\/portal\\\/wp-content\\\/uploads\\\/2018\\\/01\\\/Compagina.jpg\",\"datePublished\":\"2018-01-19T20:56:54+00:00\",\"breadcrumb\":{\"@id\":\"https:\\\/\\\/www.ucaldas.edu.co\\\/portal\\\/programa-de-trabajo-social-u-de-caldas-recibio-acreditacion-de-alta-calidad\\\/#breadcrumb\"},\"inLanguage\":\"es\",\"potentialAction\":[{\"@type\":\"ReadAction\",\"target\":[\"https:\\\/\\\/www.ucaldas.edu.co\\\/portal\\\/programa-de-trabajo-social-u-de-caldas-recibio-acreditacion-de-alta-calidad\\\/\"]}]},{\"@type\":\"ImageObject\",\"inLanguage\":\"es\",\"@id\":\"https:\\\/\\\/www.ucaldas.edu.co\\\/portal\\\/programa-de-trabajo-social-u-de-caldas-recibio-acreditacion-de-alta-calidad\\\/#primaryimage\",\"url\":\"https:\\\/\\\/www.ucaldas.edu.co\\\/portal\\\/wp-content\\\/uploads\\\/2018\\\/01\\\/Compagina.jpg\",\"contentUrl\":\"https:\\\/\\\/www.ucaldas.edu.co\\\/portal\\\/wp-content\\\/uploads\\\/2018\\\/01\\\/Compagina.jpg\",\"width\":700,\"height\":400},{\"@type\":\"BreadcrumbList\",\"@id\":\"https:\\\/\\\/www.ucaldas.edu.co\\\/portal\\\/programa-de-trabajo-social-u-de-caldas-recibio-acreditacion-de-alta-calidad\\\/#breadcrumb\",\"itemListElement\":[{\"@type\":\"ListItem\",\"position\":1,\"name\":\"Portada\",\"item\":\"https:\\\/\\\/www.ucaldas.edu.co\\\/portal\\\/\"},{\"@type\":\"ListItem\",\"position\":2,\"name\":\"Programa de Trabajo Social U. de Caldas recibi\u00f3 Acreditaci\u00f3n de Alta Calidad\"}]},{\"@type\":\"WebSite\",\"@id\":\"https:\\\/\\\/www.ucaldas.edu.co\\\/portal\\\/#website\",\"url\":\"https:\\\/\\\/www.ucaldas.edu.co\\\/portal\\\/\",\"name\":\"Universidad de Caldas\",\"description\":\"\",\"publisher\":{\"@id\":\"https:\\\/\\\/www.ucaldas.edu.co\\\/portal\\\/#organization\"},\"alternateName\":\"U. de Caldas\",\"potentialAction\":[{\"@type\":\"SearchAction\",\"target\":{\"@type\":\"EntryPoint\",\"urlTemplate\":\"https:\\\/\\\/www.ucaldas.edu.co\\\/portal\\\/?s={search_term_string}\"},\"query-input\":{\"@type\":\"PropertyValueSpecification\",\"valueRequired\":true,\"valueName\":\"search_term_string\"}}],\"inLanguage\":\"es\"},{\"@type\":\"Organization\",\"@id\":\"https:\\\/\\\/www.ucaldas.edu.co\\\/portal\\\/#organization\",\"name\":\"Universidad de Caldas\",\"alternateName\":\"U. de Caldas\",\"url\":\"https:\\\/\\\/www.ucaldas.edu.co\\\/portal\\\/\",\"logo\":{\"@type\":\"ImageObject\",\"inLanguage\":\"es\",\"@id\":\"https:\\\/\\\/www.ucaldas.edu.co\\\/portal\\\/#\\\/schema\\\/logo\\\/image\\\/\",\"url\":\"https:\\\/\\\/www.ucaldas.edu.co\\\/portal\\\/wp-content\\\/uploads\\\/2023\\\/11\\\/Logo_horizontal_oscuroU-2023.png\",\"contentUrl\":\"https:\\\/\\\/www.ucaldas.edu.co\\\/portal\\\/wp-content\\\/uploads\\\/2023\\\/11\\\/Logo_horizontal_oscuroU-2023.png\",\"width\":263,\"height\":101,\"caption\":\"Universidad de Caldas\"},\"image\":{\"@id\":\"https:\\\/\\\/www.ucaldas.edu.co\\\/portal\\\/#\\\/schema\\\/logo\\\/image\\\/\"},\"sameAs\":[\"https:\\\/\\\/www.facebook.com\\\/udecaldas\",\"https:\\\/\\\/x.com\\\/udecaldas\",\"https:\\\/\\\/www.youtube.com\\\/universidadcaldas\",\"https:\\\/\\\/www.instagram.com\\\/udecaldas\\\/\"]},{\"@type\":\"Person\",\"@id\":\"https:\\\/\\\/www.ucaldas.edu.co\\\/portal\\\/#\\\/schema\\\/person\\\/a1b482e23449158b4bc319926c074fdf\",\"name\":\"ofiprensa\",\"image\":{\"@type\":\"ImageObject\",\"inLanguage\":\"es\",\"@id\":\"https:\\\/\\\/www.ucaldas.edu.co\\\/portal\\\/wp-content\\\/litespeed\\\/avatar\\\/09ea5085e600095a7a811142c6944527.jpg?ver=1776892805\",\"url\":\"https:\\\/\\\/www.ucaldas.edu.co\\\/portal\\\/wp-content\\\/litespeed\\\/avatar\\\/09ea5085e600095a7a811142c6944527.jpg?ver=1776892805\",\"contentUrl\":\"https:\\\/\\\/www.ucaldas.edu.co\\\/portal\\\/wp-content\\\/litespeed\\\/avatar\\\/09ea5085e600095a7a811142c6944527.jpg?ver=1776892805\",\"caption\":\"ofiprensa\"},\"url\":\"https:\\\/\\\/www.ucaldas.edu.co\\\/portal\\\/author\\\/ofiprensa\\\/\"}]}<\/script>\n<!-- \/ Yoast SEO plugin. -->","yoast_head_json":{"title":"Programa de Trabajo Social U. de Caldas recibi\u00f3 Acreditaci\u00f3n de Alta Calidad .","robots":{"index":"index","follow":"follow","max-snippet":"max-snippet:-1","max-image-preview":"max-image-preview:large","max-video-preview":"max-video-preview:-1"},"canonical":"https:\/\/www.ucaldas.edu.co\/portal\/programa-de-trabajo-social-u-de-caldas-recibio-acreditacion-de-alta-calidad\/","schema":{"@context":"https:\/\/schema.org","@graph":[{"@type":"Article","@id":"https:\/\/www.ucaldas.edu.co\/portal\/programa-de-trabajo-social-u-de-caldas-recibio-acreditacion-de-alta-calidad\/#article","isPartOf":{"@id":"https:\/\/www.ucaldas.edu.co\/portal\/programa-de-trabajo-social-u-de-caldas-recibio-acreditacion-de-alta-calidad\/"},"author":{"name":"ofiprensa","@id":"https:\/\/www.ucaldas.edu.co\/portal\/#\/schema\/person\/a1b482e23449158b4bc319926c074fdf"},"headline":"Programa de Trabajo Social U. de Caldas recibi\u00f3 Acreditaci\u00f3n de Alta Calidad","datePublished":"2018-01-19T20:56:54+00:00","mainEntityOfPage":{"@id":"https:\/\/www.ucaldas.edu.co\/portal\/programa-de-trabajo-social-u-de-caldas-recibio-acreditacion-de-alta-calidad\/"},"wordCount":253,"publisher":{"@id":"https:\/\/www.ucaldas.edu.co\/portal\/#organization"},"image":{"@id":"https:\/\/www.ucaldas.edu.co\/portal\/programa-de-trabajo-social-u-de-caldas-recibio-acreditacion-de-alta-calidad\/#primaryimage"},"thumbnailUrl":"https:\/\/www.ucaldas.edu.co\/portal\/wp-content\/uploads\/2018\/01\/Compagina.jpg","keywords":["Universidad De Caldas","acreditaci\u00f3n","alta calidad","Programa de Trabajo Social"],"articleSection":["Actualidad","Universidad al D\u00eda","UCaldas Transparente"],"inLanguage":"es"},{"@type":"WebPage","@id":"https:\/\/www.ucaldas.edu.co\/portal\/programa-de-trabajo-social-u-de-caldas-recibio-acreditacion-de-alta-calidad\/","url":"https:\/\/www.ucaldas.edu.co\/portal\/programa-de-trabajo-social-u-de-caldas-recibio-acreditacion-de-alta-calidad\/","name":"Programa de Trabajo Social U. de Caldas recibi\u00f3 Acreditaci\u00f3n de Alta Calidad .","isPartOf":{"@id":"https:\/\/www.ucaldas.edu.co\/portal\/#website"},"primaryImageOfPage":{"@id":"https:\/\/www.ucaldas.edu.co\/portal\/programa-de-trabajo-social-u-de-caldas-recibio-acreditacion-de-alta-calidad\/#primaryimage"},"image":{"@id":"https:\/\/www.ucaldas.edu.co\/portal\/programa-de-trabajo-social-u-de-caldas-recibio-acreditacion-de-alta-calidad\/#primaryimage"},"thumbnailUrl":"https:\/\/www.ucaldas.edu.co\/portal\/wp-content\/uploads\/2018\/01\/Compagina.jpg","datePublished":"2018-01-19T20:56:54+00:00","breadcrumb":{"@id":"https:\/\/www.ucaldas.edu.co\/portal\/programa-de-trabajo-social-u-de-caldas-recibio-acreditacion-de-alta-calidad\/#breadcrumb"},"inLanguage":"es","potentialAction":[{"@type":"ReadAction","target":["https:\/\/www.ucaldas.edu.co\/portal\/programa-de-trabajo-social-u-de-caldas-recibio-acreditacion-de-alta-calidad\/"]}]},{"@type":"ImageObject","inLanguage":"es","@id":"https:\/\/www.ucaldas.edu.co\/portal\/programa-de-trabajo-social-u-de-caldas-recibio-acreditacion-de-alta-calidad\/#primaryimage","url":"https:\/\/www.ucaldas.edu.co\/portal\/wp-content\/uploads\/2018\/01\/Compagina.jpg","contentUrl":"https:\/\/www.ucaldas.edu.co\/portal\/wp-content\/uploads\/2018\/01\/Compagina.jpg","width":700,"height":400},{"@type":"BreadcrumbList","@id":"https:\/\/www.ucaldas.edu.co\/portal\/programa-de-trabajo-social-u-de-caldas-recibio-acreditacion-de-alta-calidad\/#breadcrumb","itemListElement":[{"@type":"ListItem","position":1,"name":"Portada","item":"https:\/\/www.ucaldas.edu.co\/portal\/"},{"@type":"ListItem","position":2,"name":"Programa de Trabajo Social U. de Caldas recibi\u00f3 Acreditaci\u00f3n de Alta Calidad"}]},{"@type":"WebSite","@id":"https:\/\/www.ucaldas.edu.co\/portal\/#website","url":"https:\/\/www.ucaldas.edu.co\/portal\/","name":"Universidad de Caldas","description":"","publisher":{"@id":"https:\/\/www.ucaldas.edu.co\/portal\/#organization"},"alternateName":"U. de Caldas","potentialAction":[{"@type":"SearchAction","target":{"@type":"EntryPoint","urlTemplate":"https:\/\/www.ucaldas.edu.co\/portal\/?s={search_term_string}"},"query-input":{"@type":"PropertyValueSpecification","valueRequired":true,"valueName":"search_term_string"}}],"inLanguage":"es"},{"@type":"Organization","@id":"https:\/\/www.ucaldas.edu.co\/portal\/#organization","name":"Universidad de Caldas","alternateName":"U. de Caldas","url":"https:\/\/www.ucaldas.edu.co\/portal\/","logo":{"@type":"ImageObject","inLanguage":"es","@id":"https:\/\/www.ucaldas.edu.co\/portal\/#\/schema\/logo\/image\/","url":"https:\/\/www.ucaldas.edu.co\/portal\/wp-content\/uploads\/2023\/11\/Logo_horizontal_oscuroU-2023.png","contentUrl":"https:\/\/www.ucaldas.edu.co\/portal\/wp-content\/uploads\/2023\/11\/Logo_horizontal_oscuroU-2023.png","width":263,"height":101,"caption":"Universidad de Caldas"},"image":{"@id":"https:\/\/www.ucaldas.edu.co\/portal\/#\/schema\/logo\/image\/"},"sameAs":["https:\/\/www.facebook.com\/udecaldas","https:\/\/x.com\/udecaldas","https:\/\/www.youtube.com\/universidadcaldas","https:\/\/www.instagram.com\/udecaldas\/"]},{"@type":"Person","@id":"https:\/\/www.ucaldas.edu.co\/portal\/#\/schema\/person\/a1b482e23449158b4bc319926c074fdf","name":"ofiprensa","image":{"@type":"ImageObject","inLanguage":"es","@id":"https:\/\/www.ucaldas.edu.co\/portal\/wp-content\/litespeed\/avatar\/09ea5085e600095a7a811142c6944527.jpg?ver=1776892805","url":"https:\/\/www.ucaldas.edu.co\/portal\/wp-content\/litespeed\/avatar\/09ea5085e600095a7a811142c6944527.jpg?ver=1776892805","contentUrl":"https:\/\/www.ucaldas.edu.co\/portal\/wp-content\/litespeed\/avatar\/09ea5085e600095a7a811142c6944527.jpg?ver=1776892805","caption":"ofiprensa"},"url":"https:\/\/www.ucaldas.edu.co\/portal\/author\/ofiprensa\/"}]}},"_links":{"self":[{"href":"https:\/\/www.ucaldas.edu.co\/portal\/wp-json\/wp\/v2\/posts\/39388","targetHints":{"allow":["GET"]}}],"collection":[{"href":"https:\/\/www.ucaldas.edu.co\/portal\/wp-json\/wp\/v2\/posts"}],"about":[{"href":"https:\/\/www.ucaldas.edu.co\/portal\/wp-json\/wp\/v2\/types\/post"}],"author":[{"embeddable":true,"href":"https:\/\/www.ucaldas.edu.co\/portal\/wp-json\/wp\/v2\/users\/2"}],"replies":[{"embeddable":true,"href":"https:\/\/www.ucaldas.edu.co\/portal\/wp-json\/wp\/v2\/comments?post=39388"}],"version-history":[{"count":0,"href":"https:\/\/www.ucaldas.edu.co\/portal\/wp-json\/wp\/v2\/posts\/39388\/revisions"}],"wp:featuredmedia":[{"embeddable":true,"href":"https:\/\/www.ucaldas.edu.co\/portal\/wp-json\/wp\/v2\/media\/39389"}],"wp:attachment":[{"href":"https:\/\/www.ucaldas.edu.co\/portal\/wp-json\/wp\/v2\/media?parent=39388"}],"wp:term":[{"taxonomy":"category","embeddable":true,"href":"https:\/\/www.ucaldas.edu.co\/portal\/wp-json\/wp\/v2\/categories?post=39388"},{"taxonomy":"post_tag","embeddable":true,"href":"https:\/\/www.ucaldas.edu.co\/portal\/wp-json\/wp\/v2\/tags?post=39388"}],"curies":[{"name":"wp","href":"https:\/\/api.w.org\/{rel}","templated":true}]}}