{"id":39297,"date":"2017-12-21T20:55:01","date_gmt":"2017-12-21T20:55:01","guid":{"rendered":"https:\/\/www.ucaldas.edu.co\/portal\/?p=39297"},"modified":"2017-12-21T20:55:01","modified_gmt":"2017-12-21T20:55:01","slug":"estudiantes-y-docentes-participen-en-encuesta-de-investigacion-sobre-politicas-de-bilinguismo-en-ies","status":"publish","type":"post","link":"https:\/\/www.ucaldas.edu.co\/portal\/estudiantes-y-docentes-participen-en-encuesta-de-investigacion-sobre-politicas-de-bilinguismo-en-ies\/","title":{"rendered":"Estudiantes y docentes, participen en encuesta de investigaci\u00f3n sobre Pol\u00edticas de Biling\u00fcismo en IES"},"content":{"rendered":"<p style=\"text-align: center;\">ANTES DEL 15 DE FEBRERO DEL 2018<\/p>\n<p style=\"text-align: center;\"><strong>Estudiantes y docentes, participen en encuesta de investigaci\u00f3n sobre Pol\u00edticas de Biling\u00fcismo en IES<\/strong><\/p>\n<p style=\"text-align: right;\">21\/12\/2017<\/p>\n<p><img loading=\"lazy\" decoding=\"async\" class=\"alignnone size-full wp-image-39298 aligncenter\" src=\"https:\/\/www.ucaldas.edu.co\/portal\/wp-content\/uploads\/2017\/12\/MOMENTO-U.-CALDAS-2017-3-compressor-1-1.jpg\" alt=\"\" width=\"700\" height=\"400\" srcset=\"https:\/\/www.ucaldas.edu.co\/portal\/wp-content\/uploads\/2017\/12\/MOMENTO-U.-CALDAS-2017-3-compressor-1-1.jpg 700w, https:\/\/www.ucaldas.edu.co\/portal\/wp-content\/uploads\/2017\/12\/MOMENTO-U.-CALDAS-2017-3-compressor-1-1-300x171.jpg 300w\" sizes=\"auto, (max-width: 700px) 100vw, 700px\" \/>Como parte de una investigaci\u00f3n sobre Pol\u00edticas de Biling\u00fcismo en Instituciones de Educaci\u00f3n Superior realizada por el Centro de Investigaci\u00f3n y Formaci\u00f3n en Educaci\u00f3n (CIFE) de la Universidad de Los Andes y de la tesis de la Maestr\u00eda en Educaci\u00f3n, <strong>se solicita a estudiantes y docentes de la Universidad de Caldas su valiosa colaboraci\u00f3n para diligenciar la siguiente encuesta antes del 15 de febrero del 2018.<\/strong><\/p>\n<p><!--more--><\/p>\n<p>Es importante resaltar que <strong>se necesita la participaci\u00f3n de los docentes de idiomas o de CLIL- EMI de la instituci\u00f3n, sin importar su tipo de contrataci\u00f3n<\/strong>. De igual forma, los que <strong>participantes deber\u00e1n ser los estudiantes de segundo y \u00faltimo semestre de programas de pregrado.<\/strong><\/p>\n<p>&nbsp;<\/p>\n<p><a href=\"https:\/\/goo.gl\/forms\/ygRerJhCPmjpF5Xg2\">Diligencie aqu\u00ed la encuesta<\/a><\/p>\n<p>&nbsp;<\/p>\n<p><strong>Infoemes: <\/strong>con Jeniffer Posada V\u00e1squez, estudiante de la Maestr\u00eda en Educaci\u00f3n de la Universidad de Los Andes, en el correo electr\u00f3nico j.posada@uniandes.edu.co<\/p>\n<p><strong>Redacci\u00f3n:<\/strong> Margarita Laverde<\/p>\n<p>&nbsp;<\/p>\n","protected":false},"excerpt":{"rendered":"<p>ANTES DEL 15 DE FEBRERO DEL 2018 Estudiantes y docentes, participen en encuesta de investigaci\u00f3n sobre Pol\u00edticas de Biling\u00fcismo en IES 21\/12\/2017 Como parte de una investigaci\u00f3n sobre Pol\u00edticas de Biling\u00fcismo en Instituciones de Educaci\u00f3n Superior realizada por el Centro de Investigaci\u00f3n y Formaci\u00f3n en Educaci\u00f3n (CIFE) de la Universidad de Los Andes y de [&hellip;]<\/p>\n","protected":false},"author":2,"featured_media":39298,"comment_status":"closed","ping_status":"open","sticky":false,"template":"","format":"standard","meta":{"footnotes":""},"categories":[48,53,617],"tags":[63,87,95,327,1083,2534],"class_list":["post-39297","post","type-post","status-publish","format-standard","has-post-thumbnail","hentry","category-actualidad","category-universidad-al-dia","category-ucaldas-colaborativa","tag-participe","tag-estudiante","tag-universidad-de-caldas","tag-docente","tag-encuesta","tag-politicas-de-bilinguismo"],"yoast_head":"<!-- This site is optimized with the Yoast SEO plugin v27.5 - https:\/\/yoast.com\/product\/yoast-seo-wordpress\/ -->\n<title>Estudiantes y docentes, participen en encuesta de investigaci\u00f3n sobre Pol\u00edticas de Biling\u00fcismo en IES .<\/title>\n<meta name=\"robots\" content=\"index, follow, max-snippet:-1, max-image-preview:large, max-video-preview:-1\" \/>\n<link rel=\"canonical\" href=\"https:\/\/www.ucaldas.edu.co\/portal\/estudiantes-y-docentes-participen-en-encuesta-de-investigacion-sobre-politicas-de-bilinguismo-en-ies\/\" \/>\n<script type=\"application\/ld+json\" class=\"yoast-schema-graph\">{\"@context\":\"https:\\\/\\\/schema.org\",\"@graph\":[{\"@type\":\"Article\",\"@id\":\"https:\\\/\\\/www.ucaldas.edu.co\\\/portal\\\/estudiantes-y-docentes-participen-en-encuesta-de-investigacion-sobre-politicas-de-bilinguismo-en-ies\\\/#article\",\"isPartOf\":{\"@id\":\"https:\\\/\\\/www.ucaldas.edu.co\\\/portal\\\/estudiantes-y-docentes-participen-en-encuesta-de-investigacion-sobre-politicas-de-bilinguismo-en-ies\\\/\"},\"author\":{\"name\":\"ofiprensa\",\"@id\":\"https:\\\/\\\/www.ucaldas.edu.co\\\/portal\\\/#\\\/schema\\\/person\\\/a1b482e23449158b4bc319926c074fdf\"},\"headline\":\"Estudiantes y docentes, participen en encuesta de investigaci\u00f3n sobre Pol\u00edticas de Biling\u00fcismo en IES\",\"datePublished\":\"2017-12-21T20:55:01+00:00\",\"mainEntityOfPage\":{\"@id\":\"https:\\\/\\\/www.ucaldas.edu.co\\\/portal\\\/estudiantes-y-docentes-participen-en-encuesta-de-investigacion-sobre-politicas-de-bilinguismo-en-ies\\\/\"},\"wordCount\":203,\"publisher\":{\"@id\":\"https:\\\/\\\/www.ucaldas.edu.co\\\/portal\\\/#organization\"},\"image\":{\"@id\":\"https:\\\/\\\/www.ucaldas.edu.co\\\/portal\\\/estudiantes-y-docentes-participen-en-encuesta-de-investigacion-sobre-politicas-de-bilinguismo-en-ies\\\/#primaryimage\"},\"thumbnailUrl\":\"https:\\\/\\\/www.ucaldas.edu.co\\\/portal\\\/wp-content\\\/uploads\\\/2017\\\/12\\\/MOMENTO-U.-CALDAS-2017-3-compressor-1-1.jpg\",\"keywords\":[\"Participe\",\"Estudiante\",\"Universidad De Caldas\",\"docente\",\"encuesta\",\"Pol\u00edticas de Biling\u00fcismo\"],\"articleSection\":[\"Actualidad\",\"Universidad al D\u00eda\",\"UCaldas Colaborativa\"],\"inLanguage\":\"es\"},{\"@type\":\"WebPage\",\"@id\":\"https:\\\/\\\/www.ucaldas.edu.co\\\/portal\\\/estudiantes-y-docentes-participen-en-encuesta-de-investigacion-sobre-politicas-de-bilinguismo-en-ies\\\/\",\"url\":\"https:\\\/\\\/www.ucaldas.edu.co\\\/portal\\\/estudiantes-y-docentes-participen-en-encuesta-de-investigacion-sobre-politicas-de-bilinguismo-en-ies\\\/\",\"name\":\"Estudiantes y docentes, participen en encuesta de investigaci\u00f3n sobre Pol\u00edticas de Biling\u00fcismo en IES .\",\"isPartOf\":{\"@id\":\"https:\\\/\\\/www.ucaldas.edu.co\\\/portal\\\/#website\"},\"primaryImageOfPage\":{\"@id\":\"https:\\\/\\\/www.ucaldas.edu.co\\\/portal\\\/estudiantes-y-docentes-participen-en-encuesta-de-investigacion-sobre-politicas-de-bilinguismo-en-ies\\\/#primaryimage\"},\"image\":{\"@id\":\"https:\\\/\\\/www.ucaldas.edu.co\\\/portal\\\/estudiantes-y-docentes-participen-en-encuesta-de-investigacion-sobre-politicas-de-bilinguismo-en-ies\\\/#primaryimage\"},\"thumbnailUrl\":\"https:\\\/\\\/www.ucaldas.edu.co\\\/portal\\\/wp-content\\\/uploads\\\/2017\\\/12\\\/MOMENTO-U.-CALDAS-2017-3-compressor-1-1.jpg\",\"datePublished\":\"2017-12-21T20:55:01+00:00\",\"breadcrumb\":{\"@id\":\"https:\\\/\\\/www.ucaldas.edu.co\\\/portal\\\/estudiantes-y-docentes-participen-en-encuesta-de-investigacion-sobre-politicas-de-bilinguismo-en-ies\\\/#breadcrumb\"},\"inLanguage\":\"es\",\"potentialAction\":[{\"@type\":\"ReadAction\",\"target\":[\"https:\\\/\\\/www.ucaldas.edu.co\\\/portal\\\/estudiantes-y-docentes-participen-en-encuesta-de-investigacion-sobre-politicas-de-bilinguismo-en-ies\\\/\"]}]},{\"@type\":\"ImageObject\",\"inLanguage\":\"es\",\"@id\":\"https:\\\/\\\/www.ucaldas.edu.co\\\/portal\\\/estudiantes-y-docentes-participen-en-encuesta-de-investigacion-sobre-politicas-de-bilinguismo-en-ies\\\/#primaryimage\",\"url\":\"https:\\\/\\\/www.ucaldas.edu.co\\\/portal\\\/wp-content\\\/uploads\\\/2017\\\/12\\\/MOMENTO-U.-CALDAS-2017-3-compressor-1-1.jpg\",\"contentUrl\":\"https:\\\/\\\/www.ucaldas.edu.co\\\/portal\\\/wp-content\\\/uploads\\\/2017\\\/12\\\/MOMENTO-U.-CALDAS-2017-3-compressor-1-1.jpg\",\"width\":700,\"height\":400},{\"@type\":\"BreadcrumbList\",\"@id\":\"https:\\\/\\\/www.ucaldas.edu.co\\\/portal\\\/estudiantes-y-docentes-participen-en-encuesta-de-investigacion-sobre-politicas-de-bilinguismo-en-ies\\\/#breadcrumb\",\"itemListElement\":[{\"@type\":\"ListItem\",\"position\":1,\"name\":\"Portada\",\"item\":\"https:\\\/\\\/www.ucaldas.edu.co\\\/portal\\\/\"},{\"@type\":\"ListItem\",\"position\":2,\"name\":\"Estudiantes y docentes, participen en encuesta de investigaci\u00f3n sobre Pol\u00edticas de Biling\u00fcismo en IES\"}]},{\"@type\":\"WebSite\",\"@id\":\"https:\\\/\\\/www.ucaldas.edu.co\\\/portal\\\/#website\",\"url\":\"https:\\\/\\\/www.ucaldas.edu.co\\\/portal\\\/\",\"name\":\"Universidad de Caldas\",\"description\":\"\",\"publisher\":{\"@id\":\"https:\\\/\\\/www.ucaldas.edu.co\\\/portal\\\/#organization\"},\"alternateName\":\"U. de Caldas\",\"potentialAction\":[{\"@type\":\"SearchAction\",\"target\":{\"@type\":\"EntryPoint\",\"urlTemplate\":\"https:\\\/\\\/www.ucaldas.edu.co\\\/portal\\\/?s={search_term_string}\"},\"query-input\":{\"@type\":\"PropertyValueSpecification\",\"valueRequired\":true,\"valueName\":\"search_term_string\"}}],\"inLanguage\":\"es\"},{\"@type\":\"Organization\",\"@id\":\"https:\\\/\\\/www.ucaldas.edu.co\\\/portal\\\/#organization\",\"name\":\"Universidad de Caldas\",\"alternateName\":\"U. de Caldas\",\"url\":\"https:\\\/\\\/www.ucaldas.edu.co\\\/portal\\\/\",\"logo\":{\"@type\":\"ImageObject\",\"inLanguage\":\"es\",\"@id\":\"https:\\\/\\\/www.ucaldas.edu.co\\\/portal\\\/#\\\/schema\\\/logo\\\/image\\\/\",\"url\":\"https:\\\/\\\/www.ucaldas.edu.co\\\/portal\\\/wp-content\\\/uploads\\\/2023\\\/11\\\/Logo_horizontal_oscuroU-2023.png\",\"contentUrl\":\"https:\\\/\\\/www.ucaldas.edu.co\\\/portal\\\/wp-content\\\/uploads\\\/2023\\\/11\\\/Logo_horizontal_oscuroU-2023.png\",\"width\":263,\"height\":101,\"caption\":\"Universidad de Caldas\"},\"image\":{\"@id\":\"https:\\\/\\\/www.ucaldas.edu.co\\\/portal\\\/#\\\/schema\\\/logo\\\/image\\\/\"},\"sameAs\":[\"https:\\\/\\\/www.facebook.com\\\/udecaldas\",\"https:\\\/\\\/x.com\\\/udecaldas\",\"https:\\\/\\\/www.youtube.com\\\/universidadcaldas\",\"https:\\\/\\\/www.instagram.com\\\/udecaldas\\\/\"]},{\"@type\":\"Person\",\"@id\":\"https:\\\/\\\/www.ucaldas.edu.co\\\/portal\\\/#\\\/schema\\\/person\\\/a1b482e23449158b4bc319926c074fdf\",\"name\":\"ofiprensa\",\"image\":{\"@type\":\"ImageObject\",\"inLanguage\":\"es\",\"@id\":\"https:\\\/\\\/www.ucaldas.edu.co\\\/portal\\\/wp-content\\\/litespeed\\\/avatar\\\/09ea5085e600095a7a811142c6944527.jpg?ver=1777497608\",\"url\":\"https:\\\/\\\/www.ucaldas.edu.co\\\/portal\\\/wp-content\\\/litespeed\\\/avatar\\\/09ea5085e600095a7a811142c6944527.jpg?ver=1777497608\",\"contentUrl\":\"https:\\\/\\\/www.ucaldas.edu.co\\\/portal\\\/wp-content\\\/litespeed\\\/avatar\\\/09ea5085e600095a7a811142c6944527.jpg?ver=1777497608\",\"caption\":\"ofiprensa\"},\"url\":\"https:\\\/\\\/www.ucaldas.edu.co\\\/portal\\\/author\\\/ofiprensa\\\/\"}]}<\/script>\n<!-- \/ Yoast SEO plugin. -->","yoast_head_json":{"title":"Estudiantes y docentes, participen en encuesta de investigaci\u00f3n sobre Pol\u00edticas de Biling\u00fcismo en IES .","robots":{"index":"index","follow":"follow","max-snippet":"max-snippet:-1","max-image-preview":"max-image-preview:large","max-video-preview":"max-video-preview:-1"},"canonical":"https:\/\/www.ucaldas.edu.co\/portal\/estudiantes-y-docentes-participen-en-encuesta-de-investigacion-sobre-politicas-de-bilinguismo-en-ies\/","schema":{"@context":"https:\/\/schema.org","@graph":[{"@type":"Article","@id":"https:\/\/www.ucaldas.edu.co\/portal\/estudiantes-y-docentes-participen-en-encuesta-de-investigacion-sobre-politicas-de-bilinguismo-en-ies\/#article","isPartOf":{"@id":"https:\/\/www.ucaldas.edu.co\/portal\/estudiantes-y-docentes-participen-en-encuesta-de-investigacion-sobre-politicas-de-bilinguismo-en-ies\/"},"author":{"name":"ofiprensa","@id":"https:\/\/www.ucaldas.edu.co\/portal\/#\/schema\/person\/a1b482e23449158b4bc319926c074fdf"},"headline":"Estudiantes y docentes, participen en encuesta de investigaci\u00f3n sobre Pol\u00edticas de Biling\u00fcismo en IES","datePublished":"2017-12-21T20:55:01+00:00","mainEntityOfPage":{"@id":"https:\/\/www.ucaldas.edu.co\/portal\/estudiantes-y-docentes-participen-en-encuesta-de-investigacion-sobre-politicas-de-bilinguismo-en-ies\/"},"wordCount":203,"publisher":{"@id":"https:\/\/www.ucaldas.edu.co\/portal\/#organization"},"image":{"@id":"https:\/\/www.ucaldas.edu.co\/portal\/estudiantes-y-docentes-participen-en-encuesta-de-investigacion-sobre-politicas-de-bilinguismo-en-ies\/#primaryimage"},"thumbnailUrl":"https:\/\/www.ucaldas.edu.co\/portal\/wp-content\/uploads\/2017\/12\/MOMENTO-U.-CALDAS-2017-3-compressor-1-1.jpg","keywords":["Participe","Estudiante","Universidad De Caldas","docente","encuesta","Pol\u00edticas de Biling\u00fcismo"],"articleSection":["Actualidad","Universidad al D\u00eda","UCaldas Colaborativa"],"inLanguage":"es"},{"@type":"WebPage","@id":"https:\/\/www.ucaldas.edu.co\/portal\/estudiantes-y-docentes-participen-en-encuesta-de-investigacion-sobre-politicas-de-bilinguismo-en-ies\/","url":"https:\/\/www.ucaldas.edu.co\/portal\/estudiantes-y-docentes-participen-en-encuesta-de-investigacion-sobre-politicas-de-bilinguismo-en-ies\/","name":"Estudiantes y docentes, participen en encuesta de investigaci\u00f3n sobre Pol\u00edticas de Biling\u00fcismo en IES .","isPartOf":{"@id":"https:\/\/www.ucaldas.edu.co\/portal\/#website"},"primaryImageOfPage":{"@id":"https:\/\/www.ucaldas.edu.co\/portal\/estudiantes-y-docentes-participen-en-encuesta-de-investigacion-sobre-politicas-de-bilinguismo-en-ies\/#primaryimage"},"image":{"@id":"https:\/\/www.ucaldas.edu.co\/portal\/estudiantes-y-docentes-participen-en-encuesta-de-investigacion-sobre-politicas-de-bilinguismo-en-ies\/#primaryimage"},"thumbnailUrl":"https:\/\/www.ucaldas.edu.co\/portal\/wp-content\/uploads\/2017\/12\/MOMENTO-U.-CALDAS-2017-3-compressor-1-1.jpg","datePublished":"2017-12-21T20:55:01+00:00","breadcrumb":{"@id":"https:\/\/www.ucaldas.edu.co\/portal\/estudiantes-y-docentes-participen-en-encuesta-de-investigacion-sobre-politicas-de-bilinguismo-en-ies\/#breadcrumb"},"inLanguage":"es","potentialAction":[{"@type":"ReadAction","target":["https:\/\/www.ucaldas.edu.co\/portal\/estudiantes-y-docentes-participen-en-encuesta-de-investigacion-sobre-politicas-de-bilinguismo-en-ies\/"]}]},{"@type":"ImageObject","inLanguage":"es","@id":"https:\/\/www.ucaldas.edu.co\/portal\/estudiantes-y-docentes-participen-en-encuesta-de-investigacion-sobre-politicas-de-bilinguismo-en-ies\/#primaryimage","url":"https:\/\/www.ucaldas.edu.co\/portal\/wp-content\/uploads\/2017\/12\/MOMENTO-U.-CALDAS-2017-3-compressor-1-1.jpg","contentUrl":"https:\/\/www.ucaldas.edu.co\/portal\/wp-content\/uploads\/2017\/12\/MOMENTO-U.-CALDAS-2017-3-compressor-1-1.jpg","width":700,"height":400},{"@type":"BreadcrumbList","@id":"https:\/\/www.ucaldas.edu.co\/portal\/estudiantes-y-docentes-participen-en-encuesta-de-investigacion-sobre-politicas-de-bilinguismo-en-ies\/#breadcrumb","itemListElement":[{"@type":"ListItem","position":1,"name":"Portada","item":"https:\/\/www.ucaldas.edu.co\/portal\/"},{"@type":"ListItem","position":2,"name":"Estudiantes y docentes, participen en encuesta de investigaci\u00f3n sobre Pol\u00edticas de Biling\u00fcismo en IES"}]},{"@type":"WebSite","@id":"https:\/\/www.ucaldas.edu.co\/portal\/#website","url":"https:\/\/www.ucaldas.edu.co\/portal\/","name":"Universidad de Caldas","description":"","publisher":{"@id":"https:\/\/www.ucaldas.edu.co\/portal\/#organization"},"alternateName":"U. de Caldas","potentialAction":[{"@type":"SearchAction","target":{"@type":"EntryPoint","urlTemplate":"https:\/\/www.ucaldas.edu.co\/portal\/?s={search_term_string}"},"query-input":{"@type":"PropertyValueSpecification","valueRequired":true,"valueName":"search_term_string"}}],"inLanguage":"es"},{"@type":"Organization","@id":"https:\/\/www.ucaldas.edu.co\/portal\/#organization","name":"Universidad de Caldas","alternateName":"U. de Caldas","url":"https:\/\/www.ucaldas.edu.co\/portal\/","logo":{"@type":"ImageObject","inLanguage":"es","@id":"https:\/\/www.ucaldas.edu.co\/portal\/#\/schema\/logo\/image\/","url":"https:\/\/www.ucaldas.edu.co\/portal\/wp-content\/uploads\/2023\/11\/Logo_horizontal_oscuroU-2023.png","contentUrl":"https:\/\/www.ucaldas.edu.co\/portal\/wp-content\/uploads\/2023\/11\/Logo_horizontal_oscuroU-2023.png","width":263,"height":101,"caption":"Universidad de Caldas"},"image":{"@id":"https:\/\/www.ucaldas.edu.co\/portal\/#\/schema\/logo\/image\/"},"sameAs":["https:\/\/www.facebook.com\/udecaldas","https:\/\/x.com\/udecaldas","https:\/\/www.youtube.com\/universidadcaldas","https:\/\/www.instagram.com\/udecaldas\/"]},{"@type":"Person","@id":"https:\/\/www.ucaldas.edu.co\/portal\/#\/schema\/person\/a1b482e23449158b4bc319926c074fdf","name":"ofiprensa","image":{"@type":"ImageObject","inLanguage":"es","@id":"https:\/\/www.ucaldas.edu.co\/portal\/wp-content\/litespeed\/avatar\/09ea5085e600095a7a811142c6944527.jpg?ver=1777497608","url":"https:\/\/www.ucaldas.edu.co\/portal\/wp-content\/litespeed\/avatar\/09ea5085e600095a7a811142c6944527.jpg?ver=1777497608","contentUrl":"https:\/\/www.ucaldas.edu.co\/portal\/wp-content\/litespeed\/avatar\/09ea5085e600095a7a811142c6944527.jpg?ver=1777497608","caption":"ofiprensa"},"url":"https:\/\/www.ucaldas.edu.co\/portal\/author\/ofiprensa\/"}]}},"_links":{"self":[{"href":"https:\/\/www.ucaldas.edu.co\/portal\/wp-json\/wp\/v2\/posts\/39297","targetHints":{"allow":["GET"]}}],"collection":[{"href":"https:\/\/www.ucaldas.edu.co\/portal\/wp-json\/wp\/v2\/posts"}],"about":[{"href":"https:\/\/www.ucaldas.edu.co\/portal\/wp-json\/wp\/v2\/types\/post"}],"author":[{"embeddable":true,"href":"https:\/\/www.ucaldas.edu.co\/portal\/wp-json\/wp\/v2\/users\/2"}],"replies":[{"embeddable":true,"href":"https:\/\/www.ucaldas.edu.co\/portal\/wp-json\/wp\/v2\/comments?post=39297"}],"version-history":[{"count":0,"href":"https:\/\/www.ucaldas.edu.co\/portal\/wp-json\/wp\/v2\/posts\/39297\/revisions"}],"wp:featuredmedia":[{"embeddable":true,"href":"https:\/\/www.ucaldas.edu.co\/portal\/wp-json\/wp\/v2\/media\/39298"}],"wp:attachment":[{"href":"https:\/\/www.ucaldas.edu.co\/portal\/wp-json\/wp\/v2\/media?parent=39297"}],"wp:term":[{"taxonomy":"category","embeddable":true,"href":"https:\/\/www.ucaldas.edu.co\/portal\/wp-json\/wp\/v2\/categories?post=39297"},{"taxonomy":"post_tag","embeddable":true,"href":"https:\/\/www.ucaldas.edu.co\/portal\/wp-json\/wp\/v2\/tags?post=39297"}],"curies":[{"name":"wp","href":"https:\/\/api.w.org\/{rel}","templated":true}]}}