{"id":39076,"date":"2017-12-11T16:24:22","date_gmt":"2017-12-11T16:24:22","guid":{"rendered":"https:\/\/www.ucaldas.edu.co\/portal\/?p=39076"},"modified":"2017-12-11T19:56:39","modified_gmt":"2017-12-11T19:56:39","slug":"avanza-proyecto-para-identificar-avifauna-de-la-u-de-caldas","status":"publish","type":"post","link":"https:\/\/www.ucaldas.edu.co\/portal\/avanza-proyecto-para-identificar-avifauna-de-la-u-de-caldas\/","title":{"rendered":"Avanza proyecto para identificar avifauna de la U. de Caldas"},"content":{"rendered":"<figure id=\"attachment_39077\" aria-describedby=\"caption-attachment-39077\" style=\"width: 1187px\" class=\"wp-caption aligncenter\"><img loading=\"lazy\" decoding=\"async\" class=\"wp-image-39077 size-full\" src=\"https:\/\/www.ucaldas.edu.co\/portal\/wp-content\/uploads\/2017\/12\/Proyecto-Avifauna-Universidad-de-Caldas.jpg\" alt=\"\" width=\"1187\" height=\"676\" srcset=\"https:\/\/www.ucaldas.edu.co\/portal\/wp-content\/uploads\/2017\/12\/Proyecto-Avifauna-Universidad-de-Caldas.jpg 1187w, https:\/\/www.ucaldas.edu.co\/portal\/wp-content\/uploads\/2017\/12\/Proyecto-Avifauna-Universidad-de-Caldas-300x171.jpg 300w, https:\/\/www.ucaldas.edu.co\/portal\/wp-content\/uploads\/2017\/12\/Proyecto-Avifauna-Universidad-de-Caldas-768x437.jpg 768w, https:\/\/www.ucaldas.edu.co\/portal\/wp-content\/uploads\/2017\/12\/Proyecto-Avifauna-Universidad-de-Caldas-1024x583.jpg 1024w\" sizes=\"auto, (max-width: 1187px) 100vw, 1187px\" \/><figcaption id=\"caption-attachment-39077\" class=\"wp-caption-text\">Fotos cortes\u00eda profesor Germ\u00e1n G\u00f3mez Londo\u00f1o: En la imagen, el Momotus aequatorialis (Barranquero de tierras altas de los Andes).<\/figcaption><\/figure>\n<p><strong>Identificar la avifauna en los diferentes campus y granjas de la Universidad de Caldas<\/strong> y dar a conocer su importancia funcional y ecol\u00f3gica a trav\u00e9s de la publicaci\u00f3n de un texto de libre acceso, es el objetivo que persigue un grupo de docentes y estudiantes de maestr\u00eda de la instituci\u00f3n.<\/p>\n<p><!--more--><\/p>\n<p>Gracias a la diversidad de lugares en los que hay presencia de la universidad en el departamento de Caldas, entre el grupo de investigadores surgi\u00f3 la inquietud de c\u00f3mo <strong>valorar todo ese patrimonio biol\u00f3gico que no solo es de la comunidad universitaria<\/strong> sino tambi\u00e9n de todos los caldenses.<\/p>\n<p>\u00abVenimos trabajando desde hace varios meses en este proceso haciendo <strong>registros fotogr\u00e1ficos de la avifauna,<\/strong> con el \u00e1nimo de <strong>generar a futuro un texto que sea de un valor educativo sobre la importancia y relevancia que tienen las aves dentro de los ecosistemas<\/strong> urbanos y rurales de nuestra universidad\u00bb, explic\u00f3 <strong>Gabriel Jaime Casta\u00f1o Villa, profesor asociado de la Facultad de Ciencias Agropecuarias<\/strong> y coordinador del proyecto.<\/p>\n<p>Con los monitoreos realizados hasta el momento, se calcula que <strong>en la U. de Caldas se pueden encontrar entre 170 y 200 especies de aves<\/strong>, algunas de ellas end\u00e9micas y otras migratorias. El prop\u00f3sito de la publicaci\u00f3n propuesta no es realizar un inventario de todas ellas sino mostrar su rol ecol\u00f3gico en los ecosistemas.<\/p>\n<p>\u00abLa idea es que la gente, despu\u00e9s de que lo lea, conozca que un grupo de <strong>aves es fundamental porque participa en procesos ecol\u00f3gicos como la dispersi\u00f3n, la polinizaci\u00f3n, el control de insectos<\/strong> y por eso tiene una relevancia para la din\u00e1mica misma y sostenimiento de la biodiversidad en general\u00bb, anot\u00f3 el investigador.<\/p>\n<p>&nbsp;<\/p>\n<p><strong>Aviturismo<\/strong><\/p>\n<figure id=\"attachment_39079\" aria-describedby=\"caption-attachment-39079\" style=\"width: 773px\" class=\"wp-caption alignleft\"><img loading=\"lazy\" decoding=\"async\" class=\"size-full wp-image-39079\" src=\"https:\/\/www.ucaldas.edu.co\/portal\/wp-content\/uploads\/2017\/12\/Buteo-platypterus-copia.jpg\" alt=\"\" width=\"773\" height=\"515\" srcset=\"https:\/\/www.ucaldas.edu.co\/portal\/wp-content\/uploads\/2017\/12\/Buteo-platypterus-copia.jpg 773w, https:\/\/www.ucaldas.edu.co\/portal\/wp-content\/uploads\/2017\/12\/Buteo-platypterus-copia-300x200.jpg 300w, https:\/\/www.ucaldas.edu.co\/portal\/wp-content\/uploads\/2017\/12\/Buteo-platypterus-copia-768x512.jpg 768w\" sizes=\"auto, (max-width: 773px) 100vw, 773px\" \/><figcaption id=\"caption-attachment-39079\" class=\"wp-caption-text\">Buteo platypterus (\u00e1guila aliancha o gavil\u00e1n aliancho).<\/figcaption><\/figure>\n<p>Adem\u00e1s del prop\u00f3sito educativo del proyecto, tambi\u00e9n se podr\u00eda <strong>impulsar a la Universidad de Caldas como destino de referencia para el aviturismo<\/strong>, pues se recuerda que en Colombia se encuentran cerca de 1.898 especies de aves (cerca del 20% del total mundial) y <strong>en Caldas se tienen registros v\u00e1lidos de 877 especies<\/strong>, seg\u00fan un estudio de Corpocaldas y la Asociaci\u00f3n Calidris en 2010.<\/p>\n<p>\u00abLas granjas de la universidad est\u00e1n relativamente cerca de sitios tur\u00edsticos como el caso de Montelindo y el Jard\u00edn Bot\u00e1nico en el Campus Central est\u00e1 inmerso en la ciudad y tiene una gran diversidad, entonces esta informaci\u00f3n puede <strong>promover tambi\u00e9n las visitas de personas externas de la universidad a nuestros campus<\/strong> para conocer esa biodiversidad y eso puede tener un impacto positivo para la regi\u00f3n\u00bb, concluy\u00f3 Casta\u00f1o Villa.<\/p>\n<p>&nbsp;<\/p>\n<p><strong>Varias disciplinas<\/strong><\/p>\n<p>El equipo interdisciplinario que trabaja en esta investigaci\u00f3n est\u00e1 conformado por el profesor <strong>Germ\u00e1n G\u00f3mez Londo\u00f1o, del Departamento de Producci\u00f3n Agropecuaria de la Facultad de Ciencias Agropecuarias<\/strong>, y quien se encarga de la fotograf\u00eda. Tambi\u00e9n est\u00e1 el profesor <strong>Yasaldez Loaiza Zuluaga, de la Facultad de Artes y Humanidades<\/strong>, quien da orientaci\u00f3n para que los textos y publicaciones que se desprendan de la investigaci\u00f3n tengan un car\u00e1cter educativo.<\/p>\n<p>\u00abTambi\u00e9n est\u00e1 el profesor <strong>Marcelo L\u00f3pez de la Facultad de Ingenier\u00eda<\/strong>, y la <strong>profesora Germana Carolina Soler Mill\u00e1n, del Departamento de Lenguas Extranjeras<\/strong>, porque la idea es que podamos tener una versi\u00f3n en PDF que est\u00e9 en ingl\u00e9s y quiz\u00e1s en otro idioma adicional para que la gente pueda leer la historia y relevancia de la avifauna de la Universidad de Caldas en muchas partes del mundo\u00bb, indic\u00f3 el coordinador del proyecto..<\/p>\n<p>El grupo lo complementan las <strong>estudiantes de la Maestr\u00eda en Ciencias Biol\u00f3gicas Estefany Tatiana Mart\u00ednez y Marelin Cardona<\/strong>, quienes colaborar con la recopilaci\u00f3n de informaci\u00f3n y los monitoreos en campo que se est\u00e1n desarrollando.<\/p>\n<p><em><strong>*En la pr\u00f3xima edici\u00f3n del peri\u00f3dico Ciencia para todos de la U. de Caldas, se podr\u00e1 encontrar otro art\u00edculo sobre este proyecto.<\/strong><\/em><\/p>\n<p>&nbsp;<\/p>\n<p><strong>Informes:<\/strong> Oficina de Comunicaciones y Prensa U. de Caldas, tel\u00e9fono 878 15 00 extensi\u00f3n 12 167.<\/p>\n<p><strong>Redacci\u00f3n:<\/strong> Mauricio D\u00edaz G\u00f3mez.<\/p>\n","protected":false},"excerpt":{"rendered":"<p>Identificar la avifauna en los diferentes campus y granjas de la Universidad de Caldas y dar a conocer su importancia funcional y ecol\u00f3gica a trav\u00e9s de la publicaci\u00f3n de un texto de libre acceso, es el objetivo que persigue un grupo de docentes y estudiantes de maestr\u00eda de la instituci\u00f3n.<\/p>\n","protected":false},"author":2,"featured_media":39077,"comment_status":"closed","ping_status":"open","sticky":false,"template":"","format":"standard","meta":{"footnotes":""},"categories":[48,53,756],"tags":[2510,2511,95,291,2506,2507,2508,2509],"class_list":["post-39076","post","type-post","status-publish","format-standard","has-post-thumbnail","hentry","category-actualidad","category-universidad-al-dia","category-ucaldas-verde","tag-aves-caldas","tag-aves-manizales","tag-universidad-de-caldas","tag-facultad-de-ciencias-agropecuarias","tag-avifauna","tag-aviturismo","tag-ecosistemas","tag-aves-colombia"],"yoast_head":"<!-- This site is optimized with the Yoast SEO plugin v27.5 - https:\/\/yoast.com\/product\/yoast-seo-wordpress\/ -->\n<title>Avanza proyecto para identificar avifauna de la U. de Caldas .<\/title>\n<meta name=\"robots\" content=\"index, follow, max-snippet:-1, max-image-preview:large, max-video-preview:-1\" \/>\n<link rel=\"canonical\" href=\"https:\/\/www.ucaldas.edu.co\/portal\/avanza-proyecto-para-identificar-avifauna-de-la-u-de-caldas\/\" \/>\n<script type=\"application\/ld+json\" class=\"yoast-schema-graph\">{\"@context\":\"https:\\\/\\\/schema.org\",\"@graph\":[{\"@type\":\"Article\",\"@id\":\"https:\\\/\\\/www.ucaldas.edu.co\\\/portal\\\/avanza-proyecto-para-identificar-avifauna-de-la-u-de-caldas\\\/#article\",\"isPartOf\":{\"@id\":\"https:\\\/\\\/www.ucaldas.edu.co\\\/portal\\\/avanza-proyecto-para-identificar-avifauna-de-la-u-de-caldas\\\/\"},\"author\":{\"name\":\"ofiprensa\",\"@id\":\"https:\\\/\\\/www.ucaldas.edu.co\\\/portal\\\/#\\\/schema\\\/person\\\/a1b482e23449158b4bc319926c074fdf\"},\"headline\":\"Avanza proyecto para identificar avifauna de la U. de Caldas\",\"datePublished\":\"2017-12-11T16:24:22+00:00\",\"dateModified\":\"2017-12-11T19:56:39+00:00\",\"mainEntityOfPage\":{\"@id\":\"https:\\\/\\\/www.ucaldas.edu.co\\\/portal\\\/avanza-proyecto-para-identificar-avifauna-de-la-u-de-caldas\\\/\"},\"wordCount\":733,\"publisher\":{\"@id\":\"https:\\\/\\\/www.ucaldas.edu.co\\\/portal\\\/#organization\"},\"image\":{\"@id\":\"https:\\\/\\\/www.ucaldas.edu.co\\\/portal\\\/avanza-proyecto-para-identificar-avifauna-de-la-u-de-caldas\\\/#primaryimage\"},\"thumbnailUrl\":\"https:\\\/\\\/www.ucaldas.edu.co\\\/portal\\\/wp-content\\\/uploads\\\/2017\\\/12\\\/Proyecto-Avifauna-Universidad-de-Caldas.jpg\",\"keywords\":[\"aves Caldas\",\"aves Manizales.\",\"Universidad De Caldas\",\"Facultad De Ciencias Agropecuarias\",\"Avifauna\",\"aviturismo\",\"ecosistemas\",\"aves Colombia\"],\"articleSection\":[\"Actualidad\",\"Universidad al D\u00eda\",\"UCaldas Verde\"],\"inLanguage\":\"es\"},{\"@type\":\"WebPage\",\"@id\":\"https:\\\/\\\/www.ucaldas.edu.co\\\/portal\\\/avanza-proyecto-para-identificar-avifauna-de-la-u-de-caldas\\\/\",\"url\":\"https:\\\/\\\/www.ucaldas.edu.co\\\/portal\\\/avanza-proyecto-para-identificar-avifauna-de-la-u-de-caldas\\\/\",\"name\":\"Avanza proyecto para identificar avifauna de la U. de Caldas .\",\"isPartOf\":{\"@id\":\"https:\\\/\\\/www.ucaldas.edu.co\\\/portal\\\/#website\"},\"primaryImageOfPage\":{\"@id\":\"https:\\\/\\\/www.ucaldas.edu.co\\\/portal\\\/avanza-proyecto-para-identificar-avifauna-de-la-u-de-caldas\\\/#primaryimage\"},\"image\":{\"@id\":\"https:\\\/\\\/www.ucaldas.edu.co\\\/portal\\\/avanza-proyecto-para-identificar-avifauna-de-la-u-de-caldas\\\/#primaryimage\"},\"thumbnailUrl\":\"https:\\\/\\\/www.ucaldas.edu.co\\\/portal\\\/wp-content\\\/uploads\\\/2017\\\/12\\\/Proyecto-Avifauna-Universidad-de-Caldas.jpg\",\"datePublished\":\"2017-12-11T16:24:22+00:00\",\"dateModified\":\"2017-12-11T19:56:39+00:00\",\"breadcrumb\":{\"@id\":\"https:\\\/\\\/www.ucaldas.edu.co\\\/portal\\\/avanza-proyecto-para-identificar-avifauna-de-la-u-de-caldas\\\/#breadcrumb\"},\"inLanguage\":\"es\",\"potentialAction\":[{\"@type\":\"ReadAction\",\"target\":[\"https:\\\/\\\/www.ucaldas.edu.co\\\/portal\\\/avanza-proyecto-para-identificar-avifauna-de-la-u-de-caldas\\\/\"]}]},{\"@type\":\"ImageObject\",\"inLanguage\":\"es\",\"@id\":\"https:\\\/\\\/www.ucaldas.edu.co\\\/portal\\\/avanza-proyecto-para-identificar-avifauna-de-la-u-de-caldas\\\/#primaryimage\",\"url\":\"https:\\\/\\\/www.ucaldas.edu.co\\\/portal\\\/wp-content\\\/uploads\\\/2017\\\/12\\\/Proyecto-Avifauna-Universidad-de-Caldas.jpg\",\"contentUrl\":\"https:\\\/\\\/www.ucaldas.edu.co\\\/portal\\\/wp-content\\\/uploads\\\/2017\\\/12\\\/Proyecto-Avifauna-Universidad-de-Caldas.jpg\",\"width\":1187,\"height\":676},{\"@type\":\"BreadcrumbList\",\"@id\":\"https:\\\/\\\/www.ucaldas.edu.co\\\/portal\\\/avanza-proyecto-para-identificar-avifauna-de-la-u-de-caldas\\\/#breadcrumb\",\"itemListElement\":[{\"@type\":\"ListItem\",\"position\":1,\"name\":\"Portada\",\"item\":\"https:\\\/\\\/www.ucaldas.edu.co\\\/portal\\\/\"},{\"@type\":\"ListItem\",\"position\":2,\"name\":\"Avanza proyecto para identificar avifauna de la U. de Caldas\"}]},{\"@type\":\"WebSite\",\"@id\":\"https:\\\/\\\/www.ucaldas.edu.co\\\/portal\\\/#website\",\"url\":\"https:\\\/\\\/www.ucaldas.edu.co\\\/portal\\\/\",\"name\":\"Universidad de Caldas\",\"description\":\"\",\"publisher\":{\"@id\":\"https:\\\/\\\/www.ucaldas.edu.co\\\/portal\\\/#organization\"},\"alternateName\":\"U. de Caldas\",\"potentialAction\":[{\"@type\":\"SearchAction\",\"target\":{\"@type\":\"EntryPoint\",\"urlTemplate\":\"https:\\\/\\\/www.ucaldas.edu.co\\\/portal\\\/?s={search_term_string}\"},\"query-input\":{\"@type\":\"PropertyValueSpecification\",\"valueRequired\":true,\"valueName\":\"search_term_string\"}}],\"inLanguage\":\"es\"},{\"@type\":\"Organization\",\"@id\":\"https:\\\/\\\/www.ucaldas.edu.co\\\/portal\\\/#organization\",\"name\":\"Universidad de Caldas\",\"alternateName\":\"U. de Caldas\",\"url\":\"https:\\\/\\\/www.ucaldas.edu.co\\\/portal\\\/\",\"logo\":{\"@type\":\"ImageObject\",\"inLanguage\":\"es\",\"@id\":\"https:\\\/\\\/www.ucaldas.edu.co\\\/portal\\\/#\\\/schema\\\/logo\\\/image\\\/\",\"url\":\"https:\\\/\\\/www.ucaldas.edu.co\\\/portal\\\/wp-content\\\/uploads\\\/2023\\\/11\\\/Logo_horizontal_oscuroU-2023.png\",\"contentUrl\":\"https:\\\/\\\/www.ucaldas.edu.co\\\/portal\\\/wp-content\\\/uploads\\\/2023\\\/11\\\/Logo_horizontal_oscuroU-2023.png\",\"width\":263,\"height\":101,\"caption\":\"Universidad de Caldas\"},\"image\":{\"@id\":\"https:\\\/\\\/www.ucaldas.edu.co\\\/portal\\\/#\\\/schema\\\/logo\\\/image\\\/\"},\"sameAs\":[\"https:\\\/\\\/www.facebook.com\\\/udecaldas\",\"https:\\\/\\\/x.com\\\/udecaldas\",\"https:\\\/\\\/www.youtube.com\\\/universidadcaldas\",\"https:\\\/\\\/www.instagram.com\\\/udecaldas\\\/\"]},{\"@type\":\"Person\",\"@id\":\"https:\\\/\\\/www.ucaldas.edu.co\\\/portal\\\/#\\\/schema\\\/person\\\/a1b482e23449158b4bc319926c074fdf\",\"name\":\"ofiprensa\",\"image\":{\"@type\":\"ImageObject\",\"inLanguage\":\"es\",\"@id\":\"https:\\\/\\\/www.ucaldas.edu.co\\\/portal\\\/wp-content\\\/litespeed\\\/avatar\\\/09ea5085e600095a7a811142c6944527.jpg?ver=1777497608\",\"url\":\"https:\\\/\\\/www.ucaldas.edu.co\\\/portal\\\/wp-content\\\/litespeed\\\/avatar\\\/09ea5085e600095a7a811142c6944527.jpg?ver=1777497608\",\"contentUrl\":\"https:\\\/\\\/www.ucaldas.edu.co\\\/portal\\\/wp-content\\\/litespeed\\\/avatar\\\/09ea5085e600095a7a811142c6944527.jpg?ver=1777497608\",\"caption\":\"ofiprensa\"},\"url\":\"https:\\\/\\\/www.ucaldas.edu.co\\\/portal\\\/author\\\/ofiprensa\\\/\"}]}<\/script>\n<!-- \/ Yoast SEO plugin. -->","yoast_head_json":{"title":"Avanza proyecto para identificar avifauna de la U. de Caldas .","robots":{"index":"index","follow":"follow","max-snippet":"max-snippet:-1","max-image-preview":"max-image-preview:large","max-video-preview":"max-video-preview:-1"},"canonical":"https:\/\/www.ucaldas.edu.co\/portal\/avanza-proyecto-para-identificar-avifauna-de-la-u-de-caldas\/","schema":{"@context":"https:\/\/schema.org","@graph":[{"@type":"Article","@id":"https:\/\/www.ucaldas.edu.co\/portal\/avanza-proyecto-para-identificar-avifauna-de-la-u-de-caldas\/#article","isPartOf":{"@id":"https:\/\/www.ucaldas.edu.co\/portal\/avanza-proyecto-para-identificar-avifauna-de-la-u-de-caldas\/"},"author":{"name":"ofiprensa","@id":"https:\/\/www.ucaldas.edu.co\/portal\/#\/schema\/person\/a1b482e23449158b4bc319926c074fdf"},"headline":"Avanza proyecto para identificar avifauna de la U. de Caldas","datePublished":"2017-12-11T16:24:22+00:00","dateModified":"2017-12-11T19:56:39+00:00","mainEntityOfPage":{"@id":"https:\/\/www.ucaldas.edu.co\/portal\/avanza-proyecto-para-identificar-avifauna-de-la-u-de-caldas\/"},"wordCount":733,"publisher":{"@id":"https:\/\/www.ucaldas.edu.co\/portal\/#organization"},"image":{"@id":"https:\/\/www.ucaldas.edu.co\/portal\/avanza-proyecto-para-identificar-avifauna-de-la-u-de-caldas\/#primaryimage"},"thumbnailUrl":"https:\/\/www.ucaldas.edu.co\/portal\/wp-content\/uploads\/2017\/12\/Proyecto-Avifauna-Universidad-de-Caldas.jpg","keywords":["aves Caldas","aves Manizales.","Universidad De Caldas","Facultad De Ciencias Agropecuarias","Avifauna","aviturismo","ecosistemas","aves Colombia"],"articleSection":["Actualidad","Universidad al D\u00eda","UCaldas Verde"],"inLanguage":"es"},{"@type":"WebPage","@id":"https:\/\/www.ucaldas.edu.co\/portal\/avanza-proyecto-para-identificar-avifauna-de-la-u-de-caldas\/","url":"https:\/\/www.ucaldas.edu.co\/portal\/avanza-proyecto-para-identificar-avifauna-de-la-u-de-caldas\/","name":"Avanza proyecto para identificar avifauna de la U. de Caldas .","isPartOf":{"@id":"https:\/\/www.ucaldas.edu.co\/portal\/#website"},"primaryImageOfPage":{"@id":"https:\/\/www.ucaldas.edu.co\/portal\/avanza-proyecto-para-identificar-avifauna-de-la-u-de-caldas\/#primaryimage"},"image":{"@id":"https:\/\/www.ucaldas.edu.co\/portal\/avanza-proyecto-para-identificar-avifauna-de-la-u-de-caldas\/#primaryimage"},"thumbnailUrl":"https:\/\/www.ucaldas.edu.co\/portal\/wp-content\/uploads\/2017\/12\/Proyecto-Avifauna-Universidad-de-Caldas.jpg","datePublished":"2017-12-11T16:24:22+00:00","dateModified":"2017-12-11T19:56:39+00:00","breadcrumb":{"@id":"https:\/\/www.ucaldas.edu.co\/portal\/avanza-proyecto-para-identificar-avifauna-de-la-u-de-caldas\/#breadcrumb"},"inLanguage":"es","potentialAction":[{"@type":"ReadAction","target":["https:\/\/www.ucaldas.edu.co\/portal\/avanza-proyecto-para-identificar-avifauna-de-la-u-de-caldas\/"]}]},{"@type":"ImageObject","inLanguage":"es","@id":"https:\/\/www.ucaldas.edu.co\/portal\/avanza-proyecto-para-identificar-avifauna-de-la-u-de-caldas\/#primaryimage","url":"https:\/\/www.ucaldas.edu.co\/portal\/wp-content\/uploads\/2017\/12\/Proyecto-Avifauna-Universidad-de-Caldas.jpg","contentUrl":"https:\/\/www.ucaldas.edu.co\/portal\/wp-content\/uploads\/2017\/12\/Proyecto-Avifauna-Universidad-de-Caldas.jpg","width":1187,"height":676},{"@type":"BreadcrumbList","@id":"https:\/\/www.ucaldas.edu.co\/portal\/avanza-proyecto-para-identificar-avifauna-de-la-u-de-caldas\/#breadcrumb","itemListElement":[{"@type":"ListItem","position":1,"name":"Portada","item":"https:\/\/www.ucaldas.edu.co\/portal\/"},{"@type":"ListItem","position":2,"name":"Avanza proyecto para identificar avifauna de la U. de Caldas"}]},{"@type":"WebSite","@id":"https:\/\/www.ucaldas.edu.co\/portal\/#website","url":"https:\/\/www.ucaldas.edu.co\/portal\/","name":"Universidad de Caldas","description":"","publisher":{"@id":"https:\/\/www.ucaldas.edu.co\/portal\/#organization"},"alternateName":"U. de Caldas","potentialAction":[{"@type":"SearchAction","target":{"@type":"EntryPoint","urlTemplate":"https:\/\/www.ucaldas.edu.co\/portal\/?s={search_term_string}"},"query-input":{"@type":"PropertyValueSpecification","valueRequired":true,"valueName":"search_term_string"}}],"inLanguage":"es"},{"@type":"Organization","@id":"https:\/\/www.ucaldas.edu.co\/portal\/#organization","name":"Universidad de Caldas","alternateName":"U. de Caldas","url":"https:\/\/www.ucaldas.edu.co\/portal\/","logo":{"@type":"ImageObject","inLanguage":"es","@id":"https:\/\/www.ucaldas.edu.co\/portal\/#\/schema\/logo\/image\/","url":"https:\/\/www.ucaldas.edu.co\/portal\/wp-content\/uploads\/2023\/11\/Logo_horizontal_oscuroU-2023.png","contentUrl":"https:\/\/www.ucaldas.edu.co\/portal\/wp-content\/uploads\/2023\/11\/Logo_horizontal_oscuroU-2023.png","width":263,"height":101,"caption":"Universidad de Caldas"},"image":{"@id":"https:\/\/www.ucaldas.edu.co\/portal\/#\/schema\/logo\/image\/"},"sameAs":["https:\/\/www.facebook.com\/udecaldas","https:\/\/x.com\/udecaldas","https:\/\/www.youtube.com\/universidadcaldas","https:\/\/www.instagram.com\/udecaldas\/"]},{"@type":"Person","@id":"https:\/\/www.ucaldas.edu.co\/portal\/#\/schema\/person\/a1b482e23449158b4bc319926c074fdf","name":"ofiprensa","image":{"@type":"ImageObject","inLanguage":"es","@id":"https:\/\/www.ucaldas.edu.co\/portal\/wp-content\/litespeed\/avatar\/09ea5085e600095a7a811142c6944527.jpg?ver=1777497608","url":"https:\/\/www.ucaldas.edu.co\/portal\/wp-content\/litespeed\/avatar\/09ea5085e600095a7a811142c6944527.jpg?ver=1777497608","contentUrl":"https:\/\/www.ucaldas.edu.co\/portal\/wp-content\/litespeed\/avatar\/09ea5085e600095a7a811142c6944527.jpg?ver=1777497608","caption":"ofiprensa"},"url":"https:\/\/www.ucaldas.edu.co\/portal\/author\/ofiprensa\/"}]}},"_links":{"self":[{"href":"https:\/\/www.ucaldas.edu.co\/portal\/wp-json\/wp\/v2\/posts\/39076","targetHints":{"allow":["GET"]}}],"collection":[{"href":"https:\/\/www.ucaldas.edu.co\/portal\/wp-json\/wp\/v2\/posts"}],"about":[{"href":"https:\/\/www.ucaldas.edu.co\/portal\/wp-json\/wp\/v2\/types\/post"}],"author":[{"embeddable":true,"href":"https:\/\/www.ucaldas.edu.co\/portal\/wp-json\/wp\/v2\/users\/2"}],"replies":[{"embeddable":true,"href":"https:\/\/www.ucaldas.edu.co\/portal\/wp-json\/wp\/v2\/comments?post=39076"}],"version-history":[{"count":0,"href":"https:\/\/www.ucaldas.edu.co\/portal\/wp-json\/wp\/v2\/posts\/39076\/revisions"}],"wp:featuredmedia":[{"embeddable":true,"href":"https:\/\/www.ucaldas.edu.co\/portal\/wp-json\/wp\/v2\/media\/39077"}],"wp:attachment":[{"href":"https:\/\/www.ucaldas.edu.co\/portal\/wp-json\/wp\/v2\/media?parent=39076"}],"wp:term":[{"taxonomy":"category","embeddable":true,"href":"https:\/\/www.ucaldas.edu.co\/portal\/wp-json\/wp\/v2\/categories?post=39076"},{"taxonomy":"post_tag","embeddable":true,"href":"https:\/\/www.ucaldas.edu.co\/portal\/wp-json\/wp\/v2\/tags?post=39076"}],"curies":[{"name":"wp","href":"https:\/\/api.w.org\/{rel}","templated":true}]}}