{"id":38700,"date":"2017-11-08T22:54:52","date_gmt":"2017-11-08T22:54:52","guid":{"rendered":"https:\/\/www.ucaldas.edu.co\/portal\/?p=38700"},"modified":"2017-11-08T23:14:11","modified_gmt":"2017-11-08T23:14:11","slug":"jovenes-de-samana-continuan-su-ciclo-de-formacion-con-el-programa-de-administracion-de-empresas-agropecuarias-de-la-u-de-caldas","status":"publish","type":"post","link":"https:\/\/www.ucaldas.edu.co\/portal\/jovenes-de-samana-continuan-su-ciclo-de-formacion-con-el-programa-de-administracion-de-empresas-agropecuarias-de-la-u-de-caldas\/","title":{"rendered":"J\u00f3venes de Saman\u00e1 contin\u00faan su ciclo de formaci\u00f3n con el programa de Administraci\u00f3n de Empresas Agropecuarias de la U. de Caldas"},"content":{"rendered":"<p><img loading=\"lazy\" decoding=\"async\" class=\"size-full wp-image-38701 aligncenter\" src=\"https:\/\/www.ucaldas.edu.co\/portal\/wp-content\/uploads\/2017\/11\/Administraci\u00f3n-empresas-agropecuarias-Saman\u00e1.jpg\" alt=\"\" width=\"1200\" height=\"422\" srcset=\"https:\/\/www.ucaldas.edu.co\/portal\/wp-content\/uploads\/2017\/11\/Administraci\u00f3n-empresas-agropecuarias-Saman\u00e1.jpg 1200w, https:\/\/www.ucaldas.edu.co\/portal\/wp-content\/uploads\/2017\/11\/Administraci\u00f3n-empresas-agropecuarias-Saman\u00e1-300x106.jpg 300w, https:\/\/www.ucaldas.edu.co\/portal\/wp-content\/uploads\/2017\/11\/Administraci\u00f3n-empresas-agropecuarias-Saman\u00e1-768x270.jpg 768w, https:\/\/www.ucaldas.edu.co\/portal\/wp-content\/uploads\/2017\/11\/Administraci\u00f3n-empresas-agropecuarias-Saman\u00e1-1024x360.jpg 1024w\" sizes=\"auto, (max-width: 1200px) 100vw, 1200px\" \/><\/p>\n<p>Seis j\u00f3venes de <strong>Florencia, corregimiento del municipio caldense de Saman\u00e1<\/strong>, forman parte del grupo de 55 estudiantes que iniciaron el pasado 28 de octubre sus estudios en el programa de<strong> Administraci\u00f3n de Empresas Agropecuarias de la U. de Caldas<\/strong>, en un sal\u00f3n del Centro Cultural Agua y Miel de esta localidad del oriente del departamento.<\/p>\n<p><!--more--><\/p>\n<p>Varios de ellos son egresados de la <strong>Tecnolog\u00eda de Gesti\u00f3n de la Empresa Cafetera de la U. de Caldas<\/strong>, gracias a la alianza interinstitucional <strong>Universidad en el Campo<\/strong>, logrando de esta manera continuar <strong>su ciclo de formaci\u00f3n acad\u00e9mica<\/strong>, lo que les traer\u00e1 mayores beneficios para sus proyectos de vida.<\/p>\n<figure id=\"attachment_38707\" aria-describedby=\"caption-attachment-38707\" style=\"width: 545px\" class=\"wp-caption alignleft\"><img loading=\"lazy\" decoding=\"async\" class=\"wp-image-38707 size-full\" src=\"https:\/\/www.ucaldas.edu.co\/portal\/wp-content\/uploads\/2017\/11\/Duberney-Mar\u00edn-Betancur-estudiante-Florencia-Saman\u00e1.jpg\" alt=\"\" width=\"545\" height=\"352\" srcset=\"https:\/\/www.ucaldas.edu.co\/portal\/wp-content\/uploads\/2017\/11\/Duberney-Mar\u00edn-Betancur-estudiante-Florencia-Saman\u00e1.jpg 545w, https:\/\/www.ucaldas.edu.co\/portal\/wp-content\/uploads\/2017\/11\/Duberney-Mar\u00edn-Betancur-estudiante-Florencia-Saman\u00e1-300x194.jpg 300w\" sizes=\"auto, (max-width: 545px) 100vw, 545px\" \/><figcaption id=\"caption-attachment-38707\" class=\"wp-caption-text\">Duberney Mar\u00edn Betancur, primero de izquierda a derecha.<\/figcaption><\/figure>\n<p>Es el caso de <strong>Duberney Mar\u00edn Betancur<\/strong>, quien aprovech\u00f3 esta oportunidad y el subsidio que la Gobernaci\u00f3n de Caldas le pone para estudiar esta carrera profesional, permitiendo que solo pague 158 mil pesos por su matr\u00edcula, cuyo costo normal es de cerca de un mill\u00f3n 200 mil pesos.<\/p>\n<p>\u00ab<strong>Estar en la Universidad de Caldas me parece una ventaja demasiado grande<\/strong>. Ve\u00eda que de pronto mis condiciones no fueran eran apropiadas para entrar a la universidad y gracias al apoyo que se ha dado en el corregimiento de Florencia pude ingresar a Universidad en el Campo, y ver hoy en d\u00eda en el ciclo en el que me encuentro, <strong>es un logro m\u00e1s en mi vida<\/strong>\u00ab, afirm\u00f3 este muchacho que tiene un <strong>proyecto productivo de dos mil \u00e1rboles de caf\u00e9 desde hace cuatro a\u00f1os, con apoyo del Comit\u00e9 de Cafeteros.<\/strong><\/p>\n<p>&nbsp;<\/p>\n<p><strong>Desarrollo regional<\/strong><\/p>\n<p>El <strong>Vicerrector Acad\u00e9mico de la Universidad de Caldas, Orlando Londo\u00f1o Betancourt<\/strong>, acompa\u00f1ado de funcionarios de la Oficina de Evaluaci\u00f3n y Calidad Acad\u00e9mica, y de la Oficina de Educaci\u00f3n a Distancia y Virtualidad, visitaron al grupo de estudiantes durante su primer d\u00eda de actividades, para <strong>motivarlos y explicarles los servicios que tienen a su disposici\u00f3n.<\/strong><\/p>\n<p>\u00abVinimos para decirles gracias por seguir confiando en la Universidad. <strong>Traerles un programa de calidad aqu\u00ed a Saman\u00e1 tambi\u00e9n es recalcar nuestro compromiso con la regi\u00f3n<\/strong>, y a trav\u00e9s de su formaci\u00f3n generar procesos de desarrollo serios y que este municipio, se vea permeado por la educaci\u00f3n superior y esto les permita lograr mejor bienestar y calidad de vida\u00bb, expres\u00f3 el directivo.<\/p>\n<figure id=\"attachment_38710\" aria-describedby=\"caption-attachment-38710\" style=\"width: 1209px\" class=\"wp-caption aligncenter\"><img loading=\"lazy\" decoding=\"async\" class=\"size-full wp-image-38710\" src=\"https:\/\/www.ucaldas.edu.co\/portal\/wp-content\/uploads\/2017\/11\/Administraci\u00f3n-de-Empresas-Agropecuarias-Ceres-Saman\u00e1.jpg\" alt=\"\" width=\"1209\" height=\"549\" srcset=\"https:\/\/www.ucaldas.edu.co\/portal\/wp-content\/uploads\/2017\/11\/Administraci\u00f3n-de-Empresas-Agropecuarias-Ceres-Saman\u00e1.jpg 1209w, https:\/\/www.ucaldas.edu.co\/portal\/wp-content\/uploads\/2017\/11\/Administraci\u00f3n-de-Empresas-Agropecuarias-Ceres-Saman\u00e1-300x136.jpg 300w, https:\/\/www.ucaldas.edu.co\/portal\/wp-content\/uploads\/2017\/11\/Administraci\u00f3n-de-Empresas-Agropecuarias-Ceres-Saman\u00e1-768x349.jpg 768w, https:\/\/www.ucaldas.edu.co\/portal\/wp-content\/uploads\/2017\/11\/Administraci\u00f3n-de-Empresas-Agropecuarias-Ceres-Saman\u00e1-1024x465.jpg 1024w\" sizes=\"auto, (max-width: 1209px) 100vw, 1209px\" \/><figcaption id=\"caption-attachment-38710\" class=\"wp-caption-text\">Visita al grupo de noveno semestre de Administraci\u00f3n de Empresas Agropecuarias en el Ceres de Saman\u00e1.<\/figcaption><\/figure>\n<p>Dentro del grupo de nuevos alumnos, tambi\u00e9n se destaca el caso de <strong>Yenny Andrea Quiceno S\u00e1nchez, quien se desempe\u00f1a como Corregidora de Encimadas (Saman\u00e1)<\/strong>, y que desde ni\u00f1a ten\u00eda el sue\u00f1o de profesionalizarse, por lo que no dud\u00f3 al momento de aprovechar esta oportunidad de estudio.<\/p>\n<p>\u00ab<strong>Es muy importante y significativo para la juventud que estas oportunidades lleguen a nuestro municipio y m\u00e1s a bajo costo<\/strong>. Es muy dif\u00edcil para nosotros desplazarnos a una ciudad a realizar estos estudios que implica asumir grandes costos, y es muy gratificante para nosotros tener estas opciones\u00bb, asegur\u00f3.<\/p>\n<p>En total son ocho j\u00f3venes de Encimadas que cursan el programa y <strong>Yenny Andrea ya se desempe\u00f1a como microempresaria rural<\/strong> con un proyecto de transformaci\u00f3n de l\u00e1cteos.<\/p>\n<figure id=\"attachment_38704\" aria-describedby=\"caption-attachment-38704\" style=\"width: 643px\" class=\"wp-caption alignleft\"><img loading=\"lazy\" decoding=\"async\" class=\"wp-image-38704 size-full\" src=\"https:\/\/www.ucaldas.edu.co\/portal\/wp-content\/uploads\/2017\/11\/Yenny-Andrea-Quiceno-S\u00e1nchez-Corregidora-de-Encimadas-Saman\u00e1.jpg\" alt=\"\" width=\"643\" height=\"432\" srcset=\"https:\/\/www.ucaldas.edu.co\/portal\/wp-content\/uploads\/2017\/11\/Yenny-Andrea-Quiceno-S\u00e1nchez-Corregidora-de-Encimadas-Saman\u00e1.jpg 643w, https:\/\/www.ucaldas.edu.co\/portal\/wp-content\/uploads\/2017\/11\/Yenny-Andrea-Quiceno-S\u00e1nchez-Corregidora-de-Encimadas-Saman\u00e1-300x202.jpg 300w\" sizes=\"auto, (max-width: 643px) 100vw, 643px\" \/><figcaption id=\"caption-attachment-38704\" class=\"wp-caption-text\">Yenny Andrea Quiceno S\u00e1nchez, Corregidora de Encimadas (Saman\u00e1)<\/figcaption><\/figure>\n<p>\u00abLas oportunidades est\u00e1n y la invitaci\u00f3n a los j\u00f3venes es para que se animen a estudiar, a tener un proyecto de vida, proponerse objetivos y metas, buscar la forma de alcanzarlos y que mejor que aprovechando y estudiando con la Universidad de Caldas\u00bb, a\u00f1adi\u00f3.<\/p>\n<p>Para que todo esto fuera posible, <strong>\u00c1lvaro Iv\u00e1n Morales Parra, director del programa de Administraci\u00f3n de Empresas Agropecuarias de la Facultad de Ciencias Agropecuarias de la Universidad de Calda<\/strong>s, reconoci\u00f3 el compromiso de la actual y anterior Administraci\u00f3n Municipal de Saman\u00e1, por el apoyo log\u00edstico y pr\u00e9stamo de espacios locativos y deportivos.<\/p>\n<p>\u00abSaman\u00e1 es uno de los municipios m\u00e1s aislados del departamento de Caldas y el 99% de la poblaci\u00f3n es rural de bajos recursos econ\u00f3micos, entonces la Universidad a trav\u00e9s de su programa de Regionalizaci\u00f3n cumple su funci\u00f3n trayendo los programas acad\u00e9micos, <strong>y la gente responde de manera eficiente en cuanto a compromiso con el estudio y el cumplimiento con las actividades acad\u00e9micas<\/strong>\u00ab, concluy\u00f3.<\/p>\n<p>&nbsp;<\/p>\n<p><strong><a href=\"https:\/\/www.facebook.com\/udecaldas\/photos\/a.1593670974028095.1073745780.107054166023124\/1593672830694576\/?type=3&amp;theater\" target=\"_blank\" rel=\"noopener\">GALER\u00cdA: Juntos por la Regi\u00f3n &#8211; Saman\u00e1 (Caldas)<\/a><\/strong><\/p>\n<p><strong>Informes:<\/strong> Oficina de Comunicaciones y Prensa U. de Caldas, tel\u00e9fono 878 15 00 extensi\u00f3n 12 167.<\/p>\n<p><strong>Redacci\u00f3n:<\/strong> Mauricio D\u00edaz G\u00f3mez.<\/p>\n","protected":false},"excerpt":{"rendered":"<p>Seis j\u00f3venes de Florencia, corregimiento del municipio caldense de Saman\u00e1, forman parte del grupo de 55 estudiantes que iniciaron el pasado 28 de octubre sus estudios en el programa de Administraci\u00f3n de Empresas Agropecuarias de la U. de Caldas, en un sal\u00f3n del Centro Cultural Agua y Miel de esta localidad del oriente del departamento.<\/p>\n","protected":false},"author":2,"featured_media":38701,"comment_status":"closed","ping_status":"open","sticky":false,"template":"","format":"standard","meta":{"footnotes":""},"categories":[48,53,600],"tags":[95,122,291,293,1025,1026,2453,2454,2455],"class_list":["post-38700","post","type-post","status-publish","format-standard","has-post-thumbnail","hentry","category-actualidad","category-universidad-al-dia","category-ucaldas-regional","tag-universidad-de-caldas","tag-gobernacion-de-caldas","tag-facultad-de-ciencias-agropecuarias","tag-universidad-en-el-campo","tag-florencia","tag-samana","tag-administracion-de-empresas-agropecuarias","tag-tecnologia-de-gestion-de-la-empresa-cafetera","tag-alcaldia-samana"],"yoast_head":"<!-- This site is optimized with the Yoast SEO plugin v27.5 - https:\/\/yoast.com\/product\/yoast-seo-wordpress\/ -->\n<title>J\u00f3venes de Saman\u00e1 contin\u00faan su ciclo de formaci\u00f3n con el programa de Administraci\u00f3n de Empresas Agropecuarias de la U. de Caldas .<\/title>\n<meta name=\"robots\" content=\"index, follow, max-snippet:-1, max-image-preview:large, max-video-preview:-1\" \/>\n<link rel=\"canonical\" href=\"https:\/\/www.ucaldas.edu.co\/portal\/jovenes-de-samana-continuan-su-ciclo-de-formacion-con-el-programa-de-administracion-de-empresas-agropecuarias-de-la-u-de-caldas\/\" \/>\n<script type=\"application\/ld+json\" class=\"yoast-schema-graph\">{\"@context\":\"https:\\\/\\\/schema.org\",\"@graph\":[{\"@type\":\"Article\",\"@id\":\"https:\\\/\\\/www.ucaldas.edu.co\\\/portal\\\/jovenes-de-samana-continuan-su-ciclo-de-formacion-con-el-programa-de-administracion-de-empresas-agropecuarias-de-la-u-de-caldas\\\/#article\",\"isPartOf\":{\"@id\":\"https:\\\/\\\/www.ucaldas.edu.co\\\/portal\\\/jovenes-de-samana-continuan-su-ciclo-de-formacion-con-el-programa-de-administracion-de-empresas-agropecuarias-de-la-u-de-caldas\\\/\"},\"author\":{\"name\":\"ofiprensa\",\"@id\":\"https:\\\/\\\/www.ucaldas.edu.co\\\/portal\\\/#\\\/schema\\\/person\\\/a1b482e23449158b4bc319926c074fdf\"},\"headline\":\"J\u00f3venes de Saman\u00e1 contin\u00faan su ciclo de formaci\u00f3n con el programa de Administraci\u00f3n de Empresas Agropecuarias de la U. de Caldas\",\"datePublished\":\"2017-11-08T22:54:52+00:00\",\"dateModified\":\"2017-11-08T23:14:11+00:00\",\"mainEntityOfPage\":{\"@id\":\"https:\\\/\\\/www.ucaldas.edu.co\\\/portal\\\/jovenes-de-samana-continuan-su-ciclo-de-formacion-con-el-programa-de-administracion-de-empresas-agropecuarias-de-la-u-de-caldas\\\/\"},\"wordCount\":806,\"publisher\":{\"@id\":\"https:\\\/\\\/www.ucaldas.edu.co\\\/portal\\\/#organization\"},\"image\":{\"@id\":\"https:\\\/\\\/www.ucaldas.edu.co\\\/portal\\\/jovenes-de-samana-continuan-su-ciclo-de-formacion-con-el-programa-de-administracion-de-empresas-agropecuarias-de-la-u-de-caldas\\\/#primaryimage\"},\"thumbnailUrl\":\"https:\\\/\\\/www.ucaldas.edu.co\\\/portal\\\/wp-content\\\/uploads\\\/2017\\\/11\\\/Administraci\u00f3n-empresas-agropecuarias-Saman\u00e1.jpg\",\"keywords\":[\"Universidad De Caldas\",\"Gobernaci\u00f3n de Caldas\",\"Facultad De Ciencias Agropecuarias\",\"Universidad en el campo\",\"Florencia\",\"Saman\u00e1\",\"Administraci\u00f3n de Empresas Agropecuarias\",\"Tecnolog\u00eda de Gesti\u00f3n de la Empresa Cafetera\",\"Alcald\u00eda Saman\u00e1\"],\"articleSection\":[\"Actualidad\",\"Universidad al D\u00eda\",\"UCaldas Regional\"],\"inLanguage\":\"es\"},{\"@type\":\"WebPage\",\"@id\":\"https:\\\/\\\/www.ucaldas.edu.co\\\/portal\\\/jovenes-de-samana-continuan-su-ciclo-de-formacion-con-el-programa-de-administracion-de-empresas-agropecuarias-de-la-u-de-caldas\\\/\",\"url\":\"https:\\\/\\\/www.ucaldas.edu.co\\\/portal\\\/jovenes-de-samana-continuan-su-ciclo-de-formacion-con-el-programa-de-administracion-de-empresas-agropecuarias-de-la-u-de-caldas\\\/\",\"name\":\"J\u00f3venes de Saman\u00e1 contin\u00faan su ciclo de formaci\u00f3n con el programa de Administraci\u00f3n de Empresas Agropecuarias de la U. de Caldas .\",\"isPartOf\":{\"@id\":\"https:\\\/\\\/www.ucaldas.edu.co\\\/portal\\\/#website\"},\"primaryImageOfPage\":{\"@id\":\"https:\\\/\\\/www.ucaldas.edu.co\\\/portal\\\/jovenes-de-samana-continuan-su-ciclo-de-formacion-con-el-programa-de-administracion-de-empresas-agropecuarias-de-la-u-de-caldas\\\/#primaryimage\"},\"image\":{\"@id\":\"https:\\\/\\\/www.ucaldas.edu.co\\\/portal\\\/jovenes-de-samana-continuan-su-ciclo-de-formacion-con-el-programa-de-administracion-de-empresas-agropecuarias-de-la-u-de-caldas\\\/#primaryimage\"},\"thumbnailUrl\":\"https:\\\/\\\/www.ucaldas.edu.co\\\/portal\\\/wp-content\\\/uploads\\\/2017\\\/11\\\/Administraci\u00f3n-empresas-agropecuarias-Saman\u00e1.jpg\",\"datePublished\":\"2017-11-08T22:54:52+00:00\",\"dateModified\":\"2017-11-08T23:14:11+00:00\",\"breadcrumb\":{\"@id\":\"https:\\\/\\\/www.ucaldas.edu.co\\\/portal\\\/jovenes-de-samana-continuan-su-ciclo-de-formacion-con-el-programa-de-administracion-de-empresas-agropecuarias-de-la-u-de-caldas\\\/#breadcrumb\"},\"inLanguage\":\"es\",\"potentialAction\":[{\"@type\":\"ReadAction\",\"target\":[\"https:\\\/\\\/www.ucaldas.edu.co\\\/portal\\\/jovenes-de-samana-continuan-su-ciclo-de-formacion-con-el-programa-de-administracion-de-empresas-agropecuarias-de-la-u-de-caldas\\\/\"]}]},{\"@type\":\"ImageObject\",\"inLanguage\":\"es\",\"@id\":\"https:\\\/\\\/www.ucaldas.edu.co\\\/portal\\\/jovenes-de-samana-continuan-su-ciclo-de-formacion-con-el-programa-de-administracion-de-empresas-agropecuarias-de-la-u-de-caldas\\\/#primaryimage\",\"url\":\"https:\\\/\\\/www.ucaldas.edu.co\\\/portal\\\/wp-content\\\/uploads\\\/2017\\\/11\\\/Administraci\u00f3n-empresas-agropecuarias-Saman\u00e1.jpg\",\"contentUrl\":\"https:\\\/\\\/www.ucaldas.edu.co\\\/portal\\\/wp-content\\\/uploads\\\/2017\\\/11\\\/Administraci\u00f3n-empresas-agropecuarias-Saman\u00e1.jpg\",\"width\":1200,\"height\":422},{\"@type\":\"BreadcrumbList\",\"@id\":\"https:\\\/\\\/www.ucaldas.edu.co\\\/portal\\\/jovenes-de-samana-continuan-su-ciclo-de-formacion-con-el-programa-de-administracion-de-empresas-agropecuarias-de-la-u-de-caldas\\\/#breadcrumb\",\"itemListElement\":[{\"@type\":\"ListItem\",\"position\":1,\"name\":\"Portada\",\"item\":\"https:\\\/\\\/www.ucaldas.edu.co\\\/portal\\\/\"},{\"@type\":\"ListItem\",\"position\":2,\"name\":\"J\u00f3venes de Saman\u00e1 contin\u00faan su ciclo de formaci\u00f3n con el programa de Administraci\u00f3n de Empresas Agropecuarias de la U. de Caldas\"}]},{\"@type\":\"WebSite\",\"@id\":\"https:\\\/\\\/www.ucaldas.edu.co\\\/portal\\\/#website\",\"url\":\"https:\\\/\\\/www.ucaldas.edu.co\\\/portal\\\/\",\"name\":\"Universidad de Caldas\",\"description\":\"\",\"publisher\":{\"@id\":\"https:\\\/\\\/www.ucaldas.edu.co\\\/portal\\\/#organization\"},\"alternateName\":\"U. de Caldas\",\"potentialAction\":[{\"@type\":\"SearchAction\",\"target\":{\"@type\":\"EntryPoint\",\"urlTemplate\":\"https:\\\/\\\/www.ucaldas.edu.co\\\/portal\\\/?s={search_term_string}\"},\"query-input\":{\"@type\":\"PropertyValueSpecification\",\"valueRequired\":true,\"valueName\":\"search_term_string\"}}],\"inLanguage\":\"es\"},{\"@type\":\"Organization\",\"@id\":\"https:\\\/\\\/www.ucaldas.edu.co\\\/portal\\\/#organization\",\"name\":\"Universidad de Caldas\",\"alternateName\":\"U. de Caldas\",\"url\":\"https:\\\/\\\/www.ucaldas.edu.co\\\/portal\\\/\",\"logo\":{\"@type\":\"ImageObject\",\"inLanguage\":\"es\",\"@id\":\"https:\\\/\\\/www.ucaldas.edu.co\\\/portal\\\/#\\\/schema\\\/logo\\\/image\\\/\",\"url\":\"https:\\\/\\\/www.ucaldas.edu.co\\\/portal\\\/wp-content\\\/uploads\\\/2023\\\/11\\\/Logo_horizontal_oscuroU-2023.png\",\"contentUrl\":\"https:\\\/\\\/www.ucaldas.edu.co\\\/portal\\\/wp-content\\\/uploads\\\/2023\\\/11\\\/Logo_horizontal_oscuroU-2023.png\",\"width\":263,\"height\":101,\"caption\":\"Universidad de Caldas\"},\"image\":{\"@id\":\"https:\\\/\\\/www.ucaldas.edu.co\\\/portal\\\/#\\\/schema\\\/logo\\\/image\\\/\"},\"sameAs\":[\"https:\\\/\\\/www.facebook.com\\\/udecaldas\",\"https:\\\/\\\/x.com\\\/udecaldas\",\"https:\\\/\\\/www.youtube.com\\\/universidadcaldas\",\"https:\\\/\\\/www.instagram.com\\\/udecaldas\\\/\"]},{\"@type\":\"Person\",\"@id\":\"https:\\\/\\\/www.ucaldas.edu.co\\\/portal\\\/#\\\/schema\\\/person\\\/a1b482e23449158b4bc319926c074fdf\",\"name\":\"ofiprensa\",\"image\":{\"@type\":\"ImageObject\",\"inLanguage\":\"es\",\"@id\":\"https:\\\/\\\/www.ucaldas.edu.co\\\/portal\\\/wp-content\\\/litespeed\\\/avatar\\\/09ea5085e600095a7a811142c6944527.jpg?ver=1777497608\",\"url\":\"https:\\\/\\\/www.ucaldas.edu.co\\\/portal\\\/wp-content\\\/litespeed\\\/avatar\\\/09ea5085e600095a7a811142c6944527.jpg?ver=1777497608\",\"contentUrl\":\"https:\\\/\\\/www.ucaldas.edu.co\\\/portal\\\/wp-content\\\/litespeed\\\/avatar\\\/09ea5085e600095a7a811142c6944527.jpg?ver=1777497608\",\"caption\":\"ofiprensa\"},\"url\":\"https:\\\/\\\/www.ucaldas.edu.co\\\/portal\\\/author\\\/ofiprensa\\\/\"}]}<\/script>\n<!-- \/ Yoast SEO plugin. -->","yoast_head_json":{"title":"J\u00f3venes de Saman\u00e1 contin\u00faan su ciclo de formaci\u00f3n con el programa de Administraci\u00f3n de Empresas Agropecuarias de la U. de Caldas .","robots":{"index":"index","follow":"follow","max-snippet":"max-snippet:-1","max-image-preview":"max-image-preview:large","max-video-preview":"max-video-preview:-1"},"canonical":"https:\/\/www.ucaldas.edu.co\/portal\/jovenes-de-samana-continuan-su-ciclo-de-formacion-con-el-programa-de-administracion-de-empresas-agropecuarias-de-la-u-de-caldas\/","schema":{"@context":"https:\/\/schema.org","@graph":[{"@type":"Article","@id":"https:\/\/www.ucaldas.edu.co\/portal\/jovenes-de-samana-continuan-su-ciclo-de-formacion-con-el-programa-de-administracion-de-empresas-agropecuarias-de-la-u-de-caldas\/#article","isPartOf":{"@id":"https:\/\/www.ucaldas.edu.co\/portal\/jovenes-de-samana-continuan-su-ciclo-de-formacion-con-el-programa-de-administracion-de-empresas-agropecuarias-de-la-u-de-caldas\/"},"author":{"name":"ofiprensa","@id":"https:\/\/www.ucaldas.edu.co\/portal\/#\/schema\/person\/a1b482e23449158b4bc319926c074fdf"},"headline":"J\u00f3venes de Saman\u00e1 contin\u00faan su ciclo de formaci\u00f3n con el programa de Administraci\u00f3n de Empresas Agropecuarias de la U. de Caldas","datePublished":"2017-11-08T22:54:52+00:00","dateModified":"2017-11-08T23:14:11+00:00","mainEntityOfPage":{"@id":"https:\/\/www.ucaldas.edu.co\/portal\/jovenes-de-samana-continuan-su-ciclo-de-formacion-con-el-programa-de-administracion-de-empresas-agropecuarias-de-la-u-de-caldas\/"},"wordCount":806,"publisher":{"@id":"https:\/\/www.ucaldas.edu.co\/portal\/#organization"},"image":{"@id":"https:\/\/www.ucaldas.edu.co\/portal\/jovenes-de-samana-continuan-su-ciclo-de-formacion-con-el-programa-de-administracion-de-empresas-agropecuarias-de-la-u-de-caldas\/#primaryimage"},"thumbnailUrl":"https:\/\/www.ucaldas.edu.co\/portal\/wp-content\/uploads\/2017\/11\/Administraci\u00f3n-empresas-agropecuarias-Saman\u00e1.jpg","keywords":["Universidad De Caldas","Gobernaci\u00f3n de Caldas","Facultad De Ciencias Agropecuarias","Universidad en el campo","Florencia","Saman\u00e1","Administraci\u00f3n de Empresas Agropecuarias","Tecnolog\u00eda de Gesti\u00f3n de la Empresa Cafetera","Alcald\u00eda Saman\u00e1"],"articleSection":["Actualidad","Universidad al D\u00eda","UCaldas Regional"],"inLanguage":"es"},{"@type":"WebPage","@id":"https:\/\/www.ucaldas.edu.co\/portal\/jovenes-de-samana-continuan-su-ciclo-de-formacion-con-el-programa-de-administracion-de-empresas-agropecuarias-de-la-u-de-caldas\/","url":"https:\/\/www.ucaldas.edu.co\/portal\/jovenes-de-samana-continuan-su-ciclo-de-formacion-con-el-programa-de-administracion-de-empresas-agropecuarias-de-la-u-de-caldas\/","name":"J\u00f3venes de Saman\u00e1 contin\u00faan su ciclo de formaci\u00f3n con el programa de Administraci\u00f3n de Empresas Agropecuarias de la U. de Caldas .","isPartOf":{"@id":"https:\/\/www.ucaldas.edu.co\/portal\/#website"},"primaryImageOfPage":{"@id":"https:\/\/www.ucaldas.edu.co\/portal\/jovenes-de-samana-continuan-su-ciclo-de-formacion-con-el-programa-de-administracion-de-empresas-agropecuarias-de-la-u-de-caldas\/#primaryimage"},"image":{"@id":"https:\/\/www.ucaldas.edu.co\/portal\/jovenes-de-samana-continuan-su-ciclo-de-formacion-con-el-programa-de-administracion-de-empresas-agropecuarias-de-la-u-de-caldas\/#primaryimage"},"thumbnailUrl":"https:\/\/www.ucaldas.edu.co\/portal\/wp-content\/uploads\/2017\/11\/Administraci\u00f3n-empresas-agropecuarias-Saman\u00e1.jpg","datePublished":"2017-11-08T22:54:52+00:00","dateModified":"2017-11-08T23:14:11+00:00","breadcrumb":{"@id":"https:\/\/www.ucaldas.edu.co\/portal\/jovenes-de-samana-continuan-su-ciclo-de-formacion-con-el-programa-de-administracion-de-empresas-agropecuarias-de-la-u-de-caldas\/#breadcrumb"},"inLanguage":"es","potentialAction":[{"@type":"ReadAction","target":["https:\/\/www.ucaldas.edu.co\/portal\/jovenes-de-samana-continuan-su-ciclo-de-formacion-con-el-programa-de-administracion-de-empresas-agropecuarias-de-la-u-de-caldas\/"]}]},{"@type":"ImageObject","inLanguage":"es","@id":"https:\/\/www.ucaldas.edu.co\/portal\/jovenes-de-samana-continuan-su-ciclo-de-formacion-con-el-programa-de-administracion-de-empresas-agropecuarias-de-la-u-de-caldas\/#primaryimage","url":"https:\/\/www.ucaldas.edu.co\/portal\/wp-content\/uploads\/2017\/11\/Administraci\u00f3n-empresas-agropecuarias-Saman\u00e1.jpg","contentUrl":"https:\/\/www.ucaldas.edu.co\/portal\/wp-content\/uploads\/2017\/11\/Administraci\u00f3n-empresas-agropecuarias-Saman\u00e1.jpg","width":1200,"height":422},{"@type":"BreadcrumbList","@id":"https:\/\/www.ucaldas.edu.co\/portal\/jovenes-de-samana-continuan-su-ciclo-de-formacion-con-el-programa-de-administracion-de-empresas-agropecuarias-de-la-u-de-caldas\/#breadcrumb","itemListElement":[{"@type":"ListItem","position":1,"name":"Portada","item":"https:\/\/www.ucaldas.edu.co\/portal\/"},{"@type":"ListItem","position":2,"name":"J\u00f3venes de Saman\u00e1 contin\u00faan su ciclo de formaci\u00f3n con el programa de Administraci\u00f3n de Empresas Agropecuarias de la U. de Caldas"}]},{"@type":"WebSite","@id":"https:\/\/www.ucaldas.edu.co\/portal\/#website","url":"https:\/\/www.ucaldas.edu.co\/portal\/","name":"Universidad de Caldas","description":"","publisher":{"@id":"https:\/\/www.ucaldas.edu.co\/portal\/#organization"},"alternateName":"U. de Caldas","potentialAction":[{"@type":"SearchAction","target":{"@type":"EntryPoint","urlTemplate":"https:\/\/www.ucaldas.edu.co\/portal\/?s={search_term_string}"},"query-input":{"@type":"PropertyValueSpecification","valueRequired":true,"valueName":"search_term_string"}}],"inLanguage":"es"},{"@type":"Organization","@id":"https:\/\/www.ucaldas.edu.co\/portal\/#organization","name":"Universidad de Caldas","alternateName":"U. de Caldas","url":"https:\/\/www.ucaldas.edu.co\/portal\/","logo":{"@type":"ImageObject","inLanguage":"es","@id":"https:\/\/www.ucaldas.edu.co\/portal\/#\/schema\/logo\/image\/","url":"https:\/\/www.ucaldas.edu.co\/portal\/wp-content\/uploads\/2023\/11\/Logo_horizontal_oscuroU-2023.png","contentUrl":"https:\/\/www.ucaldas.edu.co\/portal\/wp-content\/uploads\/2023\/11\/Logo_horizontal_oscuroU-2023.png","width":263,"height":101,"caption":"Universidad de Caldas"},"image":{"@id":"https:\/\/www.ucaldas.edu.co\/portal\/#\/schema\/logo\/image\/"},"sameAs":["https:\/\/www.facebook.com\/udecaldas","https:\/\/x.com\/udecaldas","https:\/\/www.youtube.com\/universidadcaldas","https:\/\/www.instagram.com\/udecaldas\/"]},{"@type":"Person","@id":"https:\/\/www.ucaldas.edu.co\/portal\/#\/schema\/person\/a1b482e23449158b4bc319926c074fdf","name":"ofiprensa","image":{"@type":"ImageObject","inLanguage":"es","@id":"https:\/\/www.ucaldas.edu.co\/portal\/wp-content\/litespeed\/avatar\/09ea5085e600095a7a811142c6944527.jpg?ver=1777497608","url":"https:\/\/www.ucaldas.edu.co\/portal\/wp-content\/litespeed\/avatar\/09ea5085e600095a7a811142c6944527.jpg?ver=1777497608","contentUrl":"https:\/\/www.ucaldas.edu.co\/portal\/wp-content\/litespeed\/avatar\/09ea5085e600095a7a811142c6944527.jpg?ver=1777497608","caption":"ofiprensa"},"url":"https:\/\/www.ucaldas.edu.co\/portal\/author\/ofiprensa\/"}]}},"_links":{"self":[{"href":"https:\/\/www.ucaldas.edu.co\/portal\/wp-json\/wp\/v2\/posts\/38700","targetHints":{"allow":["GET"]}}],"collection":[{"href":"https:\/\/www.ucaldas.edu.co\/portal\/wp-json\/wp\/v2\/posts"}],"about":[{"href":"https:\/\/www.ucaldas.edu.co\/portal\/wp-json\/wp\/v2\/types\/post"}],"author":[{"embeddable":true,"href":"https:\/\/www.ucaldas.edu.co\/portal\/wp-json\/wp\/v2\/users\/2"}],"replies":[{"embeddable":true,"href":"https:\/\/www.ucaldas.edu.co\/portal\/wp-json\/wp\/v2\/comments?post=38700"}],"version-history":[{"count":0,"href":"https:\/\/www.ucaldas.edu.co\/portal\/wp-json\/wp\/v2\/posts\/38700\/revisions"}],"wp:featuredmedia":[{"embeddable":true,"href":"https:\/\/www.ucaldas.edu.co\/portal\/wp-json\/wp\/v2\/media\/38701"}],"wp:attachment":[{"href":"https:\/\/www.ucaldas.edu.co\/portal\/wp-json\/wp\/v2\/media?parent=38700"}],"wp:term":[{"taxonomy":"category","embeddable":true,"href":"https:\/\/www.ucaldas.edu.co\/portal\/wp-json\/wp\/v2\/categories?post=38700"},{"taxonomy":"post_tag","embeddable":true,"href":"https:\/\/www.ucaldas.edu.co\/portal\/wp-json\/wp\/v2\/tags?post=38700"}],"curies":[{"name":"wp","href":"https:\/\/api.w.org\/{rel}","templated":true}]}}