{"id":38665,"date":"2017-11-07T21:28:05","date_gmt":"2017-11-07T21:28:05","guid":{"rendered":"https:\/\/www.ucaldas.edu.co\/portal\/?p=38665"},"modified":"2017-11-07T21:55:46","modified_gmt":"2017-11-07T21:55:46","slug":"u-de-caldas-es-sede-de-v-taller-de-geoarqueologia-de-america-latina","status":"publish","type":"post","link":"https:\/\/www.ucaldas.edu.co\/portal\/u-de-caldas-es-sede-de-v-taller-de-geoarqueologia-de-america-latina\/","title":{"rendered":"U. de Caldas es sede de V Taller de geoarqueolog\u00eda de Am\u00e9rica Latina"},"content":{"rendered":"<p style=\"text-align: center;\">TEMA CENTRAL ES GEOARQUEOLOG\u00cdA TROPICAL<\/p>\n<p style=\"text-align: center;\"><strong>U. de Caldas es sede de V Taller de geoarqueolog\u00eda de Am\u00e9rica Latina<\/strong><\/p>\n<p style=\"text-align: right;\">7\/11\/2017<\/p>\n<p>&nbsp;<\/p>\n<p><strong><img loading=\"lazy\" decoding=\"async\" class=\"alignnone size-full wp-image-38669 aligncenter\" src=\"https:\/\/www.ucaldas.edu.co\/portal\/wp-content\/uploads\/2017\/11\/arqueo-compressor.jpg\" alt=\"\" width=\"700\" height=\"401\" srcset=\"https:\/\/www.ucaldas.edu.co\/portal\/wp-content\/uploads\/2017\/11\/arqueo-compressor.jpg 700w, https:\/\/www.ucaldas.edu.co\/portal\/wp-content\/uploads\/2017\/11\/arqueo-compressor-300x172.jpg 300w\" sizes=\"auto, (max-width: 700px) 100vw, 700px\" \/>Del 7 al 11 de noviembre del 2017 se lleva a cabo en Manizales el V Taller de Geoarqueolog\u00eda de Am\u00e9rica Latina<\/strong>, que tiene como tema central la Geoarqueolog\u00eda Tropical. Invitados internacionales de cinco pa\u00edses se dan cita en la U. de Caldas.<\/p>\n<p><!--more--><\/p>\n<p>Mario Alonso Berm\u00fadez Restrepo, <strong>Coordinador del Grupo de Investigaci\u00f3n en Geoarqueolog\u00eda de la U. de Caldas, explic\u00f3 que el evento se ha venido realizando en distintos pa\u00edses suramericanos como Argentina, Chile, Ecuador, Colombia y Uruguay. <\/strong><\/p>\n<p>&nbsp;<\/p>\n<p>\u201cEste es un tema muy importante, porque es una l\u00ednea de investigaci\u00f3n que ha venido tomando mucha fuerza en la arqueolog\u00eda mundial. <strong>En el evento presentaremos avances de investigaciones realizadas en cinco pa\u00edses latinoamericanos, principalmente de Brasil, Colombia y Ecuador<\/strong>\u201d, dijo.<\/p>\n<p>&nbsp;<\/p>\n<p>Por otra parte, Leonardo Favio Agudelo Garc\u00eda, <strong>Coordinador del taller, destac\u00f3 que este es taller vital, pues fortalece el trabajo en geoarqueolog\u00eda, un campo que empieza a consolidarse<\/strong>: \u201capenas se est\u00e1 conociendo el contacto que deben tener ge\u00f3logo &#8211; arque\u00f3logo. La U. de Caldas lo est\u00e1 implementa, como no lo est\u00e1n haciendo otras academias del pa\u00eds\u201d, enfatiz\u00f3.<\/p>\n<p>&nbsp;<\/p>\n<p><strong>Progr\u00e1mese:<\/strong><\/p>\n<p>Los d\u00edas mi\u00e9rcoles 8 y jueves 9 de noviembre las reuniones se har\u00e1n en el Auditorio Tulio G\u00f3mez Estrada de la Facultad de Ciencias Jur\u00eddicas y Sociales, en la sede de Palogrande U. de Caldas.<\/p>\n<p>&nbsp;<\/p>\n<p>Los d\u00edas viernes 10 y s\u00e1bado 11 se realizar\u00e1 una salida de campo a los municipios de La Dorada y Victoria en el Magdalena Caldense.<\/p>\n<p>&nbsp;<\/p>\n<p><a href=\"https:\/\/www.ucaldas.edu.co\/portal\/wp-content\/uploads\/2017\/08\/V-TALLER-DE-GEOARQUEOLOG%C3%8DA-DE-AM%C3%89RICA-LATINA.pdf\">Conozca m\u00e1s detalles del V Taller de geoarqueolog\u00eda de Am\u00e9rica Latina<\/a><\/p>\n<p>&nbsp;<\/p>\n<p><a href=\"https:\/\/www.facebook.com\/media\/set\/?set=a.1598162310245628.1073745782.107054166023124&amp;type=1&amp;l=d22ca4ee3d\">Conozca im\u00e1genes del V Taller de geoarqueolog\u00eda de Am\u00e9rica Latina<\/a><\/p>\n<p>&nbsp;<\/p>\n<p><strong>Informes:<\/strong> en el correo electr\u00f3nico sandra.serna@ucaldas.edu.co<\/p>\n<p><strong>Redacci\u00f3n:<\/strong> Margarita Laverde<\/p>\n<p>&nbsp;<\/p>\n","protected":false},"excerpt":{"rendered":"<p>TEMA CENTRAL ES GEOARQUEOLOG\u00cdA TROPICAL U. de Caldas es sede de V Taller de geoarqueolog\u00eda de Am\u00e9rica Latina 7\/11\/2017 &nbsp; Del 7 al 11 de noviembre del 2017 se lleva a cabo en Manizales el V Taller de Geoarqueolog\u00eda de Am\u00e9rica Latina, que tiene como tema central la Geoarqueolog\u00eda Tropical. Invitados internacionales de cinco pa\u00edses [&hellip;]<\/p>\n","protected":false},"author":2,"featured_media":38669,"comment_status":"closed","ping_status":"open","sticky":false,"template":"","format":"standard","meta":{"footnotes":""},"categories":[48,53,617],"tags":[266,55,63,255],"class_list":["post-38665","post","type-post","status-publish","format-standard","has-post-thumbnail","hentry","category-actualidad","category-universidad-al-dia","category-ucaldas-colaborativa","tag-geoarqueologia","tag-academia","tag-participe","tag-taller"],"yoast_head":"<!-- This site is optimized with the Yoast SEO plugin v27.5 - https:\/\/yoast.com\/product\/yoast-seo-wordpress\/ -->\n<title>U. de Caldas es sede de V Taller de geoarqueolog\u00eda de Am\u00e9rica Latina .<\/title>\n<meta name=\"robots\" content=\"index, follow, max-snippet:-1, max-image-preview:large, max-video-preview:-1\" \/>\n<link rel=\"canonical\" href=\"https:\/\/www.ucaldas.edu.co\/portal\/u-de-caldas-es-sede-de-v-taller-de-geoarqueologia-de-america-latina\/\" \/>\n<script type=\"application\/ld+json\" class=\"yoast-schema-graph\">{\"@context\":\"https:\\\/\\\/schema.org\",\"@graph\":[{\"@type\":\"Article\",\"@id\":\"https:\\\/\\\/www.ucaldas.edu.co\\\/portal\\\/u-de-caldas-es-sede-de-v-taller-de-geoarqueologia-de-america-latina\\\/#article\",\"isPartOf\":{\"@id\":\"https:\\\/\\\/www.ucaldas.edu.co\\\/portal\\\/u-de-caldas-es-sede-de-v-taller-de-geoarqueologia-de-america-latina\\\/\"},\"author\":{\"name\":\"ofiprensa\",\"@id\":\"https:\\\/\\\/www.ucaldas.edu.co\\\/portal\\\/#\\\/schema\\\/person\\\/a1b482e23449158b4bc319926c074fdf\"},\"headline\":\"U. de Caldas es sede de V Taller de geoarqueolog\u00eda de Am\u00e9rica Latina\",\"datePublished\":\"2017-11-07T21:28:05+00:00\",\"dateModified\":\"2017-11-07T21:55:46+00:00\",\"mainEntityOfPage\":{\"@id\":\"https:\\\/\\\/www.ucaldas.edu.co\\\/portal\\\/u-de-caldas-es-sede-de-v-taller-de-geoarqueologia-de-america-latina\\\/\"},\"wordCount\":343,\"publisher\":{\"@id\":\"https:\\\/\\\/www.ucaldas.edu.co\\\/portal\\\/#organization\"},\"image\":{\"@id\":\"https:\\\/\\\/www.ucaldas.edu.co\\\/portal\\\/u-de-caldas-es-sede-de-v-taller-de-geoarqueologia-de-america-latina\\\/#primaryimage\"},\"thumbnailUrl\":\"https:\\\/\\\/www.ucaldas.edu.co\\\/portal\\\/wp-content\\\/uploads\\\/2017\\\/11\\\/arqueo-compressor.jpg\",\"keywords\":[\"Geoarqueolog\u00eda\",\"academia\",\"Participe\",\"taller\"],\"articleSection\":[\"Actualidad\",\"Universidad al D\u00eda\",\"UCaldas Colaborativa\"],\"inLanguage\":\"es\"},{\"@type\":\"WebPage\",\"@id\":\"https:\\\/\\\/www.ucaldas.edu.co\\\/portal\\\/u-de-caldas-es-sede-de-v-taller-de-geoarqueologia-de-america-latina\\\/\",\"url\":\"https:\\\/\\\/www.ucaldas.edu.co\\\/portal\\\/u-de-caldas-es-sede-de-v-taller-de-geoarqueologia-de-america-latina\\\/\",\"name\":\"U. de Caldas es sede de V Taller de geoarqueolog\u00eda de Am\u00e9rica Latina .\",\"isPartOf\":{\"@id\":\"https:\\\/\\\/www.ucaldas.edu.co\\\/portal\\\/#website\"},\"primaryImageOfPage\":{\"@id\":\"https:\\\/\\\/www.ucaldas.edu.co\\\/portal\\\/u-de-caldas-es-sede-de-v-taller-de-geoarqueologia-de-america-latina\\\/#primaryimage\"},\"image\":{\"@id\":\"https:\\\/\\\/www.ucaldas.edu.co\\\/portal\\\/u-de-caldas-es-sede-de-v-taller-de-geoarqueologia-de-america-latina\\\/#primaryimage\"},\"thumbnailUrl\":\"https:\\\/\\\/www.ucaldas.edu.co\\\/portal\\\/wp-content\\\/uploads\\\/2017\\\/11\\\/arqueo-compressor.jpg\",\"datePublished\":\"2017-11-07T21:28:05+00:00\",\"dateModified\":\"2017-11-07T21:55:46+00:00\",\"breadcrumb\":{\"@id\":\"https:\\\/\\\/www.ucaldas.edu.co\\\/portal\\\/u-de-caldas-es-sede-de-v-taller-de-geoarqueologia-de-america-latina\\\/#breadcrumb\"},\"inLanguage\":\"es\",\"potentialAction\":[{\"@type\":\"ReadAction\",\"target\":[\"https:\\\/\\\/www.ucaldas.edu.co\\\/portal\\\/u-de-caldas-es-sede-de-v-taller-de-geoarqueologia-de-america-latina\\\/\"]}]},{\"@type\":\"ImageObject\",\"inLanguage\":\"es\",\"@id\":\"https:\\\/\\\/www.ucaldas.edu.co\\\/portal\\\/u-de-caldas-es-sede-de-v-taller-de-geoarqueologia-de-america-latina\\\/#primaryimage\",\"url\":\"https:\\\/\\\/www.ucaldas.edu.co\\\/portal\\\/wp-content\\\/uploads\\\/2017\\\/11\\\/arqueo-compressor.jpg\",\"contentUrl\":\"https:\\\/\\\/www.ucaldas.edu.co\\\/portal\\\/wp-content\\\/uploads\\\/2017\\\/11\\\/arqueo-compressor.jpg\",\"width\":700,\"height\":401},{\"@type\":\"BreadcrumbList\",\"@id\":\"https:\\\/\\\/www.ucaldas.edu.co\\\/portal\\\/u-de-caldas-es-sede-de-v-taller-de-geoarqueologia-de-america-latina\\\/#breadcrumb\",\"itemListElement\":[{\"@type\":\"ListItem\",\"position\":1,\"name\":\"Portada\",\"item\":\"https:\\\/\\\/www.ucaldas.edu.co\\\/portal\\\/\"},{\"@type\":\"ListItem\",\"position\":2,\"name\":\"U. de Caldas es sede de V Taller de geoarqueolog\u00eda de Am\u00e9rica Latina\"}]},{\"@type\":\"WebSite\",\"@id\":\"https:\\\/\\\/www.ucaldas.edu.co\\\/portal\\\/#website\",\"url\":\"https:\\\/\\\/www.ucaldas.edu.co\\\/portal\\\/\",\"name\":\"Universidad de Caldas\",\"description\":\"\",\"publisher\":{\"@id\":\"https:\\\/\\\/www.ucaldas.edu.co\\\/portal\\\/#organization\"},\"alternateName\":\"U. de Caldas\",\"potentialAction\":[{\"@type\":\"SearchAction\",\"target\":{\"@type\":\"EntryPoint\",\"urlTemplate\":\"https:\\\/\\\/www.ucaldas.edu.co\\\/portal\\\/?s={search_term_string}\"},\"query-input\":{\"@type\":\"PropertyValueSpecification\",\"valueRequired\":true,\"valueName\":\"search_term_string\"}}],\"inLanguage\":\"es\"},{\"@type\":\"Organization\",\"@id\":\"https:\\\/\\\/www.ucaldas.edu.co\\\/portal\\\/#organization\",\"name\":\"Universidad de Caldas\",\"alternateName\":\"U. de Caldas\",\"url\":\"https:\\\/\\\/www.ucaldas.edu.co\\\/portal\\\/\",\"logo\":{\"@type\":\"ImageObject\",\"inLanguage\":\"es\",\"@id\":\"https:\\\/\\\/www.ucaldas.edu.co\\\/portal\\\/#\\\/schema\\\/logo\\\/image\\\/\",\"url\":\"https:\\\/\\\/www.ucaldas.edu.co\\\/portal\\\/wp-content\\\/uploads\\\/2023\\\/11\\\/Logo_horizontal_oscuroU-2023.png\",\"contentUrl\":\"https:\\\/\\\/www.ucaldas.edu.co\\\/portal\\\/wp-content\\\/uploads\\\/2023\\\/11\\\/Logo_horizontal_oscuroU-2023.png\",\"width\":263,\"height\":101,\"caption\":\"Universidad de Caldas\"},\"image\":{\"@id\":\"https:\\\/\\\/www.ucaldas.edu.co\\\/portal\\\/#\\\/schema\\\/logo\\\/image\\\/\"},\"sameAs\":[\"https:\\\/\\\/www.facebook.com\\\/udecaldas\",\"https:\\\/\\\/x.com\\\/udecaldas\",\"https:\\\/\\\/www.youtube.com\\\/universidadcaldas\",\"https:\\\/\\\/www.instagram.com\\\/udecaldas\\\/\"]},{\"@type\":\"Person\",\"@id\":\"https:\\\/\\\/www.ucaldas.edu.co\\\/portal\\\/#\\\/schema\\\/person\\\/a1b482e23449158b4bc319926c074fdf\",\"name\":\"ofiprensa\",\"image\":{\"@type\":\"ImageObject\",\"inLanguage\":\"es\",\"@id\":\"https:\\\/\\\/www.ucaldas.edu.co\\\/portal\\\/wp-content\\\/litespeed\\\/avatar\\\/09ea5085e600095a7a811142c6944527.jpg?ver=1777497608\",\"url\":\"https:\\\/\\\/www.ucaldas.edu.co\\\/portal\\\/wp-content\\\/litespeed\\\/avatar\\\/09ea5085e600095a7a811142c6944527.jpg?ver=1777497608\",\"contentUrl\":\"https:\\\/\\\/www.ucaldas.edu.co\\\/portal\\\/wp-content\\\/litespeed\\\/avatar\\\/09ea5085e600095a7a811142c6944527.jpg?ver=1777497608\",\"caption\":\"ofiprensa\"},\"url\":\"https:\\\/\\\/www.ucaldas.edu.co\\\/portal\\\/author\\\/ofiprensa\\\/\"}]}<\/script>\n<!-- \/ Yoast SEO plugin. -->","yoast_head_json":{"title":"U. de Caldas es sede de V Taller de geoarqueolog\u00eda de Am\u00e9rica Latina .","robots":{"index":"index","follow":"follow","max-snippet":"max-snippet:-1","max-image-preview":"max-image-preview:large","max-video-preview":"max-video-preview:-1"},"canonical":"https:\/\/www.ucaldas.edu.co\/portal\/u-de-caldas-es-sede-de-v-taller-de-geoarqueologia-de-america-latina\/","schema":{"@context":"https:\/\/schema.org","@graph":[{"@type":"Article","@id":"https:\/\/www.ucaldas.edu.co\/portal\/u-de-caldas-es-sede-de-v-taller-de-geoarqueologia-de-america-latina\/#article","isPartOf":{"@id":"https:\/\/www.ucaldas.edu.co\/portal\/u-de-caldas-es-sede-de-v-taller-de-geoarqueologia-de-america-latina\/"},"author":{"name":"ofiprensa","@id":"https:\/\/www.ucaldas.edu.co\/portal\/#\/schema\/person\/a1b482e23449158b4bc319926c074fdf"},"headline":"U. de Caldas es sede de V Taller de geoarqueolog\u00eda de Am\u00e9rica Latina","datePublished":"2017-11-07T21:28:05+00:00","dateModified":"2017-11-07T21:55:46+00:00","mainEntityOfPage":{"@id":"https:\/\/www.ucaldas.edu.co\/portal\/u-de-caldas-es-sede-de-v-taller-de-geoarqueologia-de-america-latina\/"},"wordCount":343,"publisher":{"@id":"https:\/\/www.ucaldas.edu.co\/portal\/#organization"},"image":{"@id":"https:\/\/www.ucaldas.edu.co\/portal\/u-de-caldas-es-sede-de-v-taller-de-geoarqueologia-de-america-latina\/#primaryimage"},"thumbnailUrl":"https:\/\/www.ucaldas.edu.co\/portal\/wp-content\/uploads\/2017\/11\/arqueo-compressor.jpg","keywords":["Geoarqueolog\u00eda","academia","Participe","taller"],"articleSection":["Actualidad","Universidad al D\u00eda","UCaldas Colaborativa"],"inLanguage":"es"},{"@type":"WebPage","@id":"https:\/\/www.ucaldas.edu.co\/portal\/u-de-caldas-es-sede-de-v-taller-de-geoarqueologia-de-america-latina\/","url":"https:\/\/www.ucaldas.edu.co\/portal\/u-de-caldas-es-sede-de-v-taller-de-geoarqueologia-de-america-latina\/","name":"U. de Caldas es sede de V Taller de geoarqueolog\u00eda de Am\u00e9rica Latina .","isPartOf":{"@id":"https:\/\/www.ucaldas.edu.co\/portal\/#website"},"primaryImageOfPage":{"@id":"https:\/\/www.ucaldas.edu.co\/portal\/u-de-caldas-es-sede-de-v-taller-de-geoarqueologia-de-america-latina\/#primaryimage"},"image":{"@id":"https:\/\/www.ucaldas.edu.co\/portal\/u-de-caldas-es-sede-de-v-taller-de-geoarqueologia-de-america-latina\/#primaryimage"},"thumbnailUrl":"https:\/\/www.ucaldas.edu.co\/portal\/wp-content\/uploads\/2017\/11\/arqueo-compressor.jpg","datePublished":"2017-11-07T21:28:05+00:00","dateModified":"2017-11-07T21:55:46+00:00","breadcrumb":{"@id":"https:\/\/www.ucaldas.edu.co\/portal\/u-de-caldas-es-sede-de-v-taller-de-geoarqueologia-de-america-latina\/#breadcrumb"},"inLanguage":"es","potentialAction":[{"@type":"ReadAction","target":["https:\/\/www.ucaldas.edu.co\/portal\/u-de-caldas-es-sede-de-v-taller-de-geoarqueologia-de-america-latina\/"]}]},{"@type":"ImageObject","inLanguage":"es","@id":"https:\/\/www.ucaldas.edu.co\/portal\/u-de-caldas-es-sede-de-v-taller-de-geoarqueologia-de-america-latina\/#primaryimage","url":"https:\/\/www.ucaldas.edu.co\/portal\/wp-content\/uploads\/2017\/11\/arqueo-compressor.jpg","contentUrl":"https:\/\/www.ucaldas.edu.co\/portal\/wp-content\/uploads\/2017\/11\/arqueo-compressor.jpg","width":700,"height":401},{"@type":"BreadcrumbList","@id":"https:\/\/www.ucaldas.edu.co\/portal\/u-de-caldas-es-sede-de-v-taller-de-geoarqueologia-de-america-latina\/#breadcrumb","itemListElement":[{"@type":"ListItem","position":1,"name":"Portada","item":"https:\/\/www.ucaldas.edu.co\/portal\/"},{"@type":"ListItem","position":2,"name":"U. de Caldas es sede de V Taller de geoarqueolog\u00eda de Am\u00e9rica Latina"}]},{"@type":"WebSite","@id":"https:\/\/www.ucaldas.edu.co\/portal\/#website","url":"https:\/\/www.ucaldas.edu.co\/portal\/","name":"Universidad de Caldas","description":"","publisher":{"@id":"https:\/\/www.ucaldas.edu.co\/portal\/#organization"},"alternateName":"U. de Caldas","potentialAction":[{"@type":"SearchAction","target":{"@type":"EntryPoint","urlTemplate":"https:\/\/www.ucaldas.edu.co\/portal\/?s={search_term_string}"},"query-input":{"@type":"PropertyValueSpecification","valueRequired":true,"valueName":"search_term_string"}}],"inLanguage":"es"},{"@type":"Organization","@id":"https:\/\/www.ucaldas.edu.co\/portal\/#organization","name":"Universidad de Caldas","alternateName":"U. de Caldas","url":"https:\/\/www.ucaldas.edu.co\/portal\/","logo":{"@type":"ImageObject","inLanguage":"es","@id":"https:\/\/www.ucaldas.edu.co\/portal\/#\/schema\/logo\/image\/","url":"https:\/\/www.ucaldas.edu.co\/portal\/wp-content\/uploads\/2023\/11\/Logo_horizontal_oscuroU-2023.png","contentUrl":"https:\/\/www.ucaldas.edu.co\/portal\/wp-content\/uploads\/2023\/11\/Logo_horizontal_oscuroU-2023.png","width":263,"height":101,"caption":"Universidad de Caldas"},"image":{"@id":"https:\/\/www.ucaldas.edu.co\/portal\/#\/schema\/logo\/image\/"},"sameAs":["https:\/\/www.facebook.com\/udecaldas","https:\/\/x.com\/udecaldas","https:\/\/www.youtube.com\/universidadcaldas","https:\/\/www.instagram.com\/udecaldas\/"]},{"@type":"Person","@id":"https:\/\/www.ucaldas.edu.co\/portal\/#\/schema\/person\/a1b482e23449158b4bc319926c074fdf","name":"ofiprensa","image":{"@type":"ImageObject","inLanguage":"es","@id":"https:\/\/www.ucaldas.edu.co\/portal\/wp-content\/litespeed\/avatar\/09ea5085e600095a7a811142c6944527.jpg?ver=1777497608","url":"https:\/\/www.ucaldas.edu.co\/portal\/wp-content\/litespeed\/avatar\/09ea5085e600095a7a811142c6944527.jpg?ver=1777497608","contentUrl":"https:\/\/www.ucaldas.edu.co\/portal\/wp-content\/litespeed\/avatar\/09ea5085e600095a7a811142c6944527.jpg?ver=1777497608","caption":"ofiprensa"},"url":"https:\/\/www.ucaldas.edu.co\/portal\/author\/ofiprensa\/"}]}},"_links":{"self":[{"href":"https:\/\/www.ucaldas.edu.co\/portal\/wp-json\/wp\/v2\/posts\/38665","targetHints":{"allow":["GET"]}}],"collection":[{"href":"https:\/\/www.ucaldas.edu.co\/portal\/wp-json\/wp\/v2\/posts"}],"about":[{"href":"https:\/\/www.ucaldas.edu.co\/portal\/wp-json\/wp\/v2\/types\/post"}],"author":[{"embeddable":true,"href":"https:\/\/www.ucaldas.edu.co\/portal\/wp-json\/wp\/v2\/users\/2"}],"replies":[{"embeddable":true,"href":"https:\/\/www.ucaldas.edu.co\/portal\/wp-json\/wp\/v2\/comments?post=38665"}],"version-history":[{"count":0,"href":"https:\/\/www.ucaldas.edu.co\/portal\/wp-json\/wp\/v2\/posts\/38665\/revisions"}],"wp:featuredmedia":[{"embeddable":true,"href":"https:\/\/www.ucaldas.edu.co\/portal\/wp-json\/wp\/v2\/media\/38669"}],"wp:attachment":[{"href":"https:\/\/www.ucaldas.edu.co\/portal\/wp-json\/wp\/v2\/media?parent=38665"}],"wp:term":[{"taxonomy":"category","embeddable":true,"href":"https:\/\/www.ucaldas.edu.co\/portal\/wp-json\/wp\/v2\/categories?post=38665"},{"taxonomy":"post_tag","embeddable":true,"href":"https:\/\/www.ucaldas.edu.co\/portal\/wp-json\/wp\/v2\/tags?post=38665"}],"curies":[{"name":"wp","href":"https:\/\/api.w.org\/{rel}","templated":true}]}}