{"id":38593,"date":"2017-11-01T21:52:00","date_gmt":"2017-11-01T21:52:00","guid":{"rendered":"https:\/\/www.ucaldas.edu.co\/portal\/?p=38593"},"modified":"2017-11-01T22:02:09","modified_gmt":"2017-11-01T22:02:09","slug":"la-dorada-con-nuevos-egresados-en-licenciatura-en-educacion-ambiental-y-tecnologia-en-higiene-y-seguridad-ocupacional","status":"publish","type":"post","link":"https:\/\/www.ucaldas.edu.co\/portal\/la-dorada-con-nuevos-egresados-en-licenciatura-en-educacion-ambiental-y-tecnologia-en-higiene-y-seguridad-ocupacional\/","title":{"rendered":"La Dorada, con nuevos egresados en Licenciatura en Educaci\u00f3n Ambiental y Tecnolog\u00eda en Higiene y Seguridad Ocupacional"},"content":{"rendered":"<p><img loading=\"lazy\" decoding=\"async\" class=\"size-full wp-image-38594 aligncenter\" src=\"https:\/\/www.ucaldas.edu.co\/portal\/wp-content\/uploads\/2017\/11\/Grados-La-Dorada-27-octubre-2017.jpg\" alt=\"\" width=\"1187\" height=\"633\" srcset=\"https:\/\/www.ucaldas.edu.co\/portal\/wp-content\/uploads\/2017\/11\/Grados-La-Dorada-27-octubre-2017.jpg 1187w, https:\/\/www.ucaldas.edu.co\/portal\/wp-content\/uploads\/2017\/11\/Grados-La-Dorada-27-octubre-2017-300x160.jpg 300w, https:\/\/www.ucaldas.edu.co\/portal\/wp-content\/uploads\/2017\/11\/Grados-La-Dorada-27-octubre-2017-768x410.jpg 768w, https:\/\/www.ucaldas.edu.co\/portal\/wp-content\/uploads\/2017\/11\/Grados-La-Dorada-27-octubre-2017-1024x546.jpg 1024w\" sizes=\"auto, (max-width: 1187px) 100vw, 1187px\" \/><\/p>\n<p>En ceremonia realizada el pasado viernes 27 de octubre en La Dorada (Caldas), la Facultad de Artes y Humanidades de la Universidad de Caldas gradu\u00f3 a 31 exalumnos en la <strong>Licenciatura en Educaci\u00f3n Ambiental<\/strong>, mientras que la Facultad de Ingenier\u00edas entreg\u00f3 el t\u00edtulo de <strong>Tecn\u00f3logo en Higiene y Seguridad Ocupacional<\/strong> a 19 egresados.<\/p>\n<p><!--more--><\/p>\n<p><strong>Orlando Londo\u00f1o Betancourt, Vicerrector Acad\u00e9mico de la U. de Caldas<\/strong>, coment\u00f3 que cada graduaci\u00f3n en este municipio es una muestra del <strong>compromiso de la instituci\u00f3n con la regi\u00f3n<\/strong> y particularmente con el Magdalena Medio, para que esta zona del pa\u00eds se convierta en polo de desarrollo a trav\u00e9s de la educaci\u00f3n.<\/p>\n<p>\u00abHemos graduado personas en dos carreras que est\u00e1n conectadas en que ambas desde su objeto de estudio contribuyen al desarrollo y la generaci\u00f3n de bienestar. Por un lado, el compromiso de formar maestros de calidad comprometidos y con imaginarios que permitan <strong>la transformaci\u00f3n de la regi\u00f3n alrededor de la naturaleza, del ambiente y de la sostenibilidad<\/strong>\u00ab, coment\u00f3.<\/p>\n<p><img loading=\"lazy\" decoding=\"async\" class=\"alignleft wp-image-38599\" src=\"https:\/\/www.ucaldas.edu.co\/portal\/wp-content\/uploads\/2017\/11\/IMG_6988.jpg\" alt=\"\" width=\"600\" height=\"247\" srcset=\"https:\/\/www.ucaldas.edu.co\/portal\/wp-content\/uploads\/2017\/11\/IMG_6988.jpg 2941w, https:\/\/www.ucaldas.edu.co\/portal\/wp-content\/uploads\/2017\/11\/IMG_6988-300x123.jpg 300w, https:\/\/www.ucaldas.edu.co\/portal\/wp-content\/uploads\/2017\/11\/IMG_6988-768x316.jpg 768w, https:\/\/www.ucaldas.edu.co\/portal\/wp-content\/uploads\/2017\/11\/IMG_6988-1024x421.jpg 1024w\" sizes=\"auto, (max-width: 600px) 100vw, 600px\" \/>Londo\u00f1o Betancourt, agreg\u00f3: \u00abPor el otro lado la tecnolog\u00eda, que tiene que ver con que nuestras empresas ofrezcan bienestar y que sus trabajadores tengan condiciones de seguridad e higiene, que conduzcan a nuestras industrias hacia la excelencia y procesos de certificaci\u00f3n\u00bb.<\/p>\n<p>Por su parte <strong>Diana Yurani \u00c1lvarez M\u00e1rquez, Directora de la Licenciatura en Educaci\u00f3n Ambiental<\/strong>, anot\u00f3 que la promoci\u00f3n que se gradu\u00f3 pas\u00f3 por ocho meses de formaci\u00f3n y sus integrantes mostraron mucho compromiso y ganas de terminar sus estudios.<\/p>\n<p>\u00abEn cualquier lugar donde se d\u00e9 la oportunidad de educarse va a ser bien recibida, sobretodo la parte ambiental que tiene incidencia en los estudiantes, que promueven una formaci\u00f3n en valores y en el cuidado y protecci\u00f3n del ambiente, pero tambi\u00e9n en llevar ese conocimiento a otras personas\u00bb, afirm\u00f3.<\/p>\n<p>Al respecto, <strong>Te\u00f3filo Andr\u00e9s Renter\u00eda Betancur<\/strong>, uno de los graduados en esta Licenciatura, asegur\u00f3 que para \u00e9l y sus compa\u00f1eros fue <strong>un honor haber obtenido su t\u00edtulo en la Universidad de Caldas<\/strong>, una de las mejores de Colombia.<\/p>\n<p><img loading=\"lazy\" decoding=\"async\" class=\"alignright wp-image-38598\" src=\"https:\/\/www.ucaldas.edu.co\/portal\/wp-content\/uploads\/2017\/11\/IMG_6987.jpg\" alt=\"\" width=\"600\" height=\"302\" srcset=\"https:\/\/www.ucaldas.edu.co\/portal\/wp-content\/uploads\/2017\/11\/IMG_6987.jpg 760w, https:\/\/www.ucaldas.edu.co\/portal\/wp-content\/uploads\/2017\/11\/IMG_6987-300x151.jpg 300w\" sizes=\"auto, (max-width: 600px) 100vw, 600px\" \/>\u00abLas expectativas que tengo son empezar a ejercer la carrera y trabajar el tema ambiental ac\u00e1 en La Dorada, que se necesita mucho para <strong>recuperar la ribera del r\u00edo Magdalena<\/strong> y manejar las basuras en las calles. Entonces se necesita mucho empezar en los colegios a formar a los j\u00f3venes en esa conciencia ambiental\u00bb, coment\u00f3.<\/p>\n<p>En cuanto a la <strong>Tecnolog\u00eda en Higiene y Seguridad Ocupacional<\/strong>, su director, <strong>Oscar Alberto Ospina Vel\u00e1squez<\/strong>, indic\u00f3 que esta fue la cuarta cohorte de graduados del programa y que fue la que menos deserci\u00f3n ha sufrido.<\/p>\n<p>\u00abEs la \u00faltima cohorte en un tiempo pues haremos un cese por temas de pertinencia y absorci\u00f3n del mercado, pues tratamos de ser muy responsables como siempre con el tema de los egresados y no saturar el mercado. Estamos dise\u00f1ando la apertura de un programa universitario con esta tem\u00e1tica para absorber a estas personas que vienen de la tecnolog\u00eda\u00bb, concluy\u00f3.<\/p>\n<p><strong>\u00a0<img loading=\"lazy\" decoding=\"async\" class=\"size-full wp-image-38600 aligncenter\" src=\"https:\/\/www.ucaldas.edu.co\/portal\/wp-content\/uploads\/2017\/11\/IMG_7050.jpg\" alt=\"\" width=\"746\" height=\"386\" srcset=\"https:\/\/www.ucaldas.edu.co\/portal\/wp-content\/uploads\/2017\/11\/IMG_7050.jpg 746w, https:\/\/www.ucaldas.edu.co\/portal\/wp-content\/uploads\/2017\/11\/IMG_7050-300x155.jpg 300w\" sizes=\"auto, (max-width: 746px) 100vw, 746px\" \/><\/strong><\/p>\n<p><a href=\"https:\/\/www.facebook.com\/pg\/udecaldas\/photos\/?tab=album&amp;album_id=1589882237740302\" target=\"_blank\" rel=\"noopener\"><strong>GALER\u00cdA: Grados La Dorada del 27 de octubre<\/strong><\/a><\/p>\n<p><strong>Informes:<\/strong> Oficina de Comunicaciones y Prensa U. de Caldas, tel\u00e9fono 878 15 00 extensi\u00f3n 12 167.<\/p>\n<p><strong>Redacci\u00f3n:<\/strong> Mauricio D\u00edaz G\u00f3mez.<\/p>\n","protected":false},"excerpt":{"rendered":"<p>En ceremonia realizada el pasado viernes 27 de octubre en La Dorada (Caldas), la Facultad de Artes y Humanidades de la Universidad de Caldas gradu\u00f3 a 31 exalumnos en la Licenciatura en Educaci\u00f3n Ambiental, mientras que la Facultad de Ingenier\u00edas entreg\u00f3 el t\u00edtulo de Tecn\u00f3logo en Higiene y Seguridad Ocupacional a 19 egresados.<\/p>\n","protected":false},"author":2,"featured_media":38594,"comment_status":"closed","ping_status":"open","sticky":false,"template":"","format":"standard","meta":{"footnotes":""},"categories":[48,53,600,756],"tags":[95,426,486,1254,1380,2005],"class_list":["post-38593","post","type-post","status-publish","format-standard","has-post-thumbnail","hentry","category-actualidad","category-universidad-al-dia","category-ucaldas-regional","category-ucaldas-verde","tag-universidad-de-caldas","tag-facultad-de-ingenierias","tag-la-dorada","tag-facultad-de-artes-y-humanidades","tag-licenciatura-en-educacion-ambiental","tag-tecnologia-en-higiene-y-seguridad-ocupacional"],"yoast_head":"<!-- This site is optimized with the Yoast SEO plugin v27.5 - https:\/\/yoast.com\/product\/yoast-seo-wordpress\/ -->\n<title>La Dorada, con nuevos egresados en Licenciatura en Educaci\u00f3n Ambiental y Tecnolog\u00eda en Higiene y Seguridad Ocupacional .<\/title>\n<meta name=\"robots\" content=\"index, follow, max-snippet:-1, max-image-preview:large, max-video-preview:-1\" \/>\n<link rel=\"canonical\" href=\"https:\/\/www.ucaldas.edu.co\/portal\/la-dorada-con-nuevos-egresados-en-licenciatura-en-educacion-ambiental-y-tecnologia-en-higiene-y-seguridad-ocupacional\/\" \/>\n<script type=\"application\/ld+json\" class=\"yoast-schema-graph\">{\"@context\":\"https:\\\/\\\/schema.org\",\"@graph\":[{\"@type\":\"Article\",\"@id\":\"https:\\\/\\\/www.ucaldas.edu.co\\\/portal\\\/la-dorada-con-nuevos-egresados-en-licenciatura-en-educacion-ambiental-y-tecnologia-en-higiene-y-seguridad-ocupacional\\\/#article\",\"isPartOf\":{\"@id\":\"https:\\\/\\\/www.ucaldas.edu.co\\\/portal\\\/la-dorada-con-nuevos-egresados-en-licenciatura-en-educacion-ambiental-y-tecnologia-en-higiene-y-seguridad-ocupacional\\\/\"},\"author\":{\"name\":\"ofiprensa\",\"@id\":\"https:\\\/\\\/www.ucaldas.edu.co\\\/portal\\\/#\\\/schema\\\/person\\\/a1b482e23449158b4bc319926c074fdf\"},\"headline\":\"La Dorada, con nuevos egresados en Licenciatura en Educaci\u00f3n Ambiental y Tecnolog\u00eda en Higiene y Seguridad Ocupacional\",\"datePublished\":\"2017-11-01T21:52:00+00:00\",\"dateModified\":\"2017-11-01T22:02:09+00:00\",\"mainEntityOfPage\":{\"@id\":\"https:\\\/\\\/www.ucaldas.edu.co\\\/portal\\\/la-dorada-con-nuevos-egresados-en-licenciatura-en-educacion-ambiental-y-tecnologia-en-higiene-y-seguridad-ocupacional\\\/\"},\"wordCount\":563,\"publisher\":{\"@id\":\"https:\\\/\\\/www.ucaldas.edu.co\\\/portal\\\/#organization\"},\"image\":{\"@id\":\"https:\\\/\\\/www.ucaldas.edu.co\\\/portal\\\/la-dorada-con-nuevos-egresados-en-licenciatura-en-educacion-ambiental-y-tecnologia-en-higiene-y-seguridad-ocupacional\\\/#primaryimage\"},\"thumbnailUrl\":\"https:\\\/\\\/www.ucaldas.edu.co\\\/portal\\\/wp-content\\\/uploads\\\/2017\\\/11\\\/Grados-La-Dorada-27-octubre-2017.jpg\",\"keywords\":[\"Universidad De Caldas\",\"Facultad de Ingenier\u00edas\",\"La Dorada\",\"Facultad de Artes y Humanidades\",\"Licenciatura en Educaci\u00f3n Ambiental\",\"Tecnolog\u00eda en Higiene y Seguridad Ocupacional\"],\"articleSection\":[\"Actualidad\",\"Universidad al D\u00eda\",\"UCaldas Regional\",\"UCaldas Verde\"],\"inLanguage\":\"es\"},{\"@type\":\"WebPage\",\"@id\":\"https:\\\/\\\/www.ucaldas.edu.co\\\/portal\\\/la-dorada-con-nuevos-egresados-en-licenciatura-en-educacion-ambiental-y-tecnologia-en-higiene-y-seguridad-ocupacional\\\/\",\"url\":\"https:\\\/\\\/www.ucaldas.edu.co\\\/portal\\\/la-dorada-con-nuevos-egresados-en-licenciatura-en-educacion-ambiental-y-tecnologia-en-higiene-y-seguridad-ocupacional\\\/\",\"name\":\"La Dorada, con nuevos egresados en Licenciatura en Educaci\u00f3n Ambiental y Tecnolog\u00eda en Higiene y Seguridad Ocupacional .\",\"isPartOf\":{\"@id\":\"https:\\\/\\\/www.ucaldas.edu.co\\\/portal\\\/#website\"},\"primaryImageOfPage\":{\"@id\":\"https:\\\/\\\/www.ucaldas.edu.co\\\/portal\\\/la-dorada-con-nuevos-egresados-en-licenciatura-en-educacion-ambiental-y-tecnologia-en-higiene-y-seguridad-ocupacional\\\/#primaryimage\"},\"image\":{\"@id\":\"https:\\\/\\\/www.ucaldas.edu.co\\\/portal\\\/la-dorada-con-nuevos-egresados-en-licenciatura-en-educacion-ambiental-y-tecnologia-en-higiene-y-seguridad-ocupacional\\\/#primaryimage\"},\"thumbnailUrl\":\"https:\\\/\\\/www.ucaldas.edu.co\\\/portal\\\/wp-content\\\/uploads\\\/2017\\\/11\\\/Grados-La-Dorada-27-octubre-2017.jpg\",\"datePublished\":\"2017-11-01T21:52:00+00:00\",\"dateModified\":\"2017-11-01T22:02:09+00:00\",\"breadcrumb\":{\"@id\":\"https:\\\/\\\/www.ucaldas.edu.co\\\/portal\\\/la-dorada-con-nuevos-egresados-en-licenciatura-en-educacion-ambiental-y-tecnologia-en-higiene-y-seguridad-ocupacional\\\/#breadcrumb\"},\"inLanguage\":\"es\",\"potentialAction\":[{\"@type\":\"ReadAction\",\"target\":[\"https:\\\/\\\/www.ucaldas.edu.co\\\/portal\\\/la-dorada-con-nuevos-egresados-en-licenciatura-en-educacion-ambiental-y-tecnologia-en-higiene-y-seguridad-ocupacional\\\/\"]}]},{\"@type\":\"ImageObject\",\"inLanguage\":\"es\",\"@id\":\"https:\\\/\\\/www.ucaldas.edu.co\\\/portal\\\/la-dorada-con-nuevos-egresados-en-licenciatura-en-educacion-ambiental-y-tecnologia-en-higiene-y-seguridad-ocupacional\\\/#primaryimage\",\"url\":\"https:\\\/\\\/www.ucaldas.edu.co\\\/portal\\\/wp-content\\\/uploads\\\/2017\\\/11\\\/Grados-La-Dorada-27-octubre-2017.jpg\",\"contentUrl\":\"https:\\\/\\\/www.ucaldas.edu.co\\\/portal\\\/wp-content\\\/uploads\\\/2017\\\/11\\\/Grados-La-Dorada-27-octubre-2017.jpg\",\"width\":1187,\"height\":633},{\"@type\":\"BreadcrumbList\",\"@id\":\"https:\\\/\\\/www.ucaldas.edu.co\\\/portal\\\/la-dorada-con-nuevos-egresados-en-licenciatura-en-educacion-ambiental-y-tecnologia-en-higiene-y-seguridad-ocupacional\\\/#breadcrumb\",\"itemListElement\":[{\"@type\":\"ListItem\",\"position\":1,\"name\":\"Portada\",\"item\":\"https:\\\/\\\/www.ucaldas.edu.co\\\/portal\\\/\"},{\"@type\":\"ListItem\",\"position\":2,\"name\":\"La Dorada, con nuevos egresados en Licenciatura en Educaci\u00f3n Ambiental y Tecnolog\u00eda en Higiene y Seguridad Ocupacional\"}]},{\"@type\":\"WebSite\",\"@id\":\"https:\\\/\\\/www.ucaldas.edu.co\\\/portal\\\/#website\",\"url\":\"https:\\\/\\\/www.ucaldas.edu.co\\\/portal\\\/\",\"name\":\"Universidad de Caldas\",\"description\":\"\",\"publisher\":{\"@id\":\"https:\\\/\\\/www.ucaldas.edu.co\\\/portal\\\/#organization\"},\"alternateName\":\"U. de Caldas\",\"potentialAction\":[{\"@type\":\"SearchAction\",\"target\":{\"@type\":\"EntryPoint\",\"urlTemplate\":\"https:\\\/\\\/www.ucaldas.edu.co\\\/portal\\\/?s={search_term_string}\"},\"query-input\":{\"@type\":\"PropertyValueSpecification\",\"valueRequired\":true,\"valueName\":\"search_term_string\"}}],\"inLanguage\":\"es\"},{\"@type\":\"Organization\",\"@id\":\"https:\\\/\\\/www.ucaldas.edu.co\\\/portal\\\/#organization\",\"name\":\"Universidad de Caldas\",\"alternateName\":\"U. de Caldas\",\"url\":\"https:\\\/\\\/www.ucaldas.edu.co\\\/portal\\\/\",\"logo\":{\"@type\":\"ImageObject\",\"inLanguage\":\"es\",\"@id\":\"https:\\\/\\\/www.ucaldas.edu.co\\\/portal\\\/#\\\/schema\\\/logo\\\/image\\\/\",\"url\":\"https:\\\/\\\/www.ucaldas.edu.co\\\/portal\\\/wp-content\\\/uploads\\\/2023\\\/11\\\/Logo_horizontal_oscuroU-2023.png\",\"contentUrl\":\"https:\\\/\\\/www.ucaldas.edu.co\\\/portal\\\/wp-content\\\/uploads\\\/2023\\\/11\\\/Logo_horizontal_oscuroU-2023.png\",\"width\":263,\"height\":101,\"caption\":\"Universidad de Caldas\"},\"image\":{\"@id\":\"https:\\\/\\\/www.ucaldas.edu.co\\\/portal\\\/#\\\/schema\\\/logo\\\/image\\\/\"},\"sameAs\":[\"https:\\\/\\\/www.facebook.com\\\/udecaldas\",\"https:\\\/\\\/x.com\\\/udecaldas\",\"https:\\\/\\\/www.youtube.com\\\/universidadcaldas\",\"https:\\\/\\\/www.instagram.com\\\/udecaldas\\\/\"]},{\"@type\":\"Person\",\"@id\":\"https:\\\/\\\/www.ucaldas.edu.co\\\/portal\\\/#\\\/schema\\\/person\\\/a1b482e23449158b4bc319926c074fdf\",\"name\":\"ofiprensa\",\"image\":{\"@type\":\"ImageObject\",\"inLanguage\":\"es\",\"@id\":\"https:\\\/\\\/www.ucaldas.edu.co\\\/portal\\\/wp-content\\\/litespeed\\\/avatar\\\/09ea5085e600095a7a811142c6944527.jpg?ver=1777497608\",\"url\":\"https:\\\/\\\/www.ucaldas.edu.co\\\/portal\\\/wp-content\\\/litespeed\\\/avatar\\\/09ea5085e600095a7a811142c6944527.jpg?ver=1777497608\",\"contentUrl\":\"https:\\\/\\\/www.ucaldas.edu.co\\\/portal\\\/wp-content\\\/litespeed\\\/avatar\\\/09ea5085e600095a7a811142c6944527.jpg?ver=1777497608\",\"caption\":\"ofiprensa\"},\"url\":\"https:\\\/\\\/www.ucaldas.edu.co\\\/portal\\\/author\\\/ofiprensa\\\/\"}]}<\/script>\n<!-- \/ Yoast SEO plugin. -->","yoast_head_json":{"title":"La Dorada, con nuevos egresados en Licenciatura en Educaci\u00f3n Ambiental y Tecnolog\u00eda en Higiene y Seguridad Ocupacional .","robots":{"index":"index","follow":"follow","max-snippet":"max-snippet:-1","max-image-preview":"max-image-preview:large","max-video-preview":"max-video-preview:-1"},"canonical":"https:\/\/www.ucaldas.edu.co\/portal\/la-dorada-con-nuevos-egresados-en-licenciatura-en-educacion-ambiental-y-tecnologia-en-higiene-y-seguridad-ocupacional\/","schema":{"@context":"https:\/\/schema.org","@graph":[{"@type":"Article","@id":"https:\/\/www.ucaldas.edu.co\/portal\/la-dorada-con-nuevos-egresados-en-licenciatura-en-educacion-ambiental-y-tecnologia-en-higiene-y-seguridad-ocupacional\/#article","isPartOf":{"@id":"https:\/\/www.ucaldas.edu.co\/portal\/la-dorada-con-nuevos-egresados-en-licenciatura-en-educacion-ambiental-y-tecnologia-en-higiene-y-seguridad-ocupacional\/"},"author":{"name":"ofiprensa","@id":"https:\/\/www.ucaldas.edu.co\/portal\/#\/schema\/person\/a1b482e23449158b4bc319926c074fdf"},"headline":"La Dorada, con nuevos egresados en Licenciatura en Educaci\u00f3n Ambiental y Tecnolog\u00eda en Higiene y Seguridad Ocupacional","datePublished":"2017-11-01T21:52:00+00:00","dateModified":"2017-11-01T22:02:09+00:00","mainEntityOfPage":{"@id":"https:\/\/www.ucaldas.edu.co\/portal\/la-dorada-con-nuevos-egresados-en-licenciatura-en-educacion-ambiental-y-tecnologia-en-higiene-y-seguridad-ocupacional\/"},"wordCount":563,"publisher":{"@id":"https:\/\/www.ucaldas.edu.co\/portal\/#organization"},"image":{"@id":"https:\/\/www.ucaldas.edu.co\/portal\/la-dorada-con-nuevos-egresados-en-licenciatura-en-educacion-ambiental-y-tecnologia-en-higiene-y-seguridad-ocupacional\/#primaryimage"},"thumbnailUrl":"https:\/\/www.ucaldas.edu.co\/portal\/wp-content\/uploads\/2017\/11\/Grados-La-Dorada-27-octubre-2017.jpg","keywords":["Universidad De Caldas","Facultad de Ingenier\u00edas","La Dorada","Facultad de Artes y Humanidades","Licenciatura en Educaci\u00f3n Ambiental","Tecnolog\u00eda en Higiene y Seguridad Ocupacional"],"articleSection":["Actualidad","Universidad al D\u00eda","UCaldas Regional","UCaldas Verde"],"inLanguage":"es"},{"@type":"WebPage","@id":"https:\/\/www.ucaldas.edu.co\/portal\/la-dorada-con-nuevos-egresados-en-licenciatura-en-educacion-ambiental-y-tecnologia-en-higiene-y-seguridad-ocupacional\/","url":"https:\/\/www.ucaldas.edu.co\/portal\/la-dorada-con-nuevos-egresados-en-licenciatura-en-educacion-ambiental-y-tecnologia-en-higiene-y-seguridad-ocupacional\/","name":"La Dorada, con nuevos egresados en Licenciatura en Educaci\u00f3n Ambiental y Tecnolog\u00eda en Higiene y Seguridad Ocupacional .","isPartOf":{"@id":"https:\/\/www.ucaldas.edu.co\/portal\/#website"},"primaryImageOfPage":{"@id":"https:\/\/www.ucaldas.edu.co\/portal\/la-dorada-con-nuevos-egresados-en-licenciatura-en-educacion-ambiental-y-tecnologia-en-higiene-y-seguridad-ocupacional\/#primaryimage"},"image":{"@id":"https:\/\/www.ucaldas.edu.co\/portal\/la-dorada-con-nuevos-egresados-en-licenciatura-en-educacion-ambiental-y-tecnologia-en-higiene-y-seguridad-ocupacional\/#primaryimage"},"thumbnailUrl":"https:\/\/www.ucaldas.edu.co\/portal\/wp-content\/uploads\/2017\/11\/Grados-La-Dorada-27-octubre-2017.jpg","datePublished":"2017-11-01T21:52:00+00:00","dateModified":"2017-11-01T22:02:09+00:00","breadcrumb":{"@id":"https:\/\/www.ucaldas.edu.co\/portal\/la-dorada-con-nuevos-egresados-en-licenciatura-en-educacion-ambiental-y-tecnologia-en-higiene-y-seguridad-ocupacional\/#breadcrumb"},"inLanguage":"es","potentialAction":[{"@type":"ReadAction","target":["https:\/\/www.ucaldas.edu.co\/portal\/la-dorada-con-nuevos-egresados-en-licenciatura-en-educacion-ambiental-y-tecnologia-en-higiene-y-seguridad-ocupacional\/"]}]},{"@type":"ImageObject","inLanguage":"es","@id":"https:\/\/www.ucaldas.edu.co\/portal\/la-dorada-con-nuevos-egresados-en-licenciatura-en-educacion-ambiental-y-tecnologia-en-higiene-y-seguridad-ocupacional\/#primaryimage","url":"https:\/\/www.ucaldas.edu.co\/portal\/wp-content\/uploads\/2017\/11\/Grados-La-Dorada-27-octubre-2017.jpg","contentUrl":"https:\/\/www.ucaldas.edu.co\/portal\/wp-content\/uploads\/2017\/11\/Grados-La-Dorada-27-octubre-2017.jpg","width":1187,"height":633},{"@type":"BreadcrumbList","@id":"https:\/\/www.ucaldas.edu.co\/portal\/la-dorada-con-nuevos-egresados-en-licenciatura-en-educacion-ambiental-y-tecnologia-en-higiene-y-seguridad-ocupacional\/#breadcrumb","itemListElement":[{"@type":"ListItem","position":1,"name":"Portada","item":"https:\/\/www.ucaldas.edu.co\/portal\/"},{"@type":"ListItem","position":2,"name":"La Dorada, con nuevos egresados en Licenciatura en Educaci\u00f3n Ambiental y Tecnolog\u00eda en Higiene y Seguridad Ocupacional"}]},{"@type":"WebSite","@id":"https:\/\/www.ucaldas.edu.co\/portal\/#website","url":"https:\/\/www.ucaldas.edu.co\/portal\/","name":"Universidad de Caldas","description":"","publisher":{"@id":"https:\/\/www.ucaldas.edu.co\/portal\/#organization"},"alternateName":"U. de Caldas","potentialAction":[{"@type":"SearchAction","target":{"@type":"EntryPoint","urlTemplate":"https:\/\/www.ucaldas.edu.co\/portal\/?s={search_term_string}"},"query-input":{"@type":"PropertyValueSpecification","valueRequired":true,"valueName":"search_term_string"}}],"inLanguage":"es"},{"@type":"Organization","@id":"https:\/\/www.ucaldas.edu.co\/portal\/#organization","name":"Universidad de Caldas","alternateName":"U. de Caldas","url":"https:\/\/www.ucaldas.edu.co\/portal\/","logo":{"@type":"ImageObject","inLanguage":"es","@id":"https:\/\/www.ucaldas.edu.co\/portal\/#\/schema\/logo\/image\/","url":"https:\/\/www.ucaldas.edu.co\/portal\/wp-content\/uploads\/2023\/11\/Logo_horizontal_oscuroU-2023.png","contentUrl":"https:\/\/www.ucaldas.edu.co\/portal\/wp-content\/uploads\/2023\/11\/Logo_horizontal_oscuroU-2023.png","width":263,"height":101,"caption":"Universidad de Caldas"},"image":{"@id":"https:\/\/www.ucaldas.edu.co\/portal\/#\/schema\/logo\/image\/"},"sameAs":["https:\/\/www.facebook.com\/udecaldas","https:\/\/x.com\/udecaldas","https:\/\/www.youtube.com\/universidadcaldas","https:\/\/www.instagram.com\/udecaldas\/"]},{"@type":"Person","@id":"https:\/\/www.ucaldas.edu.co\/portal\/#\/schema\/person\/a1b482e23449158b4bc319926c074fdf","name":"ofiprensa","image":{"@type":"ImageObject","inLanguage":"es","@id":"https:\/\/www.ucaldas.edu.co\/portal\/wp-content\/litespeed\/avatar\/09ea5085e600095a7a811142c6944527.jpg?ver=1777497608","url":"https:\/\/www.ucaldas.edu.co\/portal\/wp-content\/litespeed\/avatar\/09ea5085e600095a7a811142c6944527.jpg?ver=1777497608","contentUrl":"https:\/\/www.ucaldas.edu.co\/portal\/wp-content\/litespeed\/avatar\/09ea5085e600095a7a811142c6944527.jpg?ver=1777497608","caption":"ofiprensa"},"url":"https:\/\/www.ucaldas.edu.co\/portal\/author\/ofiprensa\/"}]}},"_links":{"self":[{"href":"https:\/\/www.ucaldas.edu.co\/portal\/wp-json\/wp\/v2\/posts\/38593","targetHints":{"allow":["GET"]}}],"collection":[{"href":"https:\/\/www.ucaldas.edu.co\/portal\/wp-json\/wp\/v2\/posts"}],"about":[{"href":"https:\/\/www.ucaldas.edu.co\/portal\/wp-json\/wp\/v2\/types\/post"}],"author":[{"embeddable":true,"href":"https:\/\/www.ucaldas.edu.co\/portal\/wp-json\/wp\/v2\/users\/2"}],"replies":[{"embeddable":true,"href":"https:\/\/www.ucaldas.edu.co\/portal\/wp-json\/wp\/v2\/comments?post=38593"}],"version-history":[{"count":0,"href":"https:\/\/www.ucaldas.edu.co\/portal\/wp-json\/wp\/v2\/posts\/38593\/revisions"}],"wp:featuredmedia":[{"embeddable":true,"href":"https:\/\/www.ucaldas.edu.co\/portal\/wp-json\/wp\/v2\/media\/38594"}],"wp:attachment":[{"href":"https:\/\/www.ucaldas.edu.co\/portal\/wp-json\/wp\/v2\/media?parent=38593"}],"wp:term":[{"taxonomy":"category","embeddable":true,"href":"https:\/\/www.ucaldas.edu.co\/portal\/wp-json\/wp\/v2\/categories?post=38593"},{"taxonomy":"post_tag","embeddable":true,"href":"https:\/\/www.ucaldas.edu.co\/portal\/wp-json\/wp\/v2\/tags?post=38593"}],"curies":[{"name":"wp","href":"https:\/\/api.w.org\/{rel}","templated":true}]}}