{"id":38589,"date":"2017-11-01T20:01:05","date_gmt":"2017-11-01T20:01:05","guid":{"rendered":"https:\/\/www.ucaldas.edu.co\/portal\/?p=38589"},"modified":"2017-11-01T20:01:05","modified_gmt":"2017-11-01T20:01:05","slug":"manizales-reflexiona-sobre-estudios-de-genero-en-colombia-en-coloquio-organizado-por-la-u-de-caldas","status":"publish","type":"post","link":"https:\/\/www.ucaldas.edu.co\/portal\/manizales-reflexiona-sobre-estudios-de-genero-en-colombia-en-coloquio-organizado-por-la-u-de-caldas\/","title":{"rendered":"Manizales reflexiona sobre estudios de g\u00e9nero en Colombia, en coloquio organizado por la U. de Caldas"},"content":{"rendered":"<p style=\"text-align: center;\">TENDR\u00c1 LUGAR HASTA EL 3 DE NOVIEMBRE DEL 2017<\/p>\n<p style=\"text-align: center;\"><strong>Manizales reflexiona sobre estudios de g\u00e9nero en Colombia, en coloquio organizado por la U. de Caldas<\/strong><\/p>\n<p style=\"text-align: right;\">1\/11\/2017<\/p>\n<p><strong><img loading=\"lazy\" decoding=\"async\" class=\"alignnone size-full wp-image-38590 aligncenter\" src=\"https:\/\/www.ucaldas.edu.co\/portal\/wp-content\/uploads\/2017\/11\/Coloquio-compressor.jpg\" alt=\"\" width=\"700\" height=\"401\" srcset=\"https:\/\/www.ucaldas.edu.co\/portal\/wp-content\/uploads\/2017\/11\/Coloquio-compressor.jpg 700w, https:\/\/www.ucaldas.edu.co\/portal\/wp-content\/uploads\/2017\/11\/Coloquio-compressor-300x172.jpg 300w\" sizes=\"auto, (max-width: 700px) 100vw, 700px\" \/>M\u00e1s de 400 personas participan en el I\u00a0 Coloquio Nacional de Estudios de G\u00e9nero en Colombia<\/strong>, que realiza la Universidad de Caldas del 1 al 3 de noviembre del 2017. Se trata de una iniciativa del Observatorio en G\u00e9nero y Sexualidades de la U. de Caldas.<\/p>\n<p><!--more--><\/p>\n<p>Guido Echeverri, <strong>Gobernador de Caldas, dio apertura al evento este mi\u00e9rcoles 1 de noviembre del 2017 y destac\u00f3: <\/strong>\u201ceste coloquio permitir\u00e1 llamar la atenci\u00f3n sobre la necesidad de poner en la agenda un asunto de tanta importancia como los estudios de g\u00e9nero. <strong>En los acuerdos de paz tambi\u00e9n fue crucial el tema de g\u00e9nero y hoy nos reunimos para analizar este tema, vital para el desarrollo de la sociedad moderna<\/strong>\u201d.<\/p>\n<p>&nbsp;<\/p>\n<p>Por su parte, el <strong>Decano Facultad de Ciencias Jur\u00eddicas y Sociales<\/strong> de la U. de Caldas, Gabriel Gallego Montes, <strong>explic\u00f3 que se buscan conocer los retos y trabajo en este campo de conocimiento<\/strong>, as\u00ed como concretar agendas conjuntas que permitan trabajar en redes de cooperaci\u00f3n.<\/p>\n<p>&nbsp;<\/p>\n<p>\u201cEstos temas son neur\u00e1lgicos en el proceso de construcci\u00f3n de pa\u00eds, desde el posconflicto. <strong>Contamos con invitados nacionales, m\u00e1s de 150 ponentes y 5 invitados internacionales<\/strong>\u201d, dijo.<\/p>\n<p>&nbsp;<\/p>\n<p><strong>Objetivos:<\/strong><\/p>\n<p>&#8211; Realizar un balance sobre de los estudios de g\u00e9nero en Colombia, sus transformaciones y sus posibles proyecciones.<\/p>\n<p>&#8211; Crear un espacio de reflexi\u00f3n en torno a los estudios de g\u00e9nero en el \u00e1mbito acad\u00e9mico y de pol\u00edticas p\u00fablicas en Colombia.<\/p>\n<p>&#8211; Reflexionar sobre los retos de los estudios de g\u00e9nero en el escenario de construcci\u00f3n de paces en el que se encuentra el pa\u00eds.<\/p>\n<p>&nbsp;<\/p>\n<p><strong>Lugares:<\/strong> Teatro Los Fundadores, Hotel Carretero y Campus Palogrande Universidad de Caldas.<\/p>\n<p>&nbsp;<\/p>\n<p><a href=\"https:\/\/www.facebook.com\/media\/set\/?set=a.1591623414232851.1073745774.107054166023124&amp;type=1&amp;l=fae7c8de17\">Conozca im\u00e1genes del I\u00a0 Coloquio Nacional de Estudios de G\u00e9nero en Colombia<\/a><\/p>\n<p>&nbsp;<\/p>\n<p><a href=\"https:\/\/www.ucaldas.edu.co\/portal\/i-coloquio-nacional-de-estudios-de-genero-en-colombia-nov-1-al-3\/\">Conozca aqu\u00ed todos los detalles del I\u00a0 Coloquio Nacional de Estudios de G\u00e9nero en Colombia<\/a><\/p>\n<p>&nbsp;<\/p>\n<p><strong>Informes: <\/strong>en el correo electr\u00f3nico coloquio.genero2017@ucaldas.edu.co<\/p>\n<p><strong>Redacci\u00f3n:<\/strong> Margarita Laverde<\/p>\n<p>&nbsp;<\/p>\n","protected":false},"excerpt":{"rendered":"<p>TENDR\u00c1 LUGAR HASTA EL 3 DE NOVIEMBRE DEL 2017 Manizales reflexiona sobre estudios de g\u00e9nero en Colombia, en coloquio organizado por la U. de Caldas 1\/11\/2017 M\u00e1s de 400 personas participan en el I\u00a0 Coloquio Nacional de Estudios de G\u00e9nero en Colombia, que realiza la Universidad de Caldas del 1 al 3 de noviembre del [&hellip;]<\/p>\n","protected":false},"author":2,"featured_media":38590,"comment_status":"closed","ping_status":"open","sticky":false,"template":"","format":"standard","meta":{"footnotes":""},"categories":[617,48,53],"tags":[68,764,775,55,63],"class_list":["post-38589","post","type-post","status-publish","format-standard","has-post-thumbnail","hentry","category-ucaldas-colaborativa","category-actualidad","category-universidad-al-dia","tag-invitado","tag-coloquio","tag-estudios-de-genero","tag-academia","tag-participe"],"yoast_head":"<!-- This site is optimized with the Yoast SEO plugin v27.5 - https:\/\/yoast.com\/product\/yoast-seo-wordpress\/ -->\n<title>Manizales reflexiona sobre estudios de g\u00e9nero en Colombia, en coloquio organizado por la U. de Caldas .<\/title>\n<meta name=\"robots\" content=\"index, follow, max-snippet:-1, max-image-preview:large, max-video-preview:-1\" \/>\n<link rel=\"canonical\" href=\"https:\/\/www.ucaldas.edu.co\/portal\/manizales-reflexiona-sobre-estudios-de-genero-en-colombia-en-coloquio-organizado-por-la-u-de-caldas\/\" \/>\n<script type=\"application\/ld+json\" class=\"yoast-schema-graph\">{\"@context\":\"https:\\\/\\\/schema.org\",\"@graph\":[{\"@type\":\"Article\",\"@id\":\"https:\\\/\\\/www.ucaldas.edu.co\\\/portal\\\/manizales-reflexiona-sobre-estudios-de-genero-en-colombia-en-coloquio-organizado-por-la-u-de-caldas\\\/#article\",\"isPartOf\":{\"@id\":\"https:\\\/\\\/www.ucaldas.edu.co\\\/portal\\\/manizales-reflexiona-sobre-estudios-de-genero-en-colombia-en-coloquio-organizado-por-la-u-de-caldas\\\/\"},\"author\":{\"name\":\"ofiprensa\",\"@id\":\"https:\\\/\\\/www.ucaldas.edu.co\\\/portal\\\/#\\\/schema\\\/person\\\/a1b482e23449158b4bc319926c074fdf\"},\"headline\":\"Manizales reflexiona sobre estudios de g\u00e9nero en Colombia, en coloquio organizado por la U. de Caldas\",\"datePublished\":\"2017-11-01T20:01:05+00:00\",\"mainEntityOfPage\":{\"@id\":\"https:\\\/\\\/www.ucaldas.edu.co\\\/portal\\\/manizales-reflexiona-sobre-estudios-de-genero-en-colombia-en-coloquio-organizado-por-la-u-de-caldas\\\/\"},\"wordCount\":375,\"publisher\":{\"@id\":\"https:\\\/\\\/www.ucaldas.edu.co\\\/portal\\\/#organization\"},\"image\":{\"@id\":\"https:\\\/\\\/www.ucaldas.edu.co\\\/portal\\\/manizales-reflexiona-sobre-estudios-de-genero-en-colombia-en-coloquio-organizado-por-la-u-de-caldas\\\/#primaryimage\"},\"thumbnailUrl\":\"https:\\\/\\\/www.ucaldas.edu.co\\\/portal\\\/wp-content\\\/uploads\\\/2017\\\/11\\\/Coloquio-compressor.jpg\",\"keywords\":[\"invitado\",\"coloquio\",\"estudios de g\u00e9nero\",\"academia\",\"Participe\"],\"articleSection\":[\"UCaldas Colaborativa\",\"Actualidad\",\"Universidad al D\u00eda\"],\"inLanguage\":\"es\"},{\"@type\":\"WebPage\",\"@id\":\"https:\\\/\\\/www.ucaldas.edu.co\\\/portal\\\/manizales-reflexiona-sobre-estudios-de-genero-en-colombia-en-coloquio-organizado-por-la-u-de-caldas\\\/\",\"url\":\"https:\\\/\\\/www.ucaldas.edu.co\\\/portal\\\/manizales-reflexiona-sobre-estudios-de-genero-en-colombia-en-coloquio-organizado-por-la-u-de-caldas\\\/\",\"name\":\"Manizales reflexiona sobre estudios de g\u00e9nero en Colombia, en coloquio organizado por la U. de Caldas .\",\"isPartOf\":{\"@id\":\"https:\\\/\\\/www.ucaldas.edu.co\\\/portal\\\/#website\"},\"primaryImageOfPage\":{\"@id\":\"https:\\\/\\\/www.ucaldas.edu.co\\\/portal\\\/manizales-reflexiona-sobre-estudios-de-genero-en-colombia-en-coloquio-organizado-por-la-u-de-caldas\\\/#primaryimage\"},\"image\":{\"@id\":\"https:\\\/\\\/www.ucaldas.edu.co\\\/portal\\\/manizales-reflexiona-sobre-estudios-de-genero-en-colombia-en-coloquio-organizado-por-la-u-de-caldas\\\/#primaryimage\"},\"thumbnailUrl\":\"https:\\\/\\\/www.ucaldas.edu.co\\\/portal\\\/wp-content\\\/uploads\\\/2017\\\/11\\\/Coloquio-compressor.jpg\",\"datePublished\":\"2017-11-01T20:01:05+00:00\",\"breadcrumb\":{\"@id\":\"https:\\\/\\\/www.ucaldas.edu.co\\\/portal\\\/manizales-reflexiona-sobre-estudios-de-genero-en-colombia-en-coloquio-organizado-por-la-u-de-caldas\\\/#breadcrumb\"},\"inLanguage\":\"es\",\"potentialAction\":[{\"@type\":\"ReadAction\",\"target\":[\"https:\\\/\\\/www.ucaldas.edu.co\\\/portal\\\/manizales-reflexiona-sobre-estudios-de-genero-en-colombia-en-coloquio-organizado-por-la-u-de-caldas\\\/\"]}]},{\"@type\":\"ImageObject\",\"inLanguage\":\"es\",\"@id\":\"https:\\\/\\\/www.ucaldas.edu.co\\\/portal\\\/manizales-reflexiona-sobre-estudios-de-genero-en-colombia-en-coloquio-organizado-por-la-u-de-caldas\\\/#primaryimage\",\"url\":\"https:\\\/\\\/www.ucaldas.edu.co\\\/portal\\\/wp-content\\\/uploads\\\/2017\\\/11\\\/Coloquio-compressor.jpg\",\"contentUrl\":\"https:\\\/\\\/www.ucaldas.edu.co\\\/portal\\\/wp-content\\\/uploads\\\/2017\\\/11\\\/Coloquio-compressor.jpg\",\"width\":700,\"height\":401},{\"@type\":\"BreadcrumbList\",\"@id\":\"https:\\\/\\\/www.ucaldas.edu.co\\\/portal\\\/manizales-reflexiona-sobre-estudios-de-genero-en-colombia-en-coloquio-organizado-por-la-u-de-caldas\\\/#breadcrumb\",\"itemListElement\":[{\"@type\":\"ListItem\",\"position\":1,\"name\":\"Portada\",\"item\":\"https:\\\/\\\/www.ucaldas.edu.co\\\/portal\\\/\"},{\"@type\":\"ListItem\",\"position\":2,\"name\":\"Manizales reflexiona sobre estudios de g\u00e9nero en Colombia, en coloquio organizado por la U. de Caldas\"}]},{\"@type\":\"WebSite\",\"@id\":\"https:\\\/\\\/www.ucaldas.edu.co\\\/portal\\\/#website\",\"url\":\"https:\\\/\\\/www.ucaldas.edu.co\\\/portal\\\/\",\"name\":\"Universidad de Caldas\",\"description\":\"\",\"publisher\":{\"@id\":\"https:\\\/\\\/www.ucaldas.edu.co\\\/portal\\\/#organization\"},\"alternateName\":\"U. de Caldas\",\"potentialAction\":[{\"@type\":\"SearchAction\",\"target\":{\"@type\":\"EntryPoint\",\"urlTemplate\":\"https:\\\/\\\/www.ucaldas.edu.co\\\/portal\\\/?s={search_term_string}\"},\"query-input\":{\"@type\":\"PropertyValueSpecification\",\"valueRequired\":true,\"valueName\":\"search_term_string\"}}],\"inLanguage\":\"es\"},{\"@type\":\"Organization\",\"@id\":\"https:\\\/\\\/www.ucaldas.edu.co\\\/portal\\\/#organization\",\"name\":\"Universidad de Caldas\",\"alternateName\":\"U. de Caldas\",\"url\":\"https:\\\/\\\/www.ucaldas.edu.co\\\/portal\\\/\",\"logo\":{\"@type\":\"ImageObject\",\"inLanguage\":\"es\",\"@id\":\"https:\\\/\\\/www.ucaldas.edu.co\\\/portal\\\/#\\\/schema\\\/logo\\\/image\\\/\",\"url\":\"https:\\\/\\\/www.ucaldas.edu.co\\\/portal\\\/wp-content\\\/uploads\\\/2023\\\/11\\\/Logo_horizontal_oscuroU-2023.png\",\"contentUrl\":\"https:\\\/\\\/www.ucaldas.edu.co\\\/portal\\\/wp-content\\\/uploads\\\/2023\\\/11\\\/Logo_horizontal_oscuroU-2023.png\",\"width\":263,\"height\":101,\"caption\":\"Universidad de Caldas\"},\"image\":{\"@id\":\"https:\\\/\\\/www.ucaldas.edu.co\\\/portal\\\/#\\\/schema\\\/logo\\\/image\\\/\"},\"sameAs\":[\"https:\\\/\\\/www.facebook.com\\\/udecaldas\",\"https:\\\/\\\/x.com\\\/udecaldas\",\"https:\\\/\\\/www.youtube.com\\\/universidadcaldas\",\"https:\\\/\\\/www.instagram.com\\\/udecaldas\\\/\"]},{\"@type\":\"Person\",\"@id\":\"https:\\\/\\\/www.ucaldas.edu.co\\\/portal\\\/#\\\/schema\\\/person\\\/a1b482e23449158b4bc319926c074fdf\",\"name\":\"ofiprensa\",\"image\":{\"@type\":\"ImageObject\",\"inLanguage\":\"es\",\"@id\":\"https:\\\/\\\/www.ucaldas.edu.co\\\/portal\\\/wp-content\\\/litespeed\\\/avatar\\\/09ea5085e600095a7a811142c6944527.jpg?ver=1777497608\",\"url\":\"https:\\\/\\\/www.ucaldas.edu.co\\\/portal\\\/wp-content\\\/litespeed\\\/avatar\\\/09ea5085e600095a7a811142c6944527.jpg?ver=1777497608\",\"contentUrl\":\"https:\\\/\\\/www.ucaldas.edu.co\\\/portal\\\/wp-content\\\/litespeed\\\/avatar\\\/09ea5085e600095a7a811142c6944527.jpg?ver=1777497608\",\"caption\":\"ofiprensa\"},\"url\":\"https:\\\/\\\/www.ucaldas.edu.co\\\/portal\\\/author\\\/ofiprensa\\\/\"}]}<\/script>\n<!-- \/ Yoast SEO plugin. -->","yoast_head_json":{"title":"Manizales reflexiona sobre estudios de g\u00e9nero en Colombia, en coloquio organizado por la U. de Caldas .","robots":{"index":"index","follow":"follow","max-snippet":"max-snippet:-1","max-image-preview":"max-image-preview:large","max-video-preview":"max-video-preview:-1"},"canonical":"https:\/\/www.ucaldas.edu.co\/portal\/manizales-reflexiona-sobre-estudios-de-genero-en-colombia-en-coloquio-organizado-por-la-u-de-caldas\/","schema":{"@context":"https:\/\/schema.org","@graph":[{"@type":"Article","@id":"https:\/\/www.ucaldas.edu.co\/portal\/manizales-reflexiona-sobre-estudios-de-genero-en-colombia-en-coloquio-organizado-por-la-u-de-caldas\/#article","isPartOf":{"@id":"https:\/\/www.ucaldas.edu.co\/portal\/manizales-reflexiona-sobre-estudios-de-genero-en-colombia-en-coloquio-organizado-por-la-u-de-caldas\/"},"author":{"name":"ofiprensa","@id":"https:\/\/www.ucaldas.edu.co\/portal\/#\/schema\/person\/a1b482e23449158b4bc319926c074fdf"},"headline":"Manizales reflexiona sobre estudios de g\u00e9nero en Colombia, en coloquio organizado por la U. de Caldas","datePublished":"2017-11-01T20:01:05+00:00","mainEntityOfPage":{"@id":"https:\/\/www.ucaldas.edu.co\/portal\/manizales-reflexiona-sobre-estudios-de-genero-en-colombia-en-coloquio-organizado-por-la-u-de-caldas\/"},"wordCount":375,"publisher":{"@id":"https:\/\/www.ucaldas.edu.co\/portal\/#organization"},"image":{"@id":"https:\/\/www.ucaldas.edu.co\/portal\/manizales-reflexiona-sobre-estudios-de-genero-en-colombia-en-coloquio-organizado-por-la-u-de-caldas\/#primaryimage"},"thumbnailUrl":"https:\/\/www.ucaldas.edu.co\/portal\/wp-content\/uploads\/2017\/11\/Coloquio-compressor.jpg","keywords":["invitado","coloquio","estudios de g\u00e9nero","academia","Participe"],"articleSection":["UCaldas Colaborativa","Actualidad","Universidad al D\u00eda"],"inLanguage":"es"},{"@type":"WebPage","@id":"https:\/\/www.ucaldas.edu.co\/portal\/manizales-reflexiona-sobre-estudios-de-genero-en-colombia-en-coloquio-organizado-por-la-u-de-caldas\/","url":"https:\/\/www.ucaldas.edu.co\/portal\/manizales-reflexiona-sobre-estudios-de-genero-en-colombia-en-coloquio-organizado-por-la-u-de-caldas\/","name":"Manizales reflexiona sobre estudios de g\u00e9nero en Colombia, en coloquio organizado por la U. de Caldas .","isPartOf":{"@id":"https:\/\/www.ucaldas.edu.co\/portal\/#website"},"primaryImageOfPage":{"@id":"https:\/\/www.ucaldas.edu.co\/portal\/manizales-reflexiona-sobre-estudios-de-genero-en-colombia-en-coloquio-organizado-por-la-u-de-caldas\/#primaryimage"},"image":{"@id":"https:\/\/www.ucaldas.edu.co\/portal\/manizales-reflexiona-sobre-estudios-de-genero-en-colombia-en-coloquio-organizado-por-la-u-de-caldas\/#primaryimage"},"thumbnailUrl":"https:\/\/www.ucaldas.edu.co\/portal\/wp-content\/uploads\/2017\/11\/Coloquio-compressor.jpg","datePublished":"2017-11-01T20:01:05+00:00","breadcrumb":{"@id":"https:\/\/www.ucaldas.edu.co\/portal\/manizales-reflexiona-sobre-estudios-de-genero-en-colombia-en-coloquio-organizado-por-la-u-de-caldas\/#breadcrumb"},"inLanguage":"es","potentialAction":[{"@type":"ReadAction","target":["https:\/\/www.ucaldas.edu.co\/portal\/manizales-reflexiona-sobre-estudios-de-genero-en-colombia-en-coloquio-organizado-por-la-u-de-caldas\/"]}]},{"@type":"ImageObject","inLanguage":"es","@id":"https:\/\/www.ucaldas.edu.co\/portal\/manizales-reflexiona-sobre-estudios-de-genero-en-colombia-en-coloquio-organizado-por-la-u-de-caldas\/#primaryimage","url":"https:\/\/www.ucaldas.edu.co\/portal\/wp-content\/uploads\/2017\/11\/Coloquio-compressor.jpg","contentUrl":"https:\/\/www.ucaldas.edu.co\/portal\/wp-content\/uploads\/2017\/11\/Coloquio-compressor.jpg","width":700,"height":401},{"@type":"BreadcrumbList","@id":"https:\/\/www.ucaldas.edu.co\/portal\/manizales-reflexiona-sobre-estudios-de-genero-en-colombia-en-coloquio-organizado-por-la-u-de-caldas\/#breadcrumb","itemListElement":[{"@type":"ListItem","position":1,"name":"Portada","item":"https:\/\/www.ucaldas.edu.co\/portal\/"},{"@type":"ListItem","position":2,"name":"Manizales reflexiona sobre estudios de g\u00e9nero en Colombia, en coloquio organizado por la U. de Caldas"}]},{"@type":"WebSite","@id":"https:\/\/www.ucaldas.edu.co\/portal\/#website","url":"https:\/\/www.ucaldas.edu.co\/portal\/","name":"Universidad de Caldas","description":"","publisher":{"@id":"https:\/\/www.ucaldas.edu.co\/portal\/#organization"},"alternateName":"U. de Caldas","potentialAction":[{"@type":"SearchAction","target":{"@type":"EntryPoint","urlTemplate":"https:\/\/www.ucaldas.edu.co\/portal\/?s={search_term_string}"},"query-input":{"@type":"PropertyValueSpecification","valueRequired":true,"valueName":"search_term_string"}}],"inLanguage":"es"},{"@type":"Organization","@id":"https:\/\/www.ucaldas.edu.co\/portal\/#organization","name":"Universidad de Caldas","alternateName":"U. de Caldas","url":"https:\/\/www.ucaldas.edu.co\/portal\/","logo":{"@type":"ImageObject","inLanguage":"es","@id":"https:\/\/www.ucaldas.edu.co\/portal\/#\/schema\/logo\/image\/","url":"https:\/\/www.ucaldas.edu.co\/portal\/wp-content\/uploads\/2023\/11\/Logo_horizontal_oscuroU-2023.png","contentUrl":"https:\/\/www.ucaldas.edu.co\/portal\/wp-content\/uploads\/2023\/11\/Logo_horizontal_oscuroU-2023.png","width":263,"height":101,"caption":"Universidad de Caldas"},"image":{"@id":"https:\/\/www.ucaldas.edu.co\/portal\/#\/schema\/logo\/image\/"},"sameAs":["https:\/\/www.facebook.com\/udecaldas","https:\/\/x.com\/udecaldas","https:\/\/www.youtube.com\/universidadcaldas","https:\/\/www.instagram.com\/udecaldas\/"]},{"@type":"Person","@id":"https:\/\/www.ucaldas.edu.co\/portal\/#\/schema\/person\/a1b482e23449158b4bc319926c074fdf","name":"ofiprensa","image":{"@type":"ImageObject","inLanguage":"es","@id":"https:\/\/www.ucaldas.edu.co\/portal\/wp-content\/litespeed\/avatar\/09ea5085e600095a7a811142c6944527.jpg?ver=1777497608","url":"https:\/\/www.ucaldas.edu.co\/portal\/wp-content\/litespeed\/avatar\/09ea5085e600095a7a811142c6944527.jpg?ver=1777497608","contentUrl":"https:\/\/www.ucaldas.edu.co\/portal\/wp-content\/litespeed\/avatar\/09ea5085e600095a7a811142c6944527.jpg?ver=1777497608","caption":"ofiprensa"},"url":"https:\/\/www.ucaldas.edu.co\/portal\/author\/ofiprensa\/"}]}},"_links":{"self":[{"href":"https:\/\/www.ucaldas.edu.co\/portal\/wp-json\/wp\/v2\/posts\/38589","targetHints":{"allow":["GET"]}}],"collection":[{"href":"https:\/\/www.ucaldas.edu.co\/portal\/wp-json\/wp\/v2\/posts"}],"about":[{"href":"https:\/\/www.ucaldas.edu.co\/portal\/wp-json\/wp\/v2\/types\/post"}],"author":[{"embeddable":true,"href":"https:\/\/www.ucaldas.edu.co\/portal\/wp-json\/wp\/v2\/users\/2"}],"replies":[{"embeddable":true,"href":"https:\/\/www.ucaldas.edu.co\/portal\/wp-json\/wp\/v2\/comments?post=38589"}],"version-history":[{"count":0,"href":"https:\/\/www.ucaldas.edu.co\/portal\/wp-json\/wp\/v2\/posts\/38589\/revisions"}],"wp:featuredmedia":[{"embeddable":true,"href":"https:\/\/www.ucaldas.edu.co\/portal\/wp-json\/wp\/v2\/media\/38590"}],"wp:attachment":[{"href":"https:\/\/www.ucaldas.edu.co\/portal\/wp-json\/wp\/v2\/media?parent=38589"}],"wp:term":[{"taxonomy":"category","embeddable":true,"href":"https:\/\/www.ucaldas.edu.co\/portal\/wp-json\/wp\/v2\/categories?post=38589"},{"taxonomy":"post_tag","embeddable":true,"href":"https:\/\/www.ucaldas.edu.co\/portal\/wp-json\/wp\/v2\/tags?post=38589"}],"curies":[{"name":"wp","href":"https:\/\/api.w.org\/{rel}","templated":true}]}}