{"id":38574,"date":"2017-10-31T17:27:41","date_gmt":"2017-10-31T17:27:41","guid":{"rendered":"https:\/\/www.ucaldas.edu.co\/portal\/?p=38574"},"modified":"2017-10-31T17:27:41","modified_gmt":"2017-10-31T17:27:41","slug":"u-de-caldas-propiciara-espacio-academico-sobre-estudios-de-genero-en-colombia","status":"publish","type":"post","link":"https:\/\/www.ucaldas.edu.co\/portal\/u-de-caldas-propiciara-espacio-academico-sobre-estudios-de-genero-en-colombia\/","title":{"rendered":"U. de Caldas propiciar\u00e1 espacio acad\u00e9mico sobre estudios de g\u00e9nero en Colombia"},"content":{"rendered":"<p style=\"text-align: center;\">EN PRIMER COLOQUIO, DEL 1 AL 3 DE NOVIEMBRE DEL 2017<\/p>\n<p style=\"text-align: center;\"><strong>U. de Caldas propiciar\u00e1 espacio acad\u00e9mico sobre estudios de g\u00e9nero en Colombia<\/strong><\/p>\n<p style=\"text-align: right;\">31\/10\/2017<\/p>\n<p><strong><img loading=\"lazy\" decoding=\"async\" class=\"size-full wp-image-38575 aligncenter\" src=\"https:\/\/www.ucaldas.edu.co\/portal\/wp-content\/uploads\/2017\/10\/Col2-compressor.jpg\" alt=\"\" width=\"700\" height=\"401\" srcset=\"https:\/\/www.ucaldas.edu.co\/portal\/wp-content\/uploads\/2017\/10\/Col2-compressor.jpg 700w, https:\/\/www.ucaldas.edu.co\/portal\/wp-content\/uploads\/2017\/10\/Col2-compressor-300x172.jpg 300w\" sizes=\"auto, (max-width: 700px) 100vw, 700px\" \/>Del 1 al 3 de noviembre la Universidad de Caldas realizar\u00e1 el I\u00a0 Coloquio Nacional de Estudios de G\u00e9nero en Colombia,<\/strong> \u00a0que surge como un espacio para reflexionar sobre las trayectorias y los retos de este campo de estudios en el pa\u00eds y, en especial, para generar interpelaciones a la actualidad nacional.<\/p>\n<p><!--more--><\/p>\n<p>El evento es una <strong>invitaci\u00f3n del Observatorio en G\u00e9nero y Sexualidades <\/strong>de la U. de Caldas. <strong>El Decano Facultad de Ciencias Jur\u00eddicas y Sociales<\/strong> de la Universidad, Gabriel Gallego Montes, <strong>destac\u00f3<\/strong>: \u201c<strong>buscamos propiciar la discusi\u00f3n acad\u00e9mica en torno a los avances y las perspectivas que tienen los estudios de g\u00e9nero en el pa\u00eds<\/strong>\u201d.<\/p>\n<p>&nbsp;<\/p>\n<p>\u201c<strong>Retos, contribuciones y agenda que se construir\u00e1 para los pr\u00f3ximos a\u00f1os son aspectos que estudiaremos<\/strong>. Invitamos a la comunidad acad\u00e9mica del pa\u00eds y recibimos cerca de 250 ponencias. Adem\u00e1s contamos con invitados important\u00edsimos. <strong>Esperamos que nos acompa\u00f1en<\/strong>\u201d, agreg\u00f3.<\/p>\n<p>&nbsp;<\/p>\n<p><strong>Objetivos:<\/strong><\/p>\n<p>&#8211; Realizar un balance sobre de los estudios de g\u00e9nero en Colombia, sus transformaciones y sus posibles proyecciones.<\/p>\n<p>&#8211; Crear un espacio de reflexi\u00f3n en torno a los estudios de g\u00e9nero en el \u00e1mbito acad\u00e9mico y de pol\u00edticas p\u00fablicas en Colombia.<\/p>\n<p>&#8211; Reflexionar sobre los retos de los estudios de g\u00e9nero en el escenario de construcci\u00f3n de paces en el que se encuentra el pa\u00eds.<\/p>\n<p>&nbsp;<\/p>\n<p><strong>Lugares:<\/strong> Teatro Los Fundadores, Hotel Carretero y Campus Palogrande Universidad de Caldas.<\/p>\n<p>&nbsp;<\/p>\n<p><a href=\"https:\/\/www.ucaldas.edu.co\/portal\/i-coloquio-nacional-de-estudios-de-genero-en-colombia-nov-1-al-3\/\">Conozca aqu\u00ed todos los detalles del I\u00a0 Coloquio Nacional de Estudios de G\u00e9nero en Colombia<\/a><\/p>\n<p>&nbsp;<\/p>\n<p><strong>Informes: <\/strong>en el correo electr\u00f3nico coloquio.genero2017@ucaldas.edu.co<\/p>\n<p><strong>Redacci\u00f3n:<\/strong> Margarita Laverde<\/p>\n<p>&nbsp;<\/p>\n","protected":false},"excerpt":{"rendered":"<p>EN PRIMER COLOQUIO, DEL 1 AL 3 DE NOVIEMBRE DEL 2017 U. de Caldas propiciar\u00e1 espacio acad\u00e9mico sobre estudios de g\u00e9nero en Colombia 31\/10\/2017 Del 1 al 3 de noviembre la Universidad de Caldas realizar\u00e1 el I\u00a0 Coloquio Nacional de Estudios de G\u00e9nero en Colombia, \u00a0que surge como un espacio para reflexionar sobre las trayectorias [&hellip;]<\/p>\n","protected":false},"author":2,"featured_media":38575,"comment_status":"closed","ping_status":"open","sticky":false,"template":"","format":"standard","meta":{"footnotes":""},"categories":[53,624,48],"tags":[63,68,764,775,55],"class_list":["post-38574","post","type-post","status-publish","format-standard","has-post-thumbnail","hentry","category-universidad-al-dia","category-ucaldas-activa","category-actualidad","tag-participe","tag-invitado","tag-coloquio","tag-estudios-de-genero","tag-academia"],"yoast_head":"<!-- This site is optimized with the Yoast SEO plugin v27.5 - https:\/\/yoast.com\/product\/yoast-seo-wordpress\/ -->\n<title>U. de Caldas propiciar\u00e1 espacio acad\u00e9mico sobre estudios de g\u00e9nero en Colombia .<\/title>\n<meta name=\"robots\" content=\"index, follow, max-snippet:-1, max-image-preview:large, max-video-preview:-1\" \/>\n<link rel=\"canonical\" href=\"https:\/\/www.ucaldas.edu.co\/portal\/u-de-caldas-propiciara-espacio-academico-sobre-estudios-de-genero-en-colombia\/\" \/>\n<script type=\"application\/ld+json\" class=\"yoast-schema-graph\">{\"@context\":\"https:\\\/\\\/schema.org\",\"@graph\":[{\"@type\":\"Article\",\"@id\":\"https:\\\/\\\/www.ucaldas.edu.co\\\/portal\\\/u-de-caldas-propiciara-espacio-academico-sobre-estudios-de-genero-en-colombia\\\/#article\",\"isPartOf\":{\"@id\":\"https:\\\/\\\/www.ucaldas.edu.co\\\/portal\\\/u-de-caldas-propiciara-espacio-academico-sobre-estudios-de-genero-en-colombia\\\/\"},\"author\":{\"name\":\"ofiprensa\",\"@id\":\"https:\\\/\\\/www.ucaldas.edu.co\\\/portal\\\/#\\\/schema\\\/person\\\/a1b482e23449158b4bc319926c074fdf\"},\"headline\":\"U. de Caldas propiciar\u00e1 espacio acad\u00e9mico sobre estudios de g\u00e9nero en Colombia\",\"datePublished\":\"2017-10-31T17:27:41+00:00\",\"mainEntityOfPage\":{\"@id\":\"https:\\\/\\\/www.ucaldas.edu.co\\\/portal\\\/u-de-caldas-propiciara-espacio-academico-sobre-estudios-de-genero-en-colombia\\\/\"},\"wordCount\":316,\"publisher\":{\"@id\":\"https:\\\/\\\/www.ucaldas.edu.co\\\/portal\\\/#organization\"},\"image\":{\"@id\":\"https:\\\/\\\/www.ucaldas.edu.co\\\/portal\\\/u-de-caldas-propiciara-espacio-academico-sobre-estudios-de-genero-en-colombia\\\/#primaryimage\"},\"thumbnailUrl\":\"https:\\\/\\\/www.ucaldas.edu.co\\\/portal\\\/wp-content\\\/uploads\\\/2017\\\/10\\\/Col2-compressor.jpg\",\"keywords\":[\"Participe\",\"invitado\",\"coloquio\",\"estudios de g\u00e9nero\",\"academia\"],\"articleSection\":[\"Universidad al D\u00eda\",\"UCaldas Activa\",\"Actualidad\"],\"inLanguage\":\"es\"},{\"@type\":\"WebPage\",\"@id\":\"https:\\\/\\\/www.ucaldas.edu.co\\\/portal\\\/u-de-caldas-propiciara-espacio-academico-sobre-estudios-de-genero-en-colombia\\\/\",\"url\":\"https:\\\/\\\/www.ucaldas.edu.co\\\/portal\\\/u-de-caldas-propiciara-espacio-academico-sobre-estudios-de-genero-en-colombia\\\/\",\"name\":\"U. de Caldas propiciar\u00e1 espacio acad\u00e9mico sobre estudios de g\u00e9nero en Colombia .\",\"isPartOf\":{\"@id\":\"https:\\\/\\\/www.ucaldas.edu.co\\\/portal\\\/#website\"},\"primaryImageOfPage\":{\"@id\":\"https:\\\/\\\/www.ucaldas.edu.co\\\/portal\\\/u-de-caldas-propiciara-espacio-academico-sobre-estudios-de-genero-en-colombia\\\/#primaryimage\"},\"image\":{\"@id\":\"https:\\\/\\\/www.ucaldas.edu.co\\\/portal\\\/u-de-caldas-propiciara-espacio-academico-sobre-estudios-de-genero-en-colombia\\\/#primaryimage\"},\"thumbnailUrl\":\"https:\\\/\\\/www.ucaldas.edu.co\\\/portal\\\/wp-content\\\/uploads\\\/2017\\\/10\\\/Col2-compressor.jpg\",\"datePublished\":\"2017-10-31T17:27:41+00:00\",\"breadcrumb\":{\"@id\":\"https:\\\/\\\/www.ucaldas.edu.co\\\/portal\\\/u-de-caldas-propiciara-espacio-academico-sobre-estudios-de-genero-en-colombia\\\/#breadcrumb\"},\"inLanguage\":\"es\",\"potentialAction\":[{\"@type\":\"ReadAction\",\"target\":[\"https:\\\/\\\/www.ucaldas.edu.co\\\/portal\\\/u-de-caldas-propiciara-espacio-academico-sobre-estudios-de-genero-en-colombia\\\/\"]}]},{\"@type\":\"ImageObject\",\"inLanguage\":\"es\",\"@id\":\"https:\\\/\\\/www.ucaldas.edu.co\\\/portal\\\/u-de-caldas-propiciara-espacio-academico-sobre-estudios-de-genero-en-colombia\\\/#primaryimage\",\"url\":\"https:\\\/\\\/www.ucaldas.edu.co\\\/portal\\\/wp-content\\\/uploads\\\/2017\\\/10\\\/Col2-compressor.jpg\",\"contentUrl\":\"https:\\\/\\\/www.ucaldas.edu.co\\\/portal\\\/wp-content\\\/uploads\\\/2017\\\/10\\\/Col2-compressor.jpg\",\"width\":700,\"height\":401},{\"@type\":\"BreadcrumbList\",\"@id\":\"https:\\\/\\\/www.ucaldas.edu.co\\\/portal\\\/u-de-caldas-propiciara-espacio-academico-sobre-estudios-de-genero-en-colombia\\\/#breadcrumb\",\"itemListElement\":[{\"@type\":\"ListItem\",\"position\":1,\"name\":\"Portada\",\"item\":\"https:\\\/\\\/www.ucaldas.edu.co\\\/portal\\\/\"},{\"@type\":\"ListItem\",\"position\":2,\"name\":\"U. de Caldas propiciar\u00e1 espacio acad\u00e9mico sobre estudios de g\u00e9nero en Colombia\"}]},{\"@type\":\"WebSite\",\"@id\":\"https:\\\/\\\/www.ucaldas.edu.co\\\/portal\\\/#website\",\"url\":\"https:\\\/\\\/www.ucaldas.edu.co\\\/portal\\\/\",\"name\":\"Universidad de Caldas\",\"description\":\"\",\"publisher\":{\"@id\":\"https:\\\/\\\/www.ucaldas.edu.co\\\/portal\\\/#organization\"},\"alternateName\":\"U. de Caldas\",\"potentialAction\":[{\"@type\":\"SearchAction\",\"target\":{\"@type\":\"EntryPoint\",\"urlTemplate\":\"https:\\\/\\\/www.ucaldas.edu.co\\\/portal\\\/?s={search_term_string}\"},\"query-input\":{\"@type\":\"PropertyValueSpecification\",\"valueRequired\":true,\"valueName\":\"search_term_string\"}}],\"inLanguage\":\"es\"},{\"@type\":\"Organization\",\"@id\":\"https:\\\/\\\/www.ucaldas.edu.co\\\/portal\\\/#organization\",\"name\":\"Universidad de Caldas\",\"alternateName\":\"U. de Caldas\",\"url\":\"https:\\\/\\\/www.ucaldas.edu.co\\\/portal\\\/\",\"logo\":{\"@type\":\"ImageObject\",\"inLanguage\":\"es\",\"@id\":\"https:\\\/\\\/www.ucaldas.edu.co\\\/portal\\\/#\\\/schema\\\/logo\\\/image\\\/\",\"url\":\"https:\\\/\\\/www.ucaldas.edu.co\\\/portal\\\/wp-content\\\/uploads\\\/2023\\\/11\\\/Logo_horizontal_oscuroU-2023.png\",\"contentUrl\":\"https:\\\/\\\/www.ucaldas.edu.co\\\/portal\\\/wp-content\\\/uploads\\\/2023\\\/11\\\/Logo_horizontal_oscuroU-2023.png\",\"width\":263,\"height\":101,\"caption\":\"Universidad de Caldas\"},\"image\":{\"@id\":\"https:\\\/\\\/www.ucaldas.edu.co\\\/portal\\\/#\\\/schema\\\/logo\\\/image\\\/\"},\"sameAs\":[\"https:\\\/\\\/www.facebook.com\\\/udecaldas\",\"https:\\\/\\\/x.com\\\/udecaldas\",\"https:\\\/\\\/www.youtube.com\\\/universidadcaldas\",\"https:\\\/\\\/www.instagram.com\\\/udecaldas\\\/\"]},{\"@type\":\"Person\",\"@id\":\"https:\\\/\\\/www.ucaldas.edu.co\\\/portal\\\/#\\\/schema\\\/person\\\/a1b482e23449158b4bc319926c074fdf\",\"name\":\"ofiprensa\",\"image\":{\"@type\":\"ImageObject\",\"inLanguage\":\"es\",\"@id\":\"https:\\\/\\\/www.ucaldas.edu.co\\\/portal\\\/wp-content\\\/litespeed\\\/avatar\\\/09ea5085e600095a7a811142c6944527.jpg?ver=1777497608\",\"url\":\"https:\\\/\\\/www.ucaldas.edu.co\\\/portal\\\/wp-content\\\/litespeed\\\/avatar\\\/09ea5085e600095a7a811142c6944527.jpg?ver=1777497608\",\"contentUrl\":\"https:\\\/\\\/www.ucaldas.edu.co\\\/portal\\\/wp-content\\\/litespeed\\\/avatar\\\/09ea5085e600095a7a811142c6944527.jpg?ver=1777497608\",\"caption\":\"ofiprensa\"},\"url\":\"https:\\\/\\\/www.ucaldas.edu.co\\\/portal\\\/author\\\/ofiprensa\\\/\"}]}<\/script>\n<!-- \/ Yoast SEO plugin. -->","yoast_head_json":{"title":"U. de Caldas propiciar\u00e1 espacio acad\u00e9mico sobre estudios de g\u00e9nero en Colombia .","robots":{"index":"index","follow":"follow","max-snippet":"max-snippet:-1","max-image-preview":"max-image-preview:large","max-video-preview":"max-video-preview:-1"},"canonical":"https:\/\/www.ucaldas.edu.co\/portal\/u-de-caldas-propiciara-espacio-academico-sobre-estudios-de-genero-en-colombia\/","schema":{"@context":"https:\/\/schema.org","@graph":[{"@type":"Article","@id":"https:\/\/www.ucaldas.edu.co\/portal\/u-de-caldas-propiciara-espacio-academico-sobre-estudios-de-genero-en-colombia\/#article","isPartOf":{"@id":"https:\/\/www.ucaldas.edu.co\/portal\/u-de-caldas-propiciara-espacio-academico-sobre-estudios-de-genero-en-colombia\/"},"author":{"name":"ofiprensa","@id":"https:\/\/www.ucaldas.edu.co\/portal\/#\/schema\/person\/a1b482e23449158b4bc319926c074fdf"},"headline":"U. de Caldas propiciar\u00e1 espacio acad\u00e9mico sobre estudios de g\u00e9nero en Colombia","datePublished":"2017-10-31T17:27:41+00:00","mainEntityOfPage":{"@id":"https:\/\/www.ucaldas.edu.co\/portal\/u-de-caldas-propiciara-espacio-academico-sobre-estudios-de-genero-en-colombia\/"},"wordCount":316,"publisher":{"@id":"https:\/\/www.ucaldas.edu.co\/portal\/#organization"},"image":{"@id":"https:\/\/www.ucaldas.edu.co\/portal\/u-de-caldas-propiciara-espacio-academico-sobre-estudios-de-genero-en-colombia\/#primaryimage"},"thumbnailUrl":"https:\/\/www.ucaldas.edu.co\/portal\/wp-content\/uploads\/2017\/10\/Col2-compressor.jpg","keywords":["Participe","invitado","coloquio","estudios de g\u00e9nero","academia"],"articleSection":["Universidad al D\u00eda","UCaldas Activa","Actualidad"],"inLanguage":"es"},{"@type":"WebPage","@id":"https:\/\/www.ucaldas.edu.co\/portal\/u-de-caldas-propiciara-espacio-academico-sobre-estudios-de-genero-en-colombia\/","url":"https:\/\/www.ucaldas.edu.co\/portal\/u-de-caldas-propiciara-espacio-academico-sobre-estudios-de-genero-en-colombia\/","name":"U. de Caldas propiciar\u00e1 espacio acad\u00e9mico sobre estudios de g\u00e9nero en Colombia .","isPartOf":{"@id":"https:\/\/www.ucaldas.edu.co\/portal\/#website"},"primaryImageOfPage":{"@id":"https:\/\/www.ucaldas.edu.co\/portal\/u-de-caldas-propiciara-espacio-academico-sobre-estudios-de-genero-en-colombia\/#primaryimage"},"image":{"@id":"https:\/\/www.ucaldas.edu.co\/portal\/u-de-caldas-propiciara-espacio-academico-sobre-estudios-de-genero-en-colombia\/#primaryimage"},"thumbnailUrl":"https:\/\/www.ucaldas.edu.co\/portal\/wp-content\/uploads\/2017\/10\/Col2-compressor.jpg","datePublished":"2017-10-31T17:27:41+00:00","breadcrumb":{"@id":"https:\/\/www.ucaldas.edu.co\/portal\/u-de-caldas-propiciara-espacio-academico-sobre-estudios-de-genero-en-colombia\/#breadcrumb"},"inLanguage":"es","potentialAction":[{"@type":"ReadAction","target":["https:\/\/www.ucaldas.edu.co\/portal\/u-de-caldas-propiciara-espacio-academico-sobre-estudios-de-genero-en-colombia\/"]}]},{"@type":"ImageObject","inLanguage":"es","@id":"https:\/\/www.ucaldas.edu.co\/portal\/u-de-caldas-propiciara-espacio-academico-sobre-estudios-de-genero-en-colombia\/#primaryimage","url":"https:\/\/www.ucaldas.edu.co\/portal\/wp-content\/uploads\/2017\/10\/Col2-compressor.jpg","contentUrl":"https:\/\/www.ucaldas.edu.co\/portal\/wp-content\/uploads\/2017\/10\/Col2-compressor.jpg","width":700,"height":401},{"@type":"BreadcrumbList","@id":"https:\/\/www.ucaldas.edu.co\/portal\/u-de-caldas-propiciara-espacio-academico-sobre-estudios-de-genero-en-colombia\/#breadcrumb","itemListElement":[{"@type":"ListItem","position":1,"name":"Portada","item":"https:\/\/www.ucaldas.edu.co\/portal\/"},{"@type":"ListItem","position":2,"name":"U. de Caldas propiciar\u00e1 espacio acad\u00e9mico sobre estudios de g\u00e9nero en Colombia"}]},{"@type":"WebSite","@id":"https:\/\/www.ucaldas.edu.co\/portal\/#website","url":"https:\/\/www.ucaldas.edu.co\/portal\/","name":"Universidad de Caldas","description":"","publisher":{"@id":"https:\/\/www.ucaldas.edu.co\/portal\/#organization"},"alternateName":"U. de Caldas","potentialAction":[{"@type":"SearchAction","target":{"@type":"EntryPoint","urlTemplate":"https:\/\/www.ucaldas.edu.co\/portal\/?s={search_term_string}"},"query-input":{"@type":"PropertyValueSpecification","valueRequired":true,"valueName":"search_term_string"}}],"inLanguage":"es"},{"@type":"Organization","@id":"https:\/\/www.ucaldas.edu.co\/portal\/#organization","name":"Universidad de Caldas","alternateName":"U. de Caldas","url":"https:\/\/www.ucaldas.edu.co\/portal\/","logo":{"@type":"ImageObject","inLanguage":"es","@id":"https:\/\/www.ucaldas.edu.co\/portal\/#\/schema\/logo\/image\/","url":"https:\/\/www.ucaldas.edu.co\/portal\/wp-content\/uploads\/2023\/11\/Logo_horizontal_oscuroU-2023.png","contentUrl":"https:\/\/www.ucaldas.edu.co\/portal\/wp-content\/uploads\/2023\/11\/Logo_horizontal_oscuroU-2023.png","width":263,"height":101,"caption":"Universidad de Caldas"},"image":{"@id":"https:\/\/www.ucaldas.edu.co\/portal\/#\/schema\/logo\/image\/"},"sameAs":["https:\/\/www.facebook.com\/udecaldas","https:\/\/x.com\/udecaldas","https:\/\/www.youtube.com\/universidadcaldas","https:\/\/www.instagram.com\/udecaldas\/"]},{"@type":"Person","@id":"https:\/\/www.ucaldas.edu.co\/portal\/#\/schema\/person\/a1b482e23449158b4bc319926c074fdf","name":"ofiprensa","image":{"@type":"ImageObject","inLanguage":"es","@id":"https:\/\/www.ucaldas.edu.co\/portal\/wp-content\/litespeed\/avatar\/09ea5085e600095a7a811142c6944527.jpg?ver=1777497608","url":"https:\/\/www.ucaldas.edu.co\/portal\/wp-content\/litespeed\/avatar\/09ea5085e600095a7a811142c6944527.jpg?ver=1777497608","contentUrl":"https:\/\/www.ucaldas.edu.co\/portal\/wp-content\/litespeed\/avatar\/09ea5085e600095a7a811142c6944527.jpg?ver=1777497608","caption":"ofiprensa"},"url":"https:\/\/www.ucaldas.edu.co\/portal\/author\/ofiprensa\/"}]}},"_links":{"self":[{"href":"https:\/\/www.ucaldas.edu.co\/portal\/wp-json\/wp\/v2\/posts\/38574","targetHints":{"allow":["GET"]}}],"collection":[{"href":"https:\/\/www.ucaldas.edu.co\/portal\/wp-json\/wp\/v2\/posts"}],"about":[{"href":"https:\/\/www.ucaldas.edu.co\/portal\/wp-json\/wp\/v2\/types\/post"}],"author":[{"embeddable":true,"href":"https:\/\/www.ucaldas.edu.co\/portal\/wp-json\/wp\/v2\/users\/2"}],"replies":[{"embeddable":true,"href":"https:\/\/www.ucaldas.edu.co\/portal\/wp-json\/wp\/v2\/comments?post=38574"}],"version-history":[{"count":0,"href":"https:\/\/www.ucaldas.edu.co\/portal\/wp-json\/wp\/v2\/posts\/38574\/revisions"}],"wp:featuredmedia":[{"embeddable":true,"href":"https:\/\/www.ucaldas.edu.co\/portal\/wp-json\/wp\/v2\/media\/38575"}],"wp:attachment":[{"href":"https:\/\/www.ucaldas.edu.co\/portal\/wp-json\/wp\/v2\/media?parent=38574"}],"wp:term":[{"taxonomy":"category","embeddable":true,"href":"https:\/\/www.ucaldas.edu.co\/portal\/wp-json\/wp\/v2\/categories?post=38574"},{"taxonomy":"post_tag","embeddable":true,"href":"https:\/\/www.ucaldas.edu.co\/portal\/wp-json\/wp\/v2\/tags?post=38574"}],"curies":[{"name":"wp","href":"https:\/\/api.w.org\/{rel}","templated":true}]}}