{"id":38569,"date":"2017-10-31T16:51:20","date_gmt":"2017-10-31T16:51:20","guid":{"rendered":"https:\/\/www.ucaldas.edu.co\/portal\/?p=38569"},"modified":"2017-10-31T16:51:20","modified_gmt":"2017-10-31T16:51:20","slug":"asociacion-de-estudiantes-emprendedores-tiene-abierta-convocatoria-para-crear-una-idea-de-negocios-de-alimentos","status":"publish","type":"post","link":"https:\/\/www.ucaldas.edu.co\/portal\/asociacion-de-estudiantes-emprendedores-tiene-abierta-convocatoria-para-crear-una-idea-de-negocios-de-alimentos\/","title":{"rendered":"Asociaci\u00f3n de Estudiantes Emprendedores tiene abierta convocatoria para crear una idea de negocios de alimentos"},"content":{"rendered":"<p style=\"text-align: center;\">ESTAR\u00c1 ABIERTA HASTA EL 7 DE NOVIEMBRE DEL 2017<\/p>\n<p style=\"text-align: center;\"><strong>Asociaci\u00f3n de Estudiantes Emprendedores tiene abierta convocatoria para crear una idea de negocios de alimentos<\/strong><\/p>\n<p style=\"text-align: right;\">31\/10\/2017<\/p>\n<p><img loading=\"lazy\" decoding=\"async\" class=\"size-full wp-image-38570 aligncenter\" src=\"https:\/\/www.ucaldas.edu.co\/portal\/wp-content\/uploads\/2017\/10\/ases2-compressor.jpg\" alt=\"\" width=\"700\" height=\"400\" srcset=\"https:\/\/www.ucaldas.edu.co\/portal\/wp-content\/uploads\/2017\/10\/ases2-compressor.jpg 700w, https:\/\/www.ucaldas.edu.co\/portal\/wp-content\/uploads\/2017\/10\/ases2-compressor-300x171.jpg 300w\" sizes=\"auto, (max-width: 700px) 100vw, 700px\" \/>La <strong>Asociaci\u00f3n de Estudiantes Emprendedores de la Universidad de Caldas<\/strong> (Ases) <strong>tiene abierta la <\/strong><strong>convocatoria para apoyar la generaci\u00f3n de nuevas unidades de negocio en la Asociaci\u00f3n.<\/strong> Esta es una <strong>invitaci\u00f3n para crear una idea de negocios de alimentos,<\/strong> que se abrir\u00e1 en el Bloque U Edificio Bicentenario.<\/p>\n<p><!--more--><\/p>\n<p>La <strong>convocatoria estar\u00e1 abierta hasta el 7 de noviembre del 2017<\/strong> y la recepci\u00f3n de documentos ser\u00e1 en la helader\u00eda, ubicada en el Bloque U Edificio Bicentenario.<\/p>\n<p>&nbsp;<\/p>\n<p><a href=\"https:\/\/www.ucaldas.edu.co\/portal\/wp-content\/uploads\/2017\/10\/TERMINOS-DE-REFERENCIA-CONVOCATORIA-N%C2%BA-002.pdf\">Conozca los t\u00e9rminos de referencia de la convocatoria<\/a><\/p>\n<p>&nbsp;<\/p>\n<p><a href=\"https:\/\/www.ucaldas.edu.co\/portal\/wp-content\/uploads\/2017\/10\/Documento-Paso-a-Paso-de-la-Convocatoria.pdf\">Conozca el paso a paso de la convocatoria<\/a><\/p>\n<p>&nbsp;<\/p>\n<p><a href=\"https:\/\/www.ucaldas.edu.co\/portal\/wp-content\/uploads\/2017\/10\/Copia-de-FORMATO-DE-INSCRIPCI%C3%93N-DE-ESTUDIANTES-ASES-UCALDAS.doc-1.pdf\">Descargue el formato de inscripci\u00f3n a la Asociaci\u00f3n<\/a><\/p>\n<p>&nbsp;<\/p>\n<p><a href=\"https:\/\/www.ucaldas.edu.co\/portal\/wp-content\/uploads\/2017\/10\/Copia-de-FORMATO-001-P-presentaci%C3%B3n-propuestas-convocatoria-1.pdf\">Descargue el formato de presentaci\u00f3n de propuestas<\/a><\/p>\n<p>&nbsp;<\/p>\n<p><a href=\"https:\/\/www.ucaldas.edu.co\/portal\/wp-content\/uploads\/2017\/10\/Copia-de-aceptacion-de-terminos-de-referencia.pdf\">Descargue la gu\u00eda para aceptaci\u00f3n de t\u00e9rminos de referencia<\/a><\/p>\n<p>&nbsp;<\/p>\n<p><strong>Informes:<\/strong> Oficina de Comunicaciones y Prensa U. de Caldas, tel\u00e9fono 878 15 00 extensi\u00f3n 12 167.<\/p>\n<p><strong>Redacci\u00f3n:<\/strong> Margarita Laverde<\/p>\n<p>&nbsp;<\/p>\n","protected":false},"excerpt":{"rendered":"<p>ESTAR\u00c1 ABIERTA HASTA EL 7 DE NOVIEMBRE DEL 2017 Asociaci\u00f3n de Estudiantes Emprendedores tiene abierta convocatoria para crear una idea de negocios de alimentos 31\/10\/2017 La Asociaci\u00f3n de Estudiantes Emprendedores de la Universidad de Caldas (Ases) tiene abierta la convocatoria para apoyar la generaci\u00f3n de nuevas unidades de negocio en la Asociaci\u00f3n. Esta es una [&hellip;]<\/p>\n","protected":false},"author":2,"featured_media":38570,"comment_status":"closed","ping_status":"open","sticky":false,"template":"","format":"standard","meta":{"footnotes":""},"categories":[48,53,617],"tags":[63,141,429,441,442],"class_list":["post-38569","post","type-post","status-publish","format-standard","has-post-thumbnail","hentry","category-actualidad","category-universidad-al-dia","category-ucaldas-colaborativa","tag-participe","tag-convocatoria","tag-emprendimiento","tag-asociacion-de-estudiantes-emprendedores","tag-unidad-de-negocio"],"yoast_head":"<!-- This site is optimized with the Yoast SEO plugin v27.5 - https:\/\/yoast.com\/product\/yoast-seo-wordpress\/ -->\n<title>Asociaci\u00f3n de Estudiantes Emprendedores tiene abierta convocatoria para crear una idea de negocios de alimentos .<\/title>\n<meta name=\"robots\" content=\"index, follow, max-snippet:-1, max-image-preview:large, max-video-preview:-1\" \/>\n<link rel=\"canonical\" href=\"https:\/\/www.ucaldas.edu.co\/portal\/asociacion-de-estudiantes-emprendedores-tiene-abierta-convocatoria-para-crear-una-idea-de-negocios-de-alimentos\/\" \/>\n<script type=\"application\/ld+json\" class=\"yoast-schema-graph\">{\"@context\":\"https:\\\/\\\/schema.org\",\"@graph\":[{\"@type\":\"Article\",\"@id\":\"https:\\\/\\\/www.ucaldas.edu.co\\\/portal\\\/asociacion-de-estudiantes-emprendedores-tiene-abierta-convocatoria-para-crear-una-idea-de-negocios-de-alimentos\\\/#article\",\"isPartOf\":{\"@id\":\"https:\\\/\\\/www.ucaldas.edu.co\\\/portal\\\/asociacion-de-estudiantes-emprendedores-tiene-abierta-convocatoria-para-crear-una-idea-de-negocios-de-alimentos\\\/\"},\"author\":{\"name\":\"ofiprensa\",\"@id\":\"https:\\\/\\\/www.ucaldas.edu.co\\\/portal\\\/#\\\/schema\\\/person\\\/a1b482e23449158b4bc319926c074fdf\"},\"headline\":\"Asociaci\u00f3n de Estudiantes Emprendedores tiene abierta convocatoria para crear una idea de negocios de alimentos\",\"datePublished\":\"2017-10-31T16:51:20+00:00\",\"mainEntityOfPage\":{\"@id\":\"https:\\\/\\\/www.ucaldas.edu.co\\\/portal\\\/asociacion-de-estudiantes-emprendedores-tiene-abierta-convocatoria-para-crear-una-idea-de-negocios-de-alimentos\\\/\"},\"wordCount\":189,\"publisher\":{\"@id\":\"https:\\\/\\\/www.ucaldas.edu.co\\\/portal\\\/#organization\"},\"image\":{\"@id\":\"https:\\\/\\\/www.ucaldas.edu.co\\\/portal\\\/asociacion-de-estudiantes-emprendedores-tiene-abierta-convocatoria-para-crear-una-idea-de-negocios-de-alimentos\\\/#primaryimage\"},\"thumbnailUrl\":\"https:\\\/\\\/www.ucaldas.edu.co\\\/portal\\\/wp-content\\\/uploads\\\/2017\\\/10\\\/ases2-compressor.jpg\",\"keywords\":[\"Participe\",\"Convocatoria\",\"Emprendimiento\",\"Asociaci\u00f3n de Estudiantes Emprendedores\",\"unidad de negocio\"],\"articleSection\":[\"Actualidad\",\"Universidad al D\u00eda\",\"UCaldas Colaborativa\"],\"inLanguage\":\"es\"},{\"@type\":\"WebPage\",\"@id\":\"https:\\\/\\\/www.ucaldas.edu.co\\\/portal\\\/asociacion-de-estudiantes-emprendedores-tiene-abierta-convocatoria-para-crear-una-idea-de-negocios-de-alimentos\\\/\",\"url\":\"https:\\\/\\\/www.ucaldas.edu.co\\\/portal\\\/asociacion-de-estudiantes-emprendedores-tiene-abierta-convocatoria-para-crear-una-idea-de-negocios-de-alimentos\\\/\",\"name\":\"Asociaci\u00f3n de Estudiantes Emprendedores tiene abierta convocatoria para crear una idea de negocios de alimentos .\",\"isPartOf\":{\"@id\":\"https:\\\/\\\/www.ucaldas.edu.co\\\/portal\\\/#website\"},\"primaryImageOfPage\":{\"@id\":\"https:\\\/\\\/www.ucaldas.edu.co\\\/portal\\\/asociacion-de-estudiantes-emprendedores-tiene-abierta-convocatoria-para-crear-una-idea-de-negocios-de-alimentos\\\/#primaryimage\"},\"image\":{\"@id\":\"https:\\\/\\\/www.ucaldas.edu.co\\\/portal\\\/asociacion-de-estudiantes-emprendedores-tiene-abierta-convocatoria-para-crear-una-idea-de-negocios-de-alimentos\\\/#primaryimage\"},\"thumbnailUrl\":\"https:\\\/\\\/www.ucaldas.edu.co\\\/portal\\\/wp-content\\\/uploads\\\/2017\\\/10\\\/ases2-compressor.jpg\",\"datePublished\":\"2017-10-31T16:51:20+00:00\",\"breadcrumb\":{\"@id\":\"https:\\\/\\\/www.ucaldas.edu.co\\\/portal\\\/asociacion-de-estudiantes-emprendedores-tiene-abierta-convocatoria-para-crear-una-idea-de-negocios-de-alimentos\\\/#breadcrumb\"},\"inLanguage\":\"es\",\"potentialAction\":[{\"@type\":\"ReadAction\",\"target\":[\"https:\\\/\\\/www.ucaldas.edu.co\\\/portal\\\/asociacion-de-estudiantes-emprendedores-tiene-abierta-convocatoria-para-crear-una-idea-de-negocios-de-alimentos\\\/\"]}]},{\"@type\":\"ImageObject\",\"inLanguage\":\"es\",\"@id\":\"https:\\\/\\\/www.ucaldas.edu.co\\\/portal\\\/asociacion-de-estudiantes-emprendedores-tiene-abierta-convocatoria-para-crear-una-idea-de-negocios-de-alimentos\\\/#primaryimage\",\"url\":\"https:\\\/\\\/www.ucaldas.edu.co\\\/portal\\\/wp-content\\\/uploads\\\/2017\\\/10\\\/ases2-compressor.jpg\",\"contentUrl\":\"https:\\\/\\\/www.ucaldas.edu.co\\\/portal\\\/wp-content\\\/uploads\\\/2017\\\/10\\\/ases2-compressor.jpg\",\"width\":700,\"height\":400},{\"@type\":\"BreadcrumbList\",\"@id\":\"https:\\\/\\\/www.ucaldas.edu.co\\\/portal\\\/asociacion-de-estudiantes-emprendedores-tiene-abierta-convocatoria-para-crear-una-idea-de-negocios-de-alimentos\\\/#breadcrumb\",\"itemListElement\":[{\"@type\":\"ListItem\",\"position\":1,\"name\":\"Portada\",\"item\":\"https:\\\/\\\/www.ucaldas.edu.co\\\/portal\\\/\"},{\"@type\":\"ListItem\",\"position\":2,\"name\":\"Asociaci\u00f3n de Estudiantes Emprendedores tiene abierta convocatoria para crear una idea de negocios de alimentos\"}]},{\"@type\":\"WebSite\",\"@id\":\"https:\\\/\\\/www.ucaldas.edu.co\\\/portal\\\/#website\",\"url\":\"https:\\\/\\\/www.ucaldas.edu.co\\\/portal\\\/\",\"name\":\"Universidad de Caldas\",\"description\":\"\",\"publisher\":{\"@id\":\"https:\\\/\\\/www.ucaldas.edu.co\\\/portal\\\/#organization\"},\"alternateName\":\"U. de Caldas\",\"potentialAction\":[{\"@type\":\"SearchAction\",\"target\":{\"@type\":\"EntryPoint\",\"urlTemplate\":\"https:\\\/\\\/www.ucaldas.edu.co\\\/portal\\\/?s={search_term_string}\"},\"query-input\":{\"@type\":\"PropertyValueSpecification\",\"valueRequired\":true,\"valueName\":\"search_term_string\"}}],\"inLanguage\":\"es\"},{\"@type\":\"Organization\",\"@id\":\"https:\\\/\\\/www.ucaldas.edu.co\\\/portal\\\/#organization\",\"name\":\"Universidad de Caldas\",\"alternateName\":\"U. de Caldas\",\"url\":\"https:\\\/\\\/www.ucaldas.edu.co\\\/portal\\\/\",\"logo\":{\"@type\":\"ImageObject\",\"inLanguage\":\"es\",\"@id\":\"https:\\\/\\\/www.ucaldas.edu.co\\\/portal\\\/#\\\/schema\\\/logo\\\/image\\\/\",\"url\":\"https:\\\/\\\/www.ucaldas.edu.co\\\/portal\\\/wp-content\\\/uploads\\\/2023\\\/11\\\/Logo_horizontal_oscuroU-2023.png\",\"contentUrl\":\"https:\\\/\\\/www.ucaldas.edu.co\\\/portal\\\/wp-content\\\/uploads\\\/2023\\\/11\\\/Logo_horizontal_oscuroU-2023.png\",\"width\":263,\"height\":101,\"caption\":\"Universidad de Caldas\"},\"image\":{\"@id\":\"https:\\\/\\\/www.ucaldas.edu.co\\\/portal\\\/#\\\/schema\\\/logo\\\/image\\\/\"},\"sameAs\":[\"https:\\\/\\\/www.facebook.com\\\/udecaldas\",\"https:\\\/\\\/x.com\\\/udecaldas\",\"https:\\\/\\\/www.youtube.com\\\/universidadcaldas\",\"https:\\\/\\\/www.instagram.com\\\/udecaldas\\\/\"]},{\"@type\":\"Person\",\"@id\":\"https:\\\/\\\/www.ucaldas.edu.co\\\/portal\\\/#\\\/schema\\\/person\\\/a1b482e23449158b4bc319926c074fdf\",\"name\":\"ofiprensa\",\"image\":{\"@type\":\"ImageObject\",\"inLanguage\":\"es\",\"@id\":\"https:\\\/\\\/www.ucaldas.edu.co\\\/portal\\\/wp-content\\\/litespeed\\\/avatar\\\/09ea5085e600095a7a811142c6944527.jpg?ver=1777497608\",\"url\":\"https:\\\/\\\/www.ucaldas.edu.co\\\/portal\\\/wp-content\\\/litespeed\\\/avatar\\\/09ea5085e600095a7a811142c6944527.jpg?ver=1777497608\",\"contentUrl\":\"https:\\\/\\\/www.ucaldas.edu.co\\\/portal\\\/wp-content\\\/litespeed\\\/avatar\\\/09ea5085e600095a7a811142c6944527.jpg?ver=1777497608\",\"caption\":\"ofiprensa\"},\"url\":\"https:\\\/\\\/www.ucaldas.edu.co\\\/portal\\\/author\\\/ofiprensa\\\/\"}]}<\/script>\n<!-- \/ Yoast SEO plugin. -->","yoast_head_json":{"title":"Asociaci\u00f3n de Estudiantes Emprendedores tiene abierta convocatoria para crear una idea de negocios de alimentos .","robots":{"index":"index","follow":"follow","max-snippet":"max-snippet:-1","max-image-preview":"max-image-preview:large","max-video-preview":"max-video-preview:-1"},"canonical":"https:\/\/www.ucaldas.edu.co\/portal\/asociacion-de-estudiantes-emprendedores-tiene-abierta-convocatoria-para-crear-una-idea-de-negocios-de-alimentos\/","schema":{"@context":"https:\/\/schema.org","@graph":[{"@type":"Article","@id":"https:\/\/www.ucaldas.edu.co\/portal\/asociacion-de-estudiantes-emprendedores-tiene-abierta-convocatoria-para-crear-una-idea-de-negocios-de-alimentos\/#article","isPartOf":{"@id":"https:\/\/www.ucaldas.edu.co\/portal\/asociacion-de-estudiantes-emprendedores-tiene-abierta-convocatoria-para-crear-una-idea-de-negocios-de-alimentos\/"},"author":{"name":"ofiprensa","@id":"https:\/\/www.ucaldas.edu.co\/portal\/#\/schema\/person\/a1b482e23449158b4bc319926c074fdf"},"headline":"Asociaci\u00f3n de Estudiantes Emprendedores tiene abierta convocatoria para crear una idea de negocios de alimentos","datePublished":"2017-10-31T16:51:20+00:00","mainEntityOfPage":{"@id":"https:\/\/www.ucaldas.edu.co\/portal\/asociacion-de-estudiantes-emprendedores-tiene-abierta-convocatoria-para-crear-una-idea-de-negocios-de-alimentos\/"},"wordCount":189,"publisher":{"@id":"https:\/\/www.ucaldas.edu.co\/portal\/#organization"},"image":{"@id":"https:\/\/www.ucaldas.edu.co\/portal\/asociacion-de-estudiantes-emprendedores-tiene-abierta-convocatoria-para-crear-una-idea-de-negocios-de-alimentos\/#primaryimage"},"thumbnailUrl":"https:\/\/www.ucaldas.edu.co\/portal\/wp-content\/uploads\/2017\/10\/ases2-compressor.jpg","keywords":["Participe","Convocatoria","Emprendimiento","Asociaci\u00f3n de Estudiantes Emprendedores","unidad de negocio"],"articleSection":["Actualidad","Universidad al D\u00eda","UCaldas Colaborativa"],"inLanguage":"es"},{"@type":"WebPage","@id":"https:\/\/www.ucaldas.edu.co\/portal\/asociacion-de-estudiantes-emprendedores-tiene-abierta-convocatoria-para-crear-una-idea-de-negocios-de-alimentos\/","url":"https:\/\/www.ucaldas.edu.co\/portal\/asociacion-de-estudiantes-emprendedores-tiene-abierta-convocatoria-para-crear-una-idea-de-negocios-de-alimentos\/","name":"Asociaci\u00f3n de Estudiantes Emprendedores tiene abierta convocatoria para crear una idea de negocios de alimentos .","isPartOf":{"@id":"https:\/\/www.ucaldas.edu.co\/portal\/#website"},"primaryImageOfPage":{"@id":"https:\/\/www.ucaldas.edu.co\/portal\/asociacion-de-estudiantes-emprendedores-tiene-abierta-convocatoria-para-crear-una-idea-de-negocios-de-alimentos\/#primaryimage"},"image":{"@id":"https:\/\/www.ucaldas.edu.co\/portal\/asociacion-de-estudiantes-emprendedores-tiene-abierta-convocatoria-para-crear-una-idea-de-negocios-de-alimentos\/#primaryimage"},"thumbnailUrl":"https:\/\/www.ucaldas.edu.co\/portal\/wp-content\/uploads\/2017\/10\/ases2-compressor.jpg","datePublished":"2017-10-31T16:51:20+00:00","breadcrumb":{"@id":"https:\/\/www.ucaldas.edu.co\/portal\/asociacion-de-estudiantes-emprendedores-tiene-abierta-convocatoria-para-crear-una-idea-de-negocios-de-alimentos\/#breadcrumb"},"inLanguage":"es","potentialAction":[{"@type":"ReadAction","target":["https:\/\/www.ucaldas.edu.co\/portal\/asociacion-de-estudiantes-emprendedores-tiene-abierta-convocatoria-para-crear-una-idea-de-negocios-de-alimentos\/"]}]},{"@type":"ImageObject","inLanguage":"es","@id":"https:\/\/www.ucaldas.edu.co\/portal\/asociacion-de-estudiantes-emprendedores-tiene-abierta-convocatoria-para-crear-una-idea-de-negocios-de-alimentos\/#primaryimage","url":"https:\/\/www.ucaldas.edu.co\/portal\/wp-content\/uploads\/2017\/10\/ases2-compressor.jpg","contentUrl":"https:\/\/www.ucaldas.edu.co\/portal\/wp-content\/uploads\/2017\/10\/ases2-compressor.jpg","width":700,"height":400},{"@type":"BreadcrumbList","@id":"https:\/\/www.ucaldas.edu.co\/portal\/asociacion-de-estudiantes-emprendedores-tiene-abierta-convocatoria-para-crear-una-idea-de-negocios-de-alimentos\/#breadcrumb","itemListElement":[{"@type":"ListItem","position":1,"name":"Portada","item":"https:\/\/www.ucaldas.edu.co\/portal\/"},{"@type":"ListItem","position":2,"name":"Asociaci\u00f3n de Estudiantes Emprendedores tiene abierta convocatoria para crear una idea de negocios de alimentos"}]},{"@type":"WebSite","@id":"https:\/\/www.ucaldas.edu.co\/portal\/#website","url":"https:\/\/www.ucaldas.edu.co\/portal\/","name":"Universidad de Caldas","description":"","publisher":{"@id":"https:\/\/www.ucaldas.edu.co\/portal\/#organization"},"alternateName":"U. de Caldas","potentialAction":[{"@type":"SearchAction","target":{"@type":"EntryPoint","urlTemplate":"https:\/\/www.ucaldas.edu.co\/portal\/?s={search_term_string}"},"query-input":{"@type":"PropertyValueSpecification","valueRequired":true,"valueName":"search_term_string"}}],"inLanguage":"es"},{"@type":"Organization","@id":"https:\/\/www.ucaldas.edu.co\/portal\/#organization","name":"Universidad de Caldas","alternateName":"U. de Caldas","url":"https:\/\/www.ucaldas.edu.co\/portal\/","logo":{"@type":"ImageObject","inLanguage":"es","@id":"https:\/\/www.ucaldas.edu.co\/portal\/#\/schema\/logo\/image\/","url":"https:\/\/www.ucaldas.edu.co\/portal\/wp-content\/uploads\/2023\/11\/Logo_horizontal_oscuroU-2023.png","contentUrl":"https:\/\/www.ucaldas.edu.co\/portal\/wp-content\/uploads\/2023\/11\/Logo_horizontal_oscuroU-2023.png","width":263,"height":101,"caption":"Universidad de Caldas"},"image":{"@id":"https:\/\/www.ucaldas.edu.co\/portal\/#\/schema\/logo\/image\/"},"sameAs":["https:\/\/www.facebook.com\/udecaldas","https:\/\/x.com\/udecaldas","https:\/\/www.youtube.com\/universidadcaldas","https:\/\/www.instagram.com\/udecaldas\/"]},{"@type":"Person","@id":"https:\/\/www.ucaldas.edu.co\/portal\/#\/schema\/person\/a1b482e23449158b4bc319926c074fdf","name":"ofiprensa","image":{"@type":"ImageObject","inLanguage":"es","@id":"https:\/\/www.ucaldas.edu.co\/portal\/wp-content\/litespeed\/avatar\/09ea5085e600095a7a811142c6944527.jpg?ver=1777497608","url":"https:\/\/www.ucaldas.edu.co\/portal\/wp-content\/litespeed\/avatar\/09ea5085e600095a7a811142c6944527.jpg?ver=1777497608","contentUrl":"https:\/\/www.ucaldas.edu.co\/portal\/wp-content\/litespeed\/avatar\/09ea5085e600095a7a811142c6944527.jpg?ver=1777497608","caption":"ofiprensa"},"url":"https:\/\/www.ucaldas.edu.co\/portal\/author\/ofiprensa\/"}]}},"_links":{"self":[{"href":"https:\/\/www.ucaldas.edu.co\/portal\/wp-json\/wp\/v2\/posts\/38569","targetHints":{"allow":["GET"]}}],"collection":[{"href":"https:\/\/www.ucaldas.edu.co\/portal\/wp-json\/wp\/v2\/posts"}],"about":[{"href":"https:\/\/www.ucaldas.edu.co\/portal\/wp-json\/wp\/v2\/types\/post"}],"author":[{"embeddable":true,"href":"https:\/\/www.ucaldas.edu.co\/portal\/wp-json\/wp\/v2\/users\/2"}],"replies":[{"embeddable":true,"href":"https:\/\/www.ucaldas.edu.co\/portal\/wp-json\/wp\/v2\/comments?post=38569"}],"version-history":[{"count":0,"href":"https:\/\/www.ucaldas.edu.co\/portal\/wp-json\/wp\/v2\/posts\/38569\/revisions"}],"wp:featuredmedia":[{"embeddable":true,"href":"https:\/\/www.ucaldas.edu.co\/portal\/wp-json\/wp\/v2\/media\/38570"}],"wp:attachment":[{"href":"https:\/\/www.ucaldas.edu.co\/portal\/wp-json\/wp\/v2\/media?parent=38569"}],"wp:term":[{"taxonomy":"category","embeddable":true,"href":"https:\/\/www.ucaldas.edu.co\/portal\/wp-json\/wp\/v2\/categories?post=38569"},{"taxonomy":"post_tag","embeddable":true,"href":"https:\/\/www.ucaldas.edu.co\/portal\/wp-json\/wp\/v2\/tags?post=38569"}],"curies":[{"name":"wp","href":"https:\/\/api.w.org\/{rel}","templated":true}]}}