{"id":38456,"date":"2017-10-23T22:28:52","date_gmt":"2017-10-23T22:28:52","guid":{"rendered":"https:\/\/www.ucaldas.edu.co\/portal\/?p=38456"},"modified":"2017-10-23T22:28:52","modified_gmt":"2017-10-23T22:28:52","slug":"u-de-caldas-estudio-investigacion-y-sistematizacion-en-trabajo-social","status":"publish","type":"post","link":"https:\/\/www.ucaldas.edu.co\/portal\/u-de-caldas-estudio-investigacion-y-sistematizacion-en-trabajo-social\/","title":{"rendered":"U. de Caldas estudi\u00f3 investigaci\u00f3n y sistematizaci\u00f3n en Trabajo Social"},"content":{"rendered":"<p style=\"text-align: center;\">EN CONVERSATORIO POR CELEBRACI\u00d3N DE 50 A\u00d1OS DEL PROGRAMA<\/p>\n<p style=\"text-align: center;\"><strong>U. de Caldas estudi\u00f3 investigaci\u00f3n y sistematizaci\u00f3n en Trabajo Social<\/strong><\/p>\n<p style=\"text-align: right;\">23\/10\/2017<\/p>\n<p><img loading=\"lazy\" decoding=\"async\" class=\"alignnone size-full wp-image-38457 aligncenter\" src=\"https:\/\/www.ucaldas.edu.co\/portal\/wp-content\/uploads\/2017\/10\/trabajo-compressor.jpg\" alt=\"\" width=\"700\" height=\"399\" srcset=\"https:\/\/www.ucaldas.edu.co\/portal\/wp-content\/uploads\/2017\/10\/trabajo-compressor.jpg 700w, https:\/\/www.ucaldas.edu.co\/portal\/wp-content\/uploads\/2017\/10\/trabajo-compressor-300x171.jpg 300w\" sizes=\"auto, (max-width: 700px) 100vw, 700px\" \/>El <strong>Programa de Trabajo Social de la Universidad de Caldas llev\u00f3 a cabo el conversatorio Investigaci\u00f3n y Sistematizaci\u00f3n en Trabajo Social<\/strong>, como parte de la <strong>celebraci\u00f3n de los 50 a\u00f1os del programa<\/strong>. El encuentro se efectu\u00f3 el pasado 20 de octubre del 2017.<\/p>\n<p><!--more--><\/p>\n<p>Felipe C\u00e9sar Londo\u00f1o L\u00f3pez, <strong>Rector de la U. de Caldas, destac\u00f3: \u00abhemos reconocido el papel tan importante que ha cumplido este programa,<\/strong> que inici\u00f3 en la d\u00e9cada de los a\u00f1os 60 en un momento de revueltas sociales y en el que se cuestionaron en el pa\u00eds much\u00edsimas de las din\u00e1micas en temas de trabajo e integraci\u00f3n\u201d.<\/p>\n<p>&nbsp;<\/p>\n<p>\u201cEl Programa de Trabajo Social ha dejado una huella important\u00edsima de su labor en el campo de las ciencias sociales y que <strong>a\u00fan tiene mucho qu\u00e9 decir de la Colombia que hoy vivimos<\/strong>\u00ab, agreg\u00f3.<\/p>\n<p>&nbsp;<\/p>\n<p>Por otra parte, Alba Luc\u00eda Mar\u00edn Rengifo, <strong>Directora del Programa de Trabajo Social de la U. de Caldas, expres\u00f3: \u00abnos sentimos muy orgullosos de estar celebrando 50 a\u00f1os del programa<\/strong>, por lo que queremos hacer un recorrido por la trayectoria acad\u00e9mica y experiencias de los trabajadores sociales, que hemos participado en todos estos a\u00f1os de formaci\u00f3n\u00bb.<\/p>\n<p>&nbsp;<\/p>\n<p><a href=\"https:\/\/www.facebook.com\/media\/set\/?set=a.1582506971811162.1073745749.107054166023124&amp;type=1&amp;l=6c45b7671c\">Conozca im\u00e1genes del Conversatorio Investigaci\u00f3n y Sistematizaci\u00f3n en Trabajo Social<\/a><\/p>\n<p>&nbsp;<\/p>\n<p><strong>Informes:<\/strong> Oficina de Comunicaciones y Prensa U. de Caldas, tel\u00e9fono 878 15 00 extensi\u00f3n 12 167.<\/p>\n<p><strong>Redacci\u00f3n:<\/strong> Margarita Laverde<\/p>\n<p><strong>Etiquetas: <\/strong>conversatorio, 50 a\u00f1os, Programa de Trabajo Social, academia<\/p>\n","protected":false},"excerpt":{"rendered":"<p>EN CONVERSATORIO POR CELEBRACI\u00d3N DE 50 A\u00d1OS DEL PROGRAMA U. de Caldas estudi\u00f3 investigaci\u00f3n y sistematizaci\u00f3n en Trabajo Social 23\/10\/2017 El Programa de Trabajo Social de la Universidad de Caldas llev\u00f3 a cabo el conversatorio Investigaci\u00f3n y Sistematizaci\u00f3n en Trabajo Social, como parte de la celebraci\u00f3n de los 50 a\u00f1os del programa. El encuentro se [&hellip;]<\/p>\n","protected":false},"author":2,"featured_media":38457,"comment_status":"closed","ping_status":"open","sticky":false,"template":"","format":"standard","meta":{"footnotes":""},"categories":[48,53,624],"tags":[],"class_list":["post-38456","post","type-post","status-publish","format-standard","has-post-thumbnail","hentry","category-actualidad","category-universidad-al-dia","category-ucaldas-activa"],"yoast_head":"<!-- This site is optimized with the Yoast SEO plugin v27.5 - https:\/\/yoast.com\/product\/yoast-seo-wordpress\/ -->\n<title>U. de Caldas estudi\u00f3 investigaci\u00f3n y sistematizaci\u00f3n en Trabajo Social .<\/title>\n<meta name=\"robots\" content=\"index, follow, max-snippet:-1, max-image-preview:large, max-video-preview:-1\" \/>\n<link rel=\"canonical\" href=\"https:\/\/www.ucaldas.edu.co\/portal\/u-de-caldas-estudio-investigacion-y-sistematizacion-en-trabajo-social\/\" \/>\n<script type=\"application\/ld+json\" class=\"yoast-schema-graph\">{\"@context\":\"https:\\\/\\\/schema.org\",\"@graph\":[{\"@type\":\"Article\",\"@id\":\"https:\\\/\\\/www.ucaldas.edu.co\\\/portal\\\/u-de-caldas-estudio-investigacion-y-sistematizacion-en-trabajo-social\\\/#article\",\"isPartOf\":{\"@id\":\"https:\\\/\\\/www.ucaldas.edu.co\\\/portal\\\/u-de-caldas-estudio-investigacion-y-sistematizacion-en-trabajo-social\\\/\"},\"author\":{\"name\":\"ofiprensa\",\"@id\":\"https:\\\/\\\/www.ucaldas.edu.co\\\/portal\\\/#\\\/schema\\\/person\\\/a1b482e23449158b4bc319926c074fdf\"},\"headline\":\"U. de Caldas estudi\u00f3 investigaci\u00f3n y sistematizaci\u00f3n en Trabajo Social\",\"datePublished\":\"2017-10-23T22:28:52+00:00\",\"mainEntityOfPage\":{\"@id\":\"https:\\\/\\\/www.ucaldas.edu.co\\\/portal\\\/u-de-caldas-estudio-investigacion-y-sistematizacion-en-trabajo-social\\\/\"},\"wordCount\":282,\"publisher\":{\"@id\":\"https:\\\/\\\/www.ucaldas.edu.co\\\/portal\\\/#organization\"},\"image\":{\"@id\":\"https:\\\/\\\/www.ucaldas.edu.co\\\/portal\\\/u-de-caldas-estudio-investigacion-y-sistematizacion-en-trabajo-social\\\/#primaryimage\"},\"thumbnailUrl\":\"https:\\\/\\\/www.ucaldas.edu.co\\\/portal\\\/wp-content\\\/uploads\\\/2017\\\/10\\\/trabajo-compressor.jpg\",\"articleSection\":[\"Actualidad\",\"Universidad al D\u00eda\",\"UCaldas Activa\"],\"inLanguage\":\"es\"},{\"@type\":\"WebPage\",\"@id\":\"https:\\\/\\\/www.ucaldas.edu.co\\\/portal\\\/u-de-caldas-estudio-investigacion-y-sistematizacion-en-trabajo-social\\\/\",\"url\":\"https:\\\/\\\/www.ucaldas.edu.co\\\/portal\\\/u-de-caldas-estudio-investigacion-y-sistematizacion-en-trabajo-social\\\/\",\"name\":\"U. de Caldas estudi\u00f3 investigaci\u00f3n y sistematizaci\u00f3n en Trabajo Social .\",\"isPartOf\":{\"@id\":\"https:\\\/\\\/www.ucaldas.edu.co\\\/portal\\\/#website\"},\"primaryImageOfPage\":{\"@id\":\"https:\\\/\\\/www.ucaldas.edu.co\\\/portal\\\/u-de-caldas-estudio-investigacion-y-sistematizacion-en-trabajo-social\\\/#primaryimage\"},\"image\":{\"@id\":\"https:\\\/\\\/www.ucaldas.edu.co\\\/portal\\\/u-de-caldas-estudio-investigacion-y-sistematizacion-en-trabajo-social\\\/#primaryimage\"},\"thumbnailUrl\":\"https:\\\/\\\/www.ucaldas.edu.co\\\/portal\\\/wp-content\\\/uploads\\\/2017\\\/10\\\/trabajo-compressor.jpg\",\"datePublished\":\"2017-10-23T22:28:52+00:00\",\"breadcrumb\":{\"@id\":\"https:\\\/\\\/www.ucaldas.edu.co\\\/portal\\\/u-de-caldas-estudio-investigacion-y-sistematizacion-en-trabajo-social\\\/#breadcrumb\"},\"inLanguage\":\"es\",\"potentialAction\":[{\"@type\":\"ReadAction\",\"target\":[\"https:\\\/\\\/www.ucaldas.edu.co\\\/portal\\\/u-de-caldas-estudio-investigacion-y-sistematizacion-en-trabajo-social\\\/\"]}]},{\"@type\":\"ImageObject\",\"inLanguage\":\"es\",\"@id\":\"https:\\\/\\\/www.ucaldas.edu.co\\\/portal\\\/u-de-caldas-estudio-investigacion-y-sistematizacion-en-trabajo-social\\\/#primaryimage\",\"url\":\"https:\\\/\\\/www.ucaldas.edu.co\\\/portal\\\/wp-content\\\/uploads\\\/2017\\\/10\\\/trabajo-compressor.jpg\",\"contentUrl\":\"https:\\\/\\\/www.ucaldas.edu.co\\\/portal\\\/wp-content\\\/uploads\\\/2017\\\/10\\\/trabajo-compressor.jpg\",\"width\":700,\"height\":399},{\"@type\":\"BreadcrumbList\",\"@id\":\"https:\\\/\\\/www.ucaldas.edu.co\\\/portal\\\/u-de-caldas-estudio-investigacion-y-sistematizacion-en-trabajo-social\\\/#breadcrumb\",\"itemListElement\":[{\"@type\":\"ListItem\",\"position\":1,\"name\":\"Portada\",\"item\":\"https:\\\/\\\/www.ucaldas.edu.co\\\/portal\\\/\"},{\"@type\":\"ListItem\",\"position\":2,\"name\":\"U. de Caldas estudi\u00f3 investigaci\u00f3n y sistematizaci\u00f3n en Trabajo Social\"}]},{\"@type\":\"WebSite\",\"@id\":\"https:\\\/\\\/www.ucaldas.edu.co\\\/portal\\\/#website\",\"url\":\"https:\\\/\\\/www.ucaldas.edu.co\\\/portal\\\/\",\"name\":\"Universidad de Caldas\",\"description\":\"\",\"publisher\":{\"@id\":\"https:\\\/\\\/www.ucaldas.edu.co\\\/portal\\\/#organization\"},\"alternateName\":\"U. de Caldas\",\"potentialAction\":[{\"@type\":\"SearchAction\",\"target\":{\"@type\":\"EntryPoint\",\"urlTemplate\":\"https:\\\/\\\/www.ucaldas.edu.co\\\/portal\\\/?s={search_term_string}\"},\"query-input\":{\"@type\":\"PropertyValueSpecification\",\"valueRequired\":true,\"valueName\":\"search_term_string\"}}],\"inLanguage\":\"es\"},{\"@type\":\"Organization\",\"@id\":\"https:\\\/\\\/www.ucaldas.edu.co\\\/portal\\\/#organization\",\"name\":\"Universidad de Caldas\",\"alternateName\":\"U. de Caldas\",\"url\":\"https:\\\/\\\/www.ucaldas.edu.co\\\/portal\\\/\",\"logo\":{\"@type\":\"ImageObject\",\"inLanguage\":\"es\",\"@id\":\"https:\\\/\\\/www.ucaldas.edu.co\\\/portal\\\/#\\\/schema\\\/logo\\\/image\\\/\",\"url\":\"https:\\\/\\\/www.ucaldas.edu.co\\\/portal\\\/wp-content\\\/uploads\\\/2023\\\/11\\\/Logo_horizontal_oscuroU-2023.png\",\"contentUrl\":\"https:\\\/\\\/www.ucaldas.edu.co\\\/portal\\\/wp-content\\\/uploads\\\/2023\\\/11\\\/Logo_horizontal_oscuroU-2023.png\",\"width\":263,\"height\":101,\"caption\":\"Universidad de Caldas\"},\"image\":{\"@id\":\"https:\\\/\\\/www.ucaldas.edu.co\\\/portal\\\/#\\\/schema\\\/logo\\\/image\\\/\"},\"sameAs\":[\"https:\\\/\\\/www.facebook.com\\\/udecaldas\",\"https:\\\/\\\/x.com\\\/udecaldas\",\"https:\\\/\\\/www.youtube.com\\\/universidadcaldas\",\"https:\\\/\\\/www.instagram.com\\\/udecaldas\\\/\"]},{\"@type\":\"Person\",\"@id\":\"https:\\\/\\\/www.ucaldas.edu.co\\\/portal\\\/#\\\/schema\\\/person\\\/a1b482e23449158b4bc319926c074fdf\",\"name\":\"ofiprensa\",\"image\":{\"@type\":\"ImageObject\",\"inLanguage\":\"es\",\"@id\":\"https:\\\/\\\/www.ucaldas.edu.co\\\/portal\\\/wp-content\\\/litespeed\\\/avatar\\\/09ea5085e600095a7a811142c6944527.jpg?ver=1777497608\",\"url\":\"https:\\\/\\\/www.ucaldas.edu.co\\\/portal\\\/wp-content\\\/litespeed\\\/avatar\\\/09ea5085e600095a7a811142c6944527.jpg?ver=1777497608\",\"contentUrl\":\"https:\\\/\\\/www.ucaldas.edu.co\\\/portal\\\/wp-content\\\/litespeed\\\/avatar\\\/09ea5085e600095a7a811142c6944527.jpg?ver=1777497608\",\"caption\":\"ofiprensa\"},\"url\":\"https:\\\/\\\/www.ucaldas.edu.co\\\/portal\\\/author\\\/ofiprensa\\\/\"}]}<\/script>\n<!-- \/ Yoast SEO plugin. -->","yoast_head_json":{"title":"U. de Caldas estudi\u00f3 investigaci\u00f3n y sistematizaci\u00f3n en Trabajo Social .","robots":{"index":"index","follow":"follow","max-snippet":"max-snippet:-1","max-image-preview":"max-image-preview:large","max-video-preview":"max-video-preview:-1"},"canonical":"https:\/\/www.ucaldas.edu.co\/portal\/u-de-caldas-estudio-investigacion-y-sistematizacion-en-trabajo-social\/","schema":{"@context":"https:\/\/schema.org","@graph":[{"@type":"Article","@id":"https:\/\/www.ucaldas.edu.co\/portal\/u-de-caldas-estudio-investigacion-y-sistematizacion-en-trabajo-social\/#article","isPartOf":{"@id":"https:\/\/www.ucaldas.edu.co\/portal\/u-de-caldas-estudio-investigacion-y-sistematizacion-en-trabajo-social\/"},"author":{"name":"ofiprensa","@id":"https:\/\/www.ucaldas.edu.co\/portal\/#\/schema\/person\/a1b482e23449158b4bc319926c074fdf"},"headline":"U. de Caldas estudi\u00f3 investigaci\u00f3n y sistematizaci\u00f3n en Trabajo Social","datePublished":"2017-10-23T22:28:52+00:00","mainEntityOfPage":{"@id":"https:\/\/www.ucaldas.edu.co\/portal\/u-de-caldas-estudio-investigacion-y-sistematizacion-en-trabajo-social\/"},"wordCount":282,"publisher":{"@id":"https:\/\/www.ucaldas.edu.co\/portal\/#organization"},"image":{"@id":"https:\/\/www.ucaldas.edu.co\/portal\/u-de-caldas-estudio-investigacion-y-sistematizacion-en-trabajo-social\/#primaryimage"},"thumbnailUrl":"https:\/\/www.ucaldas.edu.co\/portal\/wp-content\/uploads\/2017\/10\/trabajo-compressor.jpg","articleSection":["Actualidad","Universidad al D\u00eda","UCaldas Activa"],"inLanguage":"es"},{"@type":"WebPage","@id":"https:\/\/www.ucaldas.edu.co\/portal\/u-de-caldas-estudio-investigacion-y-sistematizacion-en-trabajo-social\/","url":"https:\/\/www.ucaldas.edu.co\/portal\/u-de-caldas-estudio-investigacion-y-sistematizacion-en-trabajo-social\/","name":"U. de Caldas estudi\u00f3 investigaci\u00f3n y sistematizaci\u00f3n en Trabajo Social .","isPartOf":{"@id":"https:\/\/www.ucaldas.edu.co\/portal\/#website"},"primaryImageOfPage":{"@id":"https:\/\/www.ucaldas.edu.co\/portal\/u-de-caldas-estudio-investigacion-y-sistematizacion-en-trabajo-social\/#primaryimage"},"image":{"@id":"https:\/\/www.ucaldas.edu.co\/portal\/u-de-caldas-estudio-investigacion-y-sistematizacion-en-trabajo-social\/#primaryimage"},"thumbnailUrl":"https:\/\/www.ucaldas.edu.co\/portal\/wp-content\/uploads\/2017\/10\/trabajo-compressor.jpg","datePublished":"2017-10-23T22:28:52+00:00","breadcrumb":{"@id":"https:\/\/www.ucaldas.edu.co\/portal\/u-de-caldas-estudio-investigacion-y-sistematizacion-en-trabajo-social\/#breadcrumb"},"inLanguage":"es","potentialAction":[{"@type":"ReadAction","target":["https:\/\/www.ucaldas.edu.co\/portal\/u-de-caldas-estudio-investigacion-y-sistematizacion-en-trabajo-social\/"]}]},{"@type":"ImageObject","inLanguage":"es","@id":"https:\/\/www.ucaldas.edu.co\/portal\/u-de-caldas-estudio-investigacion-y-sistematizacion-en-trabajo-social\/#primaryimage","url":"https:\/\/www.ucaldas.edu.co\/portal\/wp-content\/uploads\/2017\/10\/trabajo-compressor.jpg","contentUrl":"https:\/\/www.ucaldas.edu.co\/portal\/wp-content\/uploads\/2017\/10\/trabajo-compressor.jpg","width":700,"height":399},{"@type":"BreadcrumbList","@id":"https:\/\/www.ucaldas.edu.co\/portal\/u-de-caldas-estudio-investigacion-y-sistematizacion-en-trabajo-social\/#breadcrumb","itemListElement":[{"@type":"ListItem","position":1,"name":"Portada","item":"https:\/\/www.ucaldas.edu.co\/portal\/"},{"@type":"ListItem","position":2,"name":"U. de Caldas estudi\u00f3 investigaci\u00f3n y sistematizaci\u00f3n en Trabajo Social"}]},{"@type":"WebSite","@id":"https:\/\/www.ucaldas.edu.co\/portal\/#website","url":"https:\/\/www.ucaldas.edu.co\/portal\/","name":"Universidad de Caldas","description":"","publisher":{"@id":"https:\/\/www.ucaldas.edu.co\/portal\/#organization"},"alternateName":"U. de Caldas","potentialAction":[{"@type":"SearchAction","target":{"@type":"EntryPoint","urlTemplate":"https:\/\/www.ucaldas.edu.co\/portal\/?s={search_term_string}"},"query-input":{"@type":"PropertyValueSpecification","valueRequired":true,"valueName":"search_term_string"}}],"inLanguage":"es"},{"@type":"Organization","@id":"https:\/\/www.ucaldas.edu.co\/portal\/#organization","name":"Universidad de Caldas","alternateName":"U. de Caldas","url":"https:\/\/www.ucaldas.edu.co\/portal\/","logo":{"@type":"ImageObject","inLanguage":"es","@id":"https:\/\/www.ucaldas.edu.co\/portal\/#\/schema\/logo\/image\/","url":"https:\/\/www.ucaldas.edu.co\/portal\/wp-content\/uploads\/2023\/11\/Logo_horizontal_oscuroU-2023.png","contentUrl":"https:\/\/www.ucaldas.edu.co\/portal\/wp-content\/uploads\/2023\/11\/Logo_horizontal_oscuroU-2023.png","width":263,"height":101,"caption":"Universidad de Caldas"},"image":{"@id":"https:\/\/www.ucaldas.edu.co\/portal\/#\/schema\/logo\/image\/"},"sameAs":["https:\/\/www.facebook.com\/udecaldas","https:\/\/x.com\/udecaldas","https:\/\/www.youtube.com\/universidadcaldas","https:\/\/www.instagram.com\/udecaldas\/"]},{"@type":"Person","@id":"https:\/\/www.ucaldas.edu.co\/portal\/#\/schema\/person\/a1b482e23449158b4bc319926c074fdf","name":"ofiprensa","image":{"@type":"ImageObject","inLanguage":"es","@id":"https:\/\/www.ucaldas.edu.co\/portal\/wp-content\/litespeed\/avatar\/09ea5085e600095a7a811142c6944527.jpg?ver=1777497608","url":"https:\/\/www.ucaldas.edu.co\/portal\/wp-content\/litespeed\/avatar\/09ea5085e600095a7a811142c6944527.jpg?ver=1777497608","contentUrl":"https:\/\/www.ucaldas.edu.co\/portal\/wp-content\/litespeed\/avatar\/09ea5085e600095a7a811142c6944527.jpg?ver=1777497608","caption":"ofiprensa"},"url":"https:\/\/www.ucaldas.edu.co\/portal\/author\/ofiprensa\/"}]}},"_links":{"self":[{"href":"https:\/\/www.ucaldas.edu.co\/portal\/wp-json\/wp\/v2\/posts\/38456","targetHints":{"allow":["GET"]}}],"collection":[{"href":"https:\/\/www.ucaldas.edu.co\/portal\/wp-json\/wp\/v2\/posts"}],"about":[{"href":"https:\/\/www.ucaldas.edu.co\/portal\/wp-json\/wp\/v2\/types\/post"}],"author":[{"embeddable":true,"href":"https:\/\/www.ucaldas.edu.co\/portal\/wp-json\/wp\/v2\/users\/2"}],"replies":[{"embeddable":true,"href":"https:\/\/www.ucaldas.edu.co\/portal\/wp-json\/wp\/v2\/comments?post=38456"}],"version-history":[{"count":0,"href":"https:\/\/www.ucaldas.edu.co\/portal\/wp-json\/wp\/v2\/posts\/38456\/revisions"}],"wp:featuredmedia":[{"embeddable":true,"href":"https:\/\/www.ucaldas.edu.co\/portal\/wp-json\/wp\/v2\/media\/38457"}],"wp:attachment":[{"href":"https:\/\/www.ucaldas.edu.co\/portal\/wp-json\/wp\/v2\/media?parent=38456"}],"wp:term":[{"taxonomy":"category","embeddable":true,"href":"https:\/\/www.ucaldas.edu.co\/portal\/wp-json\/wp\/v2\/categories?post=38456"},{"taxonomy":"post_tag","embeddable":true,"href":"https:\/\/www.ucaldas.edu.co\/portal\/wp-json\/wp\/v2\/tags?post=38456"}],"curies":[{"name":"wp","href":"https:\/\/api.w.org\/{rel}","templated":true}]}}