{"id":38435,"date":"2017-10-20T20:13:09","date_gmt":"2017-10-20T20:13:09","guid":{"rendered":"https:\/\/www.ucaldas.edu.co\/portal\/?p=38435"},"modified":"2017-10-20T20:13:09","modified_gmt":"2017-10-20T20:13:09","slug":"diplomado-redaccion-de-textos-academicos-inscripciones-abiertas","status":"publish","type":"post","link":"https:\/\/www.ucaldas.edu.co\/portal\/diplomado-redaccion-de-textos-academicos-inscripciones-abiertas\/","title":{"rendered":"Diplomado Redacci\u00f3n de textos Acad\u00e9micos &#8211; inscripciones abiertas"},"content":{"rendered":"<p><strong>Diplomado Redacci\u00f3n de textos Acad\u00e9micos &#8211; inscripciones abiertas<\/strong><\/p>\n<p><strong>Descripci\u00f3n: <\/strong>actividad adscrita al Programa \u00d1 del Departamento de Ling\u00fc\u00edstica y Literatura, Facultad de Artes y Humanidades U. de Caldas.<\/p>\n<p><strong>Objetivo:<\/strong> fortalecer los fundamentos te\u00f3ricos y las estrategias pr\u00e1cticas para la producci\u00f3n de textos acad\u00e9micos, en especial de art\u00edculos cient\u00edficos.<\/p>\n<p><strong>Duraci\u00f3n:<\/strong> 120 horas &#8211; 8 horas por semana.<\/p>\n<p><strong>Horario:<\/strong> viernes de 5:00 p.m. a 9:00 p.m. \u00a0y s\u00e1bado de 8:00 a.m. a 12:00 m.<\/p>\n<p><strong>Lugar:<\/strong> MediaLab<\/p>\n<p><strong>Inicio: <\/strong>27 de octubre del 2017.<\/p>\n<p><strong>Requisitos para asistir:<\/strong><\/p>\n<p>&#8211; Ser docentes de la Facultad de Artes y Humanidades.<\/p>\n<p>&#8211; Firmar acta de compromiso en la oficina de Desarrollo Docente<\/p>\n<p>&#8211; Proyecto financiado por la Facultad de Artes y Humanidades.<\/p>\n<p><a href=\"https:\/\/www.ucaldas.edu.co\/portal\/wp-content\/uploads\/2017\/10\/Contenido-diplomado.pdf\">Conozca aqu\u00ed m\u00e1s detalles del diplomado<\/a><\/p>\n<p><strong>Informes<\/strong>: en el correo electr\u00f3nico programa.n.espanol@ucaldas.edu.co<\/p>\n<p>&nbsp;<\/p>\n","protected":false},"excerpt":{"rendered":"<p>Diplomado Redacci\u00f3n de textos Acad\u00e9micos &#8211; inscripciones abiertas Descripci\u00f3n: actividad adscrita al Programa \u00d1 del Departamento de Ling\u00fc\u00edstica y Literatura, Facultad de Artes y Humanidades U. de Caldas. Objetivo: fortalecer los fundamentos te\u00f3ricos y las estrategias pr\u00e1cticas para la producci\u00f3n de textos acad\u00e9micos, en especial de art\u00edculos cient\u00edficos. Duraci\u00f3n: 120 horas &#8211; 8 horas por [&hellip;]<\/p>\n","protected":false},"author":2,"featured_media":0,"comment_status":"closed","ping_status":"open","sticky":false,"template":"","format":"standard","meta":{"footnotes":""},"categories":[62],"tags":[55,63,297,395,2428],"class_list":["post-38435","post","type-post","status-publish","format-standard","hentry","category-eventos","tag-academia","tag-participe","tag-inscripciones","tag-diplomado","tag-redaccion-de-textos-academicos"],"yoast_head":"<!-- This site is optimized with the Yoast SEO plugin v27.5 - https:\/\/yoast.com\/product\/yoast-seo-wordpress\/ -->\n<title>Diplomado Redacci\u00f3n de textos Acad\u00e9micos - inscripciones abiertas .<\/title>\n<meta name=\"robots\" content=\"index, follow, max-snippet:-1, max-image-preview:large, max-video-preview:-1\" \/>\n<link rel=\"canonical\" href=\"https:\/\/www.ucaldas.edu.co\/portal\/diplomado-redaccion-de-textos-academicos-inscripciones-abiertas\/\" \/>\n<script type=\"application\/ld+json\" class=\"yoast-schema-graph\">{\"@context\":\"https:\\\/\\\/schema.org\",\"@graph\":[{\"@type\":\"Article\",\"@id\":\"https:\\\/\\\/www.ucaldas.edu.co\\\/portal\\\/diplomado-redaccion-de-textos-academicos-inscripciones-abiertas\\\/#article\",\"isPartOf\":{\"@id\":\"https:\\\/\\\/www.ucaldas.edu.co\\\/portal\\\/diplomado-redaccion-de-textos-academicos-inscripciones-abiertas\\\/\"},\"author\":{\"name\":\"ofiprensa\",\"@id\":\"https:\\\/\\\/www.ucaldas.edu.co\\\/portal\\\/#\\\/schema\\\/person\\\/a1b482e23449158b4bc319926c074fdf\"},\"headline\":\"Diplomado Redacci\u00f3n de textos Acad\u00e9micos &#8211; inscripciones abiertas\",\"datePublished\":\"2017-10-20T20:13:09+00:00\",\"mainEntityOfPage\":{\"@id\":\"https:\\\/\\\/www.ucaldas.edu.co\\\/portal\\\/diplomado-redaccion-de-textos-academicos-inscripciones-abiertas\\\/\"},\"wordCount\":150,\"publisher\":{\"@id\":\"https:\\\/\\\/www.ucaldas.edu.co\\\/portal\\\/#organization\"},\"keywords\":[\"academia\",\"Participe\",\"Inscripciones\",\"diplomado\",\"Redacci\u00f3n de textos Acad\u00e9micos\"],\"articleSection\":[\"Eventos\"],\"inLanguage\":\"es\"},{\"@type\":\"WebPage\",\"@id\":\"https:\\\/\\\/www.ucaldas.edu.co\\\/portal\\\/diplomado-redaccion-de-textos-academicos-inscripciones-abiertas\\\/\",\"url\":\"https:\\\/\\\/www.ucaldas.edu.co\\\/portal\\\/diplomado-redaccion-de-textos-academicos-inscripciones-abiertas\\\/\",\"name\":\"Diplomado Redacci\u00f3n de textos Acad\u00e9micos - inscripciones abiertas .\",\"isPartOf\":{\"@id\":\"https:\\\/\\\/www.ucaldas.edu.co\\\/portal\\\/#website\"},\"datePublished\":\"2017-10-20T20:13:09+00:00\",\"breadcrumb\":{\"@id\":\"https:\\\/\\\/www.ucaldas.edu.co\\\/portal\\\/diplomado-redaccion-de-textos-academicos-inscripciones-abiertas\\\/#breadcrumb\"},\"inLanguage\":\"es\",\"potentialAction\":[{\"@type\":\"ReadAction\",\"target\":[\"https:\\\/\\\/www.ucaldas.edu.co\\\/portal\\\/diplomado-redaccion-de-textos-academicos-inscripciones-abiertas\\\/\"]}]},{\"@type\":\"BreadcrumbList\",\"@id\":\"https:\\\/\\\/www.ucaldas.edu.co\\\/portal\\\/diplomado-redaccion-de-textos-academicos-inscripciones-abiertas\\\/#breadcrumb\",\"itemListElement\":[{\"@type\":\"ListItem\",\"position\":1,\"name\":\"Portada\",\"item\":\"https:\\\/\\\/www.ucaldas.edu.co\\\/portal\\\/\"},{\"@type\":\"ListItem\",\"position\":2,\"name\":\"Diplomado Redacci\u00f3n de textos Acad\u00e9micos &#8211; inscripciones abiertas\"}]},{\"@type\":\"WebSite\",\"@id\":\"https:\\\/\\\/www.ucaldas.edu.co\\\/portal\\\/#website\",\"url\":\"https:\\\/\\\/www.ucaldas.edu.co\\\/portal\\\/\",\"name\":\"Universidad de Caldas\",\"description\":\"\",\"publisher\":{\"@id\":\"https:\\\/\\\/www.ucaldas.edu.co\\\/portal\\\/#organization\"},\"alternateName\":\"U. de Caldas\",\"potentialAction\":[{\"@type\":\"SearchAction\",\"target\":{\"@type\":\"EntryPoint\",\"urlTemplate\":\"https:\\\/\\\/www.ucaldas.edu.co\\\/portal\\\/?s={search_term_string}\"},\"query-input\":{\"@type\":\"PropertyValueSpecification\",\"valueRequired\":true,\"valueName\":\"search_term_string\"}}],\"inLanguage\":\"es\"},{\"@type\":\"Organization\",\"@id\":\"https:\\\/\\\/www.ucaldas.edu.co\\\/portal\\\/#organization\",\"name\":\"Universidad de Caldas\",\"alternateName\":\"U. de Caldas\",\"url\":\"https:\\\/\\\/www.ucaldas.edu.co\\\/portal\\\/\",\"logo\":{\"@type\":\"ImageObject\",\"inLanguage\":\"es\",\"@id\":\"https:\\\/\\\/www.ucaldas.edu.co\\\/portal\\\/#\\\/schema\\\/logo\\\/image\\\/\",\"url\":\"https:\\\/\\\/www.ucaldas.edu.co\\\/portal\\\/wp-content\\\/uploads\\\/2023\\\/11\\\/Logo_horizontal_oscuroU-2023.png\",\"contentUrl\":\"https:\\\/\\\/www.ucaldas.edu.co\\\/portal\\\/wp-content\\\/uploads\\\/2023\\\/11\\\/Logo_horizontal_oscuroU-2023.png\",\"width\":263,\"height\":101,\"caption\":\"Universidad de Caldas\"},\"image\":{\"@id\":\"https:\\\/\\\/www.ucaldas.edu.co\\\/portal\\\/#\\\/schema\\\/logo\\\/image\\\/\"},\"sameAs\":[\"https:\\\/\\\/www.facebook.com\\\/udecaldas\",\"https:\\\/\\\/x.com\\\/udecaldas\",\"https:\\\/\\\/www.youtube.com\\\/universidadcaldas\",\"https:\\\/\\\/www.instagram.com\\\/udecaldas\\\/\"]},{\"@type\":\"Person\",\"@id\":\"https:\\\/\\\/www.ucaldas.edu.co\\\/portal\\\/#\\\/schema\\\/person\\\/a1b482e23449158b4bc319926c074fdf\",\"name\":\"ofiprensa\",\"image\":{\"@type\":\"ImageObject\",\"inLanguage\":\"es\",\"@id\":\"https:\\\/\\\/www.ucaldas.edu.co\\\/portal\\\/wp-content\\\/litespeed\\\/avatar\\\/09ea5085e600095a7a811142c6944527.jpg?ver=1777497608\",\"url\":\"https:\\\/\\\/www.ucaldas.edu.co\\\/portal\\\/wp-content\\\/litespeed\\\/avatar\\\/09ea5085e600095a7a811142c6944527.jpg?ver=1777497608\",\"contentUrl\":\"https:\\\/\\\/www.ucaldas.edu.co\\\/portal\\\/wp-content\\\/litespeed\\\/avatar\\\/09ea5085e600095a7a811142c6944527.jpg?ver=1777497608\",\"caption\":\"ofiprensa\"},\"url\":\"https:\\\/\\\/www.ucaldas.edu.co\\\/portal\\\/author\\\/ofiprensa\\\/\"}]}<\/script>\n<!-- \/ Yoast SEO plugin. -->","yoast_head_json":{"title":"Diplomado Redacci\u00f3n de textos Acad\u00e9micos - inscripciones abiertas .","robots":{"index":"index","follow":"follow","max-snippet":"max-snippet:-1","max-image-preview":"max-image-preview:large","max-video-preview":"max-video-preview:-1"},"canonical":"https:\/\/www.ucaldas.edu.co\/portal\/diplomado-redaccion-de-textos-academicos-inscripciones-abiertas\/","schema":{"@context":"https:\/\/schema.org","@graph":[{"@type":"Article","@id":"https:\/\/www.ucaldas.edu.co\/portal\/diplomado-redaccion-de-textos-academicos-inscripciones-abiertas\/#article","isPartOf":{"@id":"https:\/\/www.ucaldas.edu.co\/portal\/diplomado-redaccion-de-textos-academicos-inscripciones-abiertas\/"},"author":{"name":"ofiprensa","@id":"https:\/\/www.ucaldas.edu.co\/portal\/#\/schema\/person\/a1b482e23449158b4bc319926c074fdf"},"headline":"Diplomado Redacci\u00f3n de textos Acad\u00e9micos &#8211; inscripciones abiertas","datePublished":"2017-10-20T20:13:09+00:00","mainEntityOfPage":{"@id":"https:\/\/www.ucaldas.edu.co\/portal\/diplomado-redaccion-de-textos-academicos-inscripciones-abiertas\/"},"wordCount":150,"publisher":{"@id":"https:\/\/www.ucaldas.edu.co\/portal\/#organization"},"keywords":["academia","Participe","Inscripciones","diplomado","Redacci\u00f3n de textos Acad\u00e9micos"],"articleSection":["Eventos"],"inLanguage":"es"},{"@type":"WebPage","@id":"https:\/\/www.ucaldas.edu.co\/portal\/diplomado-redaccion-de-textos-academicos-inscripciones-abiertas\/","url":"https:\/\/www.ucaldas.edu.co\/portal\/diplomado-redaccion-de-textos-academicos-inscripciones-abiertas\/","name":"Diplomado Redacci\u00f3n de textos Acad\u00e9micos - inscripciones abiertas .","isPartOf":{"@id":"https:\/\/www.ucaldas.edu.co\/portal\/#website"},"datePublished":"2017-10-20T20:13:09+00:00","breadcrumb":{"@id":"https:\/\/www.ucaldas.edu.co\/portal\/diplomado-redaccion-de-textos-academicos-inscripciones-abiertas\/#breadcrumb"},"inLanguage":"es","potentialAction":[{"@type":"ReadAction","target":["https:\/\/www.ucaldas.edu.co\/portal\/diplomado-redaccion-de-textos-academicos-inscripciones-abiertas\/"]}]},{"@type":"BreadcrumbList","@id":"https:\/\/www.ucaldas.edu.co\/portal\/diplomado-redaccion-de-textos-academicos-inscripciones-abiertas\/#breadcrumb","itemListElement":[{"@type":"ListItem","position":1,"name":"Portada","item":"https:\/\/www.ucaldas.edu.co\/portal\/"},{"@type":"ListItem","position":2,"name":"Diplomado Redacci\u00f3n de textos Acad\u00e9micos &#8211; inscripciones abiertas"}]},{"@type":"WebSite","@id":"https:\/\/www.ucaldas.edu.co\/portal\/#website","url":"https:\/\/www.ucaldas.edu.co\/portal\/","name":"Universidad de Caldas","description":"","publisher":{"@id":"https:\/\/www.ucaldas.edu.co\/portal\/#organization"},"alternateName":"U. de Caldas","potentialAction":[{"@type":"SearchAction","target":{"@type":"EntryPoint","urlTemplate":"https:\/\/www.ucaldas.edu.co\/portal\/?s={search_term_string}"},"query-input":{"@type":"PropertyValueSpecification","valueRequired":true,"valueName":"search_term_string"}}],"inLanguage":"es"},{"@type":"Organization","@id":"https:\/\/www.ucaldas.edu.co\/portal\/#organization","name":"Universidad de Caldas","alternateName":"U. de Caldas","url":"https:\/\/www.ucaldas.edu.co\/portal\/","logo":{"@type":"ImageObject","inLanguage":"es","@id":"https:\/\/www.ucaldas.edu.co\/portal\/#\/schema\/logo\/image\/","url":"https:\/\/www.ucaldas.edu.co\/portal\/wp-content\/uploads\/2023\/11\/Logo_horizontal_oscuroU-2023.png","contentUrl":"https:\/\/www.ucaldas.edu.co\/portal\/wp-content\/uploads\/2023\/11\/Logo_horizontal_oscuroU-2023.png","width":263,"height":101,"caption":"Universidad de Caldas"},"image":{"@id":"https:\/\/www.ucaldas.edu.co\/portal\/#\/schema\/logo\/image\/"},"sameAs":["https:\/\/www.facebook.com\/udecaldas","https:\/\/x.com\/udecaldas","https:\/\/www.youtube.com\/universidadcaldas","https:\/\/www.instagram.com\/udecaldas\/"]},{"@type":"Person","@id":"https:\/\/www.ucaldas.edu.co\/portal\/#\/schema\/person\/a1b482e23449158b4bc319926c074fdf","name":"ofiprensa","image":{"@type":"ImageObject","inLanguage":"es","@id":"https:\/\/www.ucaldas.edu.co\/portal\/wp-content\/litespeed\/avatar\/09ea5085e600095a7a811142c6944527.jpg?ver=1777497608","url":"https:\/\/www.ucaldas.edu.co\/portal\/wp-content\/litespeed\/avatar\/09ea5085e600095a7a811142c6944527.jpg?ver=1777497608","contentUrl":"https:\/\/www.ucaldas.edu.co\/portal\/wp-content\/litespeed\/avatar\/09ea5085e600095a7a811142c6944527.jpg?ver=1777497608","caption":"ofiprensa"},"url":"https:\/\/www.ucaldas.edu.co\/portal\/author\/ofiprensa\/"}]}},"_links":{"self":[{"href":"https:\/\/www.ucaldas.edu.co\/portal\/wp-json\/wp\/v2\/posts\/38435","targetHints":{"allow":["GET"]}}],"collection":[{"href":"https:\/\/www.ucaldas.edu.co\/portal\/wp-json\/wp\/v2\/posts"}],"about":[{"href":"https:\/\/www.ucaldas.edu.co\/portal\/wp-json\/wp\/v2\/types\/post"}],"author":[{"embeddable":true,"href":"https:\/\/www.ucaldas.edu.co\/portal\/wp-json\/wp\/v2\/users\/2"}],"replies":[{"embeddable":true,"href":"https:\/\/www.ucaldas.edu.co\/portal\/wp-json\/wp\/v2\/comments?post=38435"}],"version-history":[{"count":0,"href":"https:\/\/www.ucaldas.edu.co\/portal\/wp-json\/wp\/v2\/posts\/38435\/revisions"}],"wp:attachment":[{"href":"https:\/\/www.ucaldas.edu.co\/portal\/wp-json\/wp\/v2\/media?parent=38435"}],"wp:term":[{"taxonomy":"category","embeddable":true,"href":"https:\/\/www.ucaldas.edu.co\/portal\/wp-json\/wp\/v2\/categories?post=38435"},{"taxonomy":"post_tag","embeddable":true,"href":"https:\/\/www.ucaldas.edu.co\/portal\/wp-json\/wp\/v2\/tags?post=38435"}],"curies":[{"name":"wp","href":"https:\/\/api.w.org\/{rel}","templated":true}]}}