{"id":38427,"date":"2017-10-20T19:57:45","date_gmt":"2017-10-20T19:57:45","guid":{"rendered":"https:\/\/www.ucaldas.edu.co\/portal\/?p=38427"},"modified":"2017-10-20T19:59:05","modified_gmt":"2017-10-20T19:59:05","slug":"estudiantes-u-de-caldas-en-guadalajara-mexico","status":"publish","type":"post","link":"https:\/\/www.ucaldas.edu.co\/portal\/estudiantes-u-de-caldas-en-guadalajara-mexico\/","title":{"rendered":"Estudiantes U. de Caldas expusieron sus carteles en Guadalajara (M\u00e9xico)"},"content":{"rendered":"<p style=\"text-align: center;\">DEL PROGRAMA DE DISE\u00d1O VISUAL<\/p>\n<p style=\"text-align: center;\"><strong>Estudiantes U. de Caldas expusieron sus carteles en Guadalajara (M\u00e9xico)<\/strong><\/p>\n<p style=\"text-align: right;\">20\/10\/2017<\/p>\n<p><strong><img loading=\"lazy\" decoding=\"async\" class=\"size-full wp-image-38428 aligncenter\" src=\"https:\/\/www.ucaldas.edu.co\/portal\/wp-content\/uploads\/2017\/10\/expodiseno-compressor.jpg\" alt=\"\" width=\"700\" height=\"401\" srcset=\"https:\/\/www.ucaldas.edu.co\/portal\/wp-content\/uploads\/2017\/10\/expodiseno-compressor.jpg 700w, https:\/\/www.ucaldas.edu.co\/portal\/wp-content\/uploads\/2017\/10\/expodiseno-compressor-300x172.jpg 300w\" sizes=\"auto, (max-width: 700px) 100vw, 700px\" \/>Estudiantes del Programa de Dise\u00f1o Visual de la Universidad de Caldas realizaron exposici\u00f3n de sus carteles sociales en Guadalajara (M\u00e9xico).<\/strong> Dichos carteles se enmarcan en la investigaci\u00f3n de tesis doctoral <em>Del signo a la interfaz fotogr\u00e1fica de creaci\u00f3n<\/em>, la cual realiza actualmente el doctorando Andr\u00e9s Uriel P\u00e9rez Vallejo en el Doctorado en Dise\u00f1o y Creaci\u00f3n de la Universidad.<\/p>\n<p><!--more--><\/p>\n<p>La exposici\u00f3n tuvo lugar el pasado 20 de septiembre del 2017 en el <strong>evento <em>Gr\u00e1fica universitaria. Instrumento de paz &amp; convivencia<\/em>,<\/strong> realizado por el programa de Licenciatura para la Comunicaci\u00f3n Gr\u00e1fica de la Benem\u00e9rita Universidad de Guadalajara.<\/p>\n<p>&nbsp;<\/p>\n<p>Esta <strong>producci\u00f3n de gr\u00e1fica universitaria se realiz\u00f3 a trav\u00e9s de las actividades desarrollas en el Laboratorio -Taller <em>El dise\u00f1o de fotograf\u00edas para la gr\u00e1fica social en Manizales,<\/em><\/strong> con los estudiantes de la asignatura del Laboratorio de Fotodise\u00f1o II del Programa de Dise\u00f1o Visual.<\/p>\n<p>&nbsp;<\/p>\n<p>As\u00ed mismo el <strong>doctorando Andr\u00e9s Uriel P\u00e9rez realiz\u00f3 en dicho evento el conversatorio titulado <em>El dise\u00f1o de fotograf\u00edas para la gr\u00e1fica social en el Eje Cafetero colombiano<\/em>.<\/strong> Estas actividades acad\u00e9micas son parte de la pasant\u00eda internacional que realiza actualmente en la Benem\u00e9rita Universidad de Guadalajara y la Universidad Aut\u00f3noma de Aguascalientes (M\u00e9xico).<\/p>\n<p><strong>\u00a0<\/strong><\/p>\n<p><strong>Docentes colaboradores:<\/strong><\/p>\n<p><strong>\u00a0<\/strong><\/p>\n<p>&#8211; Paula Andrea Correa (Docente asignatura Laboratorio de Fotodise\u00f1o II).<\/p>\n<p>&#8211; Claudia Jurado (Dir. Departamento de Dise\u00f1o Visual Universidad de Caldas).<\/p>\n<p>&#8211; Consuelo Henao (Docente jubilada\u00a0 Departamento de Trabajo Social).<\/p>\n<p>&#8211; Carlos Montoya (Docente Depto. de Medicina\/ Superafecto \/Red de Afecto Infantil).<\/p>\n<p>&#8211; Mauricio Cardona (Docente Comunicaci\u00f3n Social y Periodismo Universidad de Manizales).<\/p>\n<p>&nbsp;<\/p>\n<p><strong>Estudiantes Programa Dise\u00f1o Visual:<\/strong><\/p>\n<ul>\n<li>Danna Ximena Gonz\u00e1lez.<\/li>\n<li>Juan Camilo Guzm\u00e1n.<\/li>\n<li>Valentina Mej\u00eda.<\/li>\n<li>Santiago Franco.<\/li>\n<li>Andr\u00e9s Dom\u00ednguez.<\/li>\n<li>Sergio Vel\u00e1squez.<\/li>\n<li>Daniela Aguirre.<\/li>\n<li>Lina Marcela Vargas.<\/li>\n<li>Alejandro Restrepo.<\/li>\n<li>Angie Viviana Ram\u00edrez.<\/li>\n<li>Alejandro Valencia.<\/li>\n<li>Valeria Cardona.<\/li>\n<li>Mateo L\u00f3pez Pe\u00f1a.<\/li>\n<li>Juan Felipe Castro.<\/li>\n<li>Jefersson Jhair Chicangana.<\/li>\n<li>David Alejandro Villa.<\/li>\n<li>Huber Mart\u00ednez Gonz\u00e1les.<\/li>\n<li>Camila A. Osorio Herrera.<\/li>\n<li>Oscar Jair S\u00e1nchez Velasco.<\/li>\n<li>Juan V\u00e9lez.<\/li>\n<li>Andr\u00e9s Felipe Tabares.<\/li>\n<li>Laura A. Valencia.<\/li>\n<li>Pablo E. D\u00e1vila.<\/li>\n<li>Richarth A. Le\u00f3n.<\/li>\n<li>C\u00e9sar Mateo Gallego.<\/li>\n<li>Luis Miguel Herrera Orrego.<\/li>\n<\/ul>\n<p>&nbsp;<\/p>\n<p><a href=\"https:\/\/www.facebook.com\/media\/set\/?set=a.1579209122140947.1073745742.107054166023124&amp;type=1&amp;l=db49b450b5\">Conozca im\u00e1genes de la exposici\u00f3n de carteles de estudiantes U. de Caldas en Guadalajara (M\u00e9xico)<\/a><\/p>\n<p>&nbsp;<\/p>\n<p><strong>Informes:<\/strong>\u00a0Oficina de Comunicaciones y Prensa U. de Caldas, tel\u00e9fono 878 15 00 extensi\u00f3n 12 167.<\/p>\n<p><strong>Redacci\u00f3n:<\/strong> Margarita Laverde<\/p>\n<p>&nbsp;<\/p>\n","protected":false},"excerpt":{"rendered":"<p>DEL PROGRAMA DE DISE\u00d1O VISUAL Estudiantes U. de Caldas expusieron sus carteles en Guadalajara (M\u00e9xico) 20\/10\/2017 Estudiantes del Programa de Dise\u00f1o Visual de la Universidad de Caldas realizaron exposici\u00f3n de sus carteles sociales en Guadalajara (M\u00e9xico). Dichos carteles se enmarcan en la investigaci\u00f3n de tesis doctoral Del signo a la interfaz fotogr\u00e1fica de creaci\u00f3n, la [&hellip;]<\/p>\n","protected":false},"author":2,"featured_media":38428,"comment_status":"closed","ping_status":"open","sticky":false,"template":"","format":"standard","meta":{"footnotes":""},"categories":[614,48,53],"tags":[138,229,2427,66,73],"class_list":["post-38427","post","type-post","status-publish","format-standard","has-post-thumbnail","hentry","category-ucaldas-internacional","category-actualidad","category-universidad-al-dia","tag-mexico","tag-exposicion","tag-carteles","tag-fotografia","tag-proyeccion"],"yoast_head":"<!-- This site is optimized with the Yoast SEO plugin v27.5 - https:\/\/yoast.com\/product\/yoast-seo-wordpress\/ -->\n<title>Estudiantes U. de Caldas expusieron sus carteles en Guadalajara (M\u00e9xico) .<\/title>\n<meta name=\"robots\" content=\"index, follow, max-snippet:-1, max-image-preview:large, max-video-preview:-1\" \/>\n<link rel=\"canonical\" href=\"https:\/\/www.ucaldas.edu.co\/portal\/estudiantes-u-de-caldas-en-guadalajara-mexico\/\" \/>\n<script type=\"application\/ld+json\" class=\"yoast-schema-graph\">{\"@context\":\"https:\\\/\\\/schema.org\",\"@graph\":[{\"@type\":\"Article\",\"@id\":\"https:\\\/\\\/www.ucaldas.edu.co\\\/portal\\\/estudiantes-u-de-caldas-en-guadalajara-mexico\\\/#article\",\"isPartOf\":{\"@id\":\"https:\\\/\\\/www.ucaldas.edu.co\\\/portal\\\/estudiantes-u-de-caldas-en-guadalajara-mexico\\\/\"},\"author\":{\"name\":\"ofiprensa\",\"@id\":\"https:\\\/\\\/www.ucaldas.edu.co\\\/portal\\\/#\\\/schema\\\/person\\\/a1b482e23449158b4bc319926c074fdf\"},\"headline\":\"Estudiantes U. de Caldas expusieron sus carteles en Guadalajara (M\u00e9xico)\",\"datePublished\":\"2017-10-20T19:57:45+00:00\",\"dateModified\":\"2017-10-20T19:59:05+00:00\",\"mainEntityOfPage\":{\"@id\":\"https:\\\/\\\/www.ucaldas.edu.co\\\/portal\\\/estudiantes-u-de-caldas-en-guadalajara-mexico\\\/\"},\"wordCount\":442,\"publisher\":{\"@id\":\"https:\\\/\\\/www.ucaldas.edu.co\\\/portal\\\/#organization\"},\"image\":{\"@id\":\"https:\\\/\\\/www.ucaldas.edu.co\\\/portal\\\/estudiantes-u-de-caldas-en-guadalajara-mexico\\\/#primaryimage\"},\"thumbnailUrl\":\"https:\\\/\\\/www.ucaldas.edu.co\\\/portal\\\/wp-content\\\/uploads\\\/2017\\\/10\\\/expodiseno-compressor.jpg\",\"keywords\":[\"M\u00e9xico\",\"exposici\u00f3n\",\"carteles\",\"Fotograf\u00eda\",\"Proyecci\u00f3n\"],\"articleSection\":[\"Ucaldas Internacional\",\"Actualidad\",\"Universidad al D\u00eda\"],\"inLanguage\":\"es\"},{\"@type\":\"WebPage\",\"@id\":\"https:\\\/\\\/www.ucaldas.edu.co\\\/portal\\\/estudiantes-u-de-caldas-en-guadalajara-mexico\\\/\",\"url\":\"https:\\\/\\\/www.ucaldas.edu.co\\\/portal\\\/estudiantes-u-de-caldas-en-guadalajara-mexico\\\/\",\"name\":\"Estudiantes U. de Caldas expusieron sus carteles en Guadalajara (M\u00e9xico) .\",\"isPartOf\":{\"@id\":\"https:\\\/\\\/www.ucaldas.edu.co\\\/portal\\\/#website\"},\"primaryImageOfPage\":{\"@id\":\"https:\\\/\\\/www.ucaldas.edu.co\\\/portal\\\/estudiantes-u-de-caldas-en-guadalajara-mexico\\\/#primaryimage\"},\"image\":{\"@id\":\"https:\\\/\\\/www.ucaldas.edu.co\\\/portal\\\/estudiantes-u-de-caldas-en-guadalajara-mexico\\\/#primaryimage\"},\"thumbnailUrl\":\"https:\\\/\\\/www.ucaldas.edu.co\\\/portal\\\/wp-content\\\/uploads\\\/2017\\\/10\\\/expodiseno-compressor.jpg\",\"datePublished\":\"2017-10-20T19:57:45+00:00\",\"dateModified\":\"2017-10-20T19:59:05+00:00\",\"breadcrumb\":{\"@id\":\"https:\\\/\\\/www.ucaldas.edu.co\\\/portal\\\/estudiantes-u-de-caldas-en-guadalajara-mexico\\\/#breadcrumb\"},\"inLanguage\":\"es\",\"potentialAction\":[{\"@type\":\"ReadAction\",\"target\":[\"https:\\\/\\\/www.ucaldas.edu.co\\\/portal\\\/estudiantes-u-de-caldas-en-guadalajara-mexico\\\/\"]}]},{\"@type\":\"ImageObject\",\"inLanguage\":\"es\",\"@id\":\"https:\\\/\\\/www.ucaldas.edu.co\\\/portal\\\/estudiantes-u-de-caldas-en-guadalajara-mexico\\\/#primaryimage\",\"url\":\"https:\\\/\\\/www.ucaldas.edu.co\\\/portal\\\/wp-content\\\/uploads\\\/2017\\\/10\\\/expodiseno-compressor.jpg\",\"contentUrl\":\"https:\\\/\\\/www.ucaldas.edu.co\\\/portal\\\/wp-content\\\/uploads\\\/2017\\\/10\\\/expodiseno-compressor.jpg\",\"width\":700,\"height\":401},{\"@type\":\"BreadcrumbList\",\"@id\":\"https:\\\/\\\/www.ucaldas.edu.co\\\/portal\\\/estudiantes-u-de-caldas-en-guadalajara-mexico\\\/#breadcrumb\",\"itemListElement\":[{\"@type\":\"ListItem\",\"position\":1,\"name\":\"Portada\",\"item\":\"https:\\\/\\\/www.ucaldas.edu.co\\\/portal\\\/\"},{\"@type\":\"ListItem\",\"position\":2,\"name\":\"Estudiantes U. de Caldas expusieron sus carteles en Guadalajara (M\u00e9xico)\"}]},{\"@type\":\"WebSite\",\"@id\":\"https:\\\/\\\/www.ucaldas.edu.co\\\/portal\\\/#website\",\"url\":\"https:\\\/\\\/www.ucaldas.edu.co\\\/portal\\\/\",\"name\":\"Universidad de Caldas\",\"description\":\"\",\"publisher\":{\"@id\":\"https:\\\/\\\/www.ucaldas.edu.co\\\/portal\\\/#organization\"},\"alternateName\":\"U. de Caldas\",\"potentialAction\":[{\"@type\":\"SearchAction\",\"target\":{\"@type\":\"EntryPoint\",\"urlTemplate\":\"https:\\\/\\\/www.ucaldas.edu.co\\\/portal\\\/?s={search_term_string}\"},\"query-input\":{\"@type\":\"PropertyValueSpecification\",\"valueRequired\":true,\"valueName\":\"search_term_string\"}}],\"inLanguage\":\"es\"},{\"@type\":\"Organization\",\"@id\":\"https:\\\/\\\/www.ucaldas.edu.co\\\/portal\\\/#organization\",\"name\":\"Universidad de Caldas\",\"alternateName\":\"U. de Caldas\",\"url\":\"https:\\\/\\\/www.ucaldas.edu.co\\\/portal\\\/\",\"logo\":{\"@type\":\"ImageObject\",\"inLanguage\":\"es\",\"@id\":\"https:\\\/\\\/www.ucaldas.edu.co\\\/portal\\\/#\\\/schema\\\/logo\\\/image\\\/\",\"url\":\"https:\\\/\\\/www.ucaldas.edu.co\\\/portal\\\/wp-content\\\/uploads\\\/2023\\\/11\\\/Logo_horizontal_oscuroU-2023.png\",\"contentUrl\":\"https:\\\/\\\/www.ucaldas.edu.co\\\/portal\\\/wp-content\\\/uploads\\\/2023\\\/11\\\/Logo_horizontal_oscuroU-2023.png\",\"width\":263,\"height\":101,\"caption\":\"Universidad de Caldas\"},\"image\":{\"@id\":\"https:\\\/\\\/www.ucaldas.edu.co\\\/portal\\\/#\\\/schema\\\/logo\\\/image\\\/\"},\"sameAs\":[\"https:\\\/\\\/www.facebook.com\\\/udecaldas\",\"https:\\\/\\\/x.com\\\/udecaldas\",\"https:\\\/\\\/www.youtube.com\\\/universidadcaldas\",\"https:\\\/\\\/www.instagram.com\\\/udecaldas\\\/\"]},{\"@type\":\"Person\",\"@id\":\"https:\\\/\\\/www.ucaldas.edu.co\\\/portal\\\/#\\\/schema\\\/person\\\/a1b482e23449158b4bc319926c074fdf\",\"name\":\"ofiprensa\",\"image\":{\"@type\":\"ImageObject\",\"inLanguage\":\"es\",\"@id\":\"https:\\\/\\\/www.ucaldas.edu.co\\\/portal\\\/wp-content\\\/litespeed\\\/avatar\\\/09ea5085e600095a7a811142c6944527.jpg?ver=1777497608\",\"url\":\"https:\\\/\\\/www.ucaldas.edu.co\\\/portal\\\/wp-content\\\/litespeed\\\/avatar\\\/09ea5085e600095a7a811142c6944527.jpg?ver=1777497608\",\"contentUrl\":\"https:\\\/\\\/www.ucaldas.edu.co\\\/portal\\\/wp-content\\\/litespeed\\\/avatar\\\/09ea5085e600095a7a811142c6944527.jpg?ver=1777497608\",\"caption\":\"ofiprensa\"},\"url\":\"https:\\\/\\\/www.ucaldas.edu.co\\\/portal\\\/author\\\/ofiprensa\\\/\"}]}<\/script>\n<!-- \/ Yoast SEO plugin. -->","yoast_head_json":{"title":"Estudiantes U. de Caldas expusieron sus carteles en Guadalajara (M\u00e9xico) .","robots":{"index":"index","follow":"follow","max-snippet":"max-snippet:-1","max-image-preview":"max-image-preview:large","max-video-preview":"max-video-preview:-1"},"canonical":"https:\/\/www.ucaldas.edu.co\/portal\/estudiantes-u-de-caldas-en-guadalajara-mexico\/","schema":{"@context":"https:\/\/schema.org","@graph":[{"@type":"Article","@id":"https:\/\/www.ucaldas.edu.co\/portal\/estudiantes-u-de-caldas-en-guadalajara-mexico\/#article","isPartOf":{"@id":"https:\/\/www.ucaldas.edu.co\/portal\/estudiantes-u-de-caldas-en-guadalajara-mexico\/"},"author":{"name":"ofiprensa","@id":"https:\/\/www.ucaldas.edu.co\/portal\/#\/schema\/person\/a1b482e23449158b4bc319926c074fdf"},"headline":"Estudiantes U. de Caldas expusieron sus carteles en Guadalajara (M\u00e9xico)","datePublished":"2017-10-20T19:57:45+00:00","dateModified":"2017-10-20T19:59:05+00:00","mainEntityOfPage":{"@id":"https:\/\/www.ucaldas.edu.co\/portal\/estudiantes-u-de-caldas-en-guadalajara-mexico\/"},"wordCount":442,"publisher":{"@id":"https:\/\/www.ucaldas.edu.co\/portal\/#organization"},"image":{"@id":"https:\/\/www.ucaldas.edu.co\/portal\/estudiantes-u-de-caldas-en-guadalajara-mexico\/#primaryimage"},"thumbnailUrl":"https:\/\/www.ucaldas.edu.co\/portal\/wp-content\/uploads\/2017\/10\/expodiseno-compressor.jpg","keywords":["M\u00e9xico","exposici\u00f3n","carteles","Fotograf\u00eda","Proyecci\u00f3n"],"articleSection":["Ucaldas Internacional","Actualidad","Universidad al D\u00eda"],"inLanguage":"es"},{"@type":"WebPage","@id":"https:\/\/www.ucaldas.edu.co\/portal\/estudiantes-u-de-caldas-en-guadalajara-mexico\/","url":"https:\/\/www.ucaldas.edu.co\/portal\/estudiantes-u-de-caldas-en-guadalajara-mexico\/","name":"Estudiantes U. de Caldas expusieron sus carteles en Guadalajara (M\u00e9xico) .","isPartOf":{"@id":"https:\/\/www.ucaldas.edu.co\/portal\/#website"},"primaryImageOfPage":{"@id":"https:\/\/www.ucaldas.edu.co\/portal\/estudiantes-u-de-caldas-en-guadalajara-mexico\/#primaryimage"},"image":{"@id":"https:\/\/www.ucaldas.edu.co\/portal\/estudiantes-u-de-caldas-en-guadalajara-mexico\/#primaryimage"},"thumbnailUrl":"https:\/\/www.ucaldas.edu.co\/portal\/wp-content\/uploads\/2017\/10\/expodiseno-compressor.jpg","datePublished":"2017-10-20T19:57:45+00:00","dateModified":"2017-10-20T19:59:05+00:00","breadcrumb":{"@id":"https:\/\/www.ucaldas.edu.co\/portal\/estudiantes-u-de-caldas-en-guadalajara-mexico\/#breadcrumb"},"inLanguage":"es","potentialAction":[{"@type":"ReadAction","target":["https:\/\/www.ucaldas.edu.co\/portal\/estudiantes-u-de-caldas-en-guadalajara-mexico\/"]}]},{"@type":"ImageObject","inLanguage":"es","@id":"https:\/\/www.ucaldas.edu.co\/portal\/estudiantes-u-de-caldas-en-guadalajara-mexico\/#primaryimage","url":"https:\/\/www.ucaldas.edu.co\/portal\/wp-content\/uploads\/2017\/10\/expodiseno-compressor.jpg","contentUrl":"https:\/\/www.ucaldas.edu.co\/portal\/wp-content\/uploads\/2017\/10\/expodiseno-compressor.jpg","width":700,"height":401},{"@type":"BreadcrumbList","@id":"https:\/\/www.ucaldas.edu.co\/portal\/estudiantes-u-de-caldas-en-guadalajara-mexico\/#breadcrumb","itemListElement":[{"@type":"ListItem","position":1,"name":"Portada","item":"https:\/\/www.ucaldas.edu.co\/portal\/"},{"@type":"ListItem","position":2,"name":"Estudiantes U. de Caldas expusieron sus carteles en Guadalajara (M\u00e9xico)"}]},{"@type":"WebSite","@id":"https:\/\/www.ucaldas.edu.co\/portal\/#website","url":"https:\/\/www.ucaldas.edu.co\/portal\/","name":"Universidad de Caldas","description":"","publisher":{"@id":"https:\/\/www.ucaldas.edu.co\/portal\/#organization"},"alternateName":"U. de Caldas","potentialAction":[{"@type":"SearchAction","target":{"@type":"EntryPoint","urlTemplate":"https:\/\/www.ucaldas.edu.co\/portal\/?s={search_term_string}"},"query-input":{"@type":"PropertyValueSpecification","valueRequired":true,"valueName":"search_term_string"}}],"inLanguage":"es"},{"@type":"Organization","@id":"https:\/\/www.ucaldas.edu.co\/portal\/#organization","name":"Universidad de Caldas","alternateName":"U. de Caldas","url":"https:\/\/www.ucaldas.edu.co\/portal\/","logo":{"@type":"ImageObject","inLanguage":"es","@id":"https:\/\/www.ucaldas.edu.co\/portal\/#\/schema\/logo\/image\/","url":"https:\/\/www.ucaldas.edu.co\/portal\/wp-content\/uploads\/2023\/11\/Logo_horizontal_oscuroU-2023.png","contentUrl":"https:\/\/www.ucaldas.edu.co\/portal\/wp-content\/uploads\/2023\/11\/Logo_horizontal_oscuroU-2023.png","width":263,"height":101,"caption":"Universidad de Caldas"},"image":{"@id":"https:\/\/www.ucaldas.edu.co\/portal\/#\/schema\/logo\/image\/"},"sameAs":["https:\/\/www.facebook.com\/udecaldas","https:\/\/x.com\/udecaldas","https:\/\/www.youtube.com\/universidadcaldas","https:\/\/www.instagram.com\/udecaldas\/"]},{"@type":"Person","@id":"https:\/\/www.ucaldas.edu.co\/portal\/#\/schema\/person\/a1b482e23449158b4bc319926c074fdf","name":"ofiprensa","image":{"@type":"ImageObject","inLanguage":"es","@id":"https:\/\/www.ucaldas.edu.co\/portal\/wp-content\/litespeed\/avatar\/09ea5085e600095a7a811142c6944527.jpg?ver=1777497608","url":"https:\/\/www.ucaldas.edu.co\/portal\/wp-content\/litespeed\/avatar\/09ea5085e600095a7a811142c6944527.jpg?ver=1777497608","contentUrl":"https:\/\/www.ucaldas.edu.co\/portal\/wp-content\/litespeed\/avatar\/09ea5085e600095a7a811142c6944527.jpg?ver=1777497608","caption":"ofiprensa"},"url":"https:\/\/www.ucaldas.edu.co\/portal\/author\/ofiprensa\/"}]}},"_links":{"self":[{"href":"https:\/\/www.ucaldas.edu.co\/portal\/wp-json\/wp\/v2\/posts\/38427","targetHints":{"allow":["GET"]}}],"collection":[{"href":"https:\/\/www.ucaldas.edu.co\/portal\/wp-json\/wp\/v2\/posts"}],"about":[{"href":"https:\/\/www.ucaldas.edu.co\/portal\/wp-json\/wp\/v2\/types\/post"}],"author":[{"embeddable":true,"href":"https:\/\/www.ucaldas.edu.co\/portal\/wp-json\/wp\/v2\/users\/2"}],"replies":[{"embeddable":true,"href":"https:\/\/www.ucaldas.edu.co\/portal\/wp-json\/wp\/v2\/comments?post=38427"}],"version-history":[{"count":0,"href":"https:\/\/www.ucaldas.edu.co\/portal\/wp-json\/wp\/v2\/posts\/38427\/revisions"}],"wp:featuredmedia":[{"embeddable":true,"href":"https:\/\/www.ucaldas.edu.co\/portal\/wp-json\/wp\/v2\/media\/38428"}],"wp:attachment":[{"href":"https:\/\/www.ucaldas.edu.co\/portal\/wp-json\/wp\/v2\/media?parent=38427"}],"wp:term":[{"taxonomy":"category","embeddable":true,"href":"https:\/\/www.ucaldas.edu.co\/portal\/wp-json\/wp\/v2\/categories?post=38427"},{"taxonomy":"post_tag","embeddable":true,"href":"https:\/\/www.ucaldas.edu.co\/portal\/wp-json\/wp\/v2\/tags?post=38427"}],"curies":[{"name":"wp","href":"https:\/\/api.w.org\/{rel}","templated":true}]}}