{"id":38421,"date":"2017-10-20T15:30:12","date_gmt":"2017-10-20T15:30:12","guid":{"rendered":"https:\/\/www.ucaldas.edu.co\/portal\/?p=38421"},"modified":"2017-10-20T15:30:12","modified_gmt":"2017-10-20T15:30:12","slug":"campus-france-presento-en-la-u-de-caldas-sus-ofertas-de-estudio","status":"publish","type":"post","link":"https:\/\/www.ucaldas.edu.co\/portal\/campus-france-presento-en-la-u-de-caldas-sus-ofertas-de-estudio\/","title":{"rendered":"Campus France present\u00f3 en la U. de Caldas sus ofertas de estudio"},"content":{"rendered":"<p style=\"text-align: center;\">PIERRE- MARIE BIOTTEAU, DIRECTOR DE CAMPUS FRANCE, VISIT\u00d3 LA INSTITUCI\u00d3N CALDENSE<\/p>\n<p style=\"text-align: center;\"><strong>Campus France present\u00f3 en la U. de Caldas sus ofertas de estudio <\/strong><\/p>\n<p style=\"text-align: right;\">20\/10\/2017<\/p>\n<p><img loading=\"lazy\" decoding=\"async\" class=\"size-full wp-image-38422 aligncenter\" src=\"https:\/\/www.ucaldas.edu.co\/portal\/wp-content\/uploads\/2017\/10\/campusfrance-compressor.jpg\" alt=\"\" width=\"700\" height=\"400\" srcset=\"https:\/\/www.ucaldas.edu.co\/portal\/wp-content\/uploads\/2017\/10\/campusfrance-compressor.jpg 700w, https:\/\/www.ucaldas.edu.co\/portal\/wp-content\/uploads\/2017\/10\/campusfrance-compressor-300x171.jpg 300w\" sizes=\"auto, (max-width: 700px) 100vw, 700px\" \/>Pierre- Marie Biotteau<strong>, Director de Campus France, visit\u00f3 la Universidad de Caldas <\/strong>el pasado 18 de octubre del 2017, <strong>para orientar la conferencia sobre estudios en Francia,<\/strong> una invitaci\u00f3n de la Oficina de Internacionalizaci\u00f3n de la Instituci\u00f3n caldense.<\/p>\n<p><!--more--><\/p>\n<p>\u201cSomos la agencia gubernamental francesa, que se encarga de la promoci\u00f3n de estudios en Francia. Visitamos la capital caldense para compartir estas oportunidades en estudios universitarios, como cursos de franc\u00e9s. <strong>No es complicado aplicar a estas opciones, aunque s\u00ed es vital la formaci\u00f3n en nuestro idioma<\/strong>\u201d, dijo.<\/p>\n<p>&nbsp;<\/p>\n<p>El invitado explic\u00f3 que gracias al acuerdo de reconocimiento mutuo entre Francia y Colombia es muy f\u00e1cil aplicar a dichas ofertas. \u201c<strong>En el 2016 tuvimos en Francia 3 mil 750 estudiantes colombianos, de los cuales m\u00e1s de 2 mil 100 eran nuevos, lo que significa que muchos decidieron quedarse en Francia para finalizar su proyecto educativo<\/strong>. Adem\u00e1s, ofrecemos oportunidades labores, luego de los estudios\u201d, agreg\u00f3.<\/p>\n<p>&nbsp;<\/p>\n<p>Conozca m\u00e1s detalles de Campus France en www.colombia.campusfrance.org<\/p>\n<p>&nbsp;<\/p>\n<p><a href=\"https:\/\/www.facebook.com\/media\/set\/?set=a.1577186572343202.1073745736.107054166023124&amp;type=1&amp;l=f9ba20f875\">Conozca im\u00e1genes de la Conferencia sobre estudios en Francia<\/a><\/p>\n<p>&nbsp;<\/p>\n<p><strong>Informes:<\/strong>\u00a0Oficina de Comunicaciones y Prensa U. de Caldas, tel\u00e9fono 878 15 00 extensi\u00f3n 12 167.<\/p>\n<p><strong>Redacci\u00f3n:<\/strong> Margarita Laverde<\/p>\n<p>&nbsp;<\/p>\n","protected":false},"excerpt":{"rendered":"<p>PIERRE- MARIE BIOTTEAU, DIRECTOR DE CAMPUS FRANCE, VISIT\u00d3 LA INSTITUCI\u00d3N CALDENSE Campus France present\u00f3 en la U. de Caldas sus ofertas de estudio 20\/10\/2017 Pierre- Marie Biotteau, Director de Campus France, visit\u00f3 la Universidad de Caldas el pasado 18 de octubre del 2017, para orientar la conferencia sobre estudios en Francia, una invitaci\u00f3n de la [&hellip;]<\/p>\n","protected":false},"author":2,"featured_media":38422,"comment_status":"closed","ping_status":"open","sticky":false,"template":"","format":"standard","meta":{"footnotes":""},"categories":[48,53,614],"tags":[55,68,125,2424],"class_list":["post-38421","post","type-post","status-publish","format-standard","has-post-thumbnail","hentry","category-actualidad","category-universidad-al-dia","category-ucaldas-internacional","tag-academia","tag-invitado","tag-conferencia","tag-inteligencia-colectiva"],"yoast_head":"<!-- This site is optimized with the Yoast SEO plugin v27.5 - https:\/\/yoast.com\/product\/yoast-seo-wordpress\/ -->\n<title>Campus France present\u00f3 en la U. de Caldas sus ofertas de estudio .<\/title>\n<meta name=\"robots\" content=\"index, follow, max-snippet:-1, max-image-preview:large, max-video-preview:-1\" \/>\n<link rel=\"canonical\" href=\"https:\/\/www.ucaldas.edu.co\/portal\/campus-france-presento-en-la-u-de-caldas-sus-ofertas-de-estudio\/\" \/>\n<script type=\"application\/ld+json\" class=\"yoast-schema-graph\">{\"@context\":\"https:\\\/\\\/schema.org\",\"@graph\":[{\"@type\":\"Article\",\"@id\":\"https:\\\/\\\/www.ucaldas.edu.co\\\/portal\\\/campus-france-presento-en-la-u-de-caldas-sus-ofertas-de-estudio\\\/#article\",\"isPartOf\":{\"@id\":\"https:\\\/\\\/www.ucaldas.edu.co\\\/portal\\\/campus-france-presento-en-la-u-de-caldas-sus-ofertas-de-estudio\\\/\"},\"author\":{\"name\":\"ofiprensa\",\"@id\":\"https:\\\/\\\/www.ucaldas.edu.co\\\/portal\\\/#\\\/schema\\\/person\\\/a1b482e23449158b4bc319926c074fdf\"},\"headline\":\"Campus France present\u00f3 en la U. de Caldas sus ofertas de estudio\",\"datePublished\":\"2017-10-20T15:30:12+00:00\",\"mainEntityOfPage\":{\"@id\":\"https:\\\/\\\/www.ucaldas.edu.co\\\/portal\\\/campus-france-presento-en-la-u-de-caldas-sus-ofertas-de-estudio\\\/\"},\"wordCount\":232,\"publisher\":{\"@id\":\"https:\\\/\\\/www.ucaldas.edu.co\\\/portal\\\/#organization\"},\"image\":{\"@id\":\"https:\\\/\\\/www.ucaldas.edu.co\\\/portal\\\/campus-france-presento-en-la-u-de-caldas-sus-ofertas-de-estudio\\\/#primaryimage\"},\"thumbnailUrl\":\"https:\\\/\\\/www.ucaldas.edu.co\\\/portal\\\/wp-content\\\/uploads\\\/2017\\\/10\\\/campusfrance-compressor.jpg\",\"keywords\":[\"academia\",\"invitado\",\"conferencia\",\"inteligencia colectiva\"],\"articleSection\":[\"Actualidad\",\"Universidad al D\u00eda\",\"Ucaldas Internacional\"],\"inLanguage\":\"es\"},{\"@type\":\"WebPage\",\"@id\":\"https:\\\/\\\/www.ucaldas.edu.co\\\/portal\\\/campus-france-presento-en-la-u-de-caldas-sus-ofertas-de-estudio\\\/\",\"url\":\"https:\\\/\\\/www.ucaldas.edu.co\\\/portal\\\/campus-france-presento-en-la-u-de-caldas-sus-ofertas-de-estudio\\\/\",\"name\":\"Campus France present\u00f3 en la U. de Caldas sus ofertas de estudio .\",\"isPartOf\":{\"@id\":\"https:\\\/\\\/www.ucaldas.edu.co\\\/portal\\\/#website\"},\"primaryImageOfPage\":{\"@id\":\"https:\\\/\\\/www.ucaldas.edu.co\\\/portal\\\/campus-france-presento-en-la-u-de-caldas-sus-ofertas-de-estudio\\\/#primaryimage\"},\"image\":{\"@id\":\"https:\\\/\\\/www.ucaldas.edu.co\\\/portal\\\/campus-france-presento-en-la-u-de-caldas-sus-ofertas-de-estudio\\\/#primaryimage\"},\"thumbnailUrl\":\"https:\\\/\\\/www.ucaldas.edu.co\\\/portal\\\/wp-content\\\/uploads\\\/2017\\\/10\\\/campusfrance-compressor.jpg\",\"datePublished\":\"2017-10-20T15:30:12+00:00\",\"breadcrumb\":{\"@id\":\"https:\\\/\\\/www.ucaldas.edu.co\\\/portal\\\/campus-france-presento-en-la-u-de-caldas-sus-ofertas-de-estudio\\\/#breadcrumb\"},\"inLanguage\":\"es\",\"potentialAction\":[{\"@type\":\"ReadAction\",\"target\":[\"https:\\\/\\\/www.ucaldas.edu.co\\\/portal\\\/campus-france-presento-en-la-u-de-caldas-sus-ofertas-de-estudio\\\/\"]}]},{\"@type\":\"ImageObject\",\"inLanguage\":\"es\",\"@id\":\"https:\\\/\\\/www.ucaldas.edu.co\\\/portal\\\/campus-france-presento-en-la-u-de-caldas-sus-ofertas-de-estudio\\\/#primaryimage\",\"url\":\"https:\\\/\\\/www.ucaldas.edu.co\\\/portal\\\/wp-content\\\/uploads\\\/2017\\\/10\\\/campusfrance-compressor.jpg\",\"contentUrl\":\"https:\\\/\\\/www.ucaldas.edu.co\\\/portal\\\/wp-content\\\/uploads\\\/2017\\\/10\\\/campusfrance-compressor.jpg\",\"width\":700,\"height\":400},{\"@type\":\"BreadcrumbList\",\"@id\":\"https:\\\/\\\/www.ucaldas.edu.co\\\/portal\\\/campus-france-presento-en-la-u-de-caldas-sus-ofertas-de-estudio\\\/#breadcrumb\",\"itemListElement\":[{\"@type\":\"ListItem\",\"position\":1,\"name\":\"Portada\",\"item\":\"https:\\\/\\\/www.ucaldas.edu.co\\\/portal\\\/\"},{\"@type\":\"ListItem\",\"position\":2,\"name\":\"Campus France present\u00f3 en la U. de Caldas sus ofertas de estudio\"}]},{\"@type\":\"WebSite\",\"@id\":\"https:\\\/\\\/www.ucaldas.edu.co\\\/portal\\\/#website\",\"url\":\"https:\\\/\\\/www.ucaldas.edu.co\\\/portal\\\/\",\"name\":\"Universidad de Caldas\",\"description\":\"\",\"publisher\":{\"@id\":\"https:\\\/\\\/www.ucaldas.edu.co\\\/portal\\\/#organization\"},\"alternateName\":\"U. de Caldas\",\"potentialAction\":[{\"@type\":\"SearchAction\",\"target\":{\"@type\":\"EntryPoint\",\"urlTemplate\":\"https:\\\/\\\/www.ucaldas.edu.co\\\/portal\\\/?s={search_term_string}\"},\"query-input\":{\"@type\":\"PropertyValueSpecification\",\"valueRequired\":true,\"valueName\":\"search_term_string\"}}],\"inLanguage\":\"es\"},{\"@type\":\"Organization\",\"@id\":\"https:\\\/\\\/www.ucaldas.edu.co\\\/portal\\\/#organization\",\"name\":\"Universidad de Caldas\",\"alternateName\":\"U. de Caldas\",\"url\":\"https:\\\/\\\/www.ucaldas.edu.co\\\/portal\\\/\",\"logo\":{\"@type\":\"ImageObject\",\"inLanguage\":\"es\",\"@id\":\"https:\\\/\\\/www.ucaldas.edu.co\\\/portal\\\/#\\\/schema\\\/logo\\\/image\\\/\",\"url\":\"https:\\\/\\\/www.ucaldas.edu.co\\\/portal\\\/wp-content\\\/uploads\\\/2023\\\/11\\\/Logo_horizontal_oscuroU-2023.png\",\"contentUrl\":\"https:\\\/\\\/www.ucaldas.edu.co\\\/portal\\\/wp-content\\\/uploads\\\/2023\\\/11\\\/Logo_horizontal_oscuroU-2023.png\",\"width\":263,\"height\":101,\"caption\":\"Universidad de Caldas\"},\"image\":{\"@id\":\"https:\\\/\\\/www.ucaldas.edu.co\\\/portal\\\/#\\\/schema\\\/logo\\\/image\\\/\"},\"sameAs\":[\"https:\\\/\\\/www.facebook.com\\\/udecaldas\",\"https:\\\/\\\/x.com\\\/udecaldas\",\"https:\\\/\\\/www.youtube.com\\\/universidadcaldas\",\"https:\\\/\\\/www.instagram.com\\\/udecaldas\\\/\"]},{\"@type\":\"Person\",\"@id\":\"https:\\\/\\\/www.ucaldas.edu.co\\\/portal\\\/#\\\/schema\\\/person\\\/a1b482e23449158b4bc319926c074fdf\",\"name\":\"ofiprensa\",\"image\":{\"@type\":\"ImageObject\",\"inLanguage\":\"es\",\"@id\":\"https:\\\/\\\/www.ucaldas.edu.co\\\/portal\\\/wp-content\\\/litespeed\\\/avatar\\\/09ea5085e600095a7a811142c6944527.jpg?ver=1777497608\",\"url\":\"https:\\\/\\\/www.ucaldas.edu.co\\\/portal\\\/wp-content\\\/litespeed\\\/avatar\\\/09ea5085e600095a7a811142c6944527.jpg?ver=1777497608\",\"contentUrl\":\"https:\\\/\\\/www.ucaldas.edu.co\\\/portal\\\/wp-content\\\/litespeed\\\/avatar\\\/09ea5085e600095a7a811142c6944527.jpg?ver=1777497608\",\"caption\":\"ofiprensa\"},\"url\":\"https:\\\/\\\/www.ucaldas.edu.co\\\/portal\\\/author\\\/ofiprensa\\\/\"}]}<\/script>\n<!-- \/ Yoast SEO plugin. -->","yoast_head_json":{"title":"Campus France present\u00f3 en la U. de Caldas sus ofertas de estudio .","robots":{"index":"index","follow":"follow","max-snippet":"max-snippet:-1","max-image-preview":"max-image-preview:large","max-video-preview":"max-video-preview:-1"},"canonical":"https:\/\/www.ucaldas.edu.co\/portal\/campus-france-presento-en-la-u-de-caldas-sus-ofertas-de-estudio\/","schema":{"@context":"https:\/\/schema.org","@graph":[{"@type":"Article","@id":"https:\/\/www.ucaldas.edu.co\/portal\/campus-france-presento-en-la-u-de-caldas-sus-ofertas-de-estudio\/#article","isPartOf":{"@id":"https:\/\/www.ucaldas.edu.co\/portal\/campus-france-presento-en-la-u-de-caldas-sus-ofertas-de-estudio\/"},"author":{"name":"ofiprensa","@id":"https:\/\/www.ucaldas.edu.co\/portal\/#\/schema\/person\/a1b482e23449158b4bc319926c074fdf"},"headline":"Campus France present\u00f3 en la U. de Caldas sus ofertas de estudio","datePublished":"2017-10-20T15:30:12+00:00","mainEntityOfPage":{"@id":"https:\/\/www.ucaldas.edu.co\/portal\/campus-france-presento-en-la-u-de-caldas-sus-ofertas-de-estudio\/"},"wordCount":232,"publisher":{"@id":"https:\/\/www.ucaldas.edu.co\/portal\/#organization"},"image":{"@id":"https:\/\/www.ucaldas.edu.co\/portal\/campus-france-presento-en-la-u-de-caldas-sus-ofertas-de-estudio\/#primaryimage"},"thumbnailUrl":"https:\/\/www.ucaldas.edu.co\/portal\/wp-content\/uploads\/2017\/10\/campusfrance-compressor.jpg","keywords":["academia","invitado","conferencia","inteligencia colectiva"],"articleSection":["Actualidad","Universidad al D\u00eda","Ucaldas Internacional"],"inLanguage":"es"},{"@type":"WebPage","@id":"https:\/\/www.ucaldas.edu.co\/portal\/campus-france-presento-en-la-u-de-caldas-sus-ofertas-de-estudio\/","url":"https:\/\/www.ucaldas.edu.co\/portal\/campus-france-presento-en-la-u-de-caldas-sus-ofertas-de-estudio\/","name":"Campus France present\u00f3 en la U. de Caldas sus ofertas de estudio .","isPartOf":{"@id":"https:\/\/www.ucaldas.edu.co\/portal\/#website"},"primaryImageOfPage":{"@id":"https:\/\/www.ucaldas.edu.co\/portal\/campus-france-presento-en-la-u-de-caldas-sus-ofertas-de-estudio\/#primaryimage"},"image":{"@id":"https:\/\/www.ucaldas.edu.co\/portal\/campus-france-presento-en-la-u-de-caldas-sus-ofertas-de-estudio\/#primaryimage"},"thumbnailUrl":"https:\/\/www.ucaldas.edu.co\/portal\/wp-content\/uploads\/2017\/10\/campusfrance-compressor.jpg","datePublished":"2017-10-20T15:30:12+00:00","breadcrumb":{"@id":"https:\/\/www.ucaldas.edu.co\/portal\/campus-france-presento-en-la-u-de-caldas-sus-ofertas-de-estudio\/#breadcrumb"},"inLanguage":"es","potentialAction":[{"@type":"ReadAction","target":["https:\/\/www.ucaldas.edu.co\/portal\/campus-france-presento-en-la-u-de-caldas-sus-ofertas-de-estudio\/"]}]},{"@type":"ImageObject","inLanguage":"es","@id":"https:\/\/www.ucaldas.edu.co\/portal\/campus-france-presento-en-la-u-de-caldas-sus-ofertas-de-estudio\/#primaryimage","url":"https:\/\/www.ucaldas.edu.co\/portal\/wp-content\/uploads\/2017\/10\/campusfrance-compressor.jpg","contentUrl":"https:\/\/www.ucaldas.edu.co\/portal\/wp-content\/uploads\/2017\/10\/campusfrance-compressor.jpg","width":700,"height":400},{"@type":"BreadcrumbList","@id":"https:\/\/www.ucaldas.edu.co\/portal\/campus-france-presento-en-la-u-de-caldas-sus-ofertas-de-estudio\/#breadcrumb","itemListElement":[{"@type":"ListItem","position":1,"name":"Portada","item":"https:\/\/www.ucaldas.edu.co\/portal\/"},{"@type":"ListItem","position":2,"name":"Campus France present\u00f3 en la U. de Caldas sus ofertas de estudio"}]},{"@type":"WebSite","@id":"https:\/\/www.ucaldas.edu.co\/portal\/#website","url":"https:\/\/www.ucaldas.edu.co\/portal\/","name":"Universidad de Caldas","description":"","publisher":{"@id":"https:\/\/www.ucaldas.edu.co\/portal\/#organization"},"alternateName":"U. de Caldas","potentialAction":[{"@type":"SearchAction","target":{"@type":"EntryPoint","urlTemplate":"https:\/\/www.ucaldas.edu.co\/portal\/?s={search_term_string}"},"query-input":{"@type":"PropertyValueSpecification","valueRequired":true,"valueName":"search_term_string"}}],"inLanguage":"es"},{"@type":"Organization","@id":"https:\/\/www.ucaldas.edu.co\/portal\/#organization","name":"Universidad de Caldas","alternateName":"U. de Caldas","url":"https:\/\/www.ucaldas.edu.co\/portal\/","logo":{"@type":"ImageObject","inLanguage":"es","@id":"https:\/\/www.ucaldas.edu.co\/portal\/#\/schema\/logo\/image\/","url":"https:\/\/www.ucaldas.edu.co\/portal\/wp-content\/uploads\/2023\/11\/Logo_horizontal_oscuroU-2023.png","contentUrl":"https:\/\/www.ucaldas.edu.co\/portal\/wp-content\/uploads\/2023\/11\/Logo_horizontal_oscuroU-2023.png","width":263,"height":101,"caption":"Universidad de Caldas"},"image":{"@id":"https:\/\/www.ucaldas.edu.co\/portal\/#\/schema\/logo\/image\/"},"sameAs":["https:\/\/www.facebook.com\/udecaldas","https:\/\/x.com\/udecaldas","https:\/\/www.youtube.com\/universidadcaldas","https:\/\/www.instagram.com\/udecaldas\/"]},{"@type":"Person","@id":"https:\/\/www.ucaldas.edu.co\/portal\/#\/schema\/person\/a1b482e23449158b4bc319926c074fdf","name":"ofiprensa","image":{"@type":"ImageObject","inLanguage":"es","@id":"https:\/\/www.ucaldas.edu.co\/portal\/wp-content\/litespeed\/avatar\/09ea5085e600095a7a811142c6944527.jpg?ver=1777497608","url":"https:\/\/www.ucaldas.edu.co\/portal\/wp-content\/litespeed\/avatar\/09ea5085e600095a7a811142c6944527.jpg?ver=1777497608","contentUrl":"https:\/\/www.ucaldas.edu.co\/portal\/wp-content\/litespeed\/avatar\/09ea5085e600095a7a811142c6944527.jpg?ver=1777497608","caption":"ofiprensa"},"url":"https:\/\/www.ucaldas.edu.co\/portal\/author\/ofiprensa\/"}]}},"_links":{"self":[{"href":"https:\/\/www.ucaldas.edu.co\/portal\/wp-json\/wp\/v2\/posts\/38421","targetHints":{"allow":["GET"]}}],"collection":[{"href":"https:\/\/www.ucaldas.edu.co\/portal\/wp-json\/wp\/v2\/posts"}],"about":[{"href":"https:\/\/www.ucaldas.edu.co\/portal\/wp-json\/wp\/v2\/types\/post"}],"author":[{"embeddable":true,"href":"https:\/\/www.ucaldas.edu.co\/portal\/wp-json\/wp\/v2\/users\/2"}],"replies":[{"embeddable":true,"href":"https:\/\/www.ucaldas.edu.co\/portal\/wp-json\/wp\/v2\/comments?post=38421"}],"version-history":[{"count":0,"href":"https:\/\/www.ucaldas.edu.co\/portal\/wp-json\/wp\/v2\/posts\/38421\/revisions"}],"wp:featuredmedia":[{"embeddable":true,"href":"https:\/\/www.ucaldas.edu.co\/portal\/wp-json\/wp\/v2\/media\/38422"}],"wp:attachment":[{"href":"https:\/\/www.ucaldas.edu.co\/portal\/wp-json\/wp\/v2\/media?parent=38421"}],"wp:term":[{"taxonomy":"category","embeddable":true,"href":"https:\/\/www.ucaldas.edu.co\/portal\/wp-json\/wp\/v2\/categories?post=38421"},{"taxonomy":"post_tag","embeddable":true,"href":"https:\/\/www.ucaldas.edu.co\/portal\/wp-json\/wp\/v2\/tags?post=38421"}],"curies":[{"name":"wp","href":"https:\/\/api.w.org\/{rel}","templated":true}]}}