{"id":38416,"date":"2017-10-19T22:43:30","date_gmt":"2017-10-19T22:43:30","guid":{"rendered":"https:\/\/www.ucaldas.edu.co\/portal\/?p=38416"},"modified":"2017-10-19T22:43:30","modified_gmt":"2017-10-19T22:43:30","slug":"u-de-caldas-escucho-voces-de-mujeres-en-los-60-anos-del-sufragio-femenino-en-colombia","status":"publish","type":"post","link":"https:\/\/www.ucaldas.edu.co\/portal\/u-de-caldas-escucho-voces-de-mujeres-en-los-60-anos-del-sufragio-femenino-en-colombia\/","title":{"rendered":"U. de Caldas escuch\u00f3 voces de mujeres en los 60 a\u00f1os del sufragio femenino en Colombia"},"content":{"rendered":"<p style=\"text-align: center;\">EN CONVERSATORIO ORGANIZADO POR EL DEPARTAMENTO DE HISTORIA Y GEOGRAF\u00cd<\/p>\n<p style=\"text-align: center;\"><strong>U. de Caldas escuch\u00f3 voces de mujeres en los 60 a\u00f1os del sufragio femenino en Colombia<\/strong><\/p>\n<p style=\"text-align: right;\">19\/10\/2017<\/p>\n<p><img loading=\"lazy\" decoding=\"async\" class=\"alignnone size-full wp-image-38417 aligncenter\" src=\"https:\/\/www.ucaldas.edu.co\/portal\/wp-content\/uploads\/2017\/10\/conversa-compressor.jpg\" alt=\"\" width=\"700\" height=\"400\" srcset=\"https:\/\/www.ucaldas.edu.co\/portal\/wp-content\/uploads\/2017\/10\/conversa-compressor.jpg 700w, https:\/\/www.ucaldas.edu.co\/portal\/wp-content\/uploads\/2017\/10\/conversa-compressor-300x171.jpg 300w\" sizes=\"auto, (max-width: 700px) 100vw, 700px\" \/>Sol Astrid Giraldo, <strong>Curadora de arte y docente de la Universidad de Antioquia<\/strong>; Judith Colombia Gonz\u00e1lez,\u00a0 <strong>historiadora y profesora de la Universidad del Valle<\/strong>, y Argelia Londo\u00f1o V\u00e9lez,\u00a0 <strong>profesora de la Universidad de Antioquia, se reuniero<\/strong>n este 19 de octubre del 2017 <strong>en la Universidad de Caldas<\/strong>, para participar en el Conversatorio voces de mujeres en los 60 a\u00f1os del sufragio femenino en Colombia.<\/p>\n<p><!--more--><\/p>\n<p>Este fue evento apoyado por la Asociaci\u00f3n Sindical de Profesores de la Universidad de Caldas (Aspu), la Vicerrector\u00eda de Proyecci\u00f3n Universitaria, la Facultad de Ciencias Jur\u00eddicas y Sociales y el Departamento de Historia y Geograf\u00eda de la U. de Caldas.<\/p>\n<p>&nbsp;<\/p>\n<p>El <strong>Decano Facultad de Ciencias Jur\u00eddicas y Sociales de la U. de Caldas, Gabriel Gallego Montes, expres\u00f3<\/strong>: \u201clas brechas se encuentran en la relaci\u00f3n entre trabajo y vida familiar. La sociedad debe seguir avanzando, pues el reto del empresarismo moderno es lograr pol\u00edticas de reconciliaci\u00f3n entre estos dos aspectos. <strong>Buscamos que\u00a0 por ejemplo la maternidad no sea una barrera para el trabajo<\/strong>\u201d.<\/p>\n<p>&nbsp;<\/p>\n<p>\u201c<strong>Otro reto es terminar las brechas salariales y esta es una responsabilidad<\/strong> <strong>del Estado<\/strong>, porque no puede ser que las mujeres trabajen igual que los hombres y ganen un 15% menos\u201d, agreg\u00f3.<\/p>\n<p>&nbsp;<\/p>\n<p><strong>Voces participantes<\/strong><\/p>\n<p><strong>Sol Astrid Giraldo, Curadora de arte y docente de la Universidad de Antioquia<\/strong><\/p>\n<p>Siempre he estado interesada en la imagen de la mujer, porque busco analizar c\u00f3mo quitarle la imagen de la mujer a esa figura patriarcal. <strong>La mujer sigue siendo mirada como un objetivo diferente y en una jerarqu\u00eda en la que siempre se encuentra inferior. <\/strong><\/p>\n<p><strong>\u00a0<\/strong><\/p>\n<p><strong>Judith Colombia Gonz\u00e1lez,\u00a0 historiadora y profesora de la Universidad del Valle<\/strong><\/p>\n<p>Hoy por hoy hablamos de las m\u00faltiples identidades de la mujer: ya no se habla s\u00f3lo del derecho al voto o a la representatividad pol\u00edtica, sino que <strong>estamos exigiendo otras representaciones sexuales, globales y \u00e9tnicas, entre otras.<\/strong><\/p>\n<p><strong>\u00a0<\/strong><\/p>\n<p><strong>Argelia Londo\u00f1o V\u00e9lez,\u00a0 profesora de la Universidad de Antioquia<\/strong><\/p>\n<p>Es muy importante el tema de los derechos civiles y pol\u00edticos de las mujeres. <strong>Estamos frente a una reforma pol\u00edtica en donde se vuelve a tocar el tema, bajo la forma de la paridad, lo que significa que las mujeres est\u00e1n demandando el 50% de los esca\u00f1os legislativos.<\/strong> Esto significa una reforma del sistema electoral para incluir obligatoriamente a las mujeres.<\/p>\n<p>&nbsp;<\/p>\n<p><a href=\"https:\/\/www.facebook.com\/media\/set\/?set=a.1578190362242823.1073745740.107054166023124&amp;type=1&amp;l=6063fbfc72\">Conozca im\u00e1genes del Conversatorio voces de mujeres en los 60 a\u00f1os del sufragio femenino en Colombia<\/a><\/p>\n<p>&nbsp;<\/p>\n<p><strong>Informes:<\/strong>\u00a0Oficina de Comunicaciones y Prensa U. de Caldas, tel\u00e9fono 878 15 00 extensi\u00f3n 12 167.<\/p>\n<p><strong>Redacci\u00f3n:<\/strong> Margarita Laverde<\/p>\n<p>&nbsp;<\/p>\n","protected":false},"excerpt":{"rendered":"<p>EN CONVERSATORIO ORGANIZADO POR EL DEPARTAMENTO DE HISTORIA Y GEOGRAF\u00cd U. de Caldas escuch\u00f3 voces de mujeres en los 60 a\u00f1os del sufragio femenino en Colombia 19\/10\/2017 Sol Astrid Giraldo, Curadora de arte y docente de la Universidad de Antioquia; Judith Colombia Gonz\u00e1lez,\u00a0 historiadora y profesora de la Universidad del Valle, y Argelia Londo\u00f1o V\u00e9lez,\u00a0 [&hellip;]<\/p>\n","protected":false},"author":2,"featured_media":38417,"comment_status":"closed","ping_status":"open","sticky":false,"template":"","format":"standard","meta":{"footnotes":""},"categories":[48,53,624],"tags":[55,172,2362,2423],"class_list":["post-38416","post","type-post","status-publish","format-standard","has-post-thumbnail","hentry","category-actualidad","category-universidad-al-dia","category-ucaldas-activa","tag-academia","tag-conversatorio","tag-invitada","tag-mujeres"],"yoast_head":"<!-- This site is optimized with the Yoast SEO plugin v27.5 - https:\/\/yoast.com\/product\/yoast-seo-wordpress\/ -->\n<title>U. de Caldas escuch\u00f3 voces de mujeres en los 60 a\u00f1os del sufragio femenino en Colombia .<\/title>\n<meta name=\"robots\" content=\"index, follow, max-snippet:-1, max-image-preview:large, max-video-preview:-1\" \/>\n<link rel=\"canonical\" href=\"https:\/\/www.ucaldas.edu.co\/portal\/u-de-caldas-escucho-voces-de-mujeres-en-los-60-anos-del-sufragio-femenino-en-colombia\/\" \/>\n<script type=\"application\/ld+json\" class=\"yoast-schema-graph\">{\"@context\":\"https:\\\/\\\/schema.org\",\"@graph\":[{\"@type\":\"Article\",\"@id\":\"https:\\\/\\\/www.ucaldas.edu.co\\\/portal\\\/u-de-caldas-escucho-voces-de-mujeres-en-los-60-anos-del-sufragio-femenino-en-colombia\\\/#article\",\"isPartOf\":{\"@id\":\"https:\\\/\\\/www.ucaldas.edu.co\\\/portal\\\/u-de-caldas-escucho-voces-de-mujeres-en-los-60-anos-del-sufragio-femenino-en-colombia\\\/\"},\"author\":{\"name\":\"ofiprensa\",\"@id\":\"https:\\\/\\\/www.ucaldas.edu.co\\\/portal\\\/#\\\/schema\\\/person\\\/a1b482e23449158b4bc319926c074fdf\"},\"headline\":\"U. de Caldas escuch\u00f3 voces de mujeres en los 60 a\u00f1os del sufragio femenino en Colombia\",\"datePublished\":\"2017-10-19T22:43:30+00:00\",\"mainEntityOfPage\":{\"@id\":\"https:\\\/\\\/www.ucaldas.edu.co\\\/portal\\\/u-de-caldas-escucho-voces-de-mujeres-en-los-60-anos-del-sufragio-femenino-en-colombia\\\/\"},\"wordCount\":477,\"publisher\":{\"@id\":\"https:\\\/\\\/www.ucaldas.edu.co\\\/portal\\\/#organization\"},\"image\":{\"@id\":\"https:\\\/\\\/www.ucaldas.edu.co\\\/portal\\\/u-de-caldas-escucho-voces-de-mujeres-en-los-60-anos-del-sufragio-femenino-en-colombia\\\/#primaryimage\"},\"thumbnailUrl\":\"https:\\\/\\\/www.ucaldas.edu.co\\\/portal\\\/wp-content\\\/uploads\\\/2017\\\/10\\\/conversa-compressor.jpg\",\"keywords\":[\"academia\",\"Conversatorio\",\"invitada\",\"mujeres\"],\"articleSection\":[\"Actualidad\",\"Universidad al D\u00eda\",\"UCaldas Activa\"],\"inLanguage\":\"es\"},{\"@type\":\"WebPage\",\"@id\":\"https:\\\/\\\/www.ucaldas.edu.co\\\/portal\\\/u-de-caldas-escucho-voces-de-mujeres-en-los-60-anos-del-sufragio-femenino-en-colombia\\\/\",\"url\":\"https:\\\/\\\/www.ucaldas.edu.co\\\/portal\\\/u-de-caldas-escucho-voces-de-mujeres-en-los-60-anos-del-sufragio-femenino-en-colombia\\\/\",\"name\":\"U. de Caldas escuch\u00f3 voces de mujeres en los 60 a\u00f1os del sufragio femenino en Colombia .\",\"isPartOf\":{\"@id\":\"https:\\\/\\\/www.ucaldas.edu.co\\\/portal\\\/#website\"},\"primaryImageOfPage\":{\"@id\":\"https:\\\/\\\/www.ucaldas.edu.co\\\/portal\\\/u-de-caldas-escucho-voces-de-mujeres-en-los-60-anos-del-sufragio-femenino-en-colombia\\\/#primaryimage\"},\"image\":{\"@id\":\"https:\\\/\\\/www.ucaldas.edu.co\\\/portal\\\/u-de-caldas-escucho-voces-de-mujeres-en-los-60-anos-del-sufragio-femenino-en-colombia\\\/#primaryimage\"},\"thumbnailUrl\":\"https:\\\/\\\/www.ucaldas.edu.co\\\/portal\\\/wp-content\\\/uploads\\\/2017\\\/10\\\/conversa-compressor.jpg\",\"datePublished\":\"2017-10-19T22:43:30+00:00\",\"breadcrumb\":{\"@id\":\"https:\\\/\\\/www.ucaldas.edu.co\\\/portal\\\/u-de-caldas-escucho-voces-de-mujeres-en-los-60-anos-del-sufragio-femenino-en-colombia\\\/#breadcrumb\"},\"inLanguage\":\"es\",\"potentialAction\":[{\"@type\":\"ReadAction\",\"target\":[\"https:\\\/\\\/www.ucaldas.edu.co\\\/portal\\\/u-de-caldas-escucho-voces-de-mujeres-en-los-60-anos-del-sufragio-femenino-en-colombia\\\/\"]}]},{\"@type\":\"ImageObject\",\"inLanguage\":\"es\",\"@id\":\"https:\\\/\\\/www.ucaldas.edu.co\\\/portal\\\/u-de-caldas-escucho-voces-de-mujeres-en-los-60-anos-del-sufragio-femenino-en-colombia\\\/#primaryimage\",\"url\":\"https:\\\/\\\/www.ucaldas.edu.co\\\/portal\\\/wp-content\\\/uploads\\\/2017\\\/10\\\/conversa-compressor.jpg\",\"contentUrl\":\"https:\\\/\\\/www.ucaldas.edu.co\\\/portal\\\/wp-content\\\/uploads\\\/2017\\\/10\\\/conversa-compressor.jpg\",\"width\":700,\"height\":400},{\"@type\":\"BreadcrumbList\",\"@id\":\"https:\\\/\\\/www.ucaldas.edu.co\\\/portal\\\/u-de-caldas-escucho-voces-de-mujeres-en-los-60-anos-del-sufragio-femenino-en-colombia\\\/#breadcrumb\",\"itemListElement\":[{\"@type\":\"ListItem\",\"position\":1,\"name\":\"Portada\",\"item\":\"https:\\\/\\\/www.ucaldas.edu.co\\\/portal\\\/\"},{\"@type\":\"ListItem\",\"position\":2,\"name\":\"U. de Caldas escuch\u00f3 voces de mujeres en los 60 a\u00f1os del sufragio femenino en Colombia\"}]},{\"@type\":\"WebSite\",\"@id\":\"https:\\\/\\\/www.ucaldas.edu.co\\\/portal\\\/#website\",\"url\":\"https:\\\/\\\/www.ucaldas.edu.co\\\/portal\\\/\",\"name\":\"Universidad de Caldas\",\"description\":\"\",\"publisher\":{\"@id\":\"https:\\\/\\\/www.ucaldas.edu.co\\\/portal\\\/#organization\"},\"alternateName\":\"U. de Caldas\",\"potentialAction\":[{\"@type\":\"SearchAction\",\"target\":{\"@type\":\"EntryPoint\",\"urlTemplate\":\"https:\\\/\\\/www.ucaldas.edu.co\\\/portal\\\/?s={search_term_string}\"},\"query-input\":{\"@type\":\"PropertyValueSpecification\",\"valueRequired\":true,\"valueName\":\"search_term_string\"}}],\"inLanguage\":\"es\"},{\"@type\":\"Organization\",\"@id\":\"https:\\\/\\\/www.ucaldas.edu.co\\\/portal\\\/#organization\",\"name\":\"Universidad de Caldas\",\"alternateName\":\"U. de Caldas\",\"url\":\"https:\\\/\\\/www.ucaldas.edu.co\\\/portal\\\/\",\"logo\":{\"@type\":\"ImageObject\",\"inLanguage\":\"es\",\"@id\":\"https:\\\/\\\/www.ucaldas.edu.co\\\/portal\\\/#\\\/schema\\\/logo\\\/image\\\/\",\"url\":\"https:\\\/\\\/www.ucaldas.edu.co\\\/portal\\\/wp-content\\\/uploads\\\/2023\\\/11\\\/Logo_horizontal_oscuroU-2023.png\",\"contentUrl\":\"https:\\\/\\\/www.ucaldas.edu.co\\\/portal\\\/wp-content\\\/uploads\\\/2023\\\/11\\\/Logo_horizontal_oscuroU-2023.png\",\"width\":263,\"height\":101,\"caption\":\"Universidad de Caldas\"},\"image\":{\"@id\":\"https:\\\/\\\/www.ucaldas.edu.co\\\/portal\\\/#\\\/schema\\\/logo\\\/image\\\/\"},\"sameAs\":[\"https:\\\/\\\/www.facebook.com\\\/udecaldas\",\"https:\\\/\\\/x.com\\\/udecaldas\",\"https:\\\/\\\/www.youtube.com\\\/universidadcaldas\",\"https:\\\/\\\/www.instagram.com\\\/udecaldas\\\/\"]},{\"@type\":\"Person\",\"@id\":\"https:\\\/\\\/www.ucaldas.edu.co\\\/portal\\\/#\\\/schema\\\/person\\\/a1b482e23449158b4bc319926c074fdf\",\"name\":\"ofiprensa\",\"image\":{\"@type\":\"ImageObject\",\"inLanguage\":\"es\",\"@id\":\"https:\\\/\\\/www.ucaldas.edu.co\\\/portal\\\/wp-content\\\/litespeed\\\/avatar\\\/09ea5085e600095a7a811142c6944527.jpg?ver=1777497608\",\"url\":\"https:\\\/\\\/www.ucaldas.edu.co\\\/portal\\\/wp-content\\\/litespeed\\\/avatar\\\/09ea5085e600095a7a811142c6944527.jpg?ver=1777497608\",\"contentUrl\":\"https:\\\/\\\/www.ucaldas.edu.co\\\/portal\\\/wp-content\\\/litespeed\\\/avatar\\\/09ea5085e600095a7a811142c6944527.jpg?ver=1777497608\",\"caption\":\"ofiprensa\"},\"url\":\"https:\\\/\\\/www.ucaldas.edu.co\\\/portal\\\/author\\\/ofiprensa\\\/\"}]}<\/script>\n<!-- \/ Yoast SEO plugin. -->","yoast_head_json":{"title":"U. de Caldas escuch\u00f3 voces de mujeres en los 60 a\u00f1os del sufragio femenino en Colombia .","robots":{"index":"index","follow":"follow","max-snippet":"max-snippet:-1","max-image-preview":"max-image-preview:large","max-video-preview":"max-video-preview:-1"},"canonical":"https:\/\/www.ucaldas.edu.co\/portal\/u-de-caldas-escucho-voces-de-mujeres-en-los-60-anos-del-sufragio-femenino-en-colombia\/","schema":{"@context":"https:\/\/schema.org","@graph":[{"@type":"Article","@id":"https:\/\/www.ucaldas.edu.co\/portal\/u-de-caldas-escucho-voces-de-mujeres-en-los-60-anos-del-sufragio-femenino-en-colombia\/#article","isPartOf":{"@id":"https:\/\/www.ucaldas.edu.co\/portal\/u-de-caldas-escucho-voces-de-mujeres-en-los-60-anos-del-sufragio-femenino-en-colombia\/"},"author":{"name":"ofiprensa","@id":"https:\/\/www.ucaldas.edu.co\/portal\/#\/schema\/person\/a1b482e23449158b4bc319926c074fdf"},"headline":"U. de Caldas escuch\u00f3 voces de mujeres en los 60 a\u00f1os del sufragio femenino en Colombia","datePublished":"2017-10-19T22:43:30+00:00","mainEntityOfPage":{"@id":"https:\/\/www.ucaldas.edu.co\/portal\/u-de-caldas-escucho-voces-de-mujeres-en-los-60-anos-del-sufragio-femenino-en-colombia\/"},"wordCount":477,"publisher":{"@id":"https:\/\/www.ucaldas.edu.co\/portal\/#organization"},"image":{"@id":"https:\/\/www.ucaldas.edu.co\/portal\/u-de-caldas-escucho-voces-de-mujeres-en-los-60-anos-del-sufragio-femenino-en-colombia\/#primaryimage"},"thumbnailUrl":"https:\/\/www.ucaldas.edu.co\/portal\/wp-content\/uploads\/2017\/10\/conversa-compressor.jpg","keywords":["academia","Conversatorio","invitada","mujeres"],"articleSection":["Actualidad","Universidad al D\u00eda","UCaldas Activa"],"inLanguage":"es"},{"@type":"WebPage","@id":"https:\/\/www.ucaldas.edu.co\/portal\/u-de-caldas-escucho-voces-de-mujeres-en-los-60-anos-del-sufragio-femenino-en-colombia\/","url":"https:\/\/www.ucaldas.edu.co\/portal\/u-de-caldas-escucho-voces-de-mujeres-en-los-60-anos-del-sufragio-femenino-en-colombia\/","name":"U. de Caldas escuch\u00f3 voces de mujeres en los 60 a\u00f1os del sufragio femenino en Colombia .","isPartOf":{"@id":"https:\/\/www.ucaldas.edu.co\/portal\/#website"},"primaryImageOfPage":{"@id":"https:\/\/www.ucaldas.edu.co\/portal\/u-de-caldas-escucho-voces-de-mujeres-en-los-60-anos-del-sufragio-femenino-en-colombia\/#primaryimage"},"image":{"@id":"https:\/\/www.ucaldas.edu.co\/portal\/u-de-caldas-escucho-voces-de-mujeres-en-los-60-anos-del-sufragio-femenino-en-colombia\/#primaryimage"},"thumbnailUrl":"https:\/\/www.ucaldas.edu.co\/portal\/wp-content\/uploads\/2017\/10\/conversa-compressor.jpg","datePublished":"2017-10-19T22:43:30+00:00","breadcrumb":{"@id":"https:\/\/www.ucaldas.edu.co\/portal\/u-de-caldas-escucho-voces-de-mujeres-en-los-60-anos-del-sufragio-femenino-en-colombia\/#breadcrumb"},"inLanguage":"es","potentialAction":[{"@type":"ReadAction","target":["https:\/\/www.ucaldas.edu.co\/portal\/u-de-caldas-escucho-voces-de-mujeres-en-los-60-anos-del-sufragio-femenino-en-colombia\/"]}]},{"@type":"ImageObject","inLanguage":"es","@id":"https:\/\/www.ucaldas.edu.co\/portal\/u-de-caldas-escucho-voces-de-mujeres-en-los-60-anos-del-sufragio-femenino-en-colombia\/#primaryimage","url":"https:\/\/www.ucaldas.edu.co\/portal\/wp-content\/uploads\/2017\/10\/conversa-compressor.jpg","contentUrl":"https:\/\/www.ucaldas.edu.co\/portal\/wp-content\/uploads\/2017\/10\/conversa-compressor.jpg","width":700,"height":400},{"@type":"BreadcrumbList","@id":"https:\/\/www.ucaldas.edu.co\/portal\/u-de-caldas-escucho-voces-de-mujeres-en-los-60-anos-del-sufragio-femenino-en-colombia\/#breadcrumb","itemListElement":[{"@type":"ListItem","position":1,"name":"Portada","item":"https:\/\/www.ucaldas.edu.co\/portal\/"},{"@type":"ListItem","position":2,"name":"U. de Caldas escuch\u00f3 voces de mujeres en los 60 a\u00f1os del sufragio femenino en Colombia"}]},{"@type":"WebSite","@id":"https:\/\/www.ucaldas.edu.co\/portal\/#website","url":"https:\/\/www.ucaldas.edu.co\/portal\/","name":"Universidad de Caldas","description":"","publisher":{"@id":"https:\/\/www.ucaldas.edu.co\/portal\/#organization"},"alternateName":"U. de Caldas","potentialAction":[{"@type":"SearchAction","target":{"@type":"EntryPoint","urlTemplate":"https:\/\/www.ucaldas.edu.co\/portal\/?s={search_term_string}"},"query-input":{"@type":"PropertyValueSpecification","valueRequired":true,"valueName":"search_term_string"}}],"inLanguage":"es"},{"@type":"Organization","@id":"https:\/\/www.ucaldas.edu.co\/portal\/#organization","name":"Universidad de Caldas","alternateName":"U. de Caldas","url":"https:\/\/www.ucaldas.edu.co\/portal\/","logo":{"@type":"ImageObject","inLanguage":"es","@id":"https:\/\/www.ucaldas.edu.co\/portal\/#\/schema\/logo\/image\/","url":"https:\/\/www.ucaldas.edu.co\/portal\/wp-content\/uploads\/2023\/11\/Logo_horizontal_oscuroU-2023.png","contentUrl":"https:\/\/www.ucaldas.edu.co\/portal\/wp-content\/uploads\/2023\/11\/Logo_horizontal_oscuroU-2023.png","width":263,"height":101,"caption":"Universidad de Caldas"},"image":{"@id":"https:\/\/www.ucaldas.edu.co\/portal\/#\/schema\/logo\/image\/"},"sameAs":["https:\/\/www.facebook.com\/udecaldas","https:\/\/x.com\/udecaldas","https:\/\/www.youtube.com\/universidadcaldas","https:\/\/www.instagram.com\/udecaldas\/"]},{"@type":"Person","@id":"https:\/\/www.ucaldas.edu.co\/portal\/#\/schema\/person\/a1b482e23449158b4bc319926c074fdf","name":"ofiprensa","image":{"@type":"ImageObject","inLanguage":"es","@id":"https:\/\/www.ucaldas.edu.co\/portal\/wp-content\/litespeed\/avatar\/09ea5085e600095a7a811142c6944527.jpg?ver=1777497608","url":"https:\/\/www.ucaldas.edu.co\/portal\/wp-content\/litespeed\/avatar\/09ea5085e600095a7a811142c6944527.jpg?ver=1777497608","contentUrl":"https:\/\/www.ucaldas.edu.co\/portal\/wp-content\/litespeed\/avatar\/09ea5085e600095a7a811142c6944527.jpg?ver=1777497608","caption":"ofiprensa"},"url":"https:\/\/www.ucaldas.edu.co\/portal\/author\/ofiprensa\/"}]}},"_links":{"self":[{"href":"https:\/\/www.ucaldas.edu.co\/portal\/wp-json\/wp\/v2\/posts\/38416","targetHints":{"allow":["GET"]}}],"collection":[{"href":"https:\/\/www.ucaldas.edu.co\/portal\/wp-json\/wp\/v2\/posts"}],"about":[{"href":"https:\/\/www.ucaldas.edu.co\/portal\/wp-json\/wp\/v2\/types\/post"}],"author":[{"embeddable":true,"href":"https:\/\/www.ucaldas.edu.co\/portal\/wp-json\/wp\/v2\/users\/2"}],"replies":[{"embeddable":true,"href":"https:\/\/www.ucaldas.edu.co\/portal\/wp-json\/wp\/v2\/comments?post=38416"}],"version-history":[{"count":0,"href":"https:\/\/www.ucaldas.edu.co\/portal\/wp-json\/wp\/v2\/posts\/38416\/revisions"}],"wp:featuredmedia":[{"embeddable":true,"href":"https:\/\/www.ucaldas.edu.co\/portal\/wp-json\/wp\/v2\/media\/38417"}],"wp:attachment":[{"href":"https:\/\/www.ucaldas.edu.co\/portal\/wp-json\/wp\/v2\/media?parent=38416"}],"wp:term":[{"taxonomy":"category","embeddable":true,"href":"https:\/\/www.ucaldas.edu.co\/portal\/wp-json\/wp\/v2\/categories?post=38416"},{"taxonomy":"post_tag","embeddable":true,"href":"https:\/\/www.ucaldas.edu.co\/portal\/wp-json\/wp\/v2\/tags?post=38416"}],"curies":[{"name":"wp","href":"https:\/\/api.w.org\/{rel}","templated":true}]}}