{"id":38390,"date":"2017-10-18T16:26:22","date_gmt":"2017-10-18T16:26:22","guid":{"rendered":"https:\/\/www.ucaldas.edu.co\/portal\/?p=38390"},"modified":"2017-10-18T16:26:22","modified_gmt":"2017-10-18T16:26:22","slug":"convocatoria-del-fondo-de-articulacion-de-los-programas-universidad-en-tu-colegio","status":"publish","type":"post","link":"https:\/\/www.ucaldas.edu.co\/portal\/convocatoria-del-fondo-de-articulacion-de-los-programas-universidad-en-tu-colegio\/","title":{"rendered":"Convocatoria del Fondo de Articulaci\u00f3n de los Programas Universidad en tu Colegio"},"content":{"rendered":"<p style=\"text-align: center;\"><strong>CONVOCATORIA <\/strong><\/p>\n<p style=\"text-align: center;\"><strong>VICERRECTORIA ACAD\u00c9MICA<\/strong><\/p>\n<p style=\"text-align: center;\"><strong>FONDO DE ARTICULACI\u00d3N \u2013 PROGRAMAS UNIVERSIDAD EN TU COLEGIO<\/strong><\/p>\n<p style=\"text-align: center;\">\n<p><strong><img loading=\"lazy\" decoding=\"async\" class=\"alignnone size-full wp-image-38391 aligncenter\" src=\"https:\/\/www.ucaldas.edu.co\/portal\/wp-content\/uploads\/2017\/10\/MOMENTOS-U.-CALDAS-2017-10-compressor-1.jpg\" alt=\"\" width=\"700\" height=\"400\" srcset=\"https:\/\/www.ucaldas.edu.co\/portal\/wp-content\/uploads\/2017\/10\/MOMENTOS-U.-CALDAS-2017-10-compressor-1.jpg 700w, https:\/\/www.ucaldas.edu.co\/portal\/wp-content\/uploads\/2017\/10\/MOMENTOS-U.-CALDAS-2017-10-compressor-1-300x171.jpg 300w\" sizes=\"auto, (max-width: 700px) 100vw, 700px\" \/>PRESENTACION<\/strong><\/p>\n<p>&nbsp;<\/p>\n<p>En el marco del convenio Interadministrativo entre la Universidad de Caldas, la Alcald\u00eda de Manizales y la Fundaci\u00f3n L\u00faker, se fortalece el Fondo de Articulaci\u00f3n, a trav\u00e9s del aporte de recursos la Universidad de Caldas ($300.000.000 del recaudo de la estampilla pro-universidad \u2013 Alcald\u00eda de Manizales) y de la Secretar\u00eda de Educaci\u00f3n de la Alcald\u00eda de Manizales ($400.000.000),\u00a0 para un total de <strong>$700.000.000.<\/strong> Dicho fondo de articulaci\u00f3n tiene como objeto facilitar el acceso a estudiantes de colegios p\u00fablicos de Manizales, a los programas t\u00e9cnicos por ciclos proped\u00e9uticos que hacen parte de Universidad en tu colegio.<\/p>\n<p><!--more--><\/p>\n<p>Los recursos que hacen parte del presente convenio (<strong>$700.000.000)<\/strong>, se han comprometido para financiar el desarrollo de al menos 12 grupos de nivel t\u00e9cnico profesional en articulaci\u00f3n (modalidad a distancia en colegios p\u00fablicos del municipio de Manizales (6 grupos de T\u00e9cnico Profesional en Higiene y Seguridad Ocupacional y 6 grupos del T\u00e9cnico Profesional en Operaci\u00f3n de la Cadena Log\u00edstica), al igual que al menos 81 estudiantes para el Nivel Tecnol\u00f3gico en los programas Log\u00edstica y\/o Higiene y Seguridad Ocupacional (de acuerdo a demanda) \u00f3 2 grupos m\u00e1s del nivel T\u00e9cnico Profesional que iniciar\u00edan en el 2018. Lo anterior en funci\u00f3n de optimizar el recurso y beneficiar a un n\u00famero mayor de estudiantes.<\/p>\n<p>&nbsp;<\/p>\n<p>&nbsp;<\/p>\n<p><strong>CARACTER\u00cdSTICAS GENERALES<\/strong><\/p>\n<p>&nbsp;<\/p>\n<ul>\n<li>Las propuestas enviadas a la Vicerrector\u00eda Acad\u00e9mica por los programas acad\u00e9micos en modalidad a distancia de niveles t\u00e9cnico profesional en articulaci\u00f3n y tecnol\u00f3gico, en ning\u00fan caso pueden sobrepasar la suma de cuatrocientos millones de pesos <strong>($700.000.000), <\/strong>monto definido para esta primera convocatoria enmarcada en el convenio 2017.<\/li>\n<li>La Vicerrector\u00eda Acad\u00e9mica designar\u00e1 un equipo evaluador para la revisi\u00f3n y selecci\u00f3n de las solicitudes presentadas.<\/li>\n<\/ul>\n<ul>\n<li>Para el desarrollo de la propuesta aprobada, es necesario tener en cuenta que los recursos ser\u00e1n administrados directamente por el programa acad\u00e9mico y la facultad seleccionada en esta convocatoria.<\/li>\n<li>La convocatoria para n\u00edvel tecnico profesional financia el costo de la cohorte, mientras que para el nivel tecnol\u00f3gico financia cupos o matriculas y no grupos o cohortes; en efecto, para nivel tecnol\u00f3gico se reconoce el pago al programa respectivo por cada estudiante matriculado.<\/li>\n<li>Cada propuesta deber\u00e1 ser liderada por el Director de los programas propuestos.<\/li>\n<li>El docente que lidera la propuesta debe estar avalado por el decano respectivo, el cual tendr\u00e1 las siguientes responsabilidades:\n<ul>\n<li>Coordinar el proceso de inscripci\u00f3n y matricula en el SIA de los 12 grupos de nivel tecnico profesional, beneficiarios de esta convocatoria.<\/li>\n<li>Coordinar el proceso de inscripci\u00f3n y matricula en el SIA de los 81 j\u00f3venes beneficiarios de los recursos de la presente convocatoria.\u00a0 Los 81 beneficiarios pueden hacer parte de programas diferentes de n\u00edvel tecnol\u00f3gico.<\/li>\n<li>Verificar reporte de matriculados emitido por la oficina de Registro acad\u00e9mico y admisiones, para el pago de los cupos respectivos.<\/li>\n<li>Revisar y avalar la resoluci\u00f3n de pago de cupos que se realiza desde la vicerrector\u00eda Acad\u00e9mica.<\/li>\n<\/ul>\n<\/li>\n<\/ul>\n<p>&nbsp;<\/p>\n<p>&nbsp;<\/p>\n<p><strong>RUBROS A FINANCIAR<\/strong><\/p>\n<p>&nbsp;<\/p>\n<ul>\n<li><strong>Servicios personales: <\/strong>Pago de docentes y tutores catedr\u00e1ticos designados para la coordinaci\u00f3n de las diferentes actividades acad\u00e9micas. Incluye el costo prorrateado del personal administrativo del programa. Incluye pago de honorarios a asesores y\/o consultores para el desarrollo de actividades estrat\u00e9gicas del programa (Elaboraci\u00f3n de gu\u00edas y textos, procesos de virtualizaci\u00f3n).<\/li>\n<li><strong>Gastos generales:<\/strong> Gastos en materiales, gastos de viaje y transporte, vi\u00e1ticos para visitas de verificaci\u00f3n, textos, insumos y suministros necesarios para el desarrollo de los programas acad\u00e9micos.<\/li>\n<li><strong>Equipos:<\/strong> Compra de equipos necesarios para el desarrollo de los programas acad\u00e9micos.<\/li>\n<li><strong>Inversi\u00f3n: <\/strong>Se refiere a todos aquellos elementos y equipos necesarios para ser utilizados en el desarrollo de los programas acad\u00e9micos<\/li>\n<li><strong>Software y hardware<\/strong>: Necesarios para el desarrollo de las actividades propuestas en los procesos acad\u00e9micos de los programas.<\/li>\n<li><strong>Otros gastos<\/strong>: aquellos necesarios para el buen funcionamiento del programa, conforme a los lineamientos de ejecuci\u00f2n presupuestal del programa especial.<\/li>\n<\/ul>\n<p>&nbsp;<\/p>\n<p>&nbsp;<\/p>\n<p>&nbsp;<\/p>\n<p><strong>MODALIDAD 1: APOYO A COHORTES DE NIVEL TECNICO PROFESIONAL<\/strong><\/p>\n<p>&nbsp;<\/p>\n<p><strong>Objetivo<\/strong><\/p>\n<ul>\n<li>Financiar el desarrollo de al menos 12 grupos de nivel t\u00e9cnico profesional en articulaci\u00f3n (modalidad a distancia en colegios p\u00fablicos del municipio de Manizales (6 grupos de T\u00e9cnico Profesional en Higiene y Seguridad Ocupacional y 6 grupos del T\u00e9cnico Profesional en Operaci\u00f3n de la Cadena Log\u00edstica).<\/li>\n<\/ul>\n<p><strong>\u00a0<\/strong><\/p>\n<p><strong>Dirigido a:<\/strong> Programas de nivel T\u00e9cnico profesional con registro calificado para su oferta en colegios p\u00fablicos de Manizales, en el marco del proyecto la Universidad en tu colegio. Monto a financiar <strong>$572.000.000<\/strong><\/p>\n<p>&nbsp;<\/p>\n<p><strong>\u00a0<\/strong><\/p>\n<p><strong>\u00a0<\/strong><\/p>\n<p><strong>MODALIDAD 2: APOYO A COHORTES DE NIVEL TECNOL\u00d3GICO<\/strong><\/p>\n<p>&nbsp;<\/p>\n<p><strong>Objetivo<\/strong><\/p>\n<ul>\n<li>Financiar la matricula de al menos 81 estudiantes de nivel tecnologico (en ciclo complementario), que hayan desarrollado ciclo previo &#8211; t\u00e9cnico profesional en articulaci\u00f3n en la Universidad de Caldas (modalidad a distancia en colegios p\u00fablicos del municipio de Manizales) y que se encuentren integrados a la estrategia \u201cUniversidad en tu colegio\u201d.<\/li>\n<\/ul>\n<p><strong>\u00a0<\/strong><\/p>\n<p><strong>Dirigido a:<\/strong> Programa(s) de Nivel Tecnolog\u00f3gico (en ciclo complementario) con registro calificado para su oferta en Manizales, en el marco del proyecto la Universidad en tu colegio. Monto m\u00e1ximo a financiar hasta por <strong>$128.000.000. <\/strong>El recurso asignado en la presente convocatoria, est\u00e1 orientado a financiar la matricula de al menos 81 estudiantes a raz\u00f3n de 1 s.m.l.v \/ semestre o en su defecto, 2 grupos m\u00e1s del nivel T\u00e9cnico Profesional que iniciar\u00edan en el 2018.<\/p>\n<p><strong>Requisitos:<\/strong><\/p>\n<ul>\n<li>El proponente podr\u00e1 participar en las dos modalidades de la presente convocatoria.<\/li>\n<li>El responsable de la propuesta debe ser un docente coordinador de programa de nivel t\u00e9cnico profesional o tecnologico en modalidad a distancia.<\/li>\n<li>Presentar un documento que describa el o los nombres de los programas acad\u00e9micos de nivel t\u00e9cnico en articulaci\u00f3n a ofertar y el n\u00famero de cohortes a financiar por programa.<\/li>\n<li>Describir la justificaci\u00f3n de la propuesta y los beneficios e impactos para la universidad y el municipio.<\/li>\n<li>Definir el numero m\u00ednimo de estudiantes por grupo a financiar y n\u00famero de estudiantes en total a beneficiar en nivel tecnico profesional\u00a0 (este dato puede ser aproximado).<\/li>\n<li>Definir el numero m\u00ednimo de estudiantes a financiar en nivel tecnol\u00f3gico (el cual no debe ser inferior a 81 estudiantes).<\/li>\n<li>Presentar el plan de inversi\u00f3n de los recursos solicitados en esta convocatoria.<\/li>\n<li>Ninguna propuesta podr\u00e1 superar el valor asignado para cada modalidad.<\/li>\n<li>El programa debe presentar los soportes correspondientes a las 12 cohortes de nivel tecnico profesional y a los 81 estudiantes beneficiarios para los dos semestres acad\u00e9micos del ciclo tecnol\u00f3gico.<\/li>\n<li>Para el nivel tecnico rofesional, la Vicerrecor\u00eda Acad\u00e9mica cubrir\u00e1 el costo de los 12 grupos (previa solicitud de pago por parte del programa y aval existencia de las cohortes por parte de Registro Acad\u00e9mico).<\/li>\n<li>Para el nivel tecnologico, la Vicerrector\u00eda Acad\u00e9mica solo cubrir\u00e1 las m\u00e1triculas de los estudiantes reportados por la Oficina de Registro Acad\u00e9mico y avalados por el programa academico; el recurso no asignado ser\u00e1 reintegrado al fondo de articulaci\u00f3n. Por tratarse de pago de cupos y no de grupos, la Vicerrector\u00eda Acad\u00e9mica no reconoce pagos por deserci\u00f3n.<\/li>\n<li>Los recursos asignados en el marco de esta convocatoria se entregar\u00e1n al (los) programa (s) seleccionados en dos pagos, asi: un primer pago, porterior a la matricula para el periodo 2017-2 (previa entrega de soportes), y un segundo pago, inmediantamente se realice la matricula\u00a0 para el periodo 2018 -1 (previa entrega de soportes respectivos).<\/li>\n<\/ul>\n<p>&nbsp;<\/p>\n<p><strong>\u00a0<\/strong><\/p>\n<p><strong>\u00a0<\/strong><\/p>\n<p><strong>CRONOGRAMA<\/strong><\/p>\n<p><strong>\u00a0<\/strong><\/p>\n<table>\n<tbody>\n<tr>\n<td width=\"251\"><strong>Actividad<\/strong><\/td>\n<td width=\"270\"><strong>Fecha de finalizaci\u00f3n<\/strong><\/td>\n<\/tr>\n<tr>\n<td width=\"251\">Publicaci\u00f3n de convocatoria<\/td>\n<td width=\"270\">18 de octubre<\/td>\n<\/tr>\n<tr>\n<td width=\"251\">Presentaci\u00f3n de propuestas<\/td>\n<td width=\"270\">Hasta las 12 m del 19 de octubre<\/td>\n<\/tr>\n<tr>\n<td width=\"251\">Evaluaci\u00f3n de propuestas<\/td>\n<td width=\"270\">Hasta el 19 de octubre<\/td>\n<\/tr>\n<tr>\n<td width=\"251\">Publicaci\u00f3n de resultados<\/td>\n<td width=\"270\">19 de octubre<\/td>\n<\/tr>\n<tr>\n<td width=\"251\">Plazo para la Ejecuci\u00f3n de propuestas<\/td>\n<td width=\"270\">Hasta finalizaci\u00f3n del convenio Especifico<\/td>\n<\/tr>\n<\/tbody>\n<\/table>\n<p><strong>\u00a0<\/strong><\/p>\n<p><strong>\u00a0<\/strong><\/p>\n<p><strong>DOCUMENTACI\u00d3N REQUERIDA<\/strong><\/p>\n<p>&nbsp;<\/p>\n<ul>\n<li>Propuesta t\u00e9cnico econ\u00f3mica (Incluyendo la justificaci\u00f3n)<\/li>\n<\/ul>\n<p>&nbsp;<\/p>\n<p>Los grupos a los cuales se les adjudiquen los recursos, recibir\u00e1n una notificaci\u00f3n por escrito con los resultados previa evaluaci\u00f3n de las propuestas por parte de la Vicerrector\u00eda Acad\u00e9mica.<\/p>\n<p>&nbsp;<\/p>\n<p>Mayores informes:<\/p>\n<p>&nbsp;<\/p>\n<p>Vicerrector\u00eda Acad\u00e9mica \u2013 Oficina de Educaci\u00f3n a distancia y virtualidad<\/p>\n<p>Tel\u00e9fono 8781500 Ext 11245<\/p>\n<p>Correo electr\u00f3nico: eduardo.restrepo@ucaldas.edu.co<\/p>\n<p>&nbsp;<\/p>\n<p>&nbsp;<\/p>\n<p>&nbsp;<\/p>\n<p>Manizales, octubre 18 de 2017<\/p>\n<p>&nbsp;<\/p>\n<p>&nbsp;<\/p>\n<p>&nbsp;<\/p>\n<table width=\"641\">\n<tbody>\n<tr>\n<td width=\"321\">___________________________________<\/p>\n<p><strong>Orlando Londo\u00f1o Betancourt<\/strong><\/p>\n<p>Vicerrector Acad\u00e9mico<\/td>\n<td width=\"321\"><\/td>\n<\/tr>\n<\/tbody>\n<\/table>\n<p>&nbsp;<\/p>\n<p>&nbsp;<\/p>\n<p>&nbsp;<\/p>\n<p>&nbsp;<\/p>\n<p>______________________________________<\/p>\n<p>VoBo. EDUARDO RESTREPO SALGADO<\/p>\n<p>Jefe Oficina de Educaci\u00f3n a Distancia y Virtualidad<\/p>\n","protected":false},"excerpt":{"rendered":"<p>CONVOCATORIA VICERRECTORIA ACAD\u00c9MICA FONDO DE ARTICULACI\u00d3N \u2013 PROGRAMAS UNIVERSIDAD EN TU COLEGIO PRESENTACION &nbsp; En el marco del convenio Interadministrativo entre la Universidad de Caldas, la Alcald\u00eda de Manizales y la Fundaci\u00f3n L\u00faker, se fortalece el Fondo de Articulaci\u00f3n, a trav\u00e9s del aporte de recursos la Universidad de Caldas ($300.000.000 del recaudo de la estampilla [&hellip;]<\/p>\n","protected":false},"author":2,"featured_media":38391,"comment_status":"closed","ping_status":"open","sticky":false,"template":"","format":"standard","meta":{"footnotes":""},"categories":[53,617,48],"tags":[],"class_list":["post-38390","post","type-post","status-publish","format-standard","has-post-thumbnail","hentry","category-universidad-al-dia","category-ucaldas-colaborativa","category-actualidad"],"yoast_head":"<!-- This site is optimized with the Yoast SEO plugin v27.5 - https:\/\/yoast.com\/product\/yoast-seo-wordpress\/ -->\n<title>Convocatoria del Fondo de Articulaci\u00f3n de los Programas Universidad en tu Colegio .<\/title>\n<meta name=\"robots\" content=\"index, follow, max-snippet:-1, max-image-preview:large, max-video-preview:-1\" \/>\n<link rel=\"canonical\" href=\"https:\/\/www.ucaldas.edu.co\/portal\/convocatoria-del-fondo-de-articulacion-de-los-programas-universidad-en-tu-colegio\/\" \/>\n<script type=\"application\/ld+json\" class=\"yoast-schema-graph\">{\"@context\":\"https:\\\/\\\/schema.org\",\"@graph\":[{\"@type\":\"Article\",\"@id\":\"https:\\\/\\\/www.ucaldas.edu.co\\\/portal\\\/convocatoria-del-fondo-de-articulacion-de-los-programas-universidad-en-tu-colegio\\\/#article\",\"isPartOf\":{\"@id\":\"https:\\\/\\\/www.ucaldas.edu.co\\\/portal\\\/convocatoria-del-fondo-de-articulacion-de-los-programas-universidad-en-tu-colegio\\\/\"},\"author\":{\"name\":\"ofiprensa\",\"@id\":\"https:\\\/\\\/www.ucaldas.edu.co\\\/portal\\\/#\\\/schema\\\/person\\\/a1b482e23449158b4bc319926c074fdf\"},\"headline\":\"Convocatoria del Fondo de Articulaci\u00f3n de los Programas Universidad en tu Colegio\",\"datePublished\":\"2017-10-18T16:26:22+00:00\",\"mainEntityOfPage\":{\"@id\":\"https:\\\/\\\/www.ucaldas.edu.co\\\/portal\\\/convocatoria-del-fondo-de-articulacion-de-los-programas-universidad-en-tu-colegio\\\/\"},\"wordCount\":1443,\"publisher\":{\"@id\":\"https:\\\/\\\/www.ucaldas.edu.co\\\/portal\\\/#organization\"},\"image\":{\"@id\":\"https:\\\/\\\/www.ucaldas.edu.co\\\/portal\\\/convocatoria-del-fondo-de-articulacion-de-los-programas-universidad-en-tu-colegio\\\/#primaryimage\"},\"thumbnailUrl\":\"https:\\\/\\\/www.ucaldas.edu.co\\\/portal\\\/wp-content\\\/uploads\\\/2017\\\/10\\\/MOMENTOS-U.-CALDAS-2017-10-compressor-1.jpg\",\"articleSection\":[\"Universidad al D\u00eda\",\"UCaldas Colaborativa\",\"Actualidad\"],\"inLanguage\":\"es\"},{\"@type\":\"WebPage\",\"@id\":\"https:\\\/\\\/www.ucaldas.edu.co\\\/portal\\\/convocatoria-del-fondo-de-articulacion-de-los-programas-universidad-en-tu-colegio\\\/\",\"url\":\"https:\\\/\\\/www.ucaldas.edu.co\\\/portal\\\/convocatoria-del-fondo-de-articulacion-de-los-programas-universidad-en-tu-colegio\\\/\",\"name\":\"Convocatoria del Fondo de Articulaci\u00f3n de los Programas Universidad en tu Colegio .\",\"isPartOf\":{\"@id\":\"https:\\\/\\\/www.ucaldas.edu.co\\\/portal\\\/#website\"},\"primaryImageOfPage\":{\"@id\":\"https:\\\/\\\/www.ucaldas.edu.co\\\/portal\\\/convocatoria-del-fondo-de-articulacion-de-los-programas-universidad-en-tu-colegio\\\/#primaryimage\"},\"image\":{\"@id\":\"https:\\\/\\\/www.ucaldas.edu.co\\\/portal\\\/convocatoria-del-fondo-de-articulacion-de-los-programas-universidad-en-tu-colegio\\\/#primaryimage\"},\"thumbnailUrl\":\"https:\\\/\\\/www.ucaldas.edu.co\\\/portal\\\/wp-content\\\/uploads\\\/2017\\\/10\\\/MOMENTOS-U.-CALDAS-2017-10-compressor-1.jpg\",\"datePublished\":\"2017-10-18T16:26:22+00:00\",\"breadcrumb\":{\"@id\":\"https:\\\/\\\/www.ucaldas.edu.co\\\/portal\\\/convocatoria-del-fondo-de-articulacion-de-los-programas-universidad-en-tu-colegio\\\/#breadcrumb\"},\"inLanguage\":\"es\",\"potentialAction\":[{\"@type\":\"ReadAction\",\"target\":[\"https:\\\/\\\/www.ucaldas.edu.co\\\/portal\\\/convocatoria-del-fondo-de-articulacion-de-los-programas-universidad-en-tu-colegio\\\/\"]}]},{\"@type\":\"ImageObject\",\"inLanguage\":\"es\",\"@id\":\"https:\\\/\\\/www.ucaldas.edu.co\\\/portal\\\/convocatoria-del-fondo-de-articulacion-de-los-programas-universidad-en-tu-colegio\\\/#primaryimage\",\"url\":\"https:\\\/\\\/www.ucaldas.edu.co\\\/portal\\\/wp-content\\\/uploads\\\/2017\\\/10\\\/MOMENTOS-U.-CALDAS-2017-10-compressor-1.jpg\",\"contentUrl\":\"https:\\\/\\\/www.ucaldas.edu.co\\\/portal\\\/wp-content\\\/uploads\\\/2017\\\/10\\\/MOMENTOS-U.-CALDAS-2017-10-compressor-1.jpg\",\"width\":700,\"height\":400},{\"@type\":\"BreadcrumbList\",\"@id\":\"https:\\\/\\\/www.ucaldas.edu.co\\\/portal\\\/convocatoria-del-fondo-de-articulacion-de-los-programas-universidad-en-tu-colegio\\\/#breadcrumb\",\"itemListElement\":[{\"@type\":\"ListItem\",\"position\":1,\"name\":\"Portada\",\"item\":\"https:\\\/\\\/www.ucaldas.edu.co\\\/portal\\\/\"},{\"@type\":\"ListItem\",\"position\":2,\"name\":\"Convocatoria del Fondo de Articulaci\u00f3n de los Programas Universidad en tu Colegio\"}]},{\"@type\":\"WebSite\",\"@id\":\"https:\\\/\\\/www.ucaldas.edu.co\\\/portal\\\/#website\",\"url\":\"https:\\\/\\\/www.ucaldas.edu.co\\\/portal\\\/\",\"name\":\"Universidad de Caldas\",\"description\":\"\",\"publisher\":{\"@id\":\"https:\\\/\\\/www.ucaldas.edu.co\\\/portal\\\/#organization\"},\"alternateName\":\"U. de Caldas\",\"potentialAction\":[{\"@type\":\"SearchAction\",\"target\":{\"@type\":\"EntryPoint\",\"urlTemplate\":\"https:\\\/\\\/www.ucaldas.edu.co\\\/portal\\\/?s={search_term_string}\"},\"query-input\":{\"@type\":\"PropertyValueSpecification\",\"valueRequired\":true,\"valueName\":\"search_term_string\"}}],\"inLanguage\":\"es\"},{\"@type\":\"Organization\",\"@id\":\"https:\\\/\\\/www.ucaldas.edu.co\\\/portal\\\/#organization\",\"name\":\"Universidad de Caldas\",\"alternateName\":\"U. de Caldas\",\"url\":\"https:\\\/\\\/www.ucaldas.edu.co\\\/portal\\\/\",\"logo\":{\"@type\":\"ImageObject\",\"inLanguage\":\"es\",\"@id\":\"https:\\\/\\\/www.ucaldas.edu.co\\\/portal\\\/#\\\/schema\\\/logo\\\/image\\\/\",\"url\":\"https:\\\/\\\/www.ucaldas.edu.co\\\/portal\\\/wp-content\\\/uploads\\\/2023\\\/11\\\/Logo_horizontal_oscuroU-2023.png\",\"contentUrl\":\"https:\\\/\\\/www.ucaldas.edu.co\\\/portal\\\/wp-content\\\/uploads\\\/2023\\\/11\\\/Logo_horizontal_oscuroU-2023.png\",\"width\":263,\"height\":101,\"caption\":\"Universidad de Caldas\"},\"image\":{\"@id\":\"https:\\\/\\\/www.ucaldas.edu.co\\\/portal\\\/#\\\/schema\\\/logo\\\/image\\\/\"},\"sameAs\":[\"https:\\\/\\\/www.facebook.com\\\/udecaldas\",\"https:\\\/\\\/x.com\\\/udecaldas\",\"https:\\\/\\\/www.youtube.com\\\/universidadcaldas\",\"https:\\\/\\\/www.instagram.com\\\/udecaldas\\\/\"]},{\"@type\":\"Person\",\"@id\":\"https:\\\/\\\/www.ucaldas.edu.co\\\/portal\\\/#\\\/schema\\\/person\\\/a1b482e23449158b4bc319926c074fdf\",\"name\":\"ofiprensa\",\"image\":{\"@type\":\"ImageObject\",\"inLanguage\":\"es\",\"@id\":\"https:\\\/\\\/www.ucaldas.edu.co\\\/portal\\\/wp-content\\\/litespeed\\\/avatar\\\/09ea5085e600095a7a811142c6944527.jpg?ver=1777497608\",\"url\":\"https:\\\/\\\/www.ucaldas.edu.co\\\/portal\\\/wp-content\\\/litespeed\\\/avatar\\\/09ea5085e600095a7a811142c6944527.jpg?ver=1777497608\",\"contentUrl\":\"https:\\\/\\\/www.ucaldas.edu.co\\\/portal\\\/wp-content\\\/litespeed\\\/avatar\\\/09ea5085e600095a7a811142c6944527.jpg?ver=1777497608\",\"caption\":\"ofiprensa\"},\"url\":\"https:\\\/\\\/www.ucaldas.edu.co\\\/portal\\\/author\\\/ofiprensa\\\/\"}]}<\/script>\n<!-- \/ Yoast SEO plugin. -->","yoast_head_json":{"title":"Convocatoria del Fondo de Articulaci\u00f3n de los Programas Universidad en tu Colegio .","robots":{"index":"index","follow":"follow","max-snippet":"max-snippet:-1","max-image-preview":"max-image-preview:large","max-video-preview":"max-video-preview:-1"},"canonical":"https:\/\/www.ucaldas.edu.co\/portal\/convocatoria-del-fondo-de-articulacion-de-los-programas-universidad-en-tu-colegio\/","schema":{"@context":"https:\/\/schema.org","@graph":[{"@type":"Article","@id":"https:\/\/www.ucaldas.edu.co\/portal\/convocatoria-del-fondo-de-articulacion-de-los-programas-universidad-en-tu-colegio\/#article","isPartOf":{"@id":"https:\/\/www.ucaldas.edu.co\/portal\/convocatoria-del-fondo-de-articulacion-de-los-programas-universidad-en-tu-colegio\/"},"author":{"name":"ofiprensa","@id":"https:\/\/www.ucaldas.edu.co\/portal\/#\/schema\/person\/a1b482e23449158b4bc319926c074fdf"},"headline":"Convocatoria del Fondo de Articulaci\u00f3n de los Programas Universidad en tu Colegio","datePublished":"2017-10-18T16:26:22+00:00","mainEntityOfPage":{"@id":"https:\/\/www.ucaldas.edu.co\/portal\/convocatoria-del-fondo-de-articulacion-de-los-programas-universidad-en-tu-colegio\/"},"wordCount":1443,"publisher":{"@id":"https:\/\/www.ucaldas.edu.co\/portal\/#organization"},"image":{"@id":"https:\/\/www.ucaldas.edu.co\/portal\/convocatoria-del-fondo-de-articulacion-de-los-programas-universidad-en-tu-colegio\/#primaryimage"},"thumbnailUrl":"https:\/\/www.ucaldas.edu.co\/portal\/wp-content\/uploads\/2017\/10\/MOMENTOS-U.-CALDAS-2017-10-compressor-1.jpg","articleSection":["Universidad al D\u00eda","UCaldas Colaborativa","Actualidad"],"inLanguage":"es"},{"@type":"WebPage","@id":"https:\/\/www.ucaldas.edu.co\/portal\/convocatoria-del-fondo-de-articulacion-de-los-programas-universidad-en-tu-colegio\/","url":"https:\/\/www.ucaldas.edu.co\/portal\/convocatoria-del-fondo-de-articulacion-de-los-programas-universidad-en-tu-colegio\/","name":"Convocatoria del Fondo de Articulaci\u00f3n de los Programas Universidad en tu Colegio .","isPartOf":{"@id":"https:\/\/www.ucaldas.edu.co\/portal\/#website"},"primaryImageOfPage":{"@id":"https:\/\/www.ucaldas.edu.co\/portal\/convocatoria-del-fondo-de-articulacion-de-los-programas-universidad-en-tu-colegio\/#primaryimage"},"image":{"@id":"https:\/\/www.ucaldas.edu.co\/portal\/convocatoria-del-fondo-de-articulacion-de-los-programas-universidad-en-tu-colegio\/#primaryimage"},"thumbnailUrl":"https:\/\/www.ucaldas.edu.co\/portal\/wp-content\/uploads\/2017\/10\/MOMENTOS-U.-CALDAS-2017-10-compressor-1.jpg","datePublished":"2017-10-18T16:26:22+00:00","breadcrumb":{"@id":"https:\/\/www.ucaldas.edu.co\/portal\/convocatoria-del-fondo-de-articulacion-de-los-programas-universidad-en-tu-colegio\/#breadcrumb"},"inLanguage":"es","potentialAction":[{"@type":"ReadAction","target":["https:\/\/www.ucaldas.edu.co\/portal\/convocatoria-del-fondo-de-articulacion-de-los-programas-universidad-en-tu-colegio\/"]}]},{"@type":"ImageObject","inLanguage":"es","@id":"https:\/\/www.ucaldas.edu.co\/portal\/convocatoria-del-fondo-de-articulacion-de-los-programas-universidad-en-tu-colegio\/#primaryimage","url":"https:\/\/www.ucaldas.edu.co\/portal\/wp-content\/uploads\/2017\/10\/MOMENTOS-U.-CALDAS-2017-10-compressor-1.jpg","contentUrl":"https:\/\/www.ucaldas.edu.co\/portal\/wp-content\/uploads\/2017\/10\/MOMENTOS-U.-CALDAS-2017-10-compressor-1.jpg","width":700,"height":400},{"@type":"BreadcrumbList","@id":"https:\/\/www.ucaldas.edu.co\/portal\/convocatoria-del-fondo-de-articulacion-de-los-programas-universidad-en-tu-colegio\/#breadcrumb","itemListElement":[{"@type":"ListItem","position":1,"name":"Portada","item":"https:\/\/www.ucaldas.edu.co\/portal\/"},{"@type":"ListItem","position":2,"name":"Convocatoria del Fondo de Articulaci\u00f3n de los Programas Universidad en tu Colegio"}]},{"@type":"WebSite","@id":"https:\/\/www.ucaldas.edu.co\/portal\/#website","url":"https:\/\/www.ucaldas.edu.co\/portal\/","name":"Universidad de Caldas","description":"","publisher":{"@id":"https:\/\/www.ucaldas.edu.co\/portal\/#organization"},"alternateName":"U. de Caldas","potentialAction":[{"@type":"SearchAction","target":{"@type":"EntryPoint","urlTemplate":"https:\/\/www.ucaldas.edu.co\/portal\/?s={search_term_string}"},"query-input":{"@type":"PropertyValueSpecification","valueRequired":true,"valueName":"search_term_string"}}],"inLanguage":"es"},{"@type":"Organization","@id":"https:\/\/www.ucaldas.edu.co\/portal\/#organization","name":"Universidad de Caldas","alternateName":"U. de Caldas","url":"https:\/\/www.ucaldas.edu.co\/portal\/","logo":{"@type":"ImageObject","inLanguage":"es","@id":"https:\/\/www.ucaldas.edu.co\/portal\/#\/schema\/logo\/image\/","url":"https:\/\/www.ucaldas.edu.co\/portal\/wp-content\/uploads\/2023\/11\/Logo_horizontal_oscuroU-2023.png","contentUrl":"https:\/\/www.ucaldas.edu.co\/portal\/wp-content\/uploads\/2023\/11\/Logo_horizontal_oscuroU-2023.png","width":263,"height":101,"caption":"Universidad de Caldas"},"image":{"@id":"https:\/\/www.ucaldas.edu.co\/portal\/#\/schema\/logo\/image\/"},"sameAs":["https:\/\/www.facebook.com\/udecaldas","https:\/\/x.com\/udecaldas","https:\/\/www.youtube.com\/universidadcaldas","https:\/\/www.instagram.com\/udecaldas\/"]},{"@type":"Person","@id":"https:\/\/www.ucaldas.edu.co\/portal\/#\/schema\/person\/a1b482e23449158b4bc319926c074fdf","name":"ofiprensa","image":{"@type":"ImageObject","inLanguage":"es","@id":"https:\/\/www.ucaldas.edu.co\/portal\/wp-content\/litespeed\/avatar\/09ea5085e600095a7a811142c6944527.jpg?ver=1777497608","url":"https:\/\/www.ucaldas.edu.co\/portal\/wp-content\/litespeed\/avatar\/09ea5085e600095a7a811142c6944527.jpg?ver=1777497608","contentUrl":"https:\/\/www.ucaldas.edu.co\/portal\/wp-content\/litespeed\/avatar\/09ea5085e600095a7a811142c6944527.jpg?ver=1777497608","caption":"ofiprensa"},"url":"https:\/\/www.ucaldas.edu.co\/portal\/author\/ofiprensa\/"}]}},"_links":{"self":[{"href":"https:\/\/www.ucaldas.edu.co\/portal\/wp-json\/wp\/v2\/posts\/38390","targetHints":{"allow":["GET"]}}],"collection":[{"href":"https:\/\/www.ucaldas.edu.co\/portal\/wp-json\/wp\/v2\/posts"}],"about":[{"href":"https:\/\/www.ucaldas.edu.co\/portal\/wp-json\/wp\/v2\/types\/post"}],"author":[{"embeddable":true,"href":"https:\/\/www.ucaldas.edu.co\/portal\/wp-json\/wp\/v2\/users\/2"}],"replies":[{"embeddable":true,"href":"https:\/\/www.ucaldas.edu.co\/portal\/wp-json\/wp\/v2\/comments?post=38390"}],"version-history":[{"count":0,"href":"https:\/\/www.ucaldas.edu.co\/portal\/wp-json\/wp\/v2\/posts\/38390\/revisions"}],"wp:featuredmedia":[{"embeddable":true,"href":"https:\/\/www.ucaldas.edu.co\/portal\/wp-json\/wp\/v2\/media\/38391"}],"wp:attachment":[{"href":"https:\/\/www.ucaldas.edu.co\/portal\/wp-json\/wp\/v2\/media?parent=38390"}],"wp:term":[{"taxonomy":"category","embeddable":true,"href":"https:\/\/www.ucaldas.edu.co\/portal\/wp-json\/wp\/v2\/categories?post=38390"},{"taxonomy":"post_tag","embeddable":true,"href":"https:\/\/www.ucaldas.edu.co\/portal\/wp-json\/wp\/v2\/tags?post=38390"}],"curies":[{"name":"wp","href":"https:\/\/api.w.org\/{rel}","templated":true}]}}