{"id":38364,"date":"2017-10-17T20:42:29","date_gmt":"2017-10-17T20:42:29","guid":{"rendered":"https:\/\/www.ucaldas.edu.co\/portal\/?p=38364"},"modified":"2017-10-17T20:42:29","modified_gmt":"2017-10-17T20:42:29","slug":"comunidad-u-de-caldas-conocio-detalles-de-convocatoria-aldea-cultural-y-creativa","status":"publish","type":"post","link":"https:\/\/www.ucaldas.edu.co\/portal\/comunidad-u-de-caldas-conocio-detalles-de-convocatoria-aldea-cultural-y-creativa\/","title":{"rendered":"Comunidad U. de Caldas conoci\u00f3 detalles de convocatoria Aldea cultural y creativa"},"content":{"rendered":"<p style=\"text-align: center;\">DE MINCULTURA E INNPULSA<\/p>\n<p style=\"text-align: center;\"><strong>Comunidad U. de Caldas conoci\u00f3 detalles de convocatoria Aldea cultural y creativa<\/strong><\/p>\n<p style=\"text-align: right;\">17\/10\/2017<\/p>\n<p><strong><img loading=\"lazy\" decoding=\"async\" class=\"size-full wp-image-38365 aligncenter\" src=\"https:\/\/www.ucaldas.edu.co\/portal\/wp-content\/uploads\/2017\/10\/aldea-compressor.jpg\" alt=\"\" width=\"700\" height=\"400\" srcset=\"https:\/\/www.ucaldas.edu.co\/portal\/wp-content\/uploads\/2017\/10\/aldea-compressor.jpg 700w, https:\/\/www.ucaldas.edu.co\/portal\/wp-content\/uploads\/2017\/10\/aldea-compressor-300x171.jpg 300w\" sizes=\"auto, (max-width: 700px) 100vw, 700px\" \/><\/strong><\/p>\n<p><strong>Empresarios y emprendedores del pa\u00eds pueden participar en la convocatoria Aldea cultural y creativa, de MinCultura e iNNpulsa,<\/strong> que busca el fortalecimiento empresarial del sector cultural y creativo. El pasado 13 de octubre del 2017 se realiz\u00f3 en la Universidad de Caldas la socializaci\u00f3n de esta propuesta.<\/p>\n<p><!--more--><\/p>\n<p>Luc\u00eda Hern\u00e1ndez, <strong>Asesora del Grupo de Emprendimiento Cultural del Ministerio de Cultural, expres\u00f3:<\/strong> \u201cAldea es un programa que este a\u00f1o abre la convocatoria por la cual se destinan recursos para beneficiar a industrias culturales y creativas de todo el territorio nacional. <strong>Para participar estamos buscando un perfil de empresarios y emprendedores, que tengan un producto diferente a lo que hemos visto antes<\/strong>\u201d.<\/p>\n<p>&nbsp;<\/p>\n<p>\u201cLa <strong>U. de Caldas siempre ha sido aliada estrat\u00e9gica y muchos de los eventos que se realizan para buscar el impulso al sector cultural<\/strong>. La Universidad nos apoya en la secretar\u00eda t\u00e9cnica de uno de los programas, que es la columna vertebral del grupo, pues Manizales es una de las 11 ciudades que ha implementado el Programa de Nodos de Emprendimiento a nivel nacional. Con ello, buscamos la descentralizaci\u00f3n de los lineamientos de pol\u00edtica p\u00fablica\u00bb, dijo.<\/p>\n<p>&nbsp;<\/p>\n<p><strong>Sobre la convocatoria Aldea Cultural y Creativa:<\/strong><\/p>\n<p>Busca construir una comunidad donde empresarios y emprendedores innovadores de la industria cultural y creativa tienen la oportunidad de participar, trav\u00e9s de un proceso que les permitir\u00e1 conectarse con expertos, aliados y asesores, teniendo como punto de encuentro una plataforma virtual (http:\/\/aldeainnpulsa.com). Esta iniciativa, que tiene una bolsa total de $680 millones, se lleva a cabo en el Programa Nodos de Emprendimiento Cultural, impulsado por MinCultura.<\/p>\n<p>&nbsp;<\/p>\n<p><a href=\"https:\/\/www.innpulsacolombia.com\/es\/oferta\/programa-aldea\">Conozca aqu\u00ed todos los detalles de la convocatoria<\/a><\/p>\n<p>&nbsp;<\/p>\n<p><a href=\"https:\/\/www.facebook.com\/media\/set\/?set=a.1572554452806414.1073745730.107054166023124&amp;type=1&amp;l=30a7e1f639\">Conozca im\u00e1genes de la socializaci\u00f3n de la convocatoria Aldea cultural y creativa<\/a><\/p>\n<p>&nbsp;<\/p>\n<p><strong>Informes:<\/strong>\u00a0Oficina de Comunicaciones y Prensa U. de Caldas, tel\u00e9fono 878 15 00 extensi\u00f3n 12 167.<\/p>\n<p><strong>Redacci\u00f3n:<\/strong> Margarita Laverde<\/p>\n<p>&nbsp;<\/p>\n","protected":false},"excerpt":{"rendered":"<p>DE MINCULTURA E INNPULSA Comunidad U. de Caldas conoci\u00f3 detalles de convocatoria Aldea cultural y creativa 17\/10\/2017 Empresarios y emprendedores del pa\u00eds pueden participar en la convocatoria Aldea cultural y creativa, de MinCultura e iNNpulsa, que busca el fortalecimiento empresarial del sector cultural y creativo. El pasado 13 de octubre del 2017 se realiz\u00f3 en [&hellip;]<\/p>\n","protected":false},"author":2,"featured_media":38365,"comment_status":"closed","ping_status":"open","sticky":false,"template":"","format":"standard","meta":{"footnotes":""},"categories":[48,53,617],"tags":[55,141,302],"class_list":["post-38364","post","type-post","status-publish","format-standard","has-post-thumbnail","hentry","category-actualidad","category-universidad-al-dia","category-ucaldas-colaborativa","tag-academia","tag-convocatoria","tag-socializacion"],"yoast_head":"<!-- This site is optimized with the Yoast SEO plugin v27.5 - https:\/\/yoast.com\/product\/yoast-seo-wordpress\/ -->\n<title>Comunidad U. de Caldas conoci\u00f3 detalles de convocatoria Aldea cultural y creativa .<\/title>\n<meta name=\"robots\" content=\"index, follow, max-snippet:-1, max-image-preview:large, max-video-preview:-1\" \/>\n<link rel=\"canonical\" href=\"https:\/\/www.ucaldas.edu.co\/portal\/comunidad-u-de-caldas-conocio-detalles-de-convocatoria-aldea-cultural-y-creativa\/\" \/>\n<script type=\"application\/ld+json\" class=\"yoast-schema-graph\">{\"@context\":\"https:\\\/\\\/schema.org\",\"@graph\":[{\"@type\":\"Article\",\"@id\":\"https:\\\/\\\/www.ucaldas.edu.co\\\/portal\\\/comunidad-u-de-caldas-conocio-detalles-de-convocatoria-aldea-cultural-y-creativa\\\/#article\",\"isPartOf\":{\"@id\":\"https:\\\/\\\/www.ucaldas.edu.co\\\/portal\\\/comunidad-u-de-caldas-conocio-detalles-de-convocatoria-aldea-cultural-y-creativa\\\/\"},\"author\":{\"name\":\"ofiprensa\",\"@id\":\"https:\\\/\\\/www.ucaldas.edu.co\\\/portal\\\/#\\\/schema\\\/person\\\/a1b482e23449158b4bc319926c074fdf\"},\"headline\":\"Comunidad U. de Caldas conoci\u00f3 detalles de convocatoria Aldea cultural y creativa\",\"datePublished\":\"2017-10-17T20:42:29+00:00\",\"mainEntityOfPage\":{\"@id\":\"https:\\\/\\\/www.ucaldas.edu.co\\\/portal\\\/comunidad-u-de-caldas-conocio-detalles-de-convocatoria-aldea-cultural-y-creativa\\\/\"},\"wordCount\":341,\"publisher\":{\"@id\":\"https:\\\/\\\/www.ucaldas.edu.co\\\/portal\\\/#organization\"},\"image\":{\"@id\":\"https:\\\/\\\/www.ucaldas.edu.co\\\/portal\\\/comunidad-u-de-caldas-conocio-detalles-de-convocatoria-aldea-cultural-y-creativa\\\/#primaryimage\"},\"thumbnailUrl\":\"https:\\\/\\\/www.ucaldas.edu.co\\\/portal\\\/wp-content\\\/uploads\\\/2017\\\/10\\\/aldea-compressor.jpg\",\"keywords\":[\"academia\",\"Convocatoria\",\"socializaci\u00f3n\"],\"articleSection\":[\"Actualidad\",\"Universidad al D\u00eda\",\"UCaldas Colaborativa\"],\"inLanguage\":\"es\"},{\"@type\":\"WebPage\",\"@id\":\"https:\\\/\\\/www.ucaldas.edu.co\\\/portal\\\/comunidad-u-de-caldas-conocio-detalles-de-convocatoria-aldea-cultural-y-creativa\\\/\",\"url\":\"https:\\\/\\\/www.ucaldas.edu.co\\\/portal\\\/comunidad-u-de-caldas-conocio-detalles-de-convocatoria-aldea-cultural-y-creativa\\\/\",\"name\":\"Comunidad U. de Caldas conoci\u00f3 detalles de convocatoria Aldea cultural y creativa .\",\"isPartOf\":{\"@id\":\"https:\\\/\\\/www.ucaldas.edu.co\\\/portal\\\/#website\"},\"primaryImageOfPage\":{\"@id\":\"https:\\\/\\\/www.ucaldas.edu.co\\\/portal\\\/comunidad-u-de-caldas-conocio-detalles-de-convocatoria-aldea-cultural-y-creativa\\\/#primaryimage\"},\"image\":{\"@id\":\"https:\\\/\\\/www.ucaldas.edu.co\\\/portal\\\/comunidad-u-de-caldas-conocio-detalles-de-convocatoria-aldea-cultural-y-creativa\\\/#primaryimage\"},\"thumbnailUrl\":\"https:\\\/\\\/www.ucaldas.edu.co\\\/portal\\\/wp-content\\\/uploads\\\/2017\\\/10\\\/aldea-compressor.jpg\",\"datePublished\":\"2017-10-17T20:42:29+00:00\",\"breadcrumb\":{\"@id\":\"https:\\\/\\\/www.ucaldas.edu.co\\\/portal\\\/comunidad-u-de-caldas-conocio-detalles-de-convocatoria-aldea-cultural-y-creativa\\\/#breadcrumb\"},\"inLanguage\":\"es\",\"potentialAction\":[{\"@type\":\"ReadAction\",\"target\":[\"https:\\\/\\\/www.ucaldas.edu.co\\\/portal\\\/comunidad-u-de-caldas-conocio-detalles-de-convocatoria-aldea-cultural-y-creativa\\\/\"]}]},{\"@type\":\"ImageObject\",\"inLanguage\":\"es\",\"@id\":\"https:\\\/\\\/www.ucaldas.edu.co\\\/portal\\\/comunidad-u-de-caldas-conocio-detalles-de-convocatoria-aldea-cultural-y-creativa\\\/#primaryimage\",\"url\":\"https:\\\/\\\/www.ucaldas.edu.co\\\/portal\\\/wp-content\\\/uploads\\\/2017\\\/10\\\/aldea-compressor.jpg\",\"contentUrl\":\"https:\\\/\\\/www.ucaldas.edu.co\\\/portal\\\/wp-content\\\/uploads\\\/2017\\\/10\\\/aldea-compressor.jpg\",\"width\":700,\"height\":400},{\"@type\":\"BreadcrumbList\",\"@id\":\"https:\\\/\\\/www.ucaldas.edu.co\\\/portal\\\/comunidad-u-de-caldas-conocio-detalles-de-convocatoria-aldea-cultural-y-creativa\\\/#breadcrumb\",\"itemListElement\":[{\"@type\":\"ListItem\",\"position\":1,\"name\":\"Portada\",\"item\":\"https:\\\/\\\/www.ucaldas.edu.co\\\/portal\\\/\"},{\"@type\":\"ListItem\",\"position\":2,\"name\":\"Comunidad U. de Caldas conoci\u00f3 detalles de convocatoria Aldea cultural y creativa\"}]},{\"@type\":\"WebSite\",\"@id\":\"https:\\\/\\\/www.ucaldas.edu.co\\\/portal\\\/#website\",\"url\":\"https:\\\/\\\/www.ucaldas.edu.co\\\/portal\\\/\",\"name\":\"Universidad de Caldas\",\"description\":\"\",\"publisher\":{\"@id\":\"https:\\\/\\\/www.ucaldas.edu.co\\\/portal\\\/#organization\"},\"alternateName\":\"U. de Caldas\",\"potentialAction\":[{\"@type\":\"SearchAction\",\"target\":{\"@type\":\"EntryPoint\",\"urlTemplate\":\"https:\\\/\\\/www.ucaldas.edu.co\\\/portal\\\/?s={search_term_string}\"},\"query-input\":{\"@type\":\"PropertyValueSpecification\",\"valueRequired\":true,\"valueName\":\"search_term_string\"}}],\"inLanguage\":\"es\"},{\"@type\":\"Organization\",\"@id\":\"https:\\\/\\\/www.ucaldas.edu.co\\\/portal\\\/#organization\",\"name\":\"Universidad de Caldas\",\"alternateName\":\"U. de Caldas\",\"url\":\"https:\\\/\\\/www.ucaldas.edu.co\\\/portal\\\/\",\"logo\":{\"@type\":\"ImageObject\",\"inLanguage\":\"es\",\"@id\":\"https:\\\/\\\/www.ucaldas.edu.co\\\/portal\\\/#\\\/schema\\\/logo\\\/image\\\/\",\"url\":\"https:\\\/\\\/www.ucaldas.edu.co\\\/portal\\\/wp-content\\\/uploads\\\/2023\\\/11\\\/Logo_horizontal_oscuroU-2023.png\",\"contentUrl\":\"https:\\\/\\\/www.ucaldas.edu.co\\\/portal\\\/wp-content\\\/uploads\\\/2023\\\/11\\\/Logo_horizontal_oscuroU-2023.png\",\"width\":263,\"height\":101,\"caption\":\"Universidad de Caldas\"},\"image\":{\"@id\":\"https:\\\/\\\/www.ucaldas.edu.co\\\/portal\\\/#\\\/schema\\\/logo\\\/image\\\/\"},\"sameAs\":[\"https:\\\/\\\/www.facebook.com\\\/udecaldas\",\"https:\\\/\\\/x.com\\\/udecaldas\",\"https:\\\/\\\/www.youtube.com\\\/universidadcaldas\",\"https:\\\/\\\/www.instagram.com\\\/udecaldas\\\/\"]},{\"@type\":\"Person\",\"@id\":\"https:\\\/\\\/www.ucaldas.edu.co\\\/portal\\\/#\\\/schema\\\/person\\\/a1b482e23449158b4bc319926c074fdf\",\"name\":\"ofiprensa\",\"image\":{\"@type\":\"ImageObject\",\"inLanguage\":\"es\",\"@id\":\"https:\\\/\\\/www.ucaldas.edu.co\\\/portal\\\/wp-content\\\/litespeed\\\/avatar\\\/09ea5085e600095a7a811142c6944527.jpg?ver=1777497608\",\"url\":\"https:\\\/\\\/www.ucaldas.edu.co\\\/portal\\\/wp-content\\\/litespeed\\\/avatar\\\/09ea5085e600095a7a811142c6944527.jpg?ver=1777497608\",\"contentUrl\":\"https:\\\/\\\/www.ucaldas.edu.co\\\/portal\\\/wp-content\\\/litespeed\\\/avatar\\\/09ea5085e600095a7a811142c6944527.jpg?ver=1777497608\",\"caption\":\"ofiprensa\"},\"url\":\"https:\\\/\\\/www.ucaldas.edu.co\\\/portal\\\/author\\\/ofiprensa\\\/\"}]}<\/script>\n<!-- \/ Yoast SEO plugin. -->","yoast_head_json":{"title":"Comunidad U. de Caldas conoci\u00f3 detalles de convocatoria Aldea cultural y creativa .","robots":{"index":"index","follow":"follow","max-snippet":"max-snippet:-1","max-image-preview":"max-image-preview:large","max-video-preview":"max-video-preview:-1"},"canonical":"https:\/\/www.ucaldas.edu.co\/portal\/comunidad-u-de-caldas-conocio-detalles-de-convocatoria-aldea-cultural-y-creativa\/","schema":{"@context":"https:\/\/schema.org","@graph":[{"@type":"Article","@id":"https:\/\/www.ucaldas.edu.co\/portal\/comunidad-u-de-caldas-conocio-detalles-de-convocatoria-aldea-cultural-y-creativa\/#article","isPartOf":{"@id":"https:\/\/www.ucaldas.edu.co\/portal\/comunidad-u-de-caldas-conocio-detalles-de-convocatoria-aldea-cultural-y-creativa\/"},"author":{"name":"ofiprensa","@id":"https:\/\/www.ucaldas.edu.co\/portal\/#\/schema\/person\/a1b482e23449158b4bc319926c074fdf"},"headline":"Comunidad U. de Caldas conoci\u00f3 detalles de convocatoria Aldea cultural y creativa","datePublished":"2017-10-17T20:42:29+00:00","mainEntityOfPage":{"@id":"https:\/\/www.ucaldas.edu.co\/portal\/comunidad-u-de-caldas-conocio-detalles-de-convocatoria-aldea-cultural-y-creativa\/"},"wordCount":341,"publisher":{"@id":"https:\/\/www.ucaldas.edu.co\/portal\/#organization"},"image":{"@id":"https:\/\/www.ucaldas.edu.co\/portal\/comunidad-u-de-caldas-conocio-detalles-de-convocatoria-aldea-cultural-y-creativa\/#primaryimage"},"thumbnailUrl":"https:\/\/www.ucaldas.edu.co\/portal\/wp-content\/uploads\/2017\/10\/aldea-compressor.jpg","keywords":["academia","Convocatoria","socializaci\u00f3n"],"articleSection":["Actualidad","Universidad al D\u00eda","UCaldas Colaborativa"],"inLanguage":"es"},{"@type":"WebPage","@id":"https:\/\/www.ucaldas.edu.co\/portal\/comunidad-u-de-caldas-conocio-detalles-de-convocatoria-aldea-cultural-y-creativa\/","url":"https:\/\/www.ucaldas.edu.co\/portal\/comunidad-u-de-caldas-conocio-detalles-de-convocatoria-aldea-cultural-y-creativa\/","name":"Comunidad U. de Caldas conoci\u00f3 detalles de convocatoria Aldea cultural y creativa .","isPartOf":{"@id":"https:\/\/www.ucaldas.edu.co\/portal\/#website"},"primaryImageOfPage":{"@id":"https:\/\/www.ucaldas.edu.co\/portal\/comunidad-u-de-caldas-conocio-detalles-de-convocatoria-aldea-cultural-y-creativa\/#primaryimage"},"image":{"@id":"https:\/\/www.ucaldas.edu.co\/portal\/comunidad-u-de-caldas-conocio-detalles-de-convocatoria-aldea-cultural-y-creativa\/#primaryimage"},"thumbnailUrl":"https:\/\/www.ucaldas.edu.co\/portal\/wp-content\/uploads\/2017\/10\/aldea-compressor.jpg","datePublished":"2017-10-17T20:42:29+00:00","breadcrumb":{"@id":"https:\/\/www.ucaldas.edu.co\/portal\/comunidad-u-de-caldas-conocio-detalles-de-convocatoria-aldea-cultural-y-creativa\/#breadcrumb"},"inLanguage":"es","potentialAction":[{"@type":"ReadAction","target":["https:\/\/www.ucaldas.edu.co\/portal\/comunidad-u-de-caldas-conocio-detalles-de-convocatoria-aldea-cultural-y-creativa\/"]}]},{"@type":"ImageObject","inLanguage":"es","@id":"https:\/\/www.ucaldas.edu.co\/portal\/comunidad-u-de-caldas-conocio-detalles-de-convocatoria-aldea-cultural-y-creativa\/#primaryimage","url":"https:\/\/www.ucaldas.edu.co\/portal\/wp-content\/uploads\/2017\/10\/aldea-compressor.jpg","contentUrl":"https:\/\/www.ucaldas.edu.co\/portal\/wp-content\/uploads\/2017\/10\/aldea-compressor.jpg","width":700,"height":400},{"@type":"BreadcrumbList","@id":"https:\/\/www.ucaldas.edu.co\/portal\/comunidad-u-de-caldas-conocio-detalles-de-convocatoria-aldea-cultural-y-creativa\/#breadcrumb","itemListElement":[{"@type":"ListItem","position":1,"name":"Portada","item":"https:\/\/www.ucaldas.edu.co\/portal\/"},{"@type":"ListItem","position":2,"name":"Comunidad U. de Caldas conoci\u00f3 detalles de convocatoria Aldea cultural y creativa"}]},{"@type":"WebSite","@id":"https:\/\/www.ucaldas.edu.co\/portal\/#website","url":"https:\/\/www.ucaldas.edu.co\/portal\/","name":"Universidad de Caldas","description":"","publisher":{"@id":"https:\/\/www.ucaldas.edu.co\/portal\/#organization"},"alternateName":"U. de Caldas","potentialAction":[{"@type":"SearchAction","target":{"@type":"EntryPoint","urlTemplate":"https:\/\/www.ucaldas.edu.co\/portal\/?s={search_term_string}"},"query-input":{"@type":"PropertyValueSpecification","valueRequired":true,"valueName":"search_term_string"}}],"inLanguage":"es"},{"@type":"Organization","@id":"https:\/\/www.ucaldas.edu.co\/portal\/#organization","name":"Universidad de Caldas","alternateName":"U. de Caldas","url":"https:\/\/www.ucaldas.edu.co\/portal\/","logo":{"@type":"ImageObject","inLanguage":"es","@id":"https:\/\/www.ucaldas.edu.co\/portal\/#\/schema\/logo\/image\/","url":"https:\/\/www.ucaldas.edu.co\/portal\/wp-content\/uploads\/2023\/11\/Logo_horizontal_oscuroU-2023.png","contentUrl":"https:\/\/www.ucaldas.edu.co\/portal\/wp-content\/uploads\/2023\/11\/Logo_horizontal_oscuroU-2023.png","width":263,"height":101,"caption":"Universidad de Caldas"},"image":{"@id":"https:\/\/www.ucaldas.edu.co\/portal\/#\/schema\/logo\/image\/"},"sameAs":["https:\/\/www.facebook.com\/udecaldas","https:\/\/x.com\/udecaldas","https:\/\/www.youtube.com\/universidadcaldas","https:\/\/www.instagram.com\/udecaldas\/"]},{"@type":"Person","@id":"https:\/\/www.ucaldas.edu.co\/portal\/#\/schema\/person\/a1b482e23449158b4bc319926c074fdf","name":"ofiprensa","image":{"@type":"ImageObject","inLanguage":"es","@id":"https:\/\/www.ucaldas.edu.co\/portal\/wp-content\/litespeed\/avatar\/09ea5085e600095a7a811142c6944527.jpg?ver=1777497608","url":"https:\/\/www.ucaldas.edu.co\/portal\/wp-content\/litespeed\/avatar\/09ea5085e600095a7a811142c6944527.jpg?ver=1777497608","contentUrl":"https:\/\/www.ucaldas.edu.co\/portal\/wp-content\/litespeed\/avatar\/09ea5085e600095a7a811142c6944527.jpg?ver=1777497608","caption":"ofiprensa"},"url":"https:\/\/www.ucaldas.edu.co\/portal\/author\/ofiprensa\/"}]}},"_links":{"self":[{"href":"https:\/\/www.ucaldas.edu.co\/portal\/wp-json\/wp\/v2\/posts\/38364","targetHints":{"allow":["GET"]}}],"collection":[{"href":"https:\/\/www.ucaldas.edu.co\/portal\/wp-json\/wp\/v2\/posts"}],"about":[{"href":"https:\/\/www.ucaldas.edu.co\/portal\/wp-json\/wp\/v2\/types\/post"}],"author":[{"embeddable":true,"href":"https:\/\/www.ucaldas.edu.co\/portal\/wp-json\/wp\/v2\/users\/2"}],"replies":[{"embeddable":true,"href":"https:\/\/www.ucaldas.edu.co\/portal\/wp-json\/wp\/v2\/comments?post=38364"}],"version-history":[{"count":0,"href":"https:\/\/www.ucaldas.edu.co\/portal\/wp-json\/wp\/v2\/posts\/38364\/revisions"}],"wp:featuredmedia":[{"embeddable":true,"href":"https:\/\/www.ucaldas.edu.co\/portal\/wp-json\/wp\/v2\/media\/38365"}],"wp:attachment":[{"href":"https:\/\/www.ucaldas.edu.co\/portal\/wp-json\/wp\/v2\/media?parent=38364"}],"wp:term":[{"taxonomy":"category","embeddable":true,"href":"https:\/\/www.ucaldas.edu.co\/portal\/wp-json\/wp\/v2\/categories?post=38364"},{"taxonomy":"post_tag","embeddable":true,"href":"https:\/\/www.ucaldas.edu.co\/portal\/wp-json\/wp\/v2\/tags?post=38364"}],"curies":[{"name":"wp","href":"https:\/\/api.w.org\/{rel}","templated":true}]}}