{"id":38300,"date":"2017-10-10T21:02:27","date_gmt":"2017-10-10T21:02:27","guid":{"rendered":"https:\/\/www.ucaldas.edu.co\/portal\/?p=38300"},"modified":"2017-10-10T21:02:27","modified_gmt":"2017-10-10T21:02:27","slug":"ix-seminario-de-pequena-y-mediana-empresa-y-xi-seminario-de-negocios-internacionales-oct-19","status":"publish","type":"post","link":"https:\/\/www.ucaldas.edu.co\/portal\/ix-seminario-de-pequena-y-mediana-empresa-y-xi-seminario-de-negocios-internacionales-oct-19\/","title":{"rendered":"IX seminario de peque\u00f1a y mediana Empresa y XI seminario de negocios internacionales &#8211; oct 19"},"content":{"rendered":"<p><strong>IX seminario de peque\u00f1a y mediana Empresa y XI seminario de negocios internacionales &#8211; oct 19<br \/>\nDescripci\u00f3n:<\/strong> invitaci\u00f3n del Departamento de Econom\u00eda y Administraci\u00f3n de la Universidad de Caldas. Se impartir\u00e1n conferencias enfocadas a la innovaci\u00f3n, reformas tributarias actuales y procesos de sofisticaci\u00f3n\u00a0 que le ayudaran a tener un mejor panorama en su empresa y su negocio.<br \/>\n<strong>Fecha:<\/strong> jueves 19 de octubre del 2017.<\/p>\n<p><a href=\"https:\/\/gallery.mailchimp.com\/412bb3670d6fa9c6f51405846\/_compresseds\/7ee3263f-6a18-4cb4-9d7a-e43955a70d3a.jpg\">Conozca la programaci\u00f3n del evento<\/a><br \/>\n<strong>Lugar:<\/strong> Auditorio Tulio G\u00f3mez Estrada, Campus Palogrande U. de Caldas.<\/p>\n<p><strong>Informes:<\/strong> Oficina de Comunicaciones y Prensa U. de Caldas, tel\u00e9fono 878 15 00 extensi\u00f3n 12 167.<\/p>\n<p>&nbsp;<\/p>\n","protected":false},"excerpt":{"rendered":"<p>IX seminario de peque\u00f1a y mediana Empresa y XI seminario de negocios internacionales &#8211; oct 19 Descripci\u00f3n: invitaci\u00f3n del Departamento de Econom\u00eda y Administraci\u00f3n de la Universidad de Caldas. Se impartir\u00e1n conferencias enfocadas a la innovaci\u00f3n, reformas tributarias actuales y procesos de sofisticaci\u00f3n\u00a0 que le ayudaran a tener un mejor panorama en su empresa y [&hellip;]<\/p>\n","protected":false},"author":2,"featured_media":0,"comment_status":"closed","ping_status":"open","sticky":false,"template":"","format":"standard","meta":{"footnotes":""},"categories":[62],"tags":[55,57,63,2412],"class_list":["post-38300","post","type-post","status-publish","format-standard","hentry","category-eventos","tag-academia","tag-seminario","tag-participe","tag-pequena-y-mediana-empresa"],"yoast_head":"<!-- This site is optimized with the Yoast SEO plugin v27.5 - https:\/\/yoast.com\/product\/yoast-seo-wordpress\/ -->\n<title>IX seminario de peque\u00f1a y mediana Empresa y XI seminario de negocios internacionales - oct 19 .<\/title>\n<meta name=\"robots\" content=\"index, follow, max-snippet:-1, max-image-preview:large, max-video-preview:-1\" \/>\n<link rel=\"canonical\" href=\"https:\/\/www.ucaldas.edu.co\/portal\/ix-seminario-de-pequena-y-mediana-empresa-y-xi-seminario-de-negocios-internacionales-oct-19\/\" \/>\n<script type=\"application\/ld+json\" class=\"yoast-schema-graph\">{\"@context\":\"https:\\\/\\\/schema.org\",\"@graph\":[{\"@type\":\"Article\",\"@id\":\"https:\\\/\\\/www.ucaldas.edu.co\\\/portal\\\/ix-seminario-de-pequena-y-mediana-empresa-y-xi-seminario-de-negocios-internacionales-oct-19\\\/#article\",\"isPartOf\":{\"@id\":\"https:\\\/\\\/www.ucaldas.edu.co\\\/portal\\\/ix-seminario-de-pequena-y-mediana-empresa-y-xi-seminario-de-negocios-internacionales-oct-19\\\/\"},\"author\":{\"name\":\"ofiprensa\",\"@id\":\"https:\\\/\\\/www.ucaldas.edu.co\\\/portal\\\/#\\\/schema\\\/person\\\/a1b482e23449158b4bc319926c074fdf\"},\"headline\":\"IX seminario de peque\u00f1a y mediana Empresa y XI seminario de negocios internacionales &#8211; oct 19\",\"datePublished\":\"2017-10-10T21:02:27+00:00\",\"mainEntityOfPage\":{\"@id\":\"https:\\\/\\\/www.ucaldas.edu.co\\\/portal\\\/ix-seminario-de-pequena-y-mediana-empresa-y-xi-seminario-de-negocios-internacionales-oct-19\\\/\"},\"wordCount\":116,\"publisher\":{\"@id\":\"https:\\\/\\\/www.ucaldas.edu.co\\\/portal\\\/#organization\"},\"keywords\":[\"academia\",\"seminario\",\"Participe\",\"peque\u00f1a y mediana empresa\"],\"articleSection\":[\"Eventos\"],\"inLanguage\":\"es\"},{\"@type\":\"WebPage\",\"@id\":\"https:\\\/\\\/www.ucaldas.edu.co\\\/portal\\\/ix-seminario-de-pequena-y-mediana-empresa-y-xi-seminario-de-negocios-internacionales-oct-19\\\/\",\"url\":\"https:\\\/\\\/www.ucaldas.edu.co\\\/portal\\\/ix-seminario-de-pequena-y-mediana-empresa-y-xi-seminario-de-negocios-internacionales-oct-19\\\/\",\"name\":\"IX seminario de peque\u00f1a y mediana Empresa y XI seminario de negocios internacionales - oct 19 .\",\"isPartOf\":{\"@id\":\"https:\\\/\\\/www.ucaldas.edu.co\\\/portal\\\/#website\"},\"datePublished\":\"2017-10-10T21:02:27+00:00\",\"breadcrumb\":{\"@id\":\"https:\\\/\\\/www.ucaldas.edu.co\\\/portal\\\/ix-seminario-de-pequena-y-mediana-empresa-y-xi-seminario-de-negocios-internacionales-oct-19\\\/#breadcrumb\"},\"inLanguage\":\"es\",\"potentialAction\":[{\"@type\":\"ReadAction\",\"target\":[\"https:\\\/\\\/www.ucaldas.edu.co\\\/portal\\\/ix-seminario-de-pequena-y-mediana-empresa-y-xi-seminario-de-negocios-internacionales-oct-19\\\/\"]}]},{\"@type\":\"BreadcrumbList\",\"@id\":\"https:\\\/\\\/www.ucaldas.edu.co\\\/portal\\\/ix-seminario-de-pequena-y-mediana-empresa-y-xi-seminario-de-negocios-internacionales-oct-19\\\/#breadcrumb\",\"itemListElement\":[{\"@type\":\"ListItem\",\"position\":1,\"name\":\"Portada\",\"item\":\"https:\\\/\\\/www.ucaldas.edu.co\\\/portal\\\/\"},{\"@type\":\"ListItem\",\"position\":2,\"name\":\"IX seminario de peque\u00f1a y mediana Empresa y XI seminario de negocios internacionales &#8211; oct 19\"}]},{\"@type\":\"WebSite\",\"@id\":\"https:\\\/\\\/www.ucaldas.edu.co\\\/portal\\\/#website\",\"url\":\"https:\\\/\\\/www.ucaldas.edu.co\\\/portal\\\/\",\"name\":\"Universidad de Caldas\",\"description\":\"\",\"publisher\":{\"@id\":\"https:\\\/\\\/www.ucaldas.edu.co\\\/portal\\\/#organization\"},\"alternateName\":\"U. de Caldas\",\"potentialAction\":[{\"@type\":\"SearchAction\",\"target\":{\"@type\":\"EntryPoint\",\"urlTemplate\":\"https:\\\/\\\/www.ucaldas.edu.co\\\/portal\\\/?s={search_term_string}\"},\"query-input\":{\"@type\":\"PropertyValueSpecification\",\"valueRequired\":true,\"valueName\":\"search_term_string\"}}],\"inLanguage\":\"es\"},{\"@type\":\"Organization\",\"@id\":\"https:\\\/\\\/www.ucaldas.edu.co\\\/portal\\\/#organization\",\"name\":\"Universidad de Caldas\",\"alternateName\":\"U. de Caldas\",\"url\":\"https:\\\/\\\/www.ucaldas.edu.co\\\/portal\\\/\",\"logo\":{\"@type\":\"ImageObject\",\"inLanguage\":\"es\",\"@id\":\"https:\\\/\\\/www.ucaldas.edu.co\\\/portal\\\/#\\\/schema\\\/logo\\\/image\\\/\",\"url\":\"https:\\\/\\\/www.ucaldas.edu.co\\\/portal\\\/wp-content\\\/uploads\\\/2023\\\/11\\\/Logo_horizontal_oscuroU-2023.png\",\"contentUrl\":\"https:\\\/\\\/www.ucaldas.edu.co\\\/portal\\\/wp-content\\\/uploads\\\/2023\\\/11\\\/Logo_horizontal_oscuroU-2023.png\",\"width\":263,\"height\":101,\"caption\":\"Universidad de Caldas\"},\"image\":{\"@id\":\"https:\\\/\\\/www.ucaldas.edu.co\\\/portal\\\/#\\\/schema\\\/logo\\\/image\\\/\"},\"sameAs\":[\"https:\\\/\\\/www.facebook.com\\\/udecaldas\",\"https:\\\/\\\/x.com\\\/udecaldas\",\"https:\\\/\\\/www.youtube.com\\\/universidadcaldas\",\"https:\\\/\\\/www.instagram.com\\\/udecaldas\\\/\"]},{\"@type\":\"Person\",\"@id\":\"https:\\\/\\\/www.ucaldas.edu.co\\\/portal\\\/#\\\/schema\\\/person\\\/a1b482e23449158b4bc319926c074fdf\",\"name\":\"ofiprensa\",\"image\":{\"@type\":\"ImageObject\",\"inLanguage\":\"es\",\"@id\":\"https:\\\/\\\/www.ucaldas.edu.co\\\/portal\\\/wp-content\\\/litespeed\\\/avatar\\\/09ea5085e600095a7a811142c6944527.jpg?ver=1777497608\",\"url\":\"https:\\\/\\\/www.ucaldas.edu.co\\\/portal\\\/wp-content\\\/litespeed\\\/avatar\\\/09ea5085e600095a7a811142c6944527.jpg?ver=1777497608\",\"contentUrl\":\"https:\\\/\\\/www.ucaldas.edu.co\\\/portal\\\/wp-content\\\/litespeed\\\/avatar\\\/09ea5085e600095a7a811142c6944527.jpg?ver=1777497608\",\"caption\":\"ofiprensa\"},\"url\":\"https:\\\/\\\/www.ucaldas.edu.co\\\/portal\\\/author\\\/ofiprensa\\\/\"}]}<\/script>\n<!-- \/ Yoast SEO plugin. -->","yoast_head_json":{"title":"IX seminario de peque\u00f1a y mediana Empresa y XI seminario de negocios internacionales - oct 19 .","robots":{"index":"index","follow":"follow","max-snippet":"max-snippet:-1","max-image-preview":"max-image-preview:large","max-video-preview":"max-video-preview:-1"},"canonical":"https:\/\/www.ucaldas.edu.co\/portal\/ix-seminario-de-pequena-y-mediana-empresa-y-xi-seminario-de-negocios-internacionales-oct-19\/","schema":{"@context":"https:\/\/schema.org","@graph":[{"@type":"Article","@id":"https:\/\/www.ucaldas.edu.co\/portal\/ix-seminario-de-pequena-y-mediana-empresa-y-xi-seminario-de-negocios-internacionales-oct-19\/#article","isPartOf":{"@id":"https:\/\/www.ucaldas.edu.co\/portal\/ix-seminario-de-pequena-y-mediana-empresa-y-xi-seminario-de-negocios-internacionales-oct-19\/"},"author":{"name":"ofiprensa","@id":"https:\/\/www.ucaldas.edu.co\/portal\/#\/schema\/person\/a1b482e23449158b4bc319926c074fdf"},"headline":"IX seminario de peque\u00f1a y mediana Empresa y XI seminario de negocios internacionales &#8211; oct 19","datePublished":"2017-10-10T21:02:27+00:00","mainEntityOfPage":{"@id":"https:\/\/www.ucaldas.edu.co\/portal\/ix-seminario-de-pequena-y-mediana-empresa-y-xi-seminario-de-negocios-internacionales-oct-19\/"},"wordCount":116,"publisher":{"@id":"https:\/\/www.ucaldas.edu.co\/portal\/#organization"},"keywords":["academia","seminario","Participe","peque\u00f1a y mediana empresa"],"articleSection":["Eventos"],"inLanguage":"es"},{"@type":"WebPage","@id":"https:\/\/www.ucaldas.edu.co\/portal\/ix-seminario-de-pequena-y-mediana-empresa-y-xi-seminario-de-negocios-internacionales-oct-19\/","url":"https:\/\/www.ucaldas.edu.co\/portal\/ix-seminario-de-pequena-y-mediana-empresa-y-xi-seminario-de-negocios-internacionales-oct-19\/","name":"IX seminario de peque\u00f1a y mediana Empresa y XI seminario de negocios internacionales - oct 19 .","isPartOf":{"@id":"https:\/\/www.ucaldas.edu.co\/portal\/#website"},"datePublished":"2017-10-10T21:02:27+00:00","breadcrumb":{"@id":"https:\/\/www.ucaldas.edu.co\/portal\/ix-seminario-de-pequena-y-mediana-empresa-y-xi-seminario-de-negocios-internacionales-oct-19\/#breadcrumb"},"inLanguage":"es","potentialAction":[{"@type":"ReadAction","target":["https:\/\/www.ucaldas.edu.co\/portal\/ix-seminario-de-pequena-y-mediana-empresa-y-xi-seminario-de-negocios-internacionales-oct-19\/"]}]},{"@type":"BreadcrumbList","@id":"https:\/\/www.ucaldas.edu.co\/portal\/ix-seminario-de-pequena-y-mediana-empresa-y-xi-seminario-de-negocios-internacionales-oct-19\/#breadcrumb","itemListElement":[{"@type":"ListItem","position":1,"name":"Portada","item":"https:\/\/www.ucaldas.edu.co\/portal\/"},{"@type":"ListItem","position":2,"name":"IX seminario de peque\u00f1a y mediana Empresa y XI seminario de negocios internacionales &#8211; oct 19"}]},{"@type":"WebSite","@id":"https:\/\/www.ucaldas.edu.co\/portal\/#website","url":"https:\/\/www.ucaldas.edu.co\/portal\/","name":"Universidad de Caldas","description":"","publisher":{"@id":"https:\/\/www.ucaldas.edu.co\/portal\/#organization"},"alternateName":"U. de Caldas","potentialAction":[{"@type":"SearchAction","target":{"@type":"EntryPoint","urlTemplate":"https:\/\/www.ucaldas.edu.co\/portal\/?s={search_term_string}"},"query-input":{"@type":"PropertyValueSpecification","valueRequired":true,"valueName":"search_term_string"}}],"inLanguage":"es"},{"@type":"Organization","@id":"https:\/\/www.ucaldas.edu.co\/portal\/#organization","name":"Universidad de Caldas","alternateName":"U. de Caldas","url":"https:\/\/www.ucaldas.edu.co\/portal\/","logo":{"@type":"ImageObject","inLanguage":"es","@id":"https:\/\/www.ucaldas.edu.co\/portal\/#\/schema\/logo\/image\/","url":"https:\/\/www.ucaldas.edu.co\/portal\/wp-content\/uploads\/2023\/11\/Logo_horizontal_oscuroU-2023.png","contentUrl":"https:\/\/www.ucaldas.edu.co\/portal\/wp-content\/uploads\/2023\/11\/Logo_horizontal_oscuroU-2023.png","width":263,"height":101,"caption":"Universidad de Caldas"},"image":{"@id":"https:\/\/www.ucaldas.edu.co\/portal\/#\/schema\/logo\/image\/"},"sameAs":["https:\/\/www.facebook.com\/udecaldas","https:\/\/x.com\/udecaldas","https:\/\/www.youtube.com\/universidadcaldas","https:\/\/www.instagram.com\/udecaldas\/"]},{"@type":"Person","@id":"https:\/\/www.ucaldas.edu.co\/portal\/#\/schema\/person\/a1b482e23449158b4bc319926c074fdf","name":"ofiprensa","image":{"@type":"ImageObject","inLanguage":"es","@id":"https:\/\/www.ucaldas.edu.co\/portal\/wp-content\/litespeed\/avatar\/09ea5085e600095a7a811142c6944527.jpg?ver=1777497608","url":"https:\/\/www.ucaldas.edu.co\/portal\/wp-content\/litespeed\/avatar\/09ea5085e600095a7a811142c6944527.jpg?ver=1777497608","contentUrl":"https:\/\/www.ucaldas.edu.co\/portal\/wp-content\/litespeed\/avatar\/09ea5085e600095a7a811142c6944527.jpg?ver=1777497608","caption":"ofiprensa"},"url":"https:\/\/www.ucaldas.edu.co\/portal\/author\/ofiprensa\/"}]}},"_links":{"self":[{"href":"https:\/\/www.ucaldas.edu.co\/portal\/wp-json\/wp\/v2\/posts\/38300","targetHints":{"allow":["GET"]}}],"collection":[{"href":"https:\/\/www.ucaldas.edu.co\/portal\/wp-json\/wp\/v2\/posts"}],"about":[{"href":"https:\/\/www.ucaldas.edu.co\/portal\/wp-json\/wp\/v2\/types\/post"}],"author":[{"embeddable":true,"href":"https:\/\/www.ucaldas.edu.co\/portal\/wp-json\/wp\/v2\/users\/2"}],"replies":[{"embeddable":true,"href":"https:\/\/www.ucaldas.edu.co\/portal\/wp-json\/wp\/v2\/comments?post=38300"}],"version-history":[{"count":0,"href":"https:\/\/www.ucaldas.edu.co\/portal\/wp-json\/wp\/v2\/posts\/38300\/revisions"}],"wp:attachment":[{"href":"https:\/\/www.ucaldas.edu.co\/portal\/wp-json\/wp\/v2\/media?parent=38300"}],"wp:term":[{"taxonomy":"category","embeddable":true,"href":"https:\/\/www.ucaldas.edu.co\/portal\/wp-json\/wp\/v2\/categories?post=38300"},{"taxonomy":"post_tag","embeddable":true,"href":"https:\/\/www.ucaldas.edu.co\/portal\/wp-json\/wp\/v2\/tags?post=38300"}],"curies":[{"name":"wp","href":"https:\/\/api.w.org\/{rel}","templated":true}]}}