{"id":38253,"date":"2017-10-04T19:33:00","date_gmt":"2017-10-04T19:33:00","guid":{"rendered":"https:\/\/www.ucaldas.edu.co\/portal\/?p=38253"},"modified":"2017-10-09T19:42:50","modified_gmt":"2017-10-09T19:42:50","slug":"espere-manana-7-de-octubre-abrazos-de-arte-y-reconciliacion","status":"publish","type":"post","link":"https:\/\/www.ucaldas.edu.co\/portal\/espere-manana-7-de-octubre-abrazos-de-arte-y-reconciliacion\/","title":{"rendered":"Espere ma\u00f1ana 7 de octubre\u00a0abrazos de arte y reconciliaci\u00f3n"},"content":{"rendered":"<blockquote>\n<div>\n<p>&nbsp;<\/p>\n<table id=\"m_-6700336142496095720bodyTable\" border=\"0\" width=\"100%\" cellspacing=\"0\" cellpadding=\"0\" align=\"center\">\n<tbody>\n<tr>\n<td id=\"m_-6700336142496095720bodyCell\" align=\"left\" valign=\"top\">\n<table class=\"m_-6700336142496095720templateContainer\" border=\"0\" width=\"100%\" cellspacing=\"0\" cellpadding=\"0\">\n<tbody>\n<tr>\n<td id=\"m_-6700336142496095720templateHeader\" valign=\"top\">\n<table class=\"m_-6700336142496095720mcnTextBlock\" border=\"0\" width=\"100%\" cellspacing=\"0\" cellpadding=\"0\">\n<tbody class=\"m_-6700336142496095720mcnTextBlockOuter\">\n<tr>\n<td class=\"m_-6700336142496095720mcnTextBlockInner\" valign=\"top\">\n<table class=\"m_-6700336142496095720mcnTextContentContainer\" border=\"0\" width=\"100%\" cellspacing=\"0\" cellpadding=\"0\" align=\"left\">\n<tbody>\n<tr>\n<td class=\"m_-6700336142496095720mcnTextContent\" valign=\"top\">\n<h1><strong>Espere ma\u00f1ana 7 de octubre\u00a0<\/strong><br \/>\n<strong>Abrazos de arte y reconciliaci\u00f3n<\/strong><\/h1>\n<\/td>\n<\/tr>\n<\/tbody>\n<\/table>\n<\/td>\n<\/tr>\n<\/tbody>\n<\/table>\n<\/td>\n<\/tr>\n<tr>\n<td id=\"m_-6700336142496095720templateBody\" valign=\"top\"><img loading=\"lazy\" decoding=\"async\" class=\"size-full wp-image-37925 aligncenter\" src=\"https:\/\/www.ucaldas.edu.co\/portal\/wp-content\/uploads\/2017\/09\/teatro-compressor.jpg\" alt=\"\" width=\"700\" height=\"400\" srcset=\"https:\/\/www.ucaldas.edu.co\/portal\/wp-content\/uploads\/2017\/09\/teatro-compressor.jpg 700w, https:\/\/www.ucaldas.edu.co\/portal\/wp-content\/uploads\/2017\/09\/teatro-compressor-300x171.jpg 300w\" sizes=\"auto, (max-width: 700px) 100vw, 700px\" \/><\/p>\n<table class=\"m_-6700336142496095720mcnTextBlock aligncenter\" border=\"0\" width=\"100%\" cellspacing=\"0\" cellpadding=\"0\">\n<tbody class=\"m_-6700336142496095720mcnTextBlockOuter\">\n<tr>\n<td class=\"m_-6700336142496095720mcnTextBlockInner\" valign=\"top\">\n<table class=\"m_-6700336142496095720mcnTextContentContainer\" border=\"0\" width=\"100%\" cellspacing=\"0\" cellpadding=\"0\" align=\"left\">\n<tbody>\n<tr>\n<td class=\"m_-6700336142496095720mcnTextContent\" valign=\"top\">\n<div>\n<p><strong>Manizales, 6 de octubre de 2017.\u00a0<\/strong>El Festival Internacional de Teatro de Manizales trae en esta trig\u00e9sima novena versi\u00f3n variedad dramat\u00fargica para todos los gustos y todas las edades.<\/p>\n<p><strong>Obras de sala\u00a0<\/strong><\/p>\n<p>Desde Chile llega la compa\u00f1\u00eda\u00a0<strong>Los Fi<\/strong>\u00a0con un espect\u00e1culo familiar lleno de sonidos con elementos cotidianos y de percusi\u00f3n.\u00a0<strong><em>Auch! La magia de los sonidos simples<\/em><\/strong>\u00a0es la obra que estar\u00e1 en las tablas del teatro Los Fundadores.<\/p>\n<p>En representaci\u00f3n colombiana estar\u00e1\u00a0<strong><em>Kassandra<\/em><\/strong>, una obra del grupo teatral\u00a0<strong>La Maldita Vanidad.\u00a0<\/strong>La obra, basada en el personaje mitol\u00f3gico, muestra a una mujer que viene a contar su historia y a desmitificar su propio mito. Estar\u00e1 en escena en el teatro El Galp\u00f3n el 7 y 8 de octubre.<\/p>\n<p><strong>Teatro El Trueque\u00a0<\/strong>presentar\u00e1 con rimas y m\u00fasica una obra infantil.\u00a0<strong><em>Sherlock Holmes: en busca del rub\u00ed de la condesa<\/em><\/strong>\u00a0estar\u00e1 en el Auditorio Confa el 7 de octubre y el 8 de octubre.<\/p>\n<p>Acorde con el mensaje del festival de este a\u00f1o \u00abEl teatro de abre los brazos\u00bb que hace referencia a la reconciliaci\u00f3n en esta \u00e9poca del posacuerdo en Colombia, llega desde Tumaco la compa\u00f1\u00eda\u00a0<strong>Teatro por la paz\u00a0<\/strong>con la obra\u00a0<strong><em>El olvido est\u00e1 lleno de memoria.\u00a0<\/em><\/strong>Una representaci\u00f3n que nos muestra que, a pesar de vivir el conflicto en carne propia, es posible la reconciliaci\u00f3n. Esta funci\u00f3n estar\u00e1 disponible en la sala El Escondite.<\/p>\n<p>Para mayor informaci\u00f3n sobre las obras visite nuestra p\u00e1gina web\u00a0<a href=\"http:\/\/festivaldemanizales.us16.list-manage.com\/track\/click?u=70ba4810c24e46d3d72095b5f&amp;id=00a3b7b64b&amp;e=27f12d22ec\" target=\"_blank\" rel=\"noopener\" data-saferedirecturl=\"https:\/\/www.google.com\/url?hl=es&amp;q=http:\/\/festivaldemanizales.us16.list-manage.com\/track\/click?u%3D70ba4810c24e46d3d72095b5f%26id%3D00a3b7b64b%26e%3D27f12d22ec&amp;source=gmail&amp;ust=1507404729486000&amp;usg=AFQjCNEuy58-4xab9oLMEEPJOnXKg2qqMA\">www.festivaldemanizales.com<\/a><\/p>\n<p>Para descargar im\u00e1genes de las funciones ingrese a:<a href=\"http:\/\/festivaldemanizales.us16.list-manage.com\/track\/click?u=70ba4810c24e46d3d72095b5f&amp;id=cd361be11c&amp;e=27f12d22ec\" target=\"_blank\" rel=\"noopener\" data-saferedirecturl=\"https:\/\/www.google.com\/url?hl=es&amp;q=http:\/\/festivaldemanizales.us16.list-manage.com\/track\/click?u%3D70ba4810c24e46d3d72095b5f%26id%3Dcd361be11c%26e%3D27f12d22ec&amp;source=gmail&amp;ust=1507404729486000&amp;usg=AFQjCNHpgCkGWh8JnY9SEpMGn10M3Q6hHQ\">http:\/\/festivaldemanizales.<wbr \/>com\/p1\/fileprensa\/<\/a>. \u00a0Aqu\u00ed podr\u00e1 encontrar im\u00e1genes actualizadas de las obras presentadas en el marco del festival.<\/p>\n<\/div>\n<\/td>\n<\/tr>\n<\/tbody>\n<\/table>\n<\/td>\n<\/tr>\n<\/tbody>\n<\/table>\n<\/td>\n<\/tr>\n<tr>\n<td id=\"m_-6700336142496095720templateFooter\" valign=\"top\">\n<table class=\"m_-6700336142496095720mcnTextBlock\" border=\"0\" width=\"100%\" cellspacing=\"0\" cellpadding=\"0\">\n<tbody class=\"m_-6700336142496095720mcnTextBlockOuter\">\n<tr>\n<td class=\"m_-6700336142496095720mcnTextBlockInner\" valign=\"top\">\n<table class=\"m_-6700336142496095720mcnTextContentContainer\" border=\"0\" width=\"100%\" cellspacing=\"0\" cellpadding=\"0\" align=\"left\">\n<tbody>\n<tr>\n<td class=\"m_-6700336142496095720mcnTextContent\" valign=\"top\"><strong>Mayor Informaci\u00f3n visite<\/strong><br \/>\n<a href=\"http:\/\/festivaldemanizales.us16.list-manage.com\/track\/click?u=70ba4810c24e46d3d72095b5f&amp;id=f334aaa664&amp;e=27f12d22ec\" target=\"_blank\" rel=\"noopener\" data-saferedirecturl=\"https:\/\/www.google.com\/url?hl=es&amp;q=http:\/\/festivaldemanizales.us16.list-manage.com\/track\/click?u%3D70ba4810c24e46d3d72095b5f%26id%3Df334aaa664%26e%3D27f12d22ec&amp;source=gmail&amp;ust=1507404729486000&amp;usg=AFQjCNG92FfGrNhJOqC0RHxwd0LIb1l4Mw\">www.festivaldemanizales.com<\/a><br \/>\n<strong>Festival Internacional de Teatro de Manizales<\/strong><br \/>\nDiana Botero Giraldo<br \/>\nJefe de prensa<br \/>\nContacto:\u00a0<a href=\"tel:(310)%20225-5534\" target=\"_blank\" rel=\"noopener\">3102255534<\/a><br \/>\n(57) (6) 8850165<br \/>\n<a href=\"https:\/\/maps.google.com\/?q=Cra.24B+N.+61A&amp;entry=gmail&amp;source=g\">Cra.24B N. 61A<\/a>\u00a030 Barrio Estrella<br \/>\nManizales \u2013 Colombia.<\/td>\n<\/tr>\n<\/tbody>\n<\/table>\n<\/td>\n<\/tr>\n<\/tbody>\n<\/table>\n<\/td>\n<\/tr>\n<\/tbody>\n<\/table>\n<\/td>\n<\/tr>\n<\/tbody>\n<\/table>\n<p>&nbsp;<\/p>\n<\/div>\n<\/blockquote>\n","protected":false},"excerpt":{"rendered":"<p>&nbsp; Espere ma\u00f1ana 7 de octubre\u00a0 Abrazos de arte y reconciliaci\u00f3n Manizales, 6 de octubre de 2017.\u00a0El Festival Internacional de Teatro de Manizales trae en esta trig\u00e9sima novena versi\u00f3n variedad dramat\u00fargica para todos los gustos y todas las edades. Obras de sala\u00a0 Desde Chile llega la compa\u00f1\u00eda\u00a0Los Fi\u00a0con un espect\u00e1culo familiar lleno de sonidos con [&hellip;]<\/p>\n","protected":false},"author":2,"featured_media":37925,"comment_status":"closed","ping_status":"open","sticky":false,"template":"","format":"standard","meta":{"footnotes":""},"categories":[48,53,664],"tags":[],"class_list":["post-38253","post","type-post","status-publish","format-standard","has-post-thumbnail","hentry","category-actualidad","category-universidad-al-dia","category-ucaldas-cultural"],"yoast_head":"<!-- This site is optimized with the Yoast SEO plugin v27.5 - https:\/\/yoast.com\/product\/yoast-seo-wordpress\/ -->\n<title>Espere ma\u00f1ana 7 de octubre\u00a0abrazos de arte y reconciliaci\u00f3n .<\/title>\n<meta name=\"robots\" content=\"index, follow, max-snippet:-1, max-image-preview:large, max-video-preview:-1\" \/>\n<link rel=\"canonical\" href=\"https:\/\/www.ucaldas.edu.co\/portal\/espere-manana-7-de-octubre-abrazos-de-arte-y-reconciliacion\/\" \/>\n<script type=\"application\/ld+json\" class=\"yoast-schema-graph\">{\"@context\":\"https:\\\/\\\/schema.org\",\"@graph\":[{\"@type\":\"Article\",\"@id\":\"https:\\\/\\\/www.ucaldas.edu.co\\\/portal\\\/espere-manana-7-de-octubre-abrazos-de-arte-y-reconciliacion\\\/#article\",\"isPartOf\":{\"@id\":\"https:\\\/\\\/www.ucaldas.edu.co\\\/portal\\\/espere-manana-7-de-octubre-abrazos-de-arte-y-reconciliacion\\\/\"},\"author\":{\"name\":\"ofiprensa\",\"@id\":\"https:\\\/\\\/www.ucaldas.edu.co\\\/portal\\\/#\\\/schema\\\/person\\\/a1b482e23449158b4bc319926c074fdf\"},\"headline\":\"Espere ma\u00f1ana 7 de octubre\u00a0abrazos de arte y reconciliaci\u00f3n\",\"datePublished\":\"2017-10-04T19:33:00+00:00\",\"dateModified\":\"2017-10-09T19:42:50+00:00\",\"mainEntityOfPage\":{\"@id\":\"https:\\\/\\\/www.ucaldas.edu.co\\\/portal\\\/espere-manana-7-de-octubre-abrazos-de-arte-y-reconciliacion\\\/\"},\"wordCount\":335,\"publisher\":{\"@id\":\"https:\\\/\\\/www.ucaldas.edu.co\\\/portal\\\/#organization\"},\"image\":{\"@id\":\"https:\\\/\\\/www.ucaldas.edu.co\\\/portal\\\/espere-manana-7-de-octubre-abrazos-de-arte-y-reconciliacion\\\/#primaryimage\"},\"thumbnailUrl\":\"https:\\\/\\\/www.ucaldas.edu.co\\\/portal\\\/wp-content\\\/uploads\\\/2017\\\/09\\\/teatro-compressor.jpg\",\"articleSection\":[\"Actualidad\",\"Universidad al D\u00eda\",\"UCaldas Cultural\"],\"inLanguage\":\"es\"},{\"@type\":\"WebPage\",\"@id\":\"https:\\\/\\\/www.ucaldas.edu.co\\\/portal\\\/espere-manana-7-de-octubre-abrazos-de-arte-y-reconciliacion\\\/\",\"url\":\"https:\\\/\\\/www.ucaldas.edu.co\\\/portal\\\/espere-manana-7-de-octubre-abrazos-de-arte-y-reconciliacion\\\/\",\"name\":\"Espere ma\u00f1ana 7 de octubre\u00a0abrazos de arte y reconciliaci\u00f3n .\",\"isPartOf\":{\"@id\":\"https:\\\/\\\/www.ucaldas.edu.co\\\/portal\\\/#website\"},\"primaryImageOfPage\":{\"@id\":\"https:\\\/\\\/www.ucaldas.edu.co\\\/portal\\\/espere-manana-7-de-octubre-abrazos-de-arte-y-reconciliacion\\\/#primaryimage\"},\"image\":{\"@id\":\"https:\\\/\\\/www.ucaldas.edu.co\\\/portal\\\/espere-manana-7-de-octubre-abrazos-de-arte-y-reconciliacion\\\/#primaryimage\"},\"thumbnailUrl\":\"https:\\\/\\\/www.ucaldas.edu.co\\\/portal\\\/wp-content\\\/uploads\\\/2017\\\/09\\\/teatro-compressor.jpg\",\"datePublished\":\"2017-10-04T19:33:00+00:00\",\"dateModified\":\"2017-10-09T19:42:50+00:00\",\"breadcrumb\":{\"@id\":\"https:\\\/\\\/www.ucaldas.edu.co\\\/portal\\\/espere-manana-7-de-octubre-abrazos-de-arte-y-reconciliacion\\\/#breadcrumb\"},\"inLanguage\":\"es\",\"potentialAction\":[{\"@type\":\"ReadAction\",\"target\":[\"https:\\\/\\\/www.ucaldas.edu.co\\\/portal\\\/espere-manana-7-de-octubre-abrazos-de-arte-y-reconciliacion\\\/\"]}]},{\"@type\":\"ImageObject\",\"inLanguage\":\"es\",\"@id\":\"https:\\\/\\\/www.ucaldas.edu.co\\\/portal\\\/espere-manana-7-de-octubre-abrazos-de-arte-y-reconciliacion\\\/#primaryimage\",\"url\":\"https:\\\/\\\/www.ucaldas.edu.co\\\/portal\\\/wp-content\\\/uploads\\\/2017\\\/09\\\/teatro-compressor.jpg\",\"contentUrl\":\"https:\\\/\\\/www.ucaldas.edu.co\\\/portal\\\/wp-content\\\/uploads\\\/2017\\\/09\\\/teatro-compressor.jpg\",\"width\":700,\"height\":400},{\"@type\":\"BreadcrumbList\",\"@id\":\"https:\\\/\\\/www.ucaldas.edu.co\\\/portal\\\/espere-manana-7-de-octubre-abrazos-de-arte-y-reconciliacion\\\/#breadcrumb\",\"itemListElement\":[{\"@type\":\"ListItem\",\"position\":1,\"name\":\"Portada\",\"item\":\"https:\\\/\\\/www.ucaldas.edu.co\\\/portal\\\/\"},{\"@type\":\"ListItem\",\"position\":2,\"name\":\"Espere ma\u00f1ana 7 de octubre\u00a0abrazos de arte y reconciliaci\u00f3n\"}]},{\"@type\":\"WebSite\",\"@id\":\"https:\\\/\\\/www.ucaldas.edu.co\\\/portal\\\/#website\",\"url\":\"https:\\\/\\\/www.ucaldas.edu.co\\\/portal\\\/\",\"name\":\"Universidad de Caldas\",\"description\":\"\",\"publisher\":{\"@id\":\"https:\\\/\\\/www.ucaldas.edu.co\\\/portal\\\/#organization\"},\"alternateName\":\"U. de Caldas\",\"potentialAction\":[{\"@type\":\"SearchAction\",\"target\":{\"@type\":\"EntryPoint\",\"urlTemplate\":\"https:\\\/\\\/www.ucaldas.edu.co\\\/portal\\\/?s={search_term_string}\"},\"query-input\":{\"@type\":\"PropertyValueSpecification\",\"valueRequired\":true,\"valueName\":\"search_term_string\"}}],\"inLanguage\":\"es\"},{\"@type\":\"Organization\",\"@id\":\"https:\\\/\\\/www.ucaldas.edu.co\\\/portal\\\/#organization\",\"name\":\"Universidad de Caldas\",\"alternateName\":\"U. de Caldas\",\"url\":\"https:\\\/\\\/www.ucaldas.edu.co\\\/portal\\\/\",\"logo\":{\"@type\":\"ImageObject\",\"inLanguage\":\"es\",\"@id\":\"https:\\\/\\\/www.ucaldas.edu.co\\\/portal\\\/#\\\/schema\\\/logo\\\/image\\\/\",\"url\":\"https:\\\/\\\/www.ucaldas.edu.co\\\/portal\\\/wp-content\\\/uploads\\\/2023\\\/11\\\/Logo_horizontal_oscuroU-2023.png\",\"contentUrl\":\"https:\\\/\\\/www.ucaldas.edu.co\\\/portal\\\/wp-content\\\/uploads\\\/2023\\\/11\\\/Logo_horizontal_oscuroU-2023.png\",\"width\":263,\"height\":101,\"caption\":\"Universidad de Caldas\"},\"image\":{\"@id\":\"https:\\\/\\\/www.ucaldas.edu.co\\\/portal\\\/#\\\/schema\\\/logo\\\/image\\\/\"},\"sameAs\":[\"https:\\\/\\\/www.facebook.com\\\/udecaldas\",\"https:\\\/\\\/x.com\\\/udecaldas\",\"https:\\\/\\\/www.youtube.com\\\/universidadcaldas\",\"https:\\\/\\\/www.instagram.com\\\/udecaldas\\\/\"]},{\"@type\":\"Person\",\"@id\":\"https:\\\/\\\/www.ucaldas.edu.co\\\/portal\\\/#\\\/schema\\\/person\\\/a1b482e23449158b4bc319926c074fdf\",\"name\":\"ofiprensa\",\"image\":{\"@type\":\"ImageObject\",\"inLanguage\":\"es\",\"@id\":\"https:\\\/\\\/www.ucaldas.edu.co\\\/portal\\\/wp-content\\\/litespeed\\\/avatar\\\/09ea5085e600095a7a811142c6944527.jpg?ver=1777497608\",\"url\":\"https:\\\/\\\/www.ucaldas.edu.co\\\/portal\\\/wp-content\\\/litespeed\\\/avatar\\\/09ea5085e600095a7a811142c6944527.jpg?ver=1777497608\",\"contentUrl\":\"https:\\\/\\\/www.ucaldas.edu.co\\\/portal\\\/wp-content\\\/litespeed\\\/avatar\\\/09ea5085e600095a7a811142c6944527.jpg?ver=1777497608\",\"caption\":\"ofiprensa\"},\"url\":\"https:\\\/\\\/www.ucaldas.edu.co\\\/portal\\\/author\\\/ofiprensa\\\/\"}]}<\/script>\n<!-- \/ Yoast SEO plugin. -->","yoast_head_json":{"title":"Espere ma\u00f1ana 7 de octubre\u00a0abrazos de arte y reconciliaci\u00f3n .","robots":{"index":"index","follow":"follow","max-snippet":"max-snippet:-1","max-image-preview":"max-image-preview:large","max-video-preview":"max-video-preview:-1"},"canonical":"https:\/\/www.ucaldas.edu.co\/portal\/espere-manana-7-de-octubre-abrazos-de-arte-y-reconciliacion\/","schema":{"@context":"https:\/\/schema.org","@graph":[{"@type":"Article","@id":"https:\/\/www.ucaldas.edu.co\/portal\/espere-manana-7-de-octubre-abrazos-de-arte-y-reconciliacion\/#article","isPartOf":{"@id":"https:\/\/www.ucaldas.edu.co\/portal\/espere-manana-7-de-octubre-abrazos-de-arte-y-reconciliacion\/"},"author":{"name":"ofiprensa","@id":"https:\/\/www.ucaldas.edu.co\/portal\/#\/schema\/person\/a1b482e23449158b4bc319926c074fdf"},"headline":"Espere ma\u00f1ana 7 de octubre\u00a0abrazos de arte y reconciliaci\u00f3n","datePublished":"2017-10-04T19:33:00+00:00","dateModified":"2017-10-09T19:42:50+00:00","mainEntityOfPage":{"@id":"https:\/\/www.ucaldas.edu.co\/portal\/espere-manana-7-de-octubre-abrazos-de-arte-y-reconciliacion\/"},"wordCount":335,"publisher":{"@id":"https:\/\/www.ucaldas.edu.co\/portal\/#organization"},"image":{"@id":"https:\/\/www.ucaldas.edu.co\/portal\/espere-manana-7-de-octubre-abrazos-de-arte-y-reconciliacion\/#primaryimage"},"thumbnailUrl":"https:\/\/www.ucaldas.edu.co\/portal\/wp-content\/uploads\/2017\/09\/teatro-compressor.jpg","articleSection":["Actualidad","Universidad al D\u00eda","UCaldas Cultural"],"inLanguage":"es"},{"@type":"WebPage","@id":"https:\/\/www.ucaldas.edu.co\/portal\/espere-manana-7-de-octubre-abrazos-de-arte-y-reconciliacion\/","url":"https:\/\/www.ucaldas.edu.co\/portal\/espere-manana-7-de-octubre-abrazos-de-arte-y-reconciliacion\/","name":"Espere ma\u00f1ana 7 de octubre\u00a0abrazos de arte y reconciliaci\u00f3n .","isPartOf":{"@id":"https:\/\/www.ucaldas.edu.co\/portal\/#website"},"primaryImageOfPage":{"@id":"https:\/\/www.ucaldas.edu.co\/portal\/espere-manana-7-de-octubre-abrazos-de-arte-y-reconciliacion\/#primaryimage"},"image":{"@id":"https:\/\/www.ucaldas.edu.co\/portal\/espere-manana-7-de-octubre-abrazos-de-arte-y-reconciliacion\/#primaryimage"},"thumbnailUrl":"https:\/\/www.ucaldas.edu.co\/portal\/wp-content\/uploads\/2017\/09\/teatro-compressor.jpg","datePublished":"2017-10-04T19:33:00+00:00","dateModified":"2017-10-09T19:42:50+00:00","breadcrumb":{"@id":"https:\/\/www.ucaldas.edu.co\/portal\/espere-manana-7-de-octubre-abrazos-de-arte-y-reconciliacion\/#breadcrumb"},"inLanguage":"es","potentialAction":[{"@type":"ReadAction","target":["https:\/\/www.ucaldas.edu.co\/portal\/espere-manana-7-de-octubre-abrazos-de-arte-y-reconciliacion\/"]}]},{"@type":"ImageObject","inLanguage":"es","@id":"https:\/\/www.ucaldas.edu.co\/portal\/espere-manana-7-de-octubre-abrazos-de-arte-y-reconciliacion\/#primaryimage","url":"https:\/\/www.ucaldas.edu.co\/portal\/wp-content\/uploads\/2017\/09\/teatro-compressor.jpg","contentUrl":"https:\/\/www.ucaldas.edu.co\/portal\/wp-content\/uploads\/2017\/09\/teatro-compressor.jpg","width":700,"height":400},{"@type":"BreadcrumbList","@id":"https:\/\/www.ucaldas.edu.co\/portal\/espere-manana-7-de-octubre-abrazos-de-arte-y-reconciliacion\/#breadcrumb","itemListElement":[{"@type":"ListItem","position":1,"name":"Portada","item":"https:\/\/www.ucaldas.edu.co\/portal\/"},{"@type":"ListItem","position":2,"name":"Espere ma\u00f1ana 7 de octubre\u00a0abrazos de arte y reconciliaci\u00f3n"}]},{"@type":"WebSite","@id":"https:\/\/www.ucaldas.edu.co\/portal\/#website","url":"https:\/\/www.ucaldas.edu.co\/portal\/","name":"Universidad de Caldas","description":"","publisher":{"@id":"https:\/\/www.ucaldas.edu.co\/portal\/#organization"},"alternateName":"U. de Caldas","potentialAction":[{"@type":"SearchAction","target":{"@type":"EntryPoint","urlTemplate":"https:\/\/www.ucaldas.edu.co\/portal\/?s={search_term_string}"},"query-input":{"@type":"PropertyValueSpecification","valueRequired":true,"valueName":"search_term_string"}}],"inLanguage":"es"},{"@type":"Organization","@id":"https:\/\/www.ucaldas.edu.co\/portal\/#organization","name":"Universidad de Caldas","alternateName":"U. de Caldas","url":"https:\/\/www.ucaldas.edu.co\/portal\/","logo":{"@type":"ImageObject","inLanguage":"es","@id":"https:\/\/www.ucaldas.edu.co\/portal\/#\/schema\/logo\/image\/","url":"https:\/\/www.ucaldas.edu.co\/portal\/wp-content\/uploads\/2023\/11\/Logo_horizontal_oscuroU-2023.png","contentUrl":"https:\/\/www.ucaldas.edu.co\/portal\/wp-content\/uploads\/2023\/11\/Logo_horizontal_oscuroU-2023.png","width":263,"height":101,"caption":"Universidad de Caldas"},"image":{"@id":"https:\/\/www.ucaldas.edu.co\/portal\/#\/schema\/logo\/image\/"},"sameAs":["https:\/\/www.facebook.com\/udecaldas","https:\/\/x.com\/udecaldas","https:\/\/www.youtube.com\/universidadcaldas","https:\/\/www.instagram.com\/udecaldas\/"]},{"@type":"Person","@id":"https:\/\/www.ucaldas.edu.co\/portal\/#\/schema\/person\/a1b482e23449158b4bc319926c074fdf","name":"ofiprensa","image":{"@type":"ImageObject","inLanguage":"es","@id":"https:\/\/www.ucaldas.edu.co\/portal\/wp-content\/litespeed\/avatar\/09ea5085e600095a7a811142c6944527.jpg?ver=1777497608","url":"https:\/\/www.ucaldas.edu.co\/portal\/wp-content\/litespeed\/avatar\/09ea5085e600095a7a811142c6944527.jpg?ver=1777497608","contentUrl":"https:\/\/www.ucaldas.edu.co\/portal\/wp-content\/litespeed\/avatar\/09ea5085e600095a7a811142c6944527.jpg?ver=1777497608","caption":"ofiprensa"},"url":"https:\/\/www.ucaldas.edu.co\/portal\/author\/ofiprensa\/"}]}},"_links":{"self":[{"href":"https:\/\/www.ucaldas.edu.co\/portal\/wp-json\/wp\/v2\/posts\/38253","targetHints":{"allow":["GET"]}}],"collection":[{"href":"https:\/\/www.ucaldas.edu.co\/portal\/wp-json\/wp\/v2\/posts"}],"about":[{"href":"https:\/\/www.ucaldas.edu.co\/portal\/wp-json\/wp\/v2\/types\/post"}],"author":[{"embeddable":true,"href":"https:\/\/www.ucaldas.edu.co\/portal\/wp-json\/wp\/v2\/users\/2"}],"replies":[{"embeddable":true,"href":"https:\/\/www.ucaldas.edu.co\/portal\/wp-json\/wp\/v2\/comments?post=38253"}],"version-history":[{"count":0,"href":"https:\/\/www.ucaldas.edu.co\/portal\/wp-json\/wp\/v2\/posts\/38253\/revisions"}],"wp:featuredmedia":[{"embeddable":true,"href":"https:\/\/www.ucaldas.edu.co\/portal\/wp-json\/wp\/v2\/media\/37925"}],"wp:attachment":[{"href":"https:\/\/www.ucaldas.edu.co\/portal\/wp-json\/wp\/v2\/media?parent=38253"}],"wp:term":[{"taxonomy":"category","embeddable":true,"href":"https:\/\/www.ucaldas.edu.co\/portal\/wp-json\/wp\/v2\/categories?post=38253"},{"taxonomy":"post_tag","embeddable":true,"href":"https:\/\/www.ucaldas.edu.co\/portal\/wp-json\/wp\/v2\/tags?post=38253"}],"curies":[{"name":"wp","href":"https:\/\/api.w.org\/{rel}","templated":true}]}}