{"id":38225,"date":"2017-10-05T21:05:05","date_gmt":"2017-10-05T21:05:05","guid":{"rendered":"https:\/\/www.ucaldas.edu.co\/portal\/?p=38225"},"modified":"2017-10-05T21:05:05","modified_gmt":"2017-10-05T21:05:05","slug":"en-catedra-de-historia-regional-se-analizaron-aportes-de-la-revolucion-rusa-a-la-formacion-academica-en-eje-cafetero","status":"publish","type":"post","link":"https:\/\/www.ucaldas.edu.co\/portal\/en-catedra-de-historia-regional-se-analizaron-aportes-de-la-revolucion-rusa-a-la-formacion-academica-en-eje-cafetero\/","title":{"rendered":"En C\u00e1tedra de Historia Regional se analizaron aportes de la Revoluci\u00f3n Rusa a la formaci\u00f3n acad\u00e9mica en Eje Cafetero"},"content":{"rendered":"<p style=\"text-align: center;\">DIRECTOR DEL DEPARTAMENTO DE HISTORIA Y GEOGRAF\u00cdA DE LA U. DE CALDAS ORIENT\u00d3 SESI\u00d3N<\/p>\n<p style=\"text-align: center;\"><strong>En C\u00e1tedra de Historia Regional se analizaron aportes de la Revoluci\u00f3n Rusa a la formaci\u00f3n acad\u00e9mica en Eje Cafetero <\/strong><\/p>\n<p style=\"text-align: right;\">5\/10\/2017<\/p>\n<p><em><img loading=\"lazy\" decoding=\"async\" class=\"alignnone size-full wp-image-38226 aligncenter\" src=\"https:\/\/www.ucaldas.edu.co\/portal\/wp-content\/uploads\/2017\/10\/CAT-compressor.jpg\" alt=\"\" width=\"700\" height=\"397\" srcset=\"https:\/\/www.ucaldas.edu.co\/portal\/wp-content\/uploads\/2017\/10\/CAT-compressor.jpg 700w, https:\/\/www.ucaldas.edu.co\/portal\/wp-content\/uploads\/2017\/10\/CAT-compressor-300x170.jpg 300w\" sizes=\"auto, (max-width: 700px) 100vw, 700px\" \/>Perspectivas Hist\u00f3ricas de la Revoluci\u00f3n Rusa a la formaci\u00f3n pol\u00edtica y educativa de la regi\u00f3n cafetera <\/em>fue el <strong>t\u00edtulo de la conferencia del m\u00e1s reciente encuentro de la II C\u00e1tedra de Historia Regional de Manizales Otto Morales Ben\u00edtez<\/strong>, que tuvo lugar el pasado 3 de octubre del 2017 en la Universidad de Caldas.<\/p>\n<p><!--more--><\/p>\n<p>Ricardo Casta\u00f1o Zapata, <strong>Director del Departamento de Historia y Geograf\u00eda de la U. de Caldas, orient\u00f3 el encuentro y expres\u00f3<\/strong>: \u201cevidentemente no existe una conexi\u00f3n directa entre la revoluci\u00f3n y el Eje Cafetero, pero podr\u00edamos decir que <strong>se trat\u00f3 de esa influencia en la formaci\u00f3n pol\u00edtica de los l\u00edderes populares colombianos y de la formaci\u00f3n acad\u00e9mica de los colombianos que tuvimos la oportunidad de estudiar en Rusia<\/strong>\u201d.<\/p>\n<p>&nbsp;<\/p>\n<p>La II C\u00e1tedra de Historia Regional de Manizales Otto Morales Ben\u00edtez \u00a0es una invitaci\u00f3n de la U. de Caldas y la Corporaci\u00f3n Piedraman\u00ed en asocio con la U. de Manizales.<\/p>\n<p>&nbsp;<\/p>\n<p><a href=\"https:\/\/www.facebook.com\/media\/set\/?set=a.1563710303690829.1073745693.107054166023124&amp;type=1&amp;l=a3e97664df\">Conozca im\u00e1genes de la II C\u00e1tedra de Historia Regional de Manizales Otto Morales Ben\u00edtez<\/a><\/p>\n<p>&nbsp;<\/p>\n<p><strong>Informes:<\/strong>\u00a0Oficina de Comunicaciones y Prensa U. de Caldas, tel\u00e9fono 878 15 00 extensi\u00f3n 12 167.<\/p>\n<p><strong>Redacci\u00f3n:<\/strong> Margarita Laverde<\/p>\n<p>&nbsp;<\/p>\n","protected":false},"excerpt":{"rendered":"<p>DIRECTOR DEL DEPARTAMENTO DE HISTORIA Y GEOGRAF\u00cdA DE LA U. DE CALDAS ORIENT\u00d3 SESI\u00d3N En C\u00e1tedra de Historia Regional se analizaron aportes de la Revoluci\u00f3n Rusa a la formaci\u00f3n acad\u00e9mica en Eje Cafetero 5\/10\/2017 Perspectivas Hist\u00f3ricas de la Revoluci\u00f3n Rusa a la formaci\u00f3n pol\u00edtica y educativa de la regi\u00f3n cafetera fue el t\u00edtulo de la [&hellip;]<\/p>\n","protected":false},"author":2,"featured_media":38226,"comment_status":"closed","ping_status":"open","sticky":false,"template":"","format":"standard","meta":{"footnotes":""},"categories":[48,53,617],"tags":[55,68,176,420],"class_list":["post-38225","post","type-post","status-publish","format-standard","has-post-thumbnail","hentry","category-actualidad","category-universidad-al-dia","category-ucaldas-colaborativa","tag-academia","tag-invitado","tag-historia","tag-catedra-2"],"yoast_head":"<!-- This site is optimized with the Yoast SEO plugin v27.5 - https:\/\/yoast.com\/product\/yoast-seo-wordpress\/ -->\n<title>En C\u00e1tedra de Historia Regional se analizaron aportes de la Revoluci\u00f3n Rusa a la formaci\u00f3n acad\u00e9mica en Eje Cafetero .<\/title>\n<meta name=\"robots\" content=\"index, follow, max-snippet:-1, max-image-preview:large, max-video-preview:-1\" \/>\n<link rel=\"canonical\" href=\"https:\/\/www.ucaldas.edu.co\/portal\/en-catedra-de-historia-regional-se-analizaron-aportes-de-la-revolucion-rusa-a-la-formacion-academica-en-eje-cafetero\/\" \/>\n<script type=\"application\/ld+json\" class=\"yoast-schema-graph\">{\"@context\":\"https:\\\/\\\/schema.org\",\"@graph\":[{\"@type\":\"Article\",\"@id\":\"https:\\\/\\\/www.ucaldas.edu.co\\\/portal\\\/en-catedra-de-historia-regional-se-analizaron-aportes-de-la-revolucion-rusa-a-la-formacion-academica-en-eje-cafetero\\\/#article\",\"isPartOf\":{\"@id\":\"https:\\\/\\\/www.ucaldas.edu.co\\\/portal\\\/en-catedra-de-historia-regional-se-analizaron-aportes-de-la-revolucion-rusa-a-la-formacion-academica-en-eje-cafetero\\\/\"},\"author\":{\"name\":\"ofiprensa\",\"@id\":\"https:\\\/\\\/www.ucaldas.edu.co\\\/portal\\\/#\\\/schema\\\/person\\\/a1b482e23449158b4bc319926c074fdf\"},\"headline\":\"En C\u00e1tedra de Historia Regional se analizaron aportes de la Revoluci\u00f3n Rusa a la formaci\u00f3n acad\u00e9mica en Eje Cafetero\",\"datePublished\":\"2017-10-05T21:05:05+00:00\",\"mainEntityOfPage\":{\"@id\":\"https:\\\/\\\/www.ucaldas.edu.co\\\/portal\\\/en-catedra-de-historia-regional-se-analizaron-aportes-de-la-revolucion-rusa-a-la-formacion-academica-en-eje-cafetero\\\/\"},\"wordCount\":271,\"publisher\":{\"@id\":\"https:\\\/\\\/www.ucaldas.edu.co\\\/portal\\\/#organization\"},\"image\":{\"@id\":\"https:\\\/\\\/www.ucaldas.edu.co\\\/portal\\\/en-catedra-de-historia-regional-se-analizaron-aportes-de-la-revolucion-rusa-a-la-formacion-academica-en-eje-cafetero\\\/#primaryimage\"},\"thumbnailUrl\":\"https:\\\/\\\/www.ucaldas.edu.co\\\/portal\\\/wp-content\\\/uploads\\\/2017\\\/10\\\/CAT-compressor.jpg\",\"keywords\":[\"academia\",\"invitado\",\"historia\",\"catedra\"],\"articleSection\":[\"Actualidad\",\"Universidad al D\u00eda\",\"UCaldas Colaborativa\"],\"inLanguage\":\"es\"},{\"@type\":\"WebPage\",\"@id\":\"https:\\\/\\\/www.ucaldas.edu.co\\\/portal\\\/en-catedra-de-historia-regional-se-analizaron-aportes-de-la-revolucion-rusa-a-la-formacion-academica-en-eje-cafetero\\\/\",\"url\":\"https:\\\/\\\/www.ucaldas.edu.co\\\/portal\\\/en-catedra-de-historia-regional-se-analizaron-aportes-de-la-revolucion-rusa-a-la-formacion-academica-en-eje-cafetero\\\/\",\"name\":\"En C\u00e1tedra de Historia Regional se analizaron aportes de la Revoluci\u00f3n Rusa a la formaci\u00f3n acad\u00e9mica en Eje Cafetero .\",\"isPartOf\":{\"@id\":\"https:\\\/\\\/www.ucaldas.edu.co\\\/portal\\\/#website\"},\"primaryImageOfPage\":{\"@id\":\"https:\\\/\\\/www.ucaldas.edu.co\\\/portal\\\/en-catedra-de-historia-regional-se-analizaron-aportes-de-la-revolucion-rusa-a-la-formacion-academica-en-eje-cafetero\\\/#primaryimage\"},\"image\":{\"@id\":\"https:\\\/\\\/www.ucaldas.edu.co\\\/portal\\\/en-catedra-de-historia-regional-se-analizaron-aportes-de-la-revolucion-rusa-a-la-formacion-academica-en-eje-cafetero\\\/#primaryimage\"},\"thumbnailUrl\":\"https:\\\/\\\/www.ucaldas.edu.co\\\/portal\\\/wp-content\\\/uploads\\\/2017\\\/10\\\/CAT-compressor.jpg\",\"datePublished\":\"2017-10-05T21:05:05+00:00\",\"breadcrumb\":{\"@id\":\"https:\\\/\\\/www.ucaldas.edu.co\\\/portal\\\/en-catedra-de-historia-regional-se-analizaron-aportes-de-la-revolucion-rusa-a-la-formacion-academica-en-eje-cafetero\\\/#breadcrumb\"},\"inLanguage\":\"es\",\"potentialAction\":[{\"@type\":\"ReadAction\",\"target\":[\"https:\\\/\\\/www.ucaldas.edu.co\\\/portal\\\/en-catedra-de-historia-regional-se-analizaron-aportes-de-la-revolucion-rusa-a-la-formacion-academica-en-eje-cafetero\\\/\"]}]},{\"@type\":\"ImageObject\",\"inLanguage\":\"es\",\"@id\":\"https:\\\/\\\/www.ucaldas.edu.co\\\/portal\\\/en-catedra-de-historia-regional-se-analizaron-aportes-de-la-revolucion-rusa-a-la-formacion-academica-en-eje-cafetero\\\/#primaryimage\",\"url\":\"https:\\\/\\\/www.ucaldas.edu.co\\\/portal\\\/wp-content\\\/uploads\\\/2017\\\/10\\\/CAT-compressor.jpg\",\"contentUrl\":\"https:\\\/\\\/www.ucaldas.edu.co\\\/portal\\\/wp-content\\\/uploads\\\/2017\\\/10\\\/CAT-compressor.jpg\",\"width\":700,\"height\":397},{\"@type\":\"BreadcrumbList\",\"@id\":\"https:\\\/\\\/www.ucaldas.edu.co\\\/portal\\\/en-catedra-de-historia-regional-se-analizaron-aportes-de-la-revolucion-rusa-a-la-formacion-academica-en-eje-cafetero\\\/#breadcrumb\",\"itemListElement\":[{\"@type\":\"ListItem\",\"position\":1,\"name\":\"Portada\",\"item\":\"https:\\\/\\\/www.ucaldas.edu.co\\\/portal\\\/\"},{\"@type\":\"ListItem\",\"position\":2,\"name\":\"En C\u00e1tedra de Historia Regional se analizaron aportes de la Revoluci\u00f3n Rusa a la formaci\u00f3n acad\u00e9mica en Eje Cafetero\"}]},{\"@type\":\"WebSite\",\"@id\":\"https:\\\/\\\/www.ucaldas.edu.co\\\/portal\\\/#website\",\"url\":\"https:\\\/\\\/www.ucaldas.edu.co\\\/portal\\\/\",\"name\":\"Universidad de Caldas\",\"description\":\"\",\"publisher\":{\"@id\":\"https:\\\/\\\/www.ucaldas.edu.co\\\/portal\\\/#organization\"},\"alternateName\":\"U. de Caldas\",\"potentialAction\":[{\"@type\":\"SearchAction\",\"target\":{\"@type\":\"EntryPoint\",\"urlTemplate\":\"https:\\\/\\\/www.ucaldas.edu.co\\\/portal\\\/?s={search_term_string}\"},\"query-input\":{\"@type\":\"PropertyValueSpecification\",\"valueRequired\":true,\"valueName\":\"search_term_string\"}}],\"inLanguage\":\"es\"},{\"@type\":\"Organization\",\"@id\":\"https:\\\/\\\/www.ucaldas.edu.co\\\/portal\\\/#organization\",\"name\":\"Universidad de Caldas\",\"alternateName\":\"U. de Caldas\",\"url\":\"https:\\\/\\\/www.ucaldas.edu.co\\\/portal\\\/\",\"logo\":{\"@type\":\"ImageObject\",\"inLanguage\":\"es\",\"@id\":\"https:\\\/\\\/www.ucaldas.edu.co\\\/portal\\\/#\\\/schema\\\/logo\\\/image\\\/\",\"url\":\"https:\\\/\\\/www.ucaldas.edu.co\\\/portal\\\/wp-content\\\/uploads\\\/2023\\\/11\\\/Logo_horizontal_oscuroU-2023.png\",\"contentUrl\":\"https:\\\/\\\/www.ucaldas.edu.co\\\/portal\\\/wp-content\\\/uploads\\\/2023\\\/11\\\/Logo_horizontal_oscuroU-2023.png\",\"width\":263,\"height\":101,\"caption\":\"Universidad de Caldas\"},\"image\":{\"@id\":\"https:\\\/\\\/www.ucaldas.edu.co\\\/portal\\\/#\\\/schema\\\/logo\\\/image\\\/\"},\"sameAs\":[\"https:\\\/\\\/www.facebook.com\\\/udecaldas\",\"https:\\\/\\\/x.com\\\/udecaldas\",\"https:\\\/\\\/www.youtube.com\\\/universidadcaldas\",\"https:\\\/\\\/www.instagram.com\\\/udecaldas\\\/\"]},{\"@type\":\"Person\",\"@id\":\"https:\\\/\\\/www.ucaldas.edu.co\\\/portal\\\/#\\\/schema\\\/person\\\/a1b482e23449158b4bc319926c074fdf\",\"name\":\"ofiprensa\",\"image\":{\"@type\":\"ImageObject\",\"inLanguage\":\"es\",\"@id\":\"https:\\\/\\\/www.ucaldas.edu.co\\\/portal\\\/wp-content\\\/litespeed\\\/avatar\\\/09ea5085e600095a7a811142c6944527.jpg?ver=1777497608\",\"url\":\"https:\\\/\\\/www.ucaldas.edu.co\\\/portal\\\/wp-content\\\/litespeed\\\/avatar\\\/09ea5085e600095a7a811142c6944527.jpg?ver=1777497608\",\"contentUrl\":\"https:\\\/\\\/www.ucaldas.edu.co\\\/portal\\\/wp-content\\\/litespeed\\\/avatar\\\/09ea5085e600095a7a811142c6944527.jpg?ver=1777497608\",\"caption\":\"ofiprensa\"},\"url\":\"https:\\\/\\\/www.ucaldas.edu.co\\\/portal\\\/author\\\/ofiprensa\\\/\"}]}<\/script>\n<!-- \/ Yoast SEO plugin. -->","yoast_head_json":{"title":"En C\u00e1tedra de Historia Regional se analizaron aportes de la Revoluci\u00f3n Rusa a la formaci\u00f3n acad\u00e9mica en Eje Cafetero .","robots":{"index":"index","follow":"follow","max-snippet":"max-snippet:-1","max-image-preview":"max-image-preview:large","max-video-preview":"max-video-preview:-1"},"canonical":"https:\/\/www.ucaldas.edu.co\/portal\/en-catedra-de-historia-regional-se-analizaron-aportes-de-la-revolucion-rusa-a-la-formacion-academica-en-eje-cafetero\/","schema":{"@context":"https:\/\/schema.org","@graph":[{"@type":"Article","@id":"https:\/\/www.ucaldas.edu.co\/portal\/en-catedra-de-historia-regional-se-analizaron-aportes-de-la-revolucion-rusa-a-la-formacion-academica-en-eje-cafetero\/#article","isPartOf":{"@id":"https:\/\/www.ucaldas.edu.co\/portal\/en-catedra-de-historia-regional-se-analizaron-aportes-de-la-revolucion-rusa-a-la-formacion-academica-en-eje-cafetero\/"},"author":{"name":"ofiprensa","@id":"https:\/\/www.ucaldas.edu.co\/portal\/#\/schema\/person\/a1b482e23449158b4bc319926c074fdf"},"headline":"En C\u00e1tedra de Historia Regional se analizaron aportes de la Revoluci\u00f3n Rusa a la formaci\u00f3n acad\u00e9mica en Eje Cafetero","datePublished":"2017-10-05T21:05:05+00:00","mainEntityOfPage":{"@id":"https:\/\/www.ucaldas.edu.co\/portal\/en-catedra-de-historia-regional-se-analizaron-aportes-de-la-revolucion-rusa-a-la-formacion-academica-en-eje-cafetero\/"},"wordCount":271,"publisher":{"@id":"https:\/\/www.ucaldas.edu.co\/portal\/#organization"},"image":{"@id":"https:\/\/www.ucaldas.edu.co\/portal\/en-catedra-de-historia-regional-se-analizaron-aportes-de-la-revolucion-rusa-a-la-formacion-academica-en-eje-cafetero\/#primaryimage"},"thumbnailUrl":"https:\/\/www.ucaldas.edu.co\/portal\/wp-content\/uploads\/2017\/10\/CAT-compressor.jpg","keywords":["academia","invitado","historia","catedra"],"articleSection":["Actualidad","Universidad al D\u00eda","UCaldas Colaborativa"],"inLanguage":"es"},{"@type":"WebPage","@id":"https:\/\/www.ucaldas.edu.co\/portal\/en-catedra-de-historia-regional-se-analizaron-aportes-de-la-revolucion-rusa-a-la-formacion-academica-en-eje-cafetero\/","url":"https:\/\/www.ucaldas.edu.co\/portal\/en-catedra-de-historia-regional-se-analizaron-aportes-de-la-revolucion-rusa-a-la-formacion-academica-en-eje-cafetero\/","name":"En C\u00e1tedra de Historia Regional se analizaron aportes de la Revoluci\u00f3n Rusa a la formaci\u00f3n acad\u00e9mica en Eje Cafetero .","isPartOf":{"@id":"https:\/\/www.ucaldas.edu.co\/portal\/#website"},"primaryImageOfPage":{"@id":"https:\/\/www.ucaldas.edu.co\/portal\/en-catedra-de-historia-regional-se-analizaron-aportes-de-la-revolucion-rusa-a-la-formacion-academica-en-eje-cafetero\/#primaryimage"},"image":{"@id":"https:\/\/www.ucaldas.edu.co\/portal\/en-catedra-de-historia-regional-se-analizaron-aportes-de-la-revolucion-rusa-a-la-formacion-academica-en-eje-cafetero\/#primaryimage"},"thumbnailUrl":"https:\/\/www.ucaldas.edu.co\/portal\/wp-content\/uploads\/2017\/10\/CAT-compressor.jpg","datePublished":"2017-10-05T21:05:05+00:00","breadcrumb":{"@id":"https:\/\/www.ucaldas.edu.co\/portal\/en-catedra-de-historia-regional-se-analizaron-aportes-de-la-revolucion-rusa-a-la-formacion-academica-en-eje-cafetero\/#breadcrumb"},"inLanguage":"es","potentialAction":[{"@type":"ReadAction","target":["https:\/\/www.ucaldas.edu.co\/portal\/en-catedra-de-historia-regional-se-analizaron-aportes-de-la-revolucion-rusa-a-la-formacion-academica-en-eje-cafetero\/"]}]},{"@type":"ImageObject","inLanguage":"es","@id":"https:\/\/www.ucaldas.edu.co\/portal\/en-catedra-de-historia-regional-se-analizaron-aportes-de-la-revolucion-rusa-a-la-formacion-academica-en-eje-cafetero\/#primaryimage","url":"https:\/\/www.ucaldas.edu.co\/portal\/wp-content\/uploads\/2017\/10\/CAT-compressor.jpg","contentUrl":"https:\/\/www.ucaldas.edu.co\/portal\/wp-content\/uploads\/2017\/10\/CAT-compressor.jpg","width":700,"height":397},{"@type":"BreadcrumbList","@id":"https:\/\/www.ucaldas.edu.co\/portal\/en-catedra-de-historia-regional-se-analizaron-aportes-de-la-revolucion-rusa-a-la-formacion-academica-en-eje-cafetero\/#breadcrumb","itemListElement":[{"@type":"ListItem","position":1,"name":"Portada","item":"https:\/\/www.ucaldas.edu.co\/portal\/"},{"@type":"ListItem","position":2,"name":"En C\u00e1tedra de Historia Regional se analizaron aportes de la Revoluci\u00f3n Rusa a la formaci\u00f3n acad\u00e9mica en Eje Cafetero"}]},{"@type":"WebSite","@id":"https:\/\/www.ucaldas.edu.co\/portal\/#website","url":"https:\/\/www.ucaldas.edu.co\/portal\/","name":"Universidad de Caldas","description":"","publisher":{"@id":"https:\/\/www.ucaldas.edu.co\/portal\/#organization"},"alternateName":"U. de Caldas","potentialAction":[{"@type":"SearchAction","target":{"@type":"EntryPoint","urlTemplate":"https:\/\/www.ucaldas.edu.co\/portal\/?s={search_term_string}"},"query-input":{"@type":"PropertyValueSpecification","valueRequired":true,"valueName":"search_term_string"}}],"inLanguage":"es"},{"@type":"Organization","@id":"https:\/\/www.ucaldas.edu.co\/portal\/#organization","name":"Universidad de Caldas","alternateName":"U. de Caldas","url":"https:\/\/www.ucaldas.edu.co\/portal\/","logo":{"@type":"ImageObject","inLanguage":"es","@id":"https:\/\/www.ucaldas.edu.co\/portal\/#\/schema\/logo\/image\/","url":"https:\/\/www.ucaldas.edu.co\/portal\/wp-content\/uploads\/2023\/11\/Logo_horizontal_oscuroU-2023.png","contentUrl":"https:\/\/www.ucaldas.edu.co\/portal\/wp-content\/uploads\/2023\/11\/Logo_horizontal_oscuroU-2023.png","width":263,"height":101,"caption":"Universidad de Caldas"},"image":{"@id":"https:\/\/www.ucaldas.edu.co\/portal\/#\/schema\/logo\/image\/"},"sameAs":["https:\/\/www.facebook.com\/udecaldas","https:\/\/x.com\/udecaldas","https:\/\/www.youtube.com\/universidadcaldas","https:\/\/www.instagram.com\/udecaldas\/"]},{"@type":"Person","@id":"https:\/\/www.ucaldas.edu.co\/portal\/#\/schema\/person\/a1b482e23449158b4bc319926c074fdf","name":"ofiprensa","image":{"@type":"ImageObject","inLanguage":"es","@id":"https:\/\/www.ucaldas.edu.co\/portal\/wp-content\/litespeed\/avatar\/09ea5085e600095a7a811142c6944527.jpg?ver=1777497608","url":"https:\/\/www.ucaldas.edu.co\/portal\/wp-content\/litespeed\/avatar\/09ea5085e600095a7a811142c6944527.jpg?ver=1777497608","contentUrl":"https:\/\/www.ucaldas.edu.co\/portal\/wp-content\/litespeed\/avatar\/09ea5085e600095a7a811142c6944527.jpg?ver=1777497608","caption":"ofiprensa"},"url":"https:\/\/www.ucaldas.edu.co\/portal\/author\/ofiprensa\/"}]}},"_links":{"self":[{"href":"https:\/\/www.ucaldas.edu.co\/portal\/wp-json\/wp\/v2\/posts\/38225","targetHints":{"allow":["GET"]}}],"collection":[{"href":"https:\/\/www.ucaldas.edu.co\/portal\/wp-json\/wp\/v2\/posts"}],"about":[{"href":"https:\/\/www.ucaldas.edu.co\/portal\/wp-json\/wp\/v2\/types\/post"}],"author":[{"embeddable":true,"href":"https:\/\/www.ucaldas.edu.co\/portal\/wp-json\/wp\/v2\/users\/2"}],"replies":[{"embeddable":true,"href":"https:\/\/www.ucaldas.edu.co\/portal\/wp-json\/wp\/v2\/comments?post=38225"}],"version-history":[{"count":0,"href":"https:\/\/www.ucaldas.edu.co\/portal\/wp-json\/wp\/v2\/posts\/38225\/revisions"}],"wp:featuredmedia":[{"embeddable":true,"href":"https:\/\/www.ucaldas.edu.co\/portal\/wp-json\/wp\/v2\/media\/38226"}],"wp:attachment":[{"href":"https:\/\/www.ucaldas.edu.co\/portal\/wp-json\/wp\/v2\/media?parent=38225"}],"wp:term":[{"taxonomy":"category","embeddable":true,"href":"https:\/\/www.ucaldas.edu.co\/portal\/wp-json\/wp\/v2\/categories?post=38225"},{"taxonomy":"post_tag","embeddable":true,"href":"https:\/\/www.ucaldas.edu.co\/portal\/wp-json\/wp\/v2\/tags?post=38225"}],"curies":[{"name":"wp","href":"https:\/\/api.w.org\/{rel}","templated":true}]}}