{"id":38198,"date":"2017-10-04T22:25:15","date_gmt":"2017-10-04T22:25:15","guid":{"rendered":"https:\/\/www.ucaldas.edu.co\/portal\/?p=38198"},"modified":"2017-10-04T22:25:15","modified_gmt":"2017-10-04T22:25:15","slug":"u-de-caldas-ocupa-4to-lugar-a-nivel-nacional-en-indexacion-de-revistas-especializadas-en-ciencia-tecnologia-e-innovacion","status":"publish","type":"post","link":"https:\/\/www.ucaldas.edu.co\/portal\/u-de-caldas-ocupa-4to-lugar-a-nivel-nacional-en-indexacion-de-revistas-especializadas-en-ciencia-tecnologia-e-innovacion\/","title":{"rendered":"U. de Caldas ocupa 4to lugar a nivel nacional en indexaci\u00f3n de revistas especializadas en ciencia, tecnolog\u00eda e innovaci\u00f3n"},"content":{"rendered":"<p style=\"text-align: center;\">SEG\u00daN RESULTADOS DE LA CONVOCATORIA 768 DEL 2016<\/p>\n<p style=\"text-align: center;\"><strong>U. de Caldas ocupa 4to lugar a nivel nacional en indexaci\u00f3n de revistas especializadas en ciencia, tecnolog\u00eda e innovaci\u00f3n<\/strong><\/p>\n<p style=\"text-align: right;\">4\/10\/2017<\/p>\n<p><img loading=\"lazy\" decoding=\"async\" class=\"alignnone size-full wp-image-38199 aligncenter\" src=\"https:\/\/www.ucaldas.edu.co\/portal\/wp-content\/uploads\/2017\/10\/LUISA-FDA.GIRALDO-3-OCT-2017-12-compressor.jpg\" alt=\"\" width=\"700\" height=\"400\" srcset=\"https:\/\/www.ucaldas.edu.co\/portal\/wp-content\/uploads\/2017\/10\/LUISA-FDA.GIRALDO-3-OCT-2017-12-compressor.jpg 700w, https:\/\/www.ucaldas.edu.co\/portal\/wp-content\/uploads\/2017\/10\/LUISA-FDA.GIRALDO-3-OCT-2017-12-compressor-300x171.jpg 300w\" sizes=\"auto, (max-width: 700px) 100vw, 700px\" \/>La <strong>Universidad de Caldas celebra los resultados de la convocatoria 768 del 2016 para la Indexaci\u00f3n de revistas especializadas en ciencia, tecnolog\u00eda e innovaci\u00f3n<\/strong> \u2013 Publindex. <strong>La U. de Caldas ocupa el cuarto lugar<\/strong> <strong>a nivel nacional<\/strong>, despu\u00e9s de la U. Nacional de Colombia con 29 revistas, la U. Pontificia Javeriana con 18 revistas y la U. de Antioquia con 15 revistas.<\/p>\n<p><!--more--><\/p>\n<p><img loading=\"lazy\" decoding=\"async\" class=\"size-full wp-image-38200 aligncenter\" src=\"https:\/\/www.ucaldas.edu.co\/portal\/wp-content\/uploads\/2017\/10\/G1.jpg\" alt=\"\" width=\"659\" height=\"488\" srcset=\"https:\/\/www.ucaldas.edu.co\/portal\/wp-content\/uploads\/2017\/10\/G1.jpg 659w, https:\/\/www.ucaldas.edu.co\/portal\/wp-content\/uploads\/2017\/10\/G1-300x222.jpg 300w\" sizes=\"auto, (max-width: 659px) 100vw, 659px\" \/>Luisa Fernanda Giraldo Zuluaga, <strong>Vicerrectora de Investigaciones y Posgrados de la U. de Caldas, mencion\u00f3:\u201d es \u00a0muy importante se\u00f1alar que a diferencia de otros a\u00f1os, esta convocatoria fue m\u00e1s exigente, porque se adapt\u00f3 a indicadores internacionales<\/strong>. Los resultados demuestran que tenemos un importante logro institucional\u201d.<\/p>\n<p>&nbsp;<\/p>\n<p><strong>De 14 revistas institucionales fueron indexadas 8, en las siguientes categor\u00edas: <\/strong>Categor\u00eda A2 (2), Categor\u00eda B (2) y Categor\u00eda C (4).<\/p>\n<p>&nbsp;<\/p>\n<p>\u201cEstos resultados expresan la calidad de las revistas. La clasificaci\u00f3n de dos revistas en la Categor\u00eda A2 nos ubica en el segundo lugar despu\u00e9s de la U. Nacional de Colombia. Posici\u00f3n que se comparte con la U. de Antioquia\u201d, dijo.<\/p>\n<p>&nbsp;<\/p>\n<p><strong>Contexto regional:<\/strong><\/p>\n<p>En comparaci\u00f3n con otras universidades de la regi\u00f3n la <strong>U. de Caldas ocupa el primer puesto en la medici\u00f3n:<\/strong><\/p>\n<p><img loading=\"lazy\" decoding=\"async\" class=\"alignnone size-full wp-image-38201 aligncenter\" src=\"https:\/\/www.ucaldas.edu.co\/portal\/wp-content\/uploads\/2017\/10\/G2.jpg\" alt=\"\" width=\"659\" height=\"489\" srcset=\"https:\/\/www.ucaldas.edu.co\/portal\/wp-content\/uploads\/2017\/10\/G2.jpg 659w, https:\/\/www.ucaldas.edu.co\/portal\/wp-content\/uploads\/2017\/10\/G2-300x223.jpg 300w\" sizes=\"auto, (max-width: 659px) 100vw, 659px\" \/><\/p>\n<p><strong>Este es el listado de revistas U. de Caldas indexadas:<\/strong><\/p>\n<p>&nbsp;<\/p>\n<p>&nbsp;<\/p>\n<p><img loading=\"lazy\" decoding=\"async\" class=\"alignnone size-full wp-image-38202 aligncenter\" src=\"https:\/\/www.ucaldas.edu.co\/portal\/wp-content\/uploads\/2017\/10\/G3.jpg\" alt=\"\" width=\"659\" height=\"493\" srcset=\"https:\/\/www.ucaldas.edu.co\/portal\/wp-content\/uploads\/2017\/10\/G3.jpg 659w, https:\/\/www.ucaldas.edu.co\/portal\/wp-content\/uploads\/2017\/10\/G3-300x224.jpg 300w\" sizes=\"auto, (max-width: 659px) 100vw, 659px\" \/><\/p>\n<p><span style=\"font-size: 18pt;\"><strong>Reconocimiento y medici\u00f3n de grupos de investigaci\u00f3n e investigadores<\/strong><\/span><\/p>\n<p><strong>\u00a0<\/strong><\/p>\n<p><strong>Tambi\u00e9n se dieron a conocer los resultados de la Convocatoria 781 del 2017 <\/strong>para el reconocimiento y medici\u00f3n de grupos de investigaci\u00f3n, desarrollo tecnol\u00f3gico o de innovaci\u00f3n y para el reconocimiento de investigadores del Sistema de Ciencia, Tecnolog\u00eda e Innovaci\u00f3n.<\/p>\n<p>&nbsp;<\/p>\n<p>En esta convocatoria la <strong>U. de Caldas pas\u00f3 de tener 60 grupos reconocidos y clasificados en el 2015 a 64 en el 2017<\/strong>.<\/p>\n<p><img loading=\"lazy\" decoding=\"async\" class=\"alignnone size-full wp-image-38203 aligncenter\" src=\"https:\/\/www.ucaldas.edu.co\/portal\/wp-content\/uploads\/2017\/10\/Grupos1.jpg\" alt=\"\" width=\"711\" height=\"511\" srcset=\"https:\/\/www.ucaldas.edu.co\/portal\/wp-content\/uploads\/2017\/10\/Grupos1.jpg 711w, https:\/\/www.ucaldas.edu.co\/portal\/wp-content\/uploads\/2017\/10\/Grupos1-300x216.jpg 300w\" sizes=\"auto, (max-width: 711px) 100vw, 711px\" \/><\/p>\n<p>\u201c<strong>Es importante resaltar que en la Categor\u00eda A1 pasamos de 3 a 6 grupos y pr\u00e1cticamente mantuvimos la clasificaci\u00f3n estos en la Categor\u00eda A, pasando de 20 en el 2015 a 19 en el 2017<\/strong>. Lo anterior significa que no solo mejoramos en el n\u00famero de grupos, sino tambi\u00e9n en la calidad de los mimos. En la Categor\u00eda B contamos con 8 grupos y en la Categor\u00eda C, con 26, n\u00famero que se explica por haber desaparecido la Categor\u00eda C\u201d, agreg\u00f3.<\/p>\n<p>&nbsp;<\/p>\n<p><strong>Comparativamente con otras universidades del pa\u00eds, la Instituci\u00f3n caldense se ubica en el s\u00e9ptimo lugar,<\/strong> siendo superada en su orden por la U. Tecnol\u00f3gica de Pereira, Pontificia U. Javeriana, U. de los Andes, U. del Valle, U. de Antioquia, y U. Nacional de Colombia sede Bogot\u00e1.<\/p>\n<p>&nbsp;<\/p>\n<p><img loading=\"lazy\" decoding=\"async\" class=\"alignnone size-full wp-image-38204 aligncenter\" src=\"https:\/\/www.ucaldas.edu.co\/portal\/wp-content\/uploads\/2017\/10\/Grupos2.jpg\" alt=\"\" width=\"702\" height=\"516\" srcset=\"https:\/\/www.ucaldas.edu.co\/portal\/wp-content\/uploads\/2017\/10\/Grupos2.jpg 702w, https:\/\/www.ucaldas.edu.co\/portal\/wp-content\/uploads\/2017\/10\/Grupos2-300x221.jpg 300w\" sizes=\"auto, (max-width: 702px) 100vw, 702px\" \/><\/p>\n<p>&nbsp;<\/p>\n<p><strong><img loading=\"lazy\" decoding=\"async\" class=\"alignnone size-full wp-image-38205 aligncenter\" src=\"https:\/\/www.ucaldas.edu.co\/portal\/wp-content\/uploads\/2017\/10\/Grupos3.jpg\" alt=\"\" width=\"710\" height=\"488\" srcset=\"https:\/\/www.ucaldas.edu.co\/portal\/wp-content\/uploads\/2017\/10\/Grupos3.jpg 710w, https:\/\/www.ucaldas.edu.co\/portal\/wp-content\/uploads\/2017\/10\/Grupos3-300x206.jpg 300w, https:\/\/www.ucaldas.edu.co\/portal\/wp-content\/uploads\/2017\/10\/Grupos3-700x480.jpg 700w\" sizes=\"auto, (max-width: 710px) 100vw, 710px\" \/>Al comparar los resultados con otras universidades de la regi\u00f3n, la Universidad ocupa el segundo lugar, despu\u00e9s de la UTP, con 85 grupos.<\/strong><\/p>\n<p>&nbsp;<\/p>\n<p><strong>Clasificaci\u00f3n de investigadores<\/strong><\/p>\n<p>La Vicerrectora de Investigaciones y Posgrados de la U. de Caldas explic\u00f3 que <strong>se pas\u00f3 de tener 127 investigadores en el 2015 a 154, lo que representa un aumento del 18%.<\/strong><\/p>\n<p>&nbsp;<\/p>\n<p><strong><img loading=\"lazy\" decoding=\"async\" class=\"alignnone size-full wp-image-38206 aligncenter\" src=\"https:\/\/www.ucaldas.edu.co\/portal\/wp-content\/uploads\/2017\/10\/Grupos4.jpg\" alt=\"\" width=\"713\" height=\"500\" srcset=\"https:\/\/www.ucaldas.edu.co\/portal\/wp-content\/uploads\/2017\/10\/Grupos4.jpg 713w, https:\/\/www.ucaldas.edu.co\/portal\/wp-content\/uploads\/2017\/10\/Grupos4-300x210.jpg 300w\" sizes=\"auto, (max-width: 713px) 100vw, 713px\" \/>\u00a0<\/strong><\/p>\n<p>&nbsp;<\/p>\n<p><strong>Las categor\u00edas de investigadores son las siguientes:<\/strong><\/p>\n<p>&nbsp;<\/p>\n<p>Categor\u00eda Senior: se pas\u00f3 de 10 a 15 investigadores.<\/p>\n<p>Categor\u00eda Asociado: se pas\u00f3 de 39 a 41 investigadores.<\/p>\n<p>Categor\u00eda Junior: se pas\u00f3 de 78 a 98 investigadores.<\/p>\n<p>&nbsp;<\/p>\n<p><strong>Informes:<\/strong>\u00a0Oficina de Comunicaciones y Prensa U. de Caldas, tel\u00e9fono 878 15 00 extensi\u00f3n 12 167.<\/p>\n<p><strong>Redacci\u00f3n:<\/strong> Margarita Laverde<\/p>\n<p><strong>Etiquetas: <\/strong>clasificaci\u00f3n, revistas indexadas, Colciencias, Publindex, grupos de investigaci\u00f3n, investigadores<\/p>\n","protected":false},"excerpt":{"rendered":"<p>SEG\u00daN RESULTADOS DE LA CONVOCATORIA 768 DEL 2016 U. de Caldas ocupa 4to lugar a nivel nacional en indexaci\u00f3n de revistas especializadas en ciencia, tecnolog\u00eda e innovaci\u00f3n 4\/10\/2017 La Universidad de Caldas celebra los resultados de la convocatoria 768 del 2016 para la Indexaci\u00f3n de revistas especializadas en ciencia, tecnolog\u00eda e innovaci\u00f3n \u2013 Publindex. La [&hellip;]<\/p>\n","protected":false},"author":2,"featured_media":38199,"comment_status":"closed","ping_status":"open","sticky":false,"template":"","format":"standard","meta":{"footnotes":""},"categories":[48,53,243,617,620,624],"tags":[],"class_list":["post-38198","post","type-post","status-publish","format-standard","has-post-thumbnail","hentry","category-actualidad","category-universidad-al-dia","category-ucaldas-acreditada","category-ucaldas-colaborativa","category-ucaldas-transparente","category-ucaldas-activa"],"yoast_head":"<!-- This site is optimized with the Yoast SEO plugin v27.5 - https:\/\/yoast.com\/product\/yoast-seo-wordpress\/ -->\n<title>U. de Caldas ocupa 4to lugar a nivel nacional en indexaci\u00f3n de revistas especializadas en ciencia, tecnolog\u00eda e innovaci\u00f3n .<\/title>\n<meta name=\"robots\" content=\"index, follow, max-snippet:-1, max-image-preview:large, max-video-preview:-1\" \/>\n<link rel=\"canonical\" href=\"https:\/\/www.ucaldas.edu.co\/portal\/u-de-caldas-ocupa-4to-lugar-a-nivel-nacional-en-indexacion-de-revistas-especializadas-en-ciencia-tecnologia-e-innovacion\/\" \/>\n<script type=\"application\/ld+json\" class=\"yoast-schema-graph\">{\"@context\":\"https:\\\/\\\/schema.org\",\"@graph\":[{\"@type\":\"Article\",\"@id\":\"https:\\\/\\\/www.ucaldas.edu.co\\\/portal\\\/u-de-caldas-ocupa-4to-lugar-a-nivel-nacional-en-indexacion-de-revistas-especializadas-en-ciencia-tecnologia-e-innovacion\\\/#article\",\"isPartOf\":{\"@id\":\"https:\\\/\\\/www.ucaldas.edu.co\\\/portal\\\/u-de-caldas-ocupa-4to-lugar-a-nivel-nacional-en-indexacion-de-revistas-especializadas-en-ciencia-tecnologia-e-innovacion\\\/\"},\"author\":{\"name\":\"ofiprensa\",\"@id\":\"https:\\\/\\\/www.ucaldas.edu.co\\\/portal\\\/#\\\/schema\\\/person\\\/a1b482e23449158b4bc319926c074fdf\"},\"headline\":\"U. de Caldas ocupa 4to lugar a nivel nacional en indexaci\u00f3n de revistas especializadas en ciencia, tecnolog\u00eda e innovaci\u00f3n\",\"datePublished\":\"2017-10-04T22:25:15+00:00\",\"mainEntityOfPage\":{\"@id\":\"https:\\\/\\\/www.ucaldas.edu.co\\\/portal\\\/u-de-caldas-ocupa-4to-lugar-a-nivel-nacional-en-indexacion-de-revistas-especializadas-en-ciencia-tecnologia-e-innovacion\\\/\"},\"wordCount\":595,\"publisher\":{\"@id\":\"https:\\\/\\\/www.ucaldas.edu.co\\\/portal\\\/#organization\"},\"image\":{\"@id\":\"https:\\\/\\\/www.ucaldas.edu.co\\\/portal\\\/u-de-caldas-ocupa-4to-lugar-a-nivel-nacional-en-indexacion-de-revistas-especializadas-en-ciencia-tecnologia-e-innovacion\\\/#primaryimage\"},\"thumbnailUrl\":\"https:\\\/\\\/www.ucaldas.edu.co\\\/portal\\\/wp-content\\\/uploads\\\/2017\\\/10\\\/LUISA-FDA.GIRALDO-3-OCT-2017-12-compressor.jpg\",\"articleSection\":[\"Actualidad\",\"Universidad al D\u00eda\",\"Ucaldas Acreditada\",\"UCaldas Colaborativa\",\"UCaldas Transparente\",\"UCaldas Activa\"],\"inLanguage\":\"es\"},{\"@type\":\"WebPage\",\"@id\":\"https:\\\/\\\/www.ucaldas.edu.co\\\/portal\\\/u-de-caldas-ocupa-4to-lugar-a-nivel-nacional-en-indexacion-de-revistas-especializadas-en-ciencia-tecnologia-e-innovacion\\\/\",\"url\":\"https:\\\/\\\/www.ucaldas.edu.co\\\/portal\\\/u-de-caldas-ocupa-4to-lugar-a-nivel-nacional-en-indexacion-de-revistas-especializadas-en-ciencia-tecnologia-e-innovacion\\\/\",\"name\":\"U. de Caldas ocupa 4to lugar a nivel nacional en indexaci\u00f3n de revistas especializadas en ciencia, tecnolog\u00eda e innovaci\u00f3n .\",\"isPartOf\":{\"@id\":\"https:\\\/\\\/www.ucaldas.edu.co\\\/portal\\\/#website\"},\"primaryImageOfPage\":{\"@id\":\"https:\\\/\\\/www.ucaldas.edu.co\\\/portal\\\/u-de-caldas-ocupa-4to-lugar-a-nivel-nacional-en-indexacion-de-revistas-especializadas-en-ciencia-tecnologia-e-innovacion\\\/#primaryimage\"},\"image\":{\"@id\":\"https:\\\/\\\/www.ucaldas.edu.co\\\/portal\\\/u-de-caldas-ocupa-4to-lugar-a-nivel-nacional-en-indexacion-de-revistas-especializadas-en-ciencia-tecnologia-e-innovacion\\\/#primaryimage\"},\"thumbnailUrl\":\"https:\\\/\\\/www.ucaldas.edu.co\\\/portal\\\/wp-content\\\/uploads\\\/2017\\\/10\\\/LUISA-FDA.GIRALDO-3-OCT-2017-12-compressor.jpg\",\"datePublished\":\"2017-10-04T22:25:15+00:00\",\"breadcrumb\":{\"@id\":\"https:\\\/\\\/www.ucaldas.edu.co\\\/portal\\\/u-de-caldas-ocupa-4to-lugar-a-nivel-nacional-en-indexacion-de-revistas-especializadas-en-ciencia-tecnologia-e-innovacion\\\/#breadcrumb\"},\"inLanguage\":\"es\",\"potentialAction\":[{\"@type\":\"ReadAction\",\"target\":[\"https:\\\/\\\/www.ucaldas.edu.co\\\/portal\\\/u-de-caldas-ocupa-4to-lugar-a-nivel-nacional-en-indexacion-de-revistas-especializadas-en-ciencia-tecnologia-e-innovacion\\\/\"]}]},{\"@type\":\"ImageObject\",\"inLanguage\":\"es\",\"@id\":\"https:\\\/\\\/www.ucaldas.edu.co\\\/portal\\\/u-de-caldas-ocupa-4to-lugar-a-nivel-nacional-en-indexacion-de-revistas-especializadas-en-ciencia-tecnologia-e-innovacion\\\/#primaryimage\",\"url\":\"https:\\\/\\\/www.ucaldas.edu.co\\\/portal\\\/wp-content\\\/uploads\\\/2017\\\/10\\\/LUISA-FDA.GIRALDO-3-OCT-2017-12-compressor.jpg\",\"contentUrl\":\"https:\\\/\\\/www.ucaldas.edu.co\\\/portal\\\/wp-content\\\/uploads\\\/2017\\\/10\\\/LUISA-FDA.GIRALDO-3-OCT-2017-12-compressor.jpg\",\"width\":700,\"height\":400},{\"@type\":\"BreadcrumbList\",\"@id\":\"https:\\\/\\\/www.ucaldas.edu.co\\\/portal\\\/u-de-caldas-ocupa-4to-lugar-a-nivel-nacional-en-indexacion-de-revistas-especializadas-en-ciencia-tecnologia-e-innovacion\\\/#breadcrumb\",\"itemListElement\":[{\"@type\":\"ListItem\",\"position\":1,\"name\":\"Portada\",\"item\":\"https:\\\/\\\/www.ucaldas.edu.co\\\/portal\\\/\"},{\"@type\":\"ListItem\",\"position\":2,\"name\":\"U. de Caldas ocupa 4to lugar a nivel nacional en indexaci\u00f3n de revistas especializadas en ciencia, tecnolog\u00eda e innovaci\u00f3n\"}]},{\"@type\":\"WebSite\",\"@id\":\"https:\\\/\\\/www.ucaldas.edu.co\\\/portal\\\/#website\",\"url\":\"https:\\\/\\\/www.ucaldas.edu.co\\\/portal\\\/\",\"name\":\"Universidad de Caldas\",\"description\":\"\",\"publisher\":{\"@id\":\"https:\\\/\\\/www.ucaldas.edu.co\\\/portal\\\/#organization\"},\"alternateName\":\"U. de Caldas\",\"potentialAction\":[{\"@type\":\"SearchAction\",\"target\":{\"@type\":\"EntryPoint\",\"urlTemplate\":\"https:\\\/\\\/www.ucaldas.edu.co\\\/portal\\\/?s={search_term_string}\"},\"query-input\":{\"@type\":\"PropertyValueSpecification\",\"valueRequired\":true,\"valueName\":\"search_term_string\"}}],\"inLanguage\":\"es\"},{\"@type\":\"Organization\",\"@id\":\"https:\\\/\\\/www.ucaldas.edu.co\\\/portal\\\/#organization\",\"name\":\"Universidad de Caldas\",\"alternateName\":\"U. de Caldas\",\"url\":\"https:\\\/\\\/www.ucaldas.edu.co\\\/portal\\\/\",\"logo\":{\"@type\":\"ImageObject\",\"inLanguage\":\"es\",\"@id\":\"https:\\\/\\\/www.ucaldas.edu.co\\\/portal\\\/#\\\/schema\\\/logo\\\/image\\\/\",\"url\":\"https:\\\/\\\/www.ucaldas.edu.co\\\/portal\\\/wp-content\\\/uploads\\\/2023\\\/11\\\/Logo_horizontal_oscuroU-2023.png\",\"contentUrl\":\"https:\\\/\\\/www.ucaldas.edu.co\\\/portal\\\/wp-content\\\/uploads\\\/2023\\\/11\\\/Logo_horizontal_oscuroU-2023.png\",\"width\":263,\"height\":101,\"caption\":\"Universidad de Caldas\"},\"image\":{\"@id\":\"https:\\\/\\\/www.ucaldas.edu.co\\\/portal\\\/#\\\/schema\\\/logo\\\/image\\\/\"},\"sameAs\":[\"https:\\\/\\\/www.facebook.com\\\/udecaldas\",\"https:\\\/\\\/x.com\\\/udecaldas\",\"https:\\\/\\\/www.youtube.com\\\/universidadcaldas\",\"https:\\\/\\\/www.instagram.com\\\/udecaldas\\\/\"]},{\"@type\":\"Person\",\"@id\":\"https:\\\/\\\/www.ucaldas.edu.co\\\/portal\\\/#\\\/schema\\\/person\\\/a1b482e23449158b4bc319926c074fdf\",\"name\":\"ofiprensa\",\"image\":{\"@type\":\"ImageObject\",\"inLanguage\":\"es\",\"@id\":\"https:\\\/\\\/www.ucaldas.edu.co\\\/portal\\\/wp-content\\\/litespeed\\\/avatar\\\/09ea5085e600095a7a811142c6944527.jpg?ver=1777497608\",\"url\":\"https:\\\/\\\/www.ucaldas.edu.co\\\/portal\\\/wp-content\\\/litespeed\\\/avatar\\\/09ea5085e600095a7a811142c6944527.jpg?ver=1777497608\",\"contentUrl\":\"https:\\\/\\\/www.ucaldas.edu.co\\\/portal\\\/wp-content\\\/litespeed\\\/avatar\\\/09ea5085e600095a7a811142c6944527.jpg?ver=1777497608\",\"caption\":\"ofiprensa\"},\"url\":\"https:\\\/\\\/www.ucaldas.edu.co\\\/portal\\\/author\\\/ofiprensa\\\/\"}]}<\/script>\n<!-- \/ Yoast SEO plugin. -->","yoast_head_json":{"title":"U. de Caldas ocupa 4to lugar a nivel nacional en indexaci\u00f3n de revistas especializadas en ciencia, tecnolog\u00eda e innovaci\u00f3n .","robots":{"index":"index","follow":"follow","max-snippet":"max-snippet:-1","max-image-preview":"max-image-preview:large","max-video-preview":"max-video-preview:-1"},"canonical":"https:\/\/www.ucaldas.edu.co\/portal\/u-de-caldas-ocupa-4to-lugar-a-nivel-nacional-en-indexacion-de-revistas-especializadas-en-ciencia-tecnologia-e-innovacion\/","schema":{"@context":"https:\/\/schema.org","@graph":[{"@type":"Article","@id":"https:\/\/www.ucaldas.edu.co\/portal\/u-de-caldas-ocupa-4to-lugar-a-nivel-nacional-en-indexacion-de-revistas-especializadas-en-ciencia-tecnologia-e-innovacion\/#article","isPartOf":{"@id":"https:\/\/www.ucaldas.edu.co\/portal\/u-de-caldas-ocupa-4to-lugar-a-nivel-nacional-en-indexacion-de-revistas-especializadas-en-ciencia-tecnologia-e-innovacion\/"},"author":{"name":"ofiprensa","@id":"https:\/\/www.ucaldas.edu.co\/portal\/#\/schema\/person\/a1b482e23449158b4bc319926c074fdf"},"headline":"U. de Caldas ocupa 4to lugar a nivel nacional en indexaci\u00f3n de revistas especializadas en ciencia, tecnolog\u00eda e innovaci\u00f3n","datePublished":"2017-10-04T22:25:15+00:00","mainEntityOfPage":{"@id":"https:\/\/www.ucaldas.edu.co\/portal\/u-de-caldas-ocupa-4to-lugar-a-nivel-nacional-en-indexacion-de-revistas-especializadas-en-ciencia-tecnologia-e-innovacion\/"},"wordCount":595,"publisher":{"@id":"https:\/\/www.ucaldas.edu.co\/portal\/#organization"},"image":{"@id":"https:\/\/www.ucaldas.edu.co\/portal\/u-de-caldas-ocupa-4to-lugar-a-nivel-nacional-en-indexacion-de-revistas-especializadas-en-ciencia-tecnologia-e-innovacion\/#primaryimage"},"thumbnailUrl":"https:\/\/www.ucaldas.edu.co\/portal\/wp-content\/uploads\/2017\/10\/LUISA-FDA.GIRALDO-3-OCT-2017-12-compressor.jpg","articleSection":["Actualidad","Universidad al D\u00eda","Ucaldas Acreditada","UCaldas Colaborativa","UCaldas Transparente","UCaldas Activa"],"inLanguage":"es"},{"@type":"WebPage","@id":"https:\/\/www.ucaldas.edu.co\/portal\/u-de-caldas-ocupa-4to-lugar-a-nivel-nacional-en-indexacion-de-revistas-especializadas-en-ciencia-tecnologia-e-innovacion\/","url":"https:\/\/www.ucaldas.edu.co\/portal\/u-de-caldas-ocupa-4to-lugar-a-nivel-nacional-en-indexacion-de-revistas-especializadas-en-ciencia-tecnologia-e-innovacion\/","name":"U. de Caldas ocupa 4to lugar a nivel nacional en indexaci\u00f3n de revistas especializadas en ciencia, tecnolog\u00eda e innovaci\u00f3n .","isPartOf":{"@id":"https:\/\/www.ucaldas.edu.co\/portal\/#website"},"primaryImageOfPage":{"@id":"https:\/\/www.ucaldas.edu.co\/portal\/u-de-caldas-ocupa-4to-lugar-a-nivel-nacional-en-indexacion-de-revistas-especializadas-en-ciencia-tecnologia-e-innovacion\/#primaryimage"},"image":{"@id":"https:\/\/www.ucaldas.edu.co\/portal\/u-de-caldas-ocupa-4to-lugar-a-nivel-nacional-en-indexacion-de-revistas-especializadas-en-ciencia-tecnologia-e-innovacion\/#primaryimage"},"thumbnailUrl":"https:\/\/www.ucaldas.edu.co\/portal\/wp-content\/uploads\/2017\/10\/LUISA-FDA.GIRALDO-3-OCT-2017-12-compressor.jpg","datePublished":"2017-10-04T22:25:15+00:00","breadcrumb":{"@id":"https:\/\/www.ucaldas.edu.co\/portal\/u-de-caldas-ocupa-4to-lugar-a-nivel-nacional-en-indexacion-de-revistas-especializadas-en-ciencia-tecnologia-e-innovacion\/#breadcrumb"},"inLanguage":"es","potentialAction":[{"@type":"ReadAction","target":["https:\/\/www.ucaldas.edu.co\/portal\/u-de-caldas-ocupa-4to-lugar-a-nivel-nacional-en-indexacion-de-revistas-especializadas-en-ciencia-tecnologia-e-innovacion\/"]}]},{"@type":"ImageObject","inLanguage":"es","@id":"https:\/\/www.ucaldas.edu.co\/portal\/u-de-caldas-ocupa-4to-lugar-a-nivel-nacional-en-indexacion-de-revistas-especializadas-en-ciencia-tecnologia-e-innovacion\/#primaryimage","url":"https:\/\/www.ucaldas.edu.co\/portal\/wp-content\/uploads\/2017\/10\/LUISA-FDA.GIRALDO-3-OCT-2017-12-compressor.jpg","contentUrl":"https:\/\/www.ucaldas.edu.co\/portal\/wp-content\/uploads\/2017\/10\/LUISA-FDA.GIRALDO-3-OCT-2017-12-compressor.jpg","width":700,"height":400},{"@type":"BreadcrumbList","@id":"https:\/\/www.ucaldas.edu.co\/portal\/u-de-caldas-ocupa-4to-lugar-a-nivel-nacional-en-indexacion-de-revistas-especializadas-en-ciencia-tecnologia-e-innovacion\/#breadcrumb","itemListElement":[{"@type":"ListItem","position":1,"name":"Portada","item":"https:\/\/www.ucaldas.edu.co\/portal\/"},{"@type":"ListItem","position":2,"name":"U. de Caldas ocupa 4to lugar a nivel nacional en indexaci\u00f3n de revistas especializadas en ciencia, tecnolog\u00eda e innovaci\u00f3n"}]},{"@type":"WebSite","@id":"https:\/\/www.ucaldas.edu.co\/portal\/#website","url":"https:\/\/www.ucaldas.edu.co\/portal\/","name":"Universidad de Caldas","description":"","publisher":{"@id":"https:\/\/www.ucaldas.edu.co\/portal\/#organization"},"alternateName":"U. de Caldas","potentialAction":[{"@type":"SearchAction","target":{"@type":"EntryPoint","urlTemplate":"https:\/\/www.ucaldas.edu.co\/portal\/?s={search_term_string}"},"query-input":{"@type":"PropertyValueSpecification","valueRequired":true,"valueName":"search_term_string"}}],"inLanguage":"es"},{"@type":"Organization","@id":"https:\/\/www.ucaldas.edu.co\/portal\/#organization","name":"Universidad de Caldas","alternateName":"U. de Caldas","url":"https:\/\/www.ucaldas.edu.co\/portal\/","logo":{"@type":"ImageObject","inLanguage":"es","@id":"https:\/\/www.ucaldas.edu.co\/portal\/#\/schema\/logo\/image\/","url":"https:\/\/www.ucaldas.edu.co\/portal\/wp-content\/uploads\/2023\/11\/Logo_horizontal_oscuroU-2023.png","contentUrl":"https:\/\/www.ucaldas.edu.co\/portal\/wp-content\/uploads\/2023\/11\/Logo_horizontal_oscuroU-2023.png","width":263,"height":101,"caption":"Universidad de Caldas"},"image":{"@id":"https:\/\/www.ucaldas.edu.co\/portal\/#\/schema\/logo\/image\/"},"sameAs":["https:\/\/www.facebook.com\/udecaldas","https:\/\/x.com\/udecaldas","https:\/\/www.youtube.com\/universidadcaldas","https:\/\/www.instagram.com\/udecaldas\/"]},{"@type":"Person","@id":"https:\/\/www.ucaldas.edu.co\/portal\/#\/schema\/person\/a1b482e23449158b4bc319926c074fdf","name":"ofiprensa","image":{"@type":"ImageObject","inLanguage":"es","@id":"https:\/\/www.ucaldas.edu.co\/portal\/wp-content\/litespeed\/avatar\/09ea5085e600095a7a811142c6944527.jpg?ver=1777497608","url":"https:\/\/www.ucaldas.edu.co\/portal\/wp-content\/litespeed\/avatar\/09ea5085e600095a7a811142c6944527.jpg?ver=1777497608","contentUrl":"https:\/\/www.ucaldas.edu.co\/portal\/wp-content\/litespeed\/avatar\/09ea5085e600095a7a811142c6944527.jpg?ver=1777497608","caption":"ofiprensa"},"url":"https:\/\/www.ucaldas.edu.co\/portal\/author\/ofiprensa\/"}]}},"_links":{"self":[{"href":"https:\/\/www.ucaldas.edu.co\/portal\/wp-json\/wp\/v2\/posts\/38198","targetHints":{"allow":["GET"]}}],"collection":[{"href":"https:\/\/www.ucaldas.edu.co\/portal\/wp-json\/wp\/v2\/posts"}],"about":[{"href":"https:\/\/www.ucaldas.edu.co\/portal\/wp-json\/wp\/v2\/types\/post"}],"author":[{"embeddable":true,"href":"https:\/\/www.ucaldas.edu.co\/portal\/wp-json\/wp\/v2\/users\/2"}],"replies":[{"embeddable":true,"href":"https:\/\/www.ucaldas.edu.co\/portal\/wp-json\/wp\/v2\/comments?post=38198"}],"version-history":[{"count":0,"href":"https:\/\/www.ucaldas.edu.co\/portal\/wp-json\/wp\/v2\/posts\/38198\/revisions"}],"wp:featuredmedia":[{"embeddable":true,"href":"https:\/\/www.ucaldas.edu.co\/portal\/wp-json\/wp\/v2\/media\/38199"}],"wp:attachment":[{"href":"https:\/\/www.ucaldas.edu.co\/portal\/wp-json\/wp\/v2\/media?parent=38198"}],"wp:term":[{"taxonomy":"category","embeddable":true,"href":"https:\/\/www.ucaldas.edu.co\/portal\/wp-json\/wp\/v2\/categories?post=38198"},{"taxonomy":"post_tag","embeddable":true,"href":"https:\/\/www.ucaldas.edu.co\/portal\/wp-json\/wp\/v2\/tags?post=38198"}],"curies":[{"name":"wp","href":"https:\/\/api.w.org\/{rel}","templated":true}]}}