{"id":38190,"date":"2017-10-04T21:41:57","date_gmt":"2017-10-04T21:41:57","guid":{"rendered":"https:\/\/www.ucaldas.edu.co\/portal\/?p=38190"},"modified":"2017-10-09T21:15:00","modified_gmt":"2017-10-09T21:15:00","slug":"expedicion-caldas-siglo-xxi-u-de-caldas-se-presento-a-medios-de-comunicacion-de-la-ciudad","status":"publish","type":"post","link":"https:\/\/www.ucaldas.edu.co\/portal\/expedicion-caldas-siglo-xxi-u-de-caldas-se-presento-a-medios-de-comunicacion-de-la-ciudad\/","title":{"rendered":"Expedici\u00f3n Caldas Siglo XXI U. de Caldas se present\u00f3 a medios de comunicaci\u00f3n de la ciudad"},"content":{"rendered":"<p style=\"text-align: center;\">PROPUESTA COLABORATIVA DE INVESTIGACI\u00d3N Y PROYECCI\u00d3N EN EL TERRITORIO<\/p>\n<p style=\"text-align: center;\"><strong>Expedici\u00f3n Caldas Siglo XXI U. de Caldas se present\u00f3 a medios de comunicaci\u00f3n de la ciudad<\/strong><\/p>\n<p style=\"text-align: right;\">4\/10\/2017<\/p>\n<p><strong><img loading=\"lazy\" decoding=\"async\" class=\"size-full wp-image-38191 aligncenter\" src=\"https:\/\/www.ucaldas.edu.co\/portal\/wp-content\/uploads\/2017\/10\/ruedadeprensa-compressor.jpg\" alt=\"\" width=\"700\" height=\"400\" srcset=\"https:\/\/www.ucaldas.edu.co\/portal\/wp-content\/uploads\/2017\/10\/ruedadeprensa-compressor.jpg 700w, https:\/\/www.ucaldas.edu.co\/portal\/wp-content\/uploads\/2017\/10\/ruedadeprensa-compressor-300x171.jpg 300w\" sizes=\"auto, (max-width: 700px) 100vw, 700px\" \/>Medios de comunicaci\u00f3n de la ciudad conocieron<\/strong> este mi\u00e9rcoles 4 de octubre del 2017 todos los <strong>detalles<\/strong> de la propuesta colaborativa de investigaci\u00f3n y proyecci\u00f3n en el territorio que realiza la Universidad de Caldas y que se denomina <strong>Caldas Expedici\u00f3n Siglo XXI.<\/strong><\/p>\n<p><!--more--><\/p>\n<p>Felipe C\u00e9sar Londo\u00f1o L\u00f3pez, <strong>Rector de la U. de Caldas, explic\u00f3 que este es un macroproyecto en su primera fase, para explorar el bosque de Florencia (Saman\u00e1).<\/strong> \u201cEste es el primer paso que como Universidad queremos hacer para observar el territorio, desde una perspectiva multidisciplinaria\u201d, dijo.<\/p>\n<p>&nbsp;<\/p>\n<p>El <strong>rector destac\u00f3 que esto implica el fortalecer la investigaci\u00f3n al interior de la Instituci\u00f3n y tambi\u00e9n la proyecci\u00f3n hacia el territorio<\/strong>. \u201cAdem\u00e1s queremos dar a conocer ese patrimonio, que puede ser desconocido por muchos\u201d, agreg\u00f3.<\/p>\n<p>&nbsp;<\/p>\n<p><strong>Homenaje a Francisco Jos\u00e9 de Caldas y Tenorio<\/strong><\/p>\n<p>Andr\u00e9s Felipe Betancourth L\u00f3pez, <strong>Vicerrector de Proyecci\u00f3n de la U. de Caldas, anunci\u00f3 que este programa institucional est\u00e1 enmarcado en el escenario de homenajes<\/strong>, que se realizan en Colombia y Espa\u00f1a a la figura de Francisco Jos\u00e9 de Caldas y Tenorio, que fue determinante en el desarrollo de la ciencia en Am\u00e9rica.<\/p>\n<p>&nbsp;<\/p>\n<p>\u201cLa U. de Caldas hace un reconocimiento a la figura del primer cient\u00edfico colombiano y como centro de formaci\u00f3n y gesti\u00f3n de la ciencia y el conocimiento se vincula a esta propuesta. <strong>Para homenajearlo qu\u00e9 mejor que hacerlo replicando su labor, a trav\u00e9s de expediciones cient\u00edficas<\/strong>\u201d, enfatiz\u00f3.<\/p>\n<p>&nbsp;<\/p>\n<p>El proyecto inicia con dos rutas expedicionarias, bajo la coordinaci\u00f3n de la profesora Beatriz Toro.<\/p>\n<p>&nbsp;<\/p>\n<p>Luisa Fernanda Giraldo Zuluaga, <strong>Vicerrectora de Investigaciones y Posgrados de la U. de Caldas, resalt\u00f3 que la expedici\u00f3n no s\u00f3lo se limita a lo biol\u00f3gico, sino que articula lo social, cultural y lo territorial<\/strong>. Este es un enfoque destacable, pues incorpora nuevos elementos al proceso.<\/p>\n<p>&nbsp;<\/p>\n<p>\u201cEs un proyecto que requiere de alianzas estrat\u00e9gicas con distintos sectores y es de gran envergadura, que si bien est\u00e1 iniciando con dos expediciones, requiere el esfuerzo de otras instituciones\u201d, inform\u00f3.<\/p>\n<p>&nbsp;<\/p>\n<p><a href=\"https:\/\/www.facebook.com\/media\/set\/?set=a.1563771043684755.1073745694.107054166023124&amp;type=1&amp;l=c13f889086\">Conozca im\u00e1genes de la rueda de prensa de Expedici\u00f3n Caldas Siglo XXI<\/a><\/p>\n<p>&nbsp;<\/p>\n<p><strong>Lea otras noticias sobre la Expedici\u00f3n Caldas Siglo XXI:<\/strong><\/p>\n<p>&nbsp;<\/p>\n<p>&#8211; <a href=\"https:\/\/www.ucaldas.edu.co\/portal\/u-de-caldas-cuenta-con-una-ruta-de-conocimiento-hacia-la-bioeconomia-regional-caldas-expedicion-siglo-xxi\/\">U. de Caldas cuenta con una ruta de conocimiento hacia la bioeconom\u00eda regional: Caldas Expedici\u00f3n Siglo XXI<\/a><\/p>\n<p>&#8211; <a href=\"https:\/\/www.ucaldas.edu.co\/portal\/caldas-expedicion-siglo-xxi-de-la-u-de-caldas-definio-detalles-de-la-primera-ruta-en-la-selva-de-florencia-samana\/\">Caldas Expedici\u00f3n Siglo XXI de la U. de Caldas defini\u00f3 detalles de la primera ruta en la Selva de Florencia (Saman\u00e1)<\/a><\/p>\n<p><strong>Informes:<\/strong>\u00a0Oficina de Comunicaciones y Prensa U. de Caldas, tel\u00e9fono 878 15 00 extensi\u00f3n 12 167.<\/p>\n<p><strong>Redacci\u00f3n:<\/strong> Margarita Laverde<\/p>\n<p>&nbsp;<\/p>\n","protected":false},"excerpt":{"rendered":"<p>PROPUESTA COLABORATIVA DE INVESTIGACI\u00d3N Y PROYECCI\u00d3N EN EL TERRITORIO Expedici\u00f3n Caldas Siglo XXI U. de Caldas se present\u00f3 a medios de comunicaci\u00f3n de la ciudad 4\/10\/2017 Medios de comunicaci\u00f3n de la ciudad conocieron este mi\u00e9rcoles 4 de octubre del 2017 todos los detalles de la propuesta colaborativa de investigaci\u00f3n y proyecci\u00f3n en el territorio que [&hellip;]<\/p>\n","protected":false},"author":2,"featured_media":38191,"comment_status":"closed","ping_status":"open","sticky":false,"template":"","format":"standard","meta":{"footnotes":""},"categories":[48,53,600,617,620],"tags":[50,73,2398,2399],"class_list":["post-38190","post","type-post","status-publish","format-standard","has-post-thumbnail","hentry","category-actualidad","category-universidad-al-dia","category-ucaldas-regional","category-ucaldas-colaborativa","category-ucaldas-transparente","tag-investigaciones","tag-proyeccion","tag-expedicion-caldas-siglo-xxi","tag-apropiacion-del-conocimiento"],"yoast_head":"<!-- This site is optimized with the Yoast SEO plugin v27.5 - https:\/\/yoast.com\/product\/yoast-seo-wordpress\/ -->\n<title>Expedici\u00f3n Caldas Siglo XXI U. de Caldas se present\u00f3 a medios de comunicaci\u00f3n de la ciudad .<\/title>\n<meta name=\"robots\" content=\"index, follow, max-snippet:-1, max-image-preview:large, max-video-preview:-1\" \/>\n<link rel=\"canonical\" href=\"https:\/\/www.ucaldas.edu.co\/portal\/expedicion-caldas-siglo-xxi-u-de-caldas-se-presento-a-medios-de-comunicacion-de-la-ciudad\/\" \/>\n<script type=\"application\/ld+json\" class=\"yoast-schema-graph\">{\"@context\":\"https:\\\/\\\/schema.org\",\"@graph\":[{\"@type\":\"Article\",\"@id\":\"https:\\\/\\\/www.ucaldas.edu.co\\\/portal\\\/expedicion-caldas-siglo-xxi-u-de-caldas-se-presento-a-medios-de-comunicacion-de-la-ciudad\\\/#article\",\"isPartOf\":{\"@id\":\"https:\\\/\\\/www.ucaldas.edu.co\\\/portal\\\/expedicion-caldas-siglo-xxi-u-de-caldas-se-presento-a-medios-de-comunicacion-de-la-ciudad\\\/\"},\"author\":{\"name\":\"ofiprensa\",\"@id\":\"https:\\\/\\\/www.ucaldas.edu.co\\\/portal\\\/#\\\/schema\\\/person\\\/a1b482e23449158b4bc319926c074fdf\"},\"headline\":\"Expedici\u00f3n Caldas Siglo XXI U. de Caldas se present\u00f3 a medios de comunicaci\u00f3n de la ciudad\",\"datePublished\":\"2017-10-04T21:41:57+00:00\",\"dateModified\":\"2017-10-09T21:15:00+00:00\",\"mainEntityOfPage\":{\"@id\":\"https:\\\/\\\/www.ucaldas.edu.co\\\/portal\\\/expedicion-caldas-siglo-xxi-u-de-caldas-se-presento-a-medios-de-comunicacion-de-la-ciudad\\\/\"},\"wordCount\":489,\"publisher\":{\"@id\":\"https:\\\/\\\/www.ucaldas.edu.co\\\/portal\\\/#organization\"},\"image\":{\"@id\":\"https:\\\/\\\/www.ucaldas.edu.co\\\/portal\\\/expedicion-caldas-siglo-xxi-u-de-caldas-se-presento-a-medios-de-comunicacion-de-la-ciudad\\\/#primaryimage\"},\"thumbnailUrl\":\"https:\\\/\\\/www.ucaldas.edu.co\\\/portal\\\/wp-content\\\/uploads\\\/2017\\\/10\\\/ruedadeprensa-compressor.jpg\",\"keywords\":[\"investigaciones\",\"Proyecci\u00f3n\",\"Expedici\u00f3n Caldas Siglo XXI\",\"apropiaci\u00f3n del conocimiento\"],\"articleSection\":[\"Actualidad\",\"Universidad al D\u00eda\",\"UCaldas Regional\",\"UCaldas Colaborativa\",\"UCaldas Transparente\"],\"inLanguage\":\"es\"},{\"@type\":\"WebPage\",\"@id\":\"https:\\\/\\\/www.ucaldas.edu.co\\\/portal\\\/expedicion-caldas-siglo-xxi-u-de-caldas-se-presento-a-medios-de-comunicacion-de-la-ciudad\\\/\",\"url\":\"https:\\\/\\\/www.ucaldas.edu.co\\\/portal\\\/expedicion-caldas-siglo-xxi-u-de-caldas-se-presento-a-medios-de-comunicacion-de-la-ciudad\\\/\",\"name\":\"Expedici\u00f3n Caldas Siglo XXI U. de Caldas se present\u00f3 a medios de comunicaci\u00f3n de la ciudad .\",\"isPartOf\":{\"@id\":\"https:\\\/\\\/www.ucaldas.edu.co\\\/portal\\\/#website\"},\"primaryImageOfPage\":{\"@id\":\"https:\\\/\\\/www.ucaldas.edu.co\\\/portal\\\/expedicion-caldas-siglo-xxi-u-de-caldas-se-presento-a-medios-de-comunicacion-de-la-ciudad\\\/#primaryimage\"},\"image\":{\"@id\":\"https:\\\/\\\/www.ucaldas.edu.co\\\/portal\\\/expedicion-caldas-siglo-xxi-u-de-caldas-se-presento-a-medios-de-comunicacion-de-la-ciudad\\\/#primaryimage\"},\"thumbnailUrl\":\"https:\\\/\\\/www.ucaldas.edu.co\\\/portal\\\/wp-content\\\/uploads\\\/2017\\\/10\\\/ruedadeprensa-compressor.jpg\",\"datePublished\":\"2017-10-04T21:41:57+00:00\",\"dateModified\":\"2017-10-09T21:15:00+00:00\",\"breadcrumb\":{\"@id\":\"https:\\\/\\\/www.ucaldas.edu.co\\\/portal\\\/expedicion-caldas-siglo-xxi-u-de-caldas-se-presento-a-medios-de-comunicacion-de-la-ciudad\\\/#breadcrumb\"},\"inLanguage\":\"es\",\"potentialAction\":[{\"@type\":\"ReadAction\",\"target\":[\"https:\\\/\\\/www.ucaldas.edu.co\\\/portal\\\/expedicion-caldas-siglo-xxi-u-de-caldas-se-presento-a-medios-de-comunicacion-de-la-ciudad\\\/\"]}]},{\"@type\":\"ImageObject\",\"inLanguage\":\"es\",\"@id\":\"https:\\\/\\\/www.ucaldas.edu.co\\\/portal\\\/expedicion-caldas-siglo-xxi-u-de-caldas-se-presento-a-medios-de-comunicacion-de-la-ciudad\\\/#primaryimage\",\"url\":\"https:\\\/\\\/www.ucaldas.edu.co\\\/portal\\\/wp-content\\\/uploads\\\/2017\\\/10\\\/ruedadeprensa-compressor.jpg\",\"contentUrl\":\"https:\\\/\\\/www.ucaldas.edu.co\\\/portal\\\/wp-content\\\/uploads\\\/2017\\\/10\\\/ruedadeprensa-compressor.jpg\",\"width\":700,\"height\":400},{\"@type\":\"BreadcrumbList\",\"@id\":\"https:\\\/\\\/www.ucaldas.edu.co\\\/portal\\\/expedicion-caldas-siglo-xxi-u-de-caldas-se-presento-a-medios-de-comunicacion-de-la-ciudad\\\/#breadcrumb\",\"itemListElement\":[{\"@type\":\"ListItem\",\"position\":1,\"name\":\"Portada\",\"item\":\"https:\\\/\\\/www.ucaldas.edu.co\\\/portal\\\/\"},{\"@type\":\"ListItem\",\"position\":2,\"name\":\"Expedici\u00f3n Caldas Siglo XXI U. de Caldas se present\u00f3 a medios de comunicaci\u00f3n de la ciudad\"}]},{\"@type\":\"WebSite\",\"@id\":\"https:\\\/\\\/www.ucaldas.edu.co\\\/portal\\\/#website\",\"url\":\"https:\\\/\\\/www.ucaldas.edu.co\\\/portal\\\/\",\"name\":\"Universidad de Caldas\",\"description\":\"\",\"publisher\":{\"@id\":\"https:\\\/\\\/www.ucaldas.edu.co\\\/portal\\\/#organization\"},\"alternateName\":\"U. de Caldas\",\"potentialAction\":[{\"@type\":\"SearchAction\",\"target\":{\"@type\":\"EntryPoint\",\"urlTemplate\":\"https:\\\/\\\/www.ucaldas.edu.co\\\/portal\\\/?s={search_term_string}\"},\"query-input\":{\"@type\":\"PropertyValueSpecification\",\"valueRequired\":true,\"valueName\":\"search_term_string\"}}],\"inLanguage\":\"es\"},{\"@type\":\"Organization\",\"@id\":\"https:\\\/\\\/www.ucaldas.edu.co\\\/portal\\\/#organization\",\"name\":\"Universidad de Caldas\",\"alternateName\":\"U. de Caldas\",\"url\":\"https:\\\/\\\/www.ucaldas.edu.co\\\/portal\\\/\",\"logo\":{\"@type\":\"ImageObject\",\"inLanguage\":\"es\",\"@id\":\"https:\\\/\\\/www.ucaldas.edu.co\\\/portal\\\/#\\\/schema\\\/logo\\\/image\\\/\",\"url\":\"https:\\\/\\\/www.ucaldas.edu.co\\\/portal\\\/wp-content\\\/uploads\\\/2023\\\/11\\\/Logo_horizontal_oscuroU-2023.png\",\"contentUrl\":\"https:\\\/\\\/www.ucaldas.edu.co\\\/portal\\\/wp-content\\\/uploads\\\/2023\\\/11\\\/Logo_horizontal_oscuroU-2023.png\",\"width\":263,\"height\":101,\"caption\":\"Universidad de Caldas\"},\"image\":{\"@id\":\"https:\\\/\\\/www.ucaldas.edu.co\\\/portal\\\/#\\\/schema\\\/logo\\\/image\\\/\"},\"sameAs\":[\"https:\\\/\\\/www.facebook.com\\\/udecaldas\",\"https:\\\/\\\/x.com\\\/udecaldas\",\"https:\\\/\\\/www.youtube.com\\\/universidadcaldas\",\"https:\\\/\\\/www.instagram.com\\\/udecaldas\\\/\"]},{\"@type\":\"Person\",\"@id\":\"https:\\\/\\\/www.ucaldas.edu.co\\\/portal\\\/#\\\/schema\\\/person\\\/a1b482e23449158b4bc319926c074fdf\",\"name\":\"ofiprensa\",\"image\":{\"@type\":\"ImageObject\",\"inLanguage\":\"es\",\"@id\":\"https:\\\/\\\/www.ucaldas.edu.co\\\/portal\\\/wp-content\\\/litespeed\\\/avatar\\\/09ea5085e600095a7a811142c6944527.jpg?ver=1777497608\",\"url\":\"https:\\\/\\\/www.ucaldas.edu.co\\\/portal\\\/wp-content\\\/litespeed\\\/avatar\\\/09ea5085e600095a7a811142c6944527.jpg?ver=1777497608\",\"contentUrl\":\"https:\\\/\\\/www.ucaldas.edu.co\\\/portal\\\/wp-content\\\/litespeed\\\/avatar\\\/09ea5085e600095a7a811142c6944527.jpg?ver=1777497608\",\"caption\":\"ofiprensa\"},\"url\":\"https:\\\/\\\/www.ucaldas.edu.co\\\/portal\\\/author\\\/ofiprensa\\\/\"}]}<\/script>\n<!-- \/ Yoast SEO plugin. -->","yoast_head_json":{"title":"Expedici\u00f3n Caldas Siglo XXI U. de Caldas se present\u00f3 a medios de comunicaci\u00f3n de la ciudad .","robots":{"index":"index","follow":"follow","max-snippet":"max-snippet:-1","max-image-preview":"max-image-preview:large","max-video-preview":"max-video-preview:-1"},"canonical":"https:\/\/www.ucaldas.edu.co\/portal\/expedicion-caldas-siglo-xxi-u-de-caldas-se-presento-a-medios-de-comunicacion-de-la-ciudad\/","schema":{"@context":"https:\/\/schema.org","@graph":[{"@type":"Article","@id":"https:\/\/www.ucaldas.edu.co\/portal\/expedicion-caldas-siglo-xxi-u-de-caldas-se-presento-a-medios-de-comunicacion-de-la-ciudad\/#article","isPartOf":{"@id":"https:\/\/www.ucaldas.edu.co\/portal\/expedicion-caldas-siglo-xxi-u-de-caldas-se-presento-a-medios-de-comunicacion-de-la-ciudad\/"},"author":{"name":"ofiprensa","@id":"https:\/\/www.ucaldas.edu.co\/portal\/#\/schema\/person\/a1b482e23449158b4bc319926c074fdf"},"headline":"Expedici\u00f3n Caldas Siglo XXI U. de Caldas se present\u00f3 a medios de comunicaci\u00f3n de la ciudad","datePublished":"2017-10-04T21:41:57+00:00","dateModified":"2017-10-09T21:15:00+00:00","mainEntityOfPage":{"@id":"https:\/\/www.ucaldas.edu.co\/portal\/expedicion-caldas-siglo-xxi-u-de-caldas-se-presento-a-medios-de-comunicacion-de-la-ciudad\/"},"wordCount":489,"publisher":{"@id":"https:\/\/www.ucaldas.edu.co\/portal\/#organization"},"image":{"@id":"https:\/\/www.ucaldas.edu.co\/portal\/expedicion-caldas-siglo-xxi-u-de-caldas-se-presento-a-medios-de-comunicacion-de-la-ciudad\/#primaryimage"},"thumbnailUrl":"https:\/\/www.ucaldas.edu.co\/portal\/wp-content\/uploads\/2017\/10\/ruedadeprensa-compressor.jpg","keywords":["investigaciones","Proyecci\u00f3n","Expedici\u00f3n Caldas Siglo XXI","apropiaci\u00f3n del conocimiento"],"articleSection":["Actualidad","Universidad al D\u00eda","UCaldas Regional","UCaldas Colaborativa","UCaldas Transparente"],"inLanguage":"es"},{"@type":"WebPage","@id":"https:\/\/www.ucaldas.edu.co\/portal\/expedicion-caldas-siglo-xxi-u-de-caldas-se-presento-a-medios-de-comunicacion-de-la-ciudad\/","url":"https:\/\/www.ucaldas.edu.co\/portal\/expedicion-caldas-siglo-xxi-u-de-caldas-se-presento-a-medios-de-comunicacion-de-la-ciudad\/","name":"Expedici\u00f3n Caldas Siglo XXI U. de Caldas se present\u00f3 a medios de comunicaci\u00f3n de la ciudad .","isPartOf":{"@id":"https:\/\/www.ucaldas.edu.co\/portal\/#website"},"primaryImageOfPage":{"@id":"https:\/\/www.ucaldas.edu.co\/portal\/expedicion-caldas-siglo-xxi-u-de-caldas-se-presento-a-medios-de-comunicacion-de-la-ciudad\/#primaryimage"},"image":{"@id":"https:\/\/www.ucaldas.edu.co\/portal\/expedicion-caldas-siglo-xxi-u-de-caldas-se-presento-a-medios-de-comunicacion-de-la-ciudad\/#primaryimage"},"thumbnailUrl":"https:\/\/www.ucaldas.edu.co\/portal\/wp-content\/uploads\/2017\/10\/ruedadeprensa-compressor.jpg","datePublished":"2017-10-04T21:41:57+00:00","dateModified":"2017-10-09T21:15:00+00:00","breadcrumb":{"@id":"https:\/\/www.ucaldas.edu.co\/portal\/expedicion-caldas-siglo-xxi-u-de-caldas-se-presento-a-medios-de-comunicacion-de-la-ciudad\/#breadcrumb"},"inLanguage":"es","potentialAction":[{"@type":"ReadAction","target":["https:\/\/www.ucaldas.edu.co\/portal\/expedicion-caldas-siglo-xxi-u-de-caldas-se-presento-a-medios-de-comunicacion-de-la-ciudad\/"]}]},{"@type":"ImageObject","inLanguage":"es","@id":"https:\/\/www.ucaldas.edu.co\/portal\/expedicion-caldas-siglo-xxi-u-de-caldas-se-presento-a-medios-de-comunicacion-de-la-ciudad\/#primaryimage","url":"https:\/\/www.ucaldas.edu.co\/portal\/wp-content\/uploads\/2017\/10\/ruedadeprensa-compressor.jpg","contentUrl":"https:\/\/www.ucaldas.edu.co\/portal\/wp-content\/uploads\/2017\/10\/ruedadeprensa-compressor.jpg","width":700,"height":400},{"@type":"BreadcrumbList","@id":"https:\/\/www.ucaldas.edu.co\/portal\/expedicion-caldas-siglo-xxi-u-de-caldas-se-presento-a-medios-de-comunicacion-de-la-ciudad\/#breadcrumb","itemListElement":[{"@type":"ListItem","position":1,"name":"Portada","item":"https:\/\/www.ucaldas.edu.co\/portal\/"},{"@type":"ListItem","position":2,"name":"Expedici\u00f3n Caldas Siglo XXI U. de Caldas se present\u00f3 a medios de comunicaci\u00f3n de la ciudad"}]},{"@type":"WebSite","@id":"https:\/\/www.ucaldas.edu.co\/portal\/#website","url":"https:\/\/www.ucaldas.edu.co\/portal\/","name":"Universidad de Caldas","description":"","publisher":{"@id":"https:\/\/www.ucaldas.edu.co\/portal\/#organization"},"alternateName":"U. de Caldas","potentialAction":[{"@type":"SearchAction","target":{"@type":"EntryPoint","urlTemplate":"https:\/\/www.ucaldas.edu.co\/portal\/?s={search_term_string}"},"query-input":{"@type":"PropertyValueSpecification","valueRequired":true,"valueName":"search_term_string"}}],"inLanguage":"es"},{"@type":"Organization","@id":"https:\/\/www.ucaldas.edu.co\/portal\/#organization","name":"Universidad de Caldas","alternateName":"U. de Caldas","url":"https:\/\/www.ucaldas.edu.co\/portal\/","logo":{"@type":"ImageObject","inLanguage":"es","@id":"https:\/\/www.ucaldas.edu.co\/portal\/#\/schema\/logo\/image\/","url":"https:\/\/www.ucaldas.edu.co\/portal\/wp-content\/uploads\/2023\/11\/Logo_horizontal_oscuroU-2023.png","contentUrl":"https:\/\/www.ucaldas.edu.co\/portal\/wp-content\/uploads\/2023\/11\/Logo_horizontal_oscuroU-2023.png","width":263,"height":101,"caption":"Universidad de Caldas"},"image":{"@id":"https:\/\/www.ucaldas.edu.co\/portal\/#\/schema\/logo\/image\/"},"sameAs":["https:\/\/www.facebook.com\/udecaldas","https:\/\/x.com\/udecaldas","https:\/\/www.youtube.com\/universidadcaldas","https:\/\/www.instagram.com\/udecaldas\/"]},{"@type":"Person","@id":"https:\/\/www.ucaldas.edu.co\/portal\/#\/schema\/person\/a1b482e23449158b4bc319926c074fdf","name":"ofiprensa","image":{"@type":"ImageObject","inLanguage":"es","@id":"https:\/\/www.ucaldas.edu.co\/portal\/wp-content\/litespeed\/avatar\/09ea5085e600095a7a811142c6944527.jpg?ver=1777497608","url":"https:\/\/www.ucaldas.edu.co\/portal\/wp-content\/litespeed\/avatar\/09ea5085e600095a7a811142c6944527.jpg?ver=1777497608","contentUrl":"https:\/\/www.ucaldas.edu.co\/portal\/wp-content\/litespeed\/avatar\/09ea5085e600095a7a811142c6944527.jpg?ver=1777497608","caption":"ofiprensa"},"url":"https:\/\/www.ucaldas.edu.co\/portal\/author\/ofiprensa\/"}]}},"_links":{"self":[{"href":"https:\/\/www.ucaldas.edu.co\/portal\/wp-json\/wp\/v2\/posts\/38190","targetHints":{"allow":["GET"]}}],"collection":[{"href":"https:\/\/www.ucaldas.edu.co\/portal\/wp-json\/wp\/v2\/posts"}],"about":[{"href":"https:\/\/www.ucaldas.edu.co\/portal\/wp-json\/wp\/v2\/types\/post"}],"author":[{"embeddable":true,"href":"https:\/\/www.ucaldas.edu.co\/portal\/wp-json\/wp\/v2\/users\/2"}],"replies":[{"embeddable":true,"href":"https:\/\/www.ucaldas.edu.co\/portal\/wp-json\/wp\/v2\/comments?post=38190"}],"version-history":[{"count":0,"href":"https:\/\/www.ucaldas.edu.co\/portal\/wp-json\/wp\/v2\/posts\/38190\/revisions"}],"wp:featuredmedia":[{"embeddable":true,"href":"https:\/\/www.ucaldas.edu.co\/portal\/wp-json\/wp\/v2\/media\/38191"}],"wp:attachment":[{"href":"https:\/\/www.ucaldas.edu.co\/portal\/wp-json\/wp\/v2\/media?parent=38190"}],"wp:term":[{"taxonomy":"category","embeddable":true,"href":"https:\/\/www.ucaldas.edu.co\/portal\/wp-json\/wp\/v2\/categories?post=38190"},{"taxonomy":"post_tag","embeddable":true,"href":"https:\/\/www.ucaldas.edu.co\/portal\/wp-json\/wp\/v2\/tags?post=38190"}],"curies":[{"name":"wp","href":"https:\/\/api.w.org\/{rel}","templated":true}]}}