{"id":38180,"date":"2017-10-04T15:17:40","date_gmt":"2017-10-04T15:17:40","guid":{"rendered":"https:\/\/www.ucaldas.edu.co\/portal\/?p=38180"},"modified":"2017-10-04T15:17:40","modified_gmt":"2017-10-04T15:17:40","slug":"espere-para-manana-teatro-en-las-calles-manizalenas","status":"publish","type":"post","link":"https:\/\/www.ucaldas.edu.co\/portal\/espere-para-manana-teatro-en-las-calles-manizalenas\/","title":{"rendered":"Espere para ma\u00f1ana teatro en las calles manizale\u00f1as"},"content":{"rendered":"<table class=\"m_5168419400636398728templateContainer\" border=\"0\" width=\"100%\" cellspacing=\"0\" cellpadding=\"0\">\n<tbody>\n<tr>\n<td id=\"m_5168419400636398728templateHeader\" valign=\"top\">\n<table class=\"m_5168419400636398728mcnTextBlock\" border=\"0\" width=\"100%\" cellspacing=\"0\" cellpadding=\"0\">\n<tbody class=\"m_5168419400636398728mcnTextBlockOuter\">\n<tr>\n<td class=\"m_5168419400636398728mcnTextBlockInner\" valign=\"top\">\n<table class=\"m_5168419400636398728mcnTextContentContainer\" border=\"0\" width=\"100%\" cellspacing=\"0\" cellpadding=\"0\" align=\"left\">\n<tbody>\n<tr>\n<td class=\"m_5168419400636398728mcnTextContent\" valign=\"top\">\n<h1><strong>Espere para ma\u00f1ana<\/strong><br \/>\n<strong>Teatro en las calles manizale\u00f1as<\/strong><\/h1>\n<\/td>\n<\/tr>\n<\/tbody>\n<\/table>\n<\/td>\n<\/tr>\n<\/tbody>\n<\/table>\n<\/td>\n<\/tr>\n<tr>\n<td id=\"m_5168419400636398728templateBody\" valign=\"top\"><img loading=\"lazy\" decoding=\"async\" class=\"size-full wp-image-37925 aligncenter\" src=\"https:\/\/www.ucaldas.edu.co\/portal\/wp-content\/uploads\/2017\/09\/teatro-compressor.jpg\" alt=\"\" width=\"700\" height=\"400\" srcset=\"https:\/\/www.ucaldas.edu.co\/portal\/wp-content\/uploads\/2017\/09\/teatro-compressor.jpg 700w, https:\/\/www.ucaldas.edu.co\/portal\/wp-content\/uploads\/2017\/09\/teatro-compressor-300x171.jpg 300w\" sizes=\"auto, (max-width: 700px) 100vw, 700px\" \/><\/p>\n<table class=\"m_5168419400636398728mcnTextBlock\" border=\"0\" width=\"100%\" cellspacing=\"0\" cellpadding=\"0\">\n<tbody class=\"m_5168419400636398728mcnTextBlockOuter\">\n<tr>\n<td class=\"m_5168419400636398728mcnTextBlockInner\" valign=\"top\">\n<table class=\"m_5168419400636398728mcnTextContentContainer\" border=\"0\" width=\"100%\" cellspacing=\"0\" cellpadding=\"0\" align=\"left\">\n<tbody>\n<tr>\n<td class=\"m_5168419400636398728mcnTextContent\" valign=\"top\">\n<div><strong>Manizales, 4 de octubre de 2017.<\/strong>\u00a0Las calles de la ciudad de las puertas abiertas se vuelven escenario de reconciliaci\u00f3n y arte en esta celebraci\u00f3n teatral.<\/p>\n<p><strong>Obras de calle\u00a0<\/strong><\/p>\n<p>Desde Filadelfia llega al festival la obra\u00a0<strong><em>La nave de los locos<\/em><\/strong>, un show a cargo de la compa\u00f1\u00eda\u00a0<strong>Colectivo de zanqueros de Filadelfia.\u00a0<\/strong>Su funci\u00f3n inaugural ser\u00e1 el 5 de octubre en la Universidad de Caldas a las 11:00 a. m, seguido se tomar\u00e1n la Plaza de Bol\u00edvar como escenario a las 3:30 p. m, y cerrar\u00e1n su ciclo de funciones el 6 de octubre en el Parque Ernesto Guti\u00e9rrez a las 3:00 p. m.<\/p>\n<p>En representaci\u00f3n de Manizales la\u00a0<strong>Corporaci\u00f3n art\u00edstica y cultural La Burbuja Producciones\u00a0<\/strong>estrena su presentaci\u00f3n\u00a0<strong><em>Entre Mundos.\u00a0<\/em><\/strong>La obra estar\u00e1 en escena el 5 de octubre en la Plaza Bol\u00edvar a las 4:30 p. m, el 7 de octubre en el sector del cable a las 5:00 p. m y finalizar\u00e1 el 8 de octubre en la Media Torta de Chipre a las 3:00 p. m.<\/p>\n<p>Al marco del festival llega\u00a0<strong><em>El Clowncipito,\u00a0<\/em><\/strong>una obra para los amantes de la risa que naci\u00f3 de una alianza teatral en Manizales. El 5 de octubre en la Universidad Nacional, Sede Palogrande ser\u00e1n la primera funci\u00f3n de este espect\u00e1culo a las 11:00 a. m<\/p>\n<p>La compa\u00f1\u00eda\u00a0<strong>X2 Teatro<\/strong>\u00a0de Riosucio llega a las tablas con\u00a0<strong><em>Vino, pan y chicharrines,\u00a0<\/em><\/strong>una mezcla de humor negro y drama musical. Su estreno es el 5 de octubre en el Parque Ernesto Guti\u00e9rrez a las 4:00 p. m. Tambi\u00e9n se presentara el 6 de octubre en la vereda La Caba\u00f1a a las 10:00 a. m y en la cancha del barrio Bosques del Norte a las 3:00 p. m.<\/p>\n<p>La obra\u00a0<strong><em>L\u2019chaim<\/em><\/strong>\u00a0de la compa\u00f1\u00eda holandesa del mismo nombre, inaugurar\u00e1 su show el 5 de octubre en el sector del Cable a las 5:00 p. m. Para conocer los diferentes horarios de este acto puede visitar nuestra p\u00e1gina oficial.<\/p>\n<p>Para mayor informaci\u00f3n sobre las obras visite nuestra p\u00e1gina web\u00a0<a href=\"http:\/\/festivaldemanizales.us16.list-manage.com\/track\/click?u=70ba4810c24e46d3d72095b5f&amp;id=d709805792&amp;e=b9252b18f8\" target=\"_blank\" rel=\"noopener\" data-saferedirecturl=\"https:\/\/www.google.com\/url?hl=es&amp;q=http:\/\/festivaldemanizales.us16.list-manage.com\/track\/click?u%3D70ba4810c24e46d3d72095b5f%26id%3Dd709805792%26e%3Db9252b18f8&amp;source=gmail&amp;ust=1507215642107000&amp;usg=AFQjCNE3cWG6rI5WuuX8TT7a5Cnw3R7pqQ\">www.festivaldemanizales.com<\/a><\/p>\n<p>Para descargar im\u00e1genes ingrese a:\u00a0<a href=\"http:\/\/festivaldemanizales.us16.list-manage2.com\/track\/click?u=70ba4810c24e46d3d72095b5f&amp;id=80ddab61c4&amp;e=b9252b18f8\" target=\"_blank\" rel=\"noopener\" data-saferedirecturl=\"https:\/\/www.google.com\/url?hl=es&amp;q=http:\/\/festivaldemanizales.us16.list-manage2.com\/track\/click?u%3D70ba4810c24e46d3d72095b5f%26id%3D80ddab61c4%26e%3Db9252b18f8&amp;source=gmail&amp;ust=1507215642107000&amp;usg=AFQjCNGZItWfBWNGGtyF8ftgWK4APdaIZA\">http:\/\/festivaldemanizales.<wbr \/>com\/p1\/fileprensa\/<\/a>\n<\/div>\n<\/td>\n<\/tr>\n<\/tbody>\n<\/table>\n<\/td>\n<\/tr>\n<\/tbody>\n<\/table>\n<\/td>\n<\/tr>\n<tr>\n<td id=\"m_5168419400636398728templateFooter\" valign=\"top\">\n<table class=\"m_5168419400636398728mcnTextBlock\" border=\"0\" width=\"100%\" cellspacing=\"0\" cellpadding=\"0\">\n<tbody class=\"m_5168419400636398728mcnTextBlockOuter\">\n<tr>\n<td class=\"m_5168419400636398728mcnTextBlockInner\" valign=\"top\">\n<table class=\"m_5168419400636398728mcnTextContentContainer\" border=\"0\" width=\"100%\" cellspacing=\"0\" cellpadding=\"0\" align=\"left\">\n<tbody>\n<tr>\n<td class=\"m_5168419400636398728mcnTextContent\" valign=\"top\">\n<p><strong>Mayor Informaci\u00f3n visite<\/strong><br \/>\n<a href=\"http:\/\/festivaldemanizales.us16.list-manage2.com\/track\/click?u=70ba4810c24e46d3d72095b5f&amp;id=22fb50562e&amp;e=b9252b18f8\" target=\"_blank\" rel=\"noopener\" data-saferedirecturl=\"https:\/\/www.google.com\/url?hl=es&amp;q=http:\/\/festivaldemanizales.us16.list-manage2.com\/track\/click?u%3D70ba4810c24e46d3d72095b5f%26id%3D22fb50562e%26e%3Db9252b18f8&amp;source=gmail&amp;ust=1507215642107000&amp;usg=AFQjCNFW3XnLuS-Q7P9D6BlC3V_-O4XjGQ\">www.festivaldemanizales.com<\/a><br \/>\n<strong>Festival Internacional de Teatro de Manizales<\/strong><br \/>\nDiana Botero Giraldo<br \/>\nJefe de prensa<br \/>\nContacto:\u00a0<a href=\"tel:(310)%20225-5534\" target=\"_blank\" rel=\"noopener\">3102255534<\/a><br \/>\n(57) (6) 8850165<br \/>\n<a href=\"https:\/\/maps.google.com\/?q=Cra.24B+N.+61A&amp;entry=gmail&amp;source=g\">Cra.24B N. 61A<\/a>\u00a030 Barrio Estrella<br \/>\nManizales \u2013 Colombia.<\/td>\n<\/tr>\n<\/tbody>\n<\/table>\n<\/td>\n<\/tr>\n<\/tbody>\n<\/table>\n<\/td>\n<\/tr>\n<\/tbody>\n<\/table>\n","protected":false},"excerpt":{"rendered":"<p>Espere para ma\u00f1ana Teatro en las calles manizale\u00f1as Manizales, 4 de octubre de 2017.\u00a0Las calles de la ciudad de las puertas abiertas se vuelven escenario de reconciliaci\u00f3n y arte en esta celebraci\u00f3n teatral. Obras de calle\u00a0 Desde Filadelfia llega al festival la obra\u00a0La nave de los locos, un show a cargo de la compa\u00f1\u00eda\u00a0Colectivo de [&hellip;]<\/p>\n","protected":false},"author":2,"featured_media":37925,"comment_status":"closed","ping_status":"open","sticky":false,"template":"","format":"standard","meta":{"footnotes":""},"categories":[48,53,664],"tags":[],"class_list":["post-38180","post","type-post","status-publish","format-standard","has-post-thumbnail","hentry","category-actualidad","category-universidad-al-dia","category-ucaldas-cultural"],"yoast_head":"<!-- This site is optimized with the Yoast SEO plugin v27.5 - https:\/\/yoast.com\/product\/yoast-seo-wordpress\/ -->\n<title>Espere para ma\u00f1ana teatro en las calles manizale\u00f1as .<\/title>\n<meta name=\"robots\" content=\"index, follow, max-snippet:-1, max-image-preview:large, max-video-preview:-1\" \/>\n<link rel=\"canonical\" href=\"https:\/\/www.ucaldas.edu.co\/portal\/espere-para-manana-teatro-en-las-calles-manizalenas\/\" \/>\n<script type=\"application\/ld+json\" class=\"yoast-schema-graph\">{\"@context\":\"https:\\\/\\\/schema.org\",\"@graph\":[{\"@type\":\"Article\",\"@id\":\"https:\\\/\\\/www.ucaldas.edu.co\\\/portal\\\/espere-para-manana-teatro-en-las-calles-manizalenas\\\/#article\",\"isPartOf\":{\"@id\":\"https:\\\/\\\/www.ucaldas.edu.co\\\/portal\\\/espere-para-manana-teatro-en-las-calles-manizalenas\\\/\"},\"author\":{\"name\":\"ofiprensa\",\"@id\":\"https:\\\/\\\/www.ucaldas.edu.co\\\/portal\\\/#\\\/schema\\\/person\\\/a1b482e23449158b4bc319926c074fdf\"},\"headline\":\"Espere para ma\u00f1ana teatro en las calles manizale\u00f1as\",\"datePublished\":\"2017-10-04T15:17:40+00:00\",\"mainEntityOfPage\":{\"@id\":\"https:\\\/\\\/www.ucaldas.edu.co\\\/portal\\\/espere-para-manana-teatro-en-las-calles-manizalenas\\\/\"},\"wordCount\":402,\"publisher\":{\"@id\":\"https:\\\/\\\/www.ucaldas.edu.co\\\/portal\\\/#organization\"},\"image\":{\"@id\":\"https:\\\/\\\/www.ucaldas.edu.co\\\/portal\\\/espere-para-manana-teatro-en-las-calles-manizalenas\\\/#primaryimage\"},\"thumbnailUrl\":\"https:\\\/\\\/www.ucaldas.edu.co\\\/portal\\\/wp-content\\\/uploads\\\/2017\\\/09\\\/teatro-compressor.jpg\",\"articleSection\":[\"Actualidad\",\"Universidad al D\u00eda\",\"UCaldas Cultural\"],\"inLanguage\":\"es\"},{\"@type\":\"WebPage\",\"@id\":\"https:\\\/\\\/www.ucaldas.edu.co\\\/portal\\\/espere-para-manana-teatro-en-las-calles-manizalenas\\\/\",\"url\":\"https:\\\/\\\/www.ucaldas.edu.co\\\/portal\\\/espere-para-manana-teatro-en-las-calles-manizalenas\\\/\",\"name\":\"Espere para ma\u00f1ana teatro en las calles manizale\u00f1as .\",\"isPartOf\":{\"@id\":\"https:\\\/\\\/www.ucaldas.edu.co\\\/portal\\\/#website\"},\"primaryImageOfPage\":{\"@id\":\"https:\\\/\\\/www.ucaldas.edu.co\\\/portal\\\/espere-para-manana-teatro-en-las-calles-manizalenas\\\/#primaryimage\"},\"image\":{\"@id\":\"https:\\\/\\\/www.ucaldas.edu.co\\\/portal\\\/espere-para-manana-teatro-en-las-calles-manizalenas\\\/#primaryimage\"},\"thumbnailUrl\":\"https:\\\/\\\/www.ucaldas.edu.co\\\/portal\\\/wp-content\\\/uploads\\\/2017\\\/09\\\/teatro-compressor.jpg\",\"datePublished\":\"2017-10-04T15:17:40+00:00\",\"breadcrumb\":{\"@id\":\"https:\\\/\\\/www.ucaldas.edu.co\\\/portal\\\/espere-para-manana-teatro-en-las-calles-manizalenas\\\/#breadcrumb\"},\"inLanguage\":\"es\",\"potentialAction\":[{\"@type\":\"ReadAction\",\"target\":[\"https:\\\/\\\/www.ucaldas.edu.co\\\/portal\\\/espere-para-manana-teatro-en-las-calles-manizalenas\\\/\"]}]},{\"@type\":\"ImageObject\",\"inLanguage\":\"es\",\"@id\":\"https:\\\/\\\/www.ucaldas.edu.co\\\/portal\\\/espere-para-manana-teatro-en-las-calles-manizalenas\\\/#primaryimage\",\"url\":\"https:\\\/\\\/www.ucaldas.edu.co\\\/portal\\\/wp-content\\\/uploads\\\/2017\\\/09\\\/teatro-compressor.jpg\",\"contentUrl\":\"https:\\\/\\\/www.ucaldas.edu.co\\\/portal\\\/wp-content\\\/uploads\\\/2017\\\/09\\\/teatro-compressor.jpg\",\"width\":700,\"height\":400},{\"@type\":\"BreadcrumbList\",\"@id\":\"https:\\\/\\\/www.ucaldas.edu.co\\\/portal\\\/espere-para-manana-teatro-en-las-calles-manizalenas\\\/#breadcrumb\",\"itemListElement\":[{\"@type\":\"ListItem\",\"position\":1,\"name\":\"Portada\",\"item\":\"https:\\\/\\\/www.ucaldas.edu.co\\\/portal\\\/\"},{\"@type\":\"ListItem\",\"position\":2,\"name\":\"Espere para ma\u00f1ana teatro en las calles manizale\u00f1as\"}]},{\"@type\":\"WebSite\",\"@id\":\"https:\\\/\\\/www.ucaldas.edu.co\\\/portal\\\/#website\",\"url\":\"https:\\\/\\\/www.ucaldas.edu.co\\\/portal\\\/\",\"name\":\"Universidad de Caldas\",\"description\":\"\",\"publisher\":{\"@id\":\"https:\\\/\\\/www.ucaldas.edu.co\\\/portal\\\/#organization\"},\"alternateName\":\"U. de Caldas\",\"potentialAction\":[{\"@type\":\"SearchAction\",\"target\":{\"@type\":\"EntryPoint\",\"urlTemplate\":\"https:\\\/\\\/www.ucaldas.edu.co\\\/portal\\\/?s={search_term_string}\"},\"query-input\":{\"@type\":\"PropertyValueSpecification\",\"valueRequired\":true,\"valueName\":\"search_term_string\"}}],\"inLanguage\":\"es\"},{\"@type\":\"Organization\",\"@id\":\"https:\\\/\\\/www.ucaldas.edu.co\\\/portal\\\/#organization\",\"name\":\"Universidad de Caldas\",\"alternateName\":\"U. de Caldas\",\"url\":\"https:\\\/\\\/www.ucaldas.edu.co\\\/portal\\\/\",\"logo\":{\"@type\":\"ImageObject\",\"inLanguage\":\"es\",\"@id\":\"https:\\\/\\\/www.ucaldas.edu.co\\\/portal\\\/#\\\/schema\\\/logo\\\/image\\\/\",\"url\":\"https:\\\/\\\/www.ucaldas.edu.co\\\/portal\\\/wp-content\\\/uploads\\\/2023\\\/11\\\/Logo_horizontal_oscuroU-2023.png\",\"contentUrl\":\"https:\\\/\\\/www.ucaldas.edu.co\\\/portal\\\/wp-content\\\/uploads\\\/2023\\\/11\\\/Logo_horizontal_oscuroU-2023.png\",\"width\":263,\"height\":101,\"caption\":\"Universidad de Caldas\"},\"image\":{\"@id\":\"https:\\\/\\\/www.ucaldas.edu.co\\\/portal\\\/#\\\/schema\\\/logo\\\/image\\\/\"},\"sameAs\":[\"https:\\\/\\\/www.facebook.com\\\/udecaldas\",\"https:\\\/\\\/x.com\\\/udecaldas\",\"https:\\\/\\\/www.youtube.com\\\/universidadcaldas\",\"https:\\\/\\\/www.instagram.com\\\/udecaldas\\\/\"]},{\"@type\":\"Person\",\"@id\":\"https:\\\/\\\/www.ucaldas.edu.co\\\/portal\\\/#\\\/schema\\\/person\\\/a1b482e23449158b4bc319926c074fdf\",\"name\":\"ofiprensa\",\"image\":{\"@type\":\"ImageObject\",\"inLanguage\":\"es\",\"@id\":\"https:\\\/\\\/www.ucaldas.edu.co\\\/portal\\\/wp-content\\\/litespeed\\\/avatar\\\/09ea5085e600095a7a811142c6944527.jpg?ver=1777497608\",\"url\":\"https:\\\/\\\/www.ucaldas.edu.co\\\/portal\\\/wp-content\\\/litespeed\\\/avatar\\\/09ea5085e600095a7a811142c6944527.jpg?ver=1777497608\",\"contentUrl\":\"https:\\\/\\\/www.ucaldas.edu.co\\\/portal\\\/wp-content\\\/litespeed\\\/avatar\\\/09ea5085e600095a7a811142c6944527.jpg?ver=1777497608\",\"caption\":\"ofiprensa\"},\"url\":\"https:\\\/\\\/www.ucaldas.edu.co\\\/portal\\\/author\\\/ofiprensa\\\/\"}]}<\/script>\n<!-- \/ Yoast SEO plugin. -->","yoast_head_json":{"title":"Espere para ma\u00f1ana teatro en las calles manizale\u00f1as .","robots":{"index":"index","follow":"follow","max-snippet":"max-snippet:-1","max-image-preview":"max-image-preview:large","max-video-preview":"max-video-preview:-1"},"canonical":"https:\/\/www.ucaldas.edu.co\/portal\/espere-para-manana-teatro-en-las-calles-manizalenas\/","schema":{"@context":"https:\/\/schema.org","@graph":[{"@type":"Article","@id":"https:\/\/www.ucaldas.edu.co\/portal\/espere-para-manana-teatro-en-las-calles-manizalenas\/#article","isPartOf":{"@id":"https:\/\/www.ucaldas.edu.co\/portal\/espere-para-manana-teatro-en-las-calles-manizalenas\/"},"author":{"name":"ofiprensa","@id":"https:\/\/www.ucaldas.edu.co\/portal\/#\/schema\/person\/a1b482e23449158b4bc319926c074fdf"},"headline":"Espere para ma\u00f1ana teatro en las calles manizale\u00f1as","datePublished":"2017-10-04T15:17:40+00:00","mainEntityOfPage":{"@id":"https:\/\/www.ucaldas.edu.co\/portal\/espere-para-manana-teatro-en-las-calles-manizalenas\/"},"wordCount":402,"publisher":{"@id":"https:\/\/www.ucaldas.edu.co\/portal\/#organization"},"image":{"@id":"https:\/\/www.ucaldas.edu.co\/portal\/espere-para-manana-teatro-en-las-calles-manizalenas\/#primaryimage"},"thumbnailUrl":"https:\/\/www.ucaldas.edu.co\/portal\/wp-content\/uploads\/2017\/09\/teatro-compressor.jpg","articleSection":["Actualidad","Universidad al D\u00eda","UCaldas Cultural"],"inLanguage":"es"},{"@type":"WebPage","@id":"https:\/\/www.ucaldas.edu.co\/portal\/espere-para-manana-teatro-en-las-calles-manizalenas\/","url":"https:\/\/www.ucaldas.edu.co\/portal\/espere-para-manana-teatro-en-las-calles-manizalenas\/","name":"Espere para ma\u00f1ana teatro en las calles manizale\u00f1as .","isPartOf":{"@id":"https:\/\/www.ucaldas.edu.co\/portal\/#website"},"primaryImageOfPage":{"@id":"https:\/\/www.ucaldas.edu.co\/portal\/espere-para-manana-teatro-en-las-calles-manizalenas\/#primaryimage"},"image":{"@id":"https:\/\/www.ucaldas.edu.co\/portal\/espere-para-manana-teatro-en-las-calles-manizalenas\/#primaryimage"},"thumbnailUrl":"https:\/\/www.ucaldas.edu.co\/portal\/wp-content\/uploads\/2017\/09\/teatro-compressor.jpg","datePublished":"2017-10-04T15:17:40+00:00","breadcrumb":{"@id":"https:\/\/www.ucaldas.edu.co\/portal\/espere-para-manana-teatro-en-las-calles-manizalenas\/#breadcrumb"},"inLanguage":"es","potentialAction":[{"@type":"ReadAction","target":["https:\/\/www.ucaldas.edu.co\/portal\/espere-para-manana-teatro-en-las-calles-manizalenas\/"]}]},{"@type":"ImageObject","inLanguage":"es","@id":"https:\/\/www.ucaldas.edu.co\/portal\/espere-para-manana-teatro-en-las-calles-manizalenas\/#primaryimage","url":"https:\/\/www.ucaldas.edu.co\/portal\/wp-content\/uploads\/2017\/09\/teatro-compressor.jpg","contentUrl":"https:\/\/www.ucaldas.edu.co\/portal\/wp-content\/uploads\/2017\/09\/teatro-compressor.jpg","width":700,"height":400},{"@type":"BreadcrumbList","@id":"https:\/\/www.ucaldas.edu.co\/portal\/espere-para-manana-teatro-en-las-calles-manizalenas\/#breadcrumb","itemListElement":[{"@type":"ListItem","position":1,"name":"Portada","item":"https:\/\/www.ucaldas.edu.co\/portal\/"},{"@type":"ListItem","position":2,"name":"Espere para ma\u00f1ana teatro en las calles manizale\u00f1as"}]},{"@type":"WebSite","@id":"https:\/\/www.ucaldas.edu.co\/portal\/#website","url":"https:\/\/www.ucaldas.edu.co\/portal\/","name":"Universidad de Caldas","description":"","publisher":{"@id":"https:\/\/www.ucaldas.edu.co\/portal\/#organization"},"alternateName":"U. de Caldas","potentialAction":[{"@type":"SearchAction","target":{"@type":"EntryPoint","urlTemplate":"https:\/\/www.ucaldas.edu.co\/portal\/?s={search_term_string}"},"query-input":{"@type":"PropertyValueSpecification","valueRequired":true,"valueName":"search_term_string"}}],"inLanguage":"es"},{"@type":"Organization","@id":"https:\/\/www.ucaldas.edu.co\/portal\/#organization","name":"Universidad de Caldas","alternateName":"U. de Caldas","url":"https:\/\/www.ucaldas.edu.co\/portal\/","logo":{"@type":"ImageObject","inLanguage":"es","@id":"https:\/\/www.ucaldas.edu.co\/portal\/#\/schema\/logo\/image\/","url":"https:\/\/www.ucaldas.edu.co\/portal\/wp-content\/uploads\/2023\/11\/Logo_horizontal_oscuroU-2023.png","contentUrl":"https:\/\/www.ucaldas.edu.co\/portal\/wp-content\/uploads\/2023\/11\/Logo_horizontal_oscuroU-2023.png","width":263,"height":101,"caption":"Universidad de Caldas"},"image":{"@id":"https:\/\/www.ucaldas.edu.co\/portal\/#\/schema\/logo\/image\/"},"sameAs":["https:\/\/www.facebook.com\/udecaldas","https:\/\/x.com\/udecaldas","https:\/\/www.youtube.com\/universidadcaldas","https:\/\/www.instagram.com\/udecaldas\/"]},{"@type":"Person","@id":"https:\/\/www.ucaldas.edu.co\/portal\/#\/schema\/person\/a1b482e23449158b4bc319926c074fdf","name":"ofiprensa","image":{"@type":"ImageObject","inLanguage":"es","@id":"https:\/\/www.ucaldas.edu.co\/portal\/wp-content\/litespeed\/avatar\/09ea5085e600095a7a811142c6944527.jpg?ver=1777497608","url":"https:\/\/www.ucaldas.edu.co\/portal\/wp-content\/litespeed\/avatar\/09ea5085e600095a7a811142c6944527.jpg?ver=1777497608","contentUrl":"https:\/\/www.ucaldas.edu.co\/portal\/wp-content\/litespeed\/avatar\/09ea5085e600095a7a811142c6944527.jpg?ver=1777497608","caption":"ofiprensa"},"url":"https:\/\/www.ucaldas.edu.co\/portal\/author\/ofiprensa\/"}]}},"_links":{"self":[{"href":"https:\/\/www.ucaldas.edu.co\/portal\/wp-json\/wp\/v2\/posts\/38180","targetHints":{"allow":["GET"]}}],"collection":[{"href":"https:\/\/www.ucaldas.edu.co\/portal\/wp-json\/wp\/v2\/posts"}],"about":[{"href":"https:\/\/www.ucaldas.edu.co\/portal\/wp-json\/wp\/v2\/types\/post"}],"author":[{"embeddable":true,"href":"https:\/\/www.ucaldas.edu.co\/portal\/wp-json\/wp\/v2\/users\/2"}],"replies":[{"embeddable":true,"href":"https:\/\/www.ucaldas.edu.co\/portal\/wp-json\/wp\/v2\/comments?post=38180"}],"version-history":[{"count":0,"href":"https:\/\/www.ucaldas.edu.co\/portal\/wp-json\/wp\/v2\/posts\/38180\/revisions"}],"wp:featuredmedia":[{"embeddable":true,"href":"https:\/\/www.ucaldas.edu.co\/portal\/wp-json\/wp\/v2\/media\/37925"}],"wp:attachment":[{"href":"https:\/\/www.ucaldas.edu.co\/portal\/wp-json\/wp\/v2\/media?parent=38180"}],"wp:term":[{"taxonomy":"category","embeddable":true,"href":"https:\/\/www.ucaldas.edu.co\/portal\/wp-json\/wp\/v2\/categories?post=38180"},{"taxonomy":"post_tag","embeddable":true,"href":"https:\/\/www.ucaldas.edu.co\/portal\/wp-json\/wp\/v2\/tags?post=38180"}],"curies":[{"name":"wp","href":"https:\/\/api.w.org\/{rel}","templated":true}]}}